{"id":51375,"date":"2025-05-17T22:39:29","date_gmt":"2025-05-17T21:39:29","guid":{"rendered":"https:\/\/elmawkie.dz\/fr\/?p=51375"},"modified":"2025-05-17T22:39:30","modified_gmt":"2025-05-17T21:39:30","slug":"exportation-m-rezig-souligne-limportance-de-prendre-en-charge-les-preoccupations-des-operateurs-afin-datteindre-les-objectifs-traces","status":"publish","type":"post","link":"https:\/\/elmawkie.dz\/fr\/exportation-m-rezig-souligne-limportance-de-prendre-en-charge-les-preoccupations-des-operateurs-afin-datteindre-les-objectifs-traces\/","title":{"rendered":"Exportation: M. Rezig souligne l&rsquo;importance de prendre en charge les pr\u00e9occupations des op\u00e9rateurs afin d&rsquo;atteindre les objectifs trac\u00e9s"},"content":{"rendered":"\n<p>Le ministre du Commerce ext\u00e9rieur et de la Promotion des exportations, Kamel Rezig a soulign\u00e9, samedi \u00e0 Alger, l&rsquo;engagement de son d\u00e9partement minist\u00e9riel \u00e0 prendre en charge de mani\u00e8re urgente les pr\u00e9occupations des exportateurs afin de cr\u00e9er un environnement favorable \u00e0 m\u00eame d&rsquo;augmenter les parts des produits nationaux aux march\u00e9s ext\u00e9rieurs. Lors d&rsquo;une rencontre nationale avec les exportateurs, organis\u00e9e par le minist\u00e8re du Commerce ext\u00e9rieur et de la Promotion des exportations en coordination avec le Conseil du renouveau \u00e9conomique alg\u00e9rien (CREA), sous le slogan \u00ab\u00a0pour un partenariat efficace entre l&rsquo;administration et les op\u00e9rateurs \u00e9conomiques pour la promotion des exportations\u00a0\u00bb, en pr\u00e9sence du ministre des Transports, M. Sa\u00efd Sayoud et de repr\u00e9sentants des d\u00e9partements minist\u00e9riels concern\u00e9s, M. Rezig a fait savoir que cette rencontre constitue \u00ab\u00a0une occasion pour renforcer les canaux de dialogue direct entre l&rsquo;administration et les exportateurs, permettant d&rsquo;aplanir les difficult\u00e9s et d&rsquo;\u00e9tablir un partenariat efficace et durable qui contribue \u00e0 poursuivre les efforts d\u00e9ploy\u00e9s dans le domaine du commerce ext\u00e9rieur et de la promotion des exportations\u00a0\u00bb. Il a exhort\u00e9 \u00e0 conjuguer les efforts entre les diff\u00e9rents acteurs en vue de valoriser les potentialit\u00e9s et capacit\u00e9s disponibles dans le domaine de l&rsquo;exportation, en vue de les soutenir et de les accompagner \u00e0 travers l&rsquo;actualisation du syst\u00e8me juridique et r\u00e9glementaire, en d\u00e9veloppant des mesures et des proc\u00e9dures incitatives dans les domaines bancaire, fiscal, douanier et logistique. Dans le m\u00eame sillage, le ministre a indiqu\u00e9 qu&rsquo;entre 1900 et 2000 exportateurs de marchandises et 400 exportateurs de services ont \u00e9t\u00e9 enregistr\u00e9s au cours des cinq derni\u00e8res ann\u00e9es, notant que le nombre d&rsquo;exportateurs dont leurs revenus ont d\u00e9pass\u00e9 1 million de dollars l&rsquo;ann\u00e9e derni\u00e8re, a atteint 146 exportateurs de marchandises et 80 pour les services. Soulignant que l&rsquo;Alg\u00e9rie vise \u00e0 atteindre 10 milliards de dollars d&rsquo;exportations au cours de cette ann\u00e9e, le ministre a appel\u00e9 \u00e0 tirer profit de l&rsquo;occasion de la Foire commerciale intra-africaine (IATF) pr\u00e9vue du 4 au 10 septembre prochain \u00e0 Alger, pour acqu\u00e9rir de nouvelles parts sur les march\u00e9s ext\u00e9rieurs, pr\u00e9voyant que l&rsquo;\u00e9v\u00e8nement devrait d\u00e9boucher sur des accords d&rsquo;une valeur de 44 milliards de dollars, dont les entreprises nationales publiques et priv\u00e9es auront une part d&rsquo;au moins 20 %. Pour sa part, le ministre des Transports a mis l&rsquo;accent sur le r\u00f4le de son secteur dans la promotion des exportations, notant les efforts d\u00e9ploy\u00e9s \u00e0 cet \u00e9gard. Il a annonc\u00e9 qu&rsquo;un deuxi\u00e8me avion cargo viendra renforcer la flotte de la compagnie a\u00e9rienne de fret, lequel sera affr\u00e9t\u00e9 \u00e0 partir de la fin du mois de mai en cours, ajoutant que la compagnie est pr\u00eate \u00e0 affr\u00e9ter d&rsquo;autres avions le cas \u00e9ch\u00e9ant. Concernant le transport ferroviaire, M. Sayoud a soulign\u00e9 que des appels d&rsquo;offres internationaux \u00e9taient en cours pour l&rsquo;acquisition de nouveaux trains destin\u00e9s au transport des passagers et des marchandises, avec l&rsquo;objectif d&rsquo;int\u00e9grer des composants de fabrication locale en partenariat avec des op\u00e9rateurs internationaux. Dans le domaine du transport maritime, il a pr\u00e9cis\u00e9 que les ports alg\u00e9riens avaient commenc\u00e9 \u00e0 adopter le syst\u00e8me de travail 7j\/7 et 24h\/24, conform\u00e9ment \u00e0 la d\u00e9cision du pr\u00e9sident de la R\u00e9publique, M. Abdelmadjid Tebboune, ce qui a permis, selon lui, de r\u00e9aliser \u00ab\u00a0des r\u00e9sultats positifs\u00a0\u00bb et une \u00ab\u00a0nette am\u00e9lioration\u00a0\u00bb dans la qualit\u00e9 du service. Dans le m\u00eame contexte, il a affirm\u00e9 que le dossier des navires immobilis\u00e9s \u00e9tait en cours de r\u00e8glement, parmi lesquels deux navires seront remis en service au cours de cette semaine, ajoutant que des n\u00e9gociations sont en cours pour la maintenance de cinq autres navires, avec le recours \u00e0 l&rsquo;affr\u00eatement chaque fois que de besoin. Par ailleurs, des d\u00e9marches sont en cours pour l&rsquo;ouverture d&rsquo;une ligne maritime reliant l&rsquo;Alg\u00e9rie \u00e0 plusieurs pays arabes, dont le Qatar, Oman, l&rsquo;Arabie Saoudite, l&rsquo;Egypte et la Tunisie, parall\u00e8lement au d\u00e9veloppement du transport maritime avec les pays d&rsquo;Europe du Sud, selon le ministre qui a ajout\u00e9 que les discussions restent ouvertes avec les op\u00e9rateurs \u00e9conomiques pour la r\u00e9vision des tarifs de fret. Dans une d\u00e9claration \u00e0 la presse en marge de la rencontre, M. Sayoud a affirm\u00e9 que le projet d&rsquo;extension du \u00ab\u00a0m\u00e9tro d&rsquo;Alger\u00a0\u00bb vers l&rsquo;a\u00e9roport progresse \u00e0 un rythme \u00ab\u00a0soutenu\u00a0\u00bb, relevant que l&rsquo;entreprise \u00ab\u00a0M\u00e9tro d&rsquo;Alger\u00a0\u00bb a \u00e9labor\u00e9 le cahier des charges relatif aux \u00e9quipements et mat\u00e9riels en vue de leur mise en exploitation d\u00e8s l&rsquo;ach\u00e8vement des travaux. S&rsquo;agissant des op\u00e9rations de chargement et de d\u00e9chargement des navires, il a expliqu\u00e9 que ses services visent \u00e0 ramener la dur\u00e9e moyenne de ces op\u00e9rations \u00e0 48 heures, contre cinq jours actuellement.<\/p>\n","protected":false},"excerpt":{"rendered":"<p>Le ministre du Commerce ext\u00e9rieur et de la Promotion des exportations, Kamel Rezig a soulign\u00e9, samedi \u00e0 Alger, l&rsquo;engagement de son d\u00e9partement minist\u00e9riel \u00e0 prendre en charge de mani\u00e8re urgente les pr\u00e9occupations des exportateurs afin de cr\u00e9er un environnement favorable \u00e0 m\u00eame d&rsquo;augmenter les parts des produits nationaux aux march\u00e9s ext\u00e9rieurs. Lors d&rsquo;une rencontre nationale &hellip;<\/p>\n","protected":false},"author":9,"featured_media":51377,"comment_status":"open","ping_status":"open","sticky":false,"template":"","format":"standard","meta":{"footnotes":""},"categories":[47],"tags":[646,3797],"class_list":["post-51375","post","type-post","status-publish","format-standard","has-post-thumbnail","hentry","category-national","tag-exportation","tag-m-rezig"],"yoast_head":"<!-- This site is optimized with the Yoast SEO Premium plugin v22.6 (Yoast SEO v22.6) - https:\/\/yoast.com\/wordpress\/plugins\/seo\/ -->\n<title>Exportation: M. Rezig souligne l&#039;importance de prendre en charge les pr\u00e9occupations des op\u00e9rateurs afin d&#039;atteindre les objectifs trac\u00e9s - El Mawkie<\/title>\n<meta name=\"robots\" content=\"index, follow, max-snippet:-1, max-image-preview:large, max-video-preview:-1\" \/>\n<link rel=\"canonical\" href=\"https:\/\/elmawkie.dz\/fr\/exportation-m-rezig-souligne-limportance-de-prendre-en-charge-les-preoccupations-des-operateurs-afin-datteindre-les-objectifs-traces\/\" \/>\n<meta property=\"og:locale\" content=\"fr_FR\" \/>\n<meta property=\"og:type\" content=\"article\" \/>\n<meta property=\"og:title\" content=\"Exportation: M. Rezig souligne l&#039;importance de prendre en charge les pr\u00e9occupations des op\u00e9rateurs afin d&#039;atteindre les objectifs trac\u00e9s\" \/>\n<meta property=\"og:description\" content=\"Le ministre du Commerce ext\u00e9rieur et de la Promotion des exportations, Kamel Rezig a soulign\u00e9, samedi \u00e0 Alger, l&rsquo;engagement de son d\u00e9partement minist\u00e9riel \u00e0 prendre en charge de mani\u00e8re urgente les pr\u00e9occupations des exportateurs afin de cr\u00e9er un environnement favorable \u00e0 m\u00eame d&rsquo;augmenter les parts des produits nationaux aux march\u00e9s ext\u00e9rieurs. Lors d&rsquo;une rencontre nationale &hellip;\" \/>\n<meta property=\"og:url\" content=\"https:\/\/elmawkie.dz\/fr\/exportation-m-rezig-souligne-limportance-de-prendre-en-charge-les-preoccupations-des-operateurs-afin-datteindre-les-objectifs-traces\/\" \/>\n<meta property=\"og:site_name\" content=\"El Mawkie\" \/>\n<meta property=\"article:publisher\" content=\"https:\/\/www.facebook.com\/profile.php?id=100088407094989&amp;locale=fr_FR\" \/>\n<meta property=\"article:published_time\" content=\"2025-05-17T21:39:29+00:00\" \/>\n<meta property=\"article:modified_time\" content=\"2025-05-17T21:39:30+00:00\" \/>\n<meta property=\"og:image\" content=\"https:\/\/elmawkie.dz\/fr\/wp-content\/uploads\/2025\/05\/IMG_5366.jpeg\" \/>\n\t<meta property=\"og:image:width\" content=\"1080\" \/>\n\t<meta property=\"og:image:height\" content=\"810\" \/>\n\t<meta property=\"og:image:type\" content=\"image\/jpeg\" \/>\n<meta name=\"author\" content=\"R\u00e9daction\" \/>\n<meta name=\"twitter:card\" content=\"summary_large_image\" \/>\n<meta name=\"twitter:label1\" content=\"Written by\" \/>\n\t<meta name=\"twitter:data1\" content=\"R\u00e9daction\" \/>\n\t<meta name=\"twitter:label2\" content=\"Est. reading time\" \/>\n\t<meta name=\"twitter:data2\" content=\"4 minutes\" \/>\n<script type=\"application\/ld+json\" class=\"yoast-schema-graph\">{\"@context\":\"https:\/\/schema.org\",\"@graph\":[{\"@type\":\"Article\",\"@id\":\"https:\/\/elmawkie.dz\/fr\/exportation-m-rezig-souligne-limportance-de-prendre-en-charge-les-preoccupations-des-operateurs-afin-datteindre-les-objectifs-traces\/#article\",\"isPartOf\":{\"@id\":\"https:\/\/elmawkie.dz\/fr\/exportation-m-rezig-souligne-limportance-de-prendre-en-charge-les-preoccupations-des-operateurs-afin-datteindre-les-objectifs-traces\/\"},\"author\":{\"name\":\"R\u00e9daction\",\"@id\":\"https:\/\/elmawkie.dz\/fr\/#\/schema\/person\/e7bd59d6467874ba5c4723d8a9f0a63c\"},\"headline\":\"Exportation: M. Rezig souligne l&rsquo;importance de prendre en charge les pr\u00e9occupations des op\u00e9rateurs afin d&rsquo;atteindre les objectifs trac\u00e9s\",\"datePublished\":\"2025-05-17T21:39:29+00:00\",\"dateModified\":\"2025-05-17T21:39:30+00:00\",\"mainEntityOfPage\":{\"@id\":\"https:\/\/elmawkie.dz\/fr\/exportation-m-rezig-souligne-limportance-de-prendre-en-charge-les-preoccupations-des-operateurs-afin-datteindre-les-objectifs-traces\/\"},\"wordCount\":857,\"commentCount\":0,\"publisher\":{\"@id\":\"https:\/\/elmawkie.dz\/fr\/#organization\"},\"image\":{\"@id\":\"https:\/\/elmawkie.dz\/fr\/exportation-m-rezig-souligne-limportance-de-prendre-en-charge-les-preoccupations-des-operateurs-afin-datteindre-les-objectifs-traces\/#primaryimage\"},\"thumbnailUrl\":\"https:\/\/elmawkie.dz\/fr\/wp-content\/uploads\/2025\/05\/IMG_5366.jpeg\",\"keywords\":[\"exportation\",\"M.Rezig\"],\"articleSection\":[\"National\"],\"inLanguage\":\"fr-FR\",\"potentialAction\":[{\"@type\":\"CommentAction\",\"name\":\"Comment\",\"target\":[\"https:\/\/elmawkie.dz\/fr\/exportation-m-rezig-souligne-limportance-de-prendre-en-charge-les-preoccupations-des-operateurs-afin-datteindre-les-objectifs-traces\/#respond\"]}]},{\"@type\":\"WebPage\",\"@id\":\"https:\/\/elmawkie.dz\/fr\/exportation-m-rezig-souligne-limportance-de-prendre-en-charge-les-preoccupations-des-operateurs-afin-datteindre-les-objectifs-traces\/\",\"url\":\"https:\/\/elmawkie.dz\/fr\/exportation-m-rezig-souligne-limportance-de-prendre-en-charge-les-preoccupations-des-operateurs-afin-datteindre-les-objectifs-traces\/\",\"name\":\"Exportation: M. Rezig souligne l'importance de prendre en charge les pr\u00e9occupations des op\u00e9rateurs afin d'atteindre les objectifs trac\u00e9s - El Mawkie\",\"isPartOf\":{\"@id\":\"https:\/\/elmawkie.dz\/fr\/#website\"},\"primaryImageOfPage\":{\"@id\":\"https:\/\/elmawkie.dz\/fr\/exportation-m-rezig-souligne-limportance-de-prendre-en-charge-les-preoccupations-des-operateurs-afin-datteindre-les-objectifs-traces\/#primaryimage\"},\"image\":{\"@id\":\"https:\/\/elmawkie.dz\/fr\/exportation-m-rezig-souligne-limportance-de-prendre-en-charge-les-preoccupations-des-operateurs-afin-datteindre-les-objectifs-traces\/#primaryimage\"},\"thumbnailUrl\":\"https:\/\/elmawkie.dz\/fr\/wp-content\/uploads\/2025\/05\/IMG_5366.jpeg\",\"datePublished\":\"2025-05-17T21:39:29+00:00\",\"dateModified\":\"2025-05-17T21:39:30+00:00\",\"breadcrumb\":{\"@id\":\"https:\/\/elmawkie.dz\/fr\/exportation-m-rezig-souligne-limportance-de-prendre-en-charge-les-preoccupations-des-operateurs-afin-datteindre-les-objectifs-traces\/#breadcrumb\"},\"inLanguage\":\"fr-FR\",\"potentialAction\":[{\"@type\":\"ReadAction\",\"target\":[\"https:\/\/elmawkie.dz\/fr\/exportation-m-rezig-souligne-limportance-de-prendre-en-charge-les-preoccupations-des-operateurs-afin-datteindre-les-objectifs-traces\/\"]}]},{\"@type\":\"ImageObject\",\"inLanguage\":\"fr-FR\",\"@id\":\"https:\/\/elmawkie.dz\/fr\/exportation-m-rezig-souligne-limportance-de-prendre-en-charge-les-preoccupations-des-operateurs-afin-datteindre-les-objectifs-traces\/#primaryimage\",\"url\":\"https:\/\/elmawkie.dz\/fr\/wp-content\/uploads\/2025\/05\/IMG_5366.jpeg\",\"contentUrl\":\"https:\/\/elmawkie.dz\/fr\/wp-content\/uploads\/2025\/05\/IMG_5366.jpeg\",\"width\":1080,\"height\":810},{\"@type\":\"BreadcrumbList\",\"@id\":\"https:\/\/elmawkie.dz\/fr\/exportation-m-rezig-souligne-limportance-de-prendre-en-charge-les-preoccupations-des-operateurs-afin-datteindre-les-objectifs-traces\/#breadcrumb\",\"itemListElement\":[{\"@type\":\"ListItem\",\"position\":1,\"name\":\"Home\",\"item\":\"https:\/\/elmawkie.dz\/fr\/\"},{\"@type\":\"ListItem\",\"position\":2,\"name\":\"Exportation: M. Rezig souligne l&rsquo;importance de prendre en charge les pr\u00e9occupations des op\u00e9rateurs afin d&rsquo;atteindre les objectifs trac\u00e9s\"}]},{\"@type\":\"WebSite\",\"@id\":\"https:\/\/elmawkie.dz\/fr\/#website\",\"url\":\"https:\/\/elmawkie.dz\/fr\/\",\"name\":\"EL MAWKIE\",\"description\":\"Journal \u00c9lectronique Alg\u00e9rien\",\"publisher\":{\"@id\":\"https:\/\/elmawkie.dz\/fr\/#organization\"},\"potentialAction\":[{\"@type\":\"SearchAction\",\"target\":{\"@type\":\"EntryPoint\",\"urlTemplate\":\"https:\/\/elmawkie.dz\/fr\/?s={search_term_string}\"},\"query-input\":\"required name=search_term_string\"}],\"inLanguage\":\"fr-FR\"},{\"@type\":\"Organization\",\"@id\":\"https:\/\/elmawkie.dz\/fr\/#organization\",\"name\":\"EL MAWKIE\",\"url\":\"https:\/\/elmawkie.dz\/fr\/\",\"logo\":{\"@type\":\"ImageObject\",\"inLanguage\":\"fr-FR\",\"@id\":\"https:\/\/elmawkie.dz\/fr\/#\/schema\/logo\/image\/\",\"url\":\"https:\/\/elmawkie.dz\/fr\/wp-content\/uploads\/2024\/05\/logo1.png\",\"contentUrl\":\"https:\/\/elmawkie.dz\/fr\/wp-content\/uploads\/2024\/05\/logo1.png\",\"width\":1648,\"height\":652,\"caption\":\"EL MAWKIE\"},\"image\":{\"@id\":\"https:\/\/elmawkie.dz\/fr\/#\/schema\/logo\/image\/\"},\"sameAs\":[\"https:\/\/www.facebook.com\/profile.php?id=100088407094989&locale=fr_FR\"]},{\"@type\":\"Person\",\"@id\":\"https:\/\/elmawkie.dz\/fr\/#\/schema\/person\/e7bd59d6467874ba5c4723d8a9f0a63c\",\"name\":\"R\u00e9daction\",\"image\":{\"@type\":\"ImageObject\",\"inLanguage\":\"fr-FR\",\"@id\":\"https:\/\/elmawkie.dz\/fr\/#\/schema\/person\/image\/\",\"url\":\"https:\/\/secure.gravatar.com\/avatar\/f0f773456344da4d2788c054a3d30a0c?s=96&d=mm&r=g\",\"contentUrl\":\"https:\/\/secure.gravatar.com\/avatar\/f0f773456344da4d2788c054a3d30a0c?s=96&d=mm&r=g\",\"caption\":\"R\u00e9daction\"},\"url\":\"https:\/\/elmawkie.dz\/fr\/author\/redaction\/\"}]}<\/script>\n<!-- \/ Yoast SEO Premium plugin. -->","yoast_head_json":{"title":"Exportation: M. Rezig souligne l'importance de prendre en charge les pr\u00e9occupations des op\u00e9rateurs afin d'atteindre les objectifs trac\u00e9s - El Mawkie","robots":{"index":"index","follow":"follow","max-snippet":"max-snippet:-1","max-image-preview":"max-image-preview:large","max-video-preview":"max-video-preview:-1"},"canonical":"https:\/\/elmawkie.dz\/fr\/exportation-m-rezig-souligne-limportance-de-prendre-en-charge-les-preoccupations-des-operateurs-afin-datteindre-les-objectifs-traces\/","og_locale":"fr_FR","og_type":"article","og_title":"Exportation: M. Rezig souligne l'importance de prendre en charge les pr\u00e9occupations des op\u00e9rateurs afin d'atteindre les objectifs trac\u00e9s","og_description":"Le ministre du Commerce ext\u00e9rieur et de la Promotion des exportations, Kamel Rezig a soulign\u00e9, samedi \u00e0 Alger, l&rsquo;engagement de son d\u00e9partement minist\u00e9riel \u00e0 prendre en charge de mani\u00e8re urgente les pr\u00e9occupations des exportateurs afin de cr\u00e9er un environnement favorable \u00e0 m\u00eame d&rsquo;augmenter les parts des produits nationaux aux march\u00e9s ext\u00e9rieurs. Lors d&rsquo;une rencontre nationale &hellip;","og_url":"https:\/\/elmawkie.dz\/fr\/exportation-m-rezig-souligne-limportance-de-prendre-en-charge-les-preoccupations-des-operateurs-afin-datteindre-les-objectifs-traces\/","og_site_name":"El Mawkie","article_publisher":"https:\/\/www.facebook.com\/profile.php?id=100088407094989&locale=fr_FR","article_published_time":"2025-05-17T21:39:29+00:00","article_modified_time":"2025-05-17T21:39:30+00:00","og_image":[{"width":1080,"height":810,"url":"https:\/\/elmawkie.dz\/fr\/wp-content\/uploads\/2025\/05\/IMG_5366.jpeg","type":"image\/jpeg"}],"author":"R\u00e9daction","twitter_card":"summary_large_image","twitter_misc":{"Written by":"R\u00e9daction","Est. reading time":"4 minutes"},"schema":{"@context":"https:\/\/schema.org","@graph":[{"@type":"Article","@id":"https:\/\/elmawkie.dz\/fr\/exportation-m-rezig-souligne-limportance-de-prendre-en-charge-les-preoccupations-des-operateurs-afin-datteindre-les-objectifs-traces\/#article","isPartOf":{"@id":"https:\/\/elmawkie.dz\/fr\/exportation-m-rezig-souligne-limportance-de-prendre-en-charge-les-preoccupations-des-operateurs-afin-datteindre-les-objectifs-traces\/"},"author":{"name":"R\u00e9daction","@id":"https:\/\/elmawkie.dz\/fr\/#\/schema\/person\/e7bd59d6467874ba5c4723d8a9f0a63c"},"headline":"Exportation: M. Rezig souligne l&rsquo;importance de prendre en charge les pr\u00e9occupations des op\u00e9rateurs afin d&rsquo;atteindre les objectifs trac\u00e9s","datePublished":"2025-05-17T21:39:29+00:00","dateModified":"2025-05-17T21:39:30+00:00","mainEntityOfPage":{"@id":"https:\/\/elmawkie.dz\/fr\/exportation-m-rezig-souligne-limportance-de-prendre-en-charge-les-preoccupations-des-operateurs-afin-datteindre-les-objectifs-traces\/"},"wordCount":857,"commentCount":0,"publisher":{"@id":"https:\/\/elmawkie.dz\/fr\/#organization"},"image":{"@id":"https:\/\/elmawkie.dz\/fr\/exportation-m-rezig-souligne-limportance-de-prendre-en-charge-les-preoccupations-des-operateurs-afin-datteindre-les-objectifs-traces\/#primaryimage"},"thumbnailUrl":"https:\/\/elmawkie.dz\/fr\/wp-content\/uploads\/2025\/05\/IMG_5366.jpeg","keywords":["exportation","M.Rezig"],"articleSection":["National"],"inLanguage":"fr-FR","potentialAction":[{"@type":"CommentAction","name":"Comment","target":["https:\/\/elmawkie.dz\/fr\/exportation-m-rezig-souligne-limportance-de-prendre-en-charge-les-preoccupations-des-operateurs-afin-datteindre-les-objectifs-traces\/#respond"]}]},{"@type":"WebPage","@id":"https:\/\/elmawkie.dz\/fr\/exportation-m-rezig-souligne-limportance-de-prendre-en-charge-les-preoccupations-des-operateurs-afin-datteindre-les-objectifs-traces\/","url":"https:\/\/elmawkie.dz\/fr\/exportation-m-rezig-souligne-limportance-de-prendre-en-charge-les-preoccupations-des-operateurs-afin-datteindre-les-objectifs-traces\/","name":"Exportation: M. Rezig souligne l'importance de prendre en charge les pr\u00e9occupations des op\u00e9rateurs afin d'atteindre les objectifs trac\u00e9s - El Mawkie","isPartOf":{"@id":"https:\/\/elmawkie.dz\/fr\/#website"},"primaryImageOfPage":{"@id":"https:\/\/elmawkie.dz\/fr\/exportation-m-rezig-souligne-limportance-de-prendre-en-charge-les-preoccupations-des-operateurs-afin-datteindre-les-objectifs-traces\/#primaryimage"},"image":{"@id":"https:\/\/elmawkie.dz\/fr\/exportation-m-rezig-souligne-limportance-de-prendre-en-charge-les-preoccupations-des-operateurs-afin-datteindre-les-objectifs-traces\/#primaryimage"},"thumbnailUrl":"https:\/\/elmawkie.dz\/fr\/wp-content\/uploads\/2025\/05\/IMG_5366.jpeg","datePublished":"2025-05-17T21:39:29+00:00","dateModified":"2025-05-17T21:39:30+00:00","breadcrumb":{"@id":"https:\/\/elmawkie.dz\/fr\/exportation-m-rezig-souligne-limportance-de-prendre-en-charge-les-preoccupations-des-operateurs-afin-datteindre-les-objectifs-traces\/#breadcrumb"},"inLanguage":"fr-FR","potentialAction":[{"@type":"ReadAction","target":["https:\/\/elmawkie.dz\/fr\/exportation-m-rezig-souligne-limportance-de-prendre-en-charge-les-preoccupations-des-operateurs-afin-datteindre-les-objectifs-traces\/"]}]},{"@type":"ImageObject","inLanguage":"fr-FR","@id":"https:\/\/elmawkie.dz\/fr\/exportation-m-rezig-souligne-limportance-de-prendre-en-charge-les-preoccupations-des-operateurs-afin-datteindre-les-objectifs-traces\/#primaryimage","url":"https:\/\/elmawkie.dz\/fr\/wp-content\/uploads\/2025\/05\/IMG_5366.jpeg","contentUrl":"https:\/\/elmawkie.dz\/fr\/wp-content\/uploads\/2025\/05\/IMG_5366.jpeg","width":1080,"height":810},{"@type":"BreadcrumbList","@id":"https:\/\/elmawkie.dz\/fr\/exportation-m-rezig-souligne-limportance-de-prendre-en-charge-les-preoccupations-des-operateurs-afin-datteindre-les-objectifs-traces\/#breadcrumb","itemListElement":[{"@type":"ListItem","position":1,"name":"Home","item":"https:\/\/elmawkie.dz\/fr\/"},{"@type":"ListItem","position":2,"name":"Exportation: M. Rezig souligne l&rsquo;importance de prendre en charge les pr\u00e9occupations des op\u00e9rateurs afin d&rsquo;atteindre les objectifs trac\u00e9s"}]},{"@type":"WebSite","@id":"https:\/\/elmawkie.dz\/fr\/#website","url":"https:\/\/elmawkie.dz\/fr\/","name":"EL MAWKIE","description":"Journal \u00c9lectronique Alg\u00e9rien","publisher":{"@id":"https:\/\/elmawkie.dz\/fr\/#organization"},"potentialAction":[{"@type":"SearchAction","target":{"@type":"EntryPoint","urlTemplate":"https:\/\/elmawkie.dz\/fr\/?s={search_term_string}"},"query-input":"required name=search_term_string"}],"inLanguage":"fr-FR"},{"@type":"Organization","@id":"https:\/\/elmawkie.dz\/fr\/#organization","name":"EL MAWKIE","url":"https:\/\/elmawkie.dz\/fr\/","logo":{"@type":"ImageObject","inLanguage":"fr-FR","@id":"https:\/\/elmawkie.dz\/fr\/#\/schema\/logo\/image\/","url":"https:\/\/elmawkie.dz\/fr\/wp-content\/uploads\/2024\/05\/logo1.png","contentUrl":"https:\/\/elmawkie.dz\/fr\/wp-content\/uploads\/2024\/05\/logo1.png","width":1648,"height":652,"caption":"EL MAWKIE"},"image":{"@id":"https:\/\/elmawkie.dz\/fr\/#\/schema\/logo\/image\/"},"sameAs":["https:\/\/www.facebook.com\/profile.php?id=100088407094989&locale=fr_FR"]},{"@type":"Person","@id":"https:\/\/elmawkie.dz\/fr\/#\/schema\/person\/e7bd59d6467874ba5c4723d8a9f0a63c","name":"R\u00e9daction","image":{"@type":"ImageObject","inLanguage":"fr-FR","@id":"https:\/\/elmawkie.dz\/fr\/#\/schema\/person\/image\/","url":"https:\/\/secure.gravatar.com\/avatar\/f0f773456344da4d2788c054a3d30a0c?s=96&d=mm&r=g","contentUrl":"https:\/\/secure.gravatar.com\/avatar\/f0f773456344da4d2788c054a3d30a0c?s=96&d=mm&r=g","caption":"R\u00e9daction"},"url":"https:\/\/elmawkie.dz\/fr\/author\/redaction\/"}]}},"_links":{"self":[{"href":"https:\/\/elmawkie.dz\/fr\/wp-json\/wp\/v2\/posts\/51375","targetHints":{"allow":["GET"]}}],"collection":[{"href":"https:\/\/elmawkie.dz\/fr\/wp-json\/wp\/v2\/posts"}],"about":[{"href":"https:\/\/elmawkie.dz\/fr\/wp-json\/wp\/v2\/types\/post"}],"author":[{"embeddable":true,"href":"https:\/\/elmawkie.dz\/fr\/wp-json\/wp\/v2\/users\/9"}],"replies":[{"embeddable":true,"href":"https:\/\/elmawkie.dz\/fr\/wp-json\/wp\/v2\/comments?post=51375"}],"version-history":[{"count":1,"href":"https:\/\/elmawkie.dz\/fr\/wp-json\/wp\/v2\/posts\/51375\/revisions"}],"predecessor-version":[{"id":51378,"href":"https:\/\/elmawkie.dz\/fr\/wp-json\/wp\/v2\/posts\/51375\/revisions\/51378"}],"wp:featuredmedia":[{"embeddable":true,"href":"https:\/\/elmawkie.dz\/fr\/wp-json\/wp\/v2\/media\/51377"}],"wp:attachment":[{"href":"https:\/\/elmawkie.dz\/fr\/wp-json\/wp\/v2\/media?parent=51375"}],"wp:term":[{"taxonomy":"category","embeddable":true,"href":"https:\/\/elmawkie.dz\/fr\/wp-json\/wp\/v2\/categories?post=51375"},{"taxonomy":"post_tag","embeddable":true,"href":"https:\/\/elmawkie.dz\/fr\/wp-json\/wp\/v2\/tags?post=51375"}],"curies":[{"name":"wp","href":"https:\/\/api.w.org\/{rel}","templated":true}]}}