{"id":51371,"date":"2025-05-17T13:56:48","date_gmt":"2025-05-17T12:56:48","guid":{"rendered":"https:\/\/elmawkie.dz\/fr\/?p=51371"},"modified":"2025-05-17T13:56:48","modified_gmt":"2025-05-17T12:56:48","slug":"regions-sinistrees-une-delegation-ministerielle-envoyee-par-le-president-de-la-republique","status":"publish","type":"post","link":"https:\/\/elmawkie.dz\/fr\/regions-sinistrees-une-delegation-ministerielle-envoyee-par-le-president-de-la-republique\/","title":{"rendered":"R\u00e9gions sinistr\u00e9es : une d\u00e9l\u00e9gation minist\u00e9rielle envoy\u00e9e par le pr\u00e9sident de la R\u00e9publique"},"content":{"rendered":"\n<p>Sur instruction du pr\u00e9sident de la R\u00e9publique, M. Abdelmadjid Tebboune, le ministre de l&rsquo;Int\u00e9rieur, des Collectivit\u00e9s locales et de l&rsquo;Am\u00e9nagement du territoire, M. Brahim Merad, accompagn\u00e9 du ministre des Travaux publics et des Infrastructures de base, M. Lakhdar Rekhroukh, du ministre de l&rsquo;Hydraulique, M. Taha Derbal, et du Directeur g\u00e9n\u00e9ral de la Protection civile, le colonel Boualem Boughelaf, s&rsquo;est rendu, ce samedi, dans les r\u00e9gions affect\u00e9es par les derni\u00e8res intemp\u00e9ries, en vue de s&rsquo;enqu\u00e9rir des conditions de prise en charge des familles touch\u00e9es, indique un communiqu\u00e9 du minist\u00e8re. La d\u00e9l\u00e9gation minist\u00e9rielle va s&rsquo;enqu\u00e9rir des conditions de prise en charge des citoyens touch\u00e9es par ces intemp\u00e9ries et des mesures prises au niveau local pour r\u00e9tablir la situation, pr\u00e9cise la m\u00eame source. La d\u00e9l\u00e9gation proc\u00e8dera \u00e9galement \u00e0 l&rsquo;\u00e9valuation des d\u00e9g\u00e2ts caus\u00e9s et les moyens de prise en charge dans les plus brefs d\u00e9lais.<\/p>\n","protected":false},"excerpt":{"rendered":"<p>Sur instruction du pr\u00e9sident de la R\u00e9publique, M. Abdelmadjid Tebboune, le ministre de l&rsquo;Int\u00e9rieur, des Collectivit\u00e9s locales et de l&rsquo;Am\u00e9nagement du territoire, M. Brahim Merad, accompagn\u00e9 du ministre des Travaux publics et des Infrastructures de base, M. Lakhdar Rekhroukh, du ministre de l&rsquo;Hydraulique, M. Taha Derbal, et du Directeur g\u00e9n\u00e9ral de la Protection civile, le &hellip;<\/p>\n","protected":false},"author":9,"featured_media":51373,"comment_status":"open","ping_status":"open","sticky":false,"template":"","format":"standard","meta":{"footnotes":""},"categories":[47],"tags":[596,3796,1027],"class_list":["post-51371","post","type-post","status-publish","format-standard","has-post-thumbnail","hentry","category-national","tag-le-president-de-la-republique","tag-regions-sinistrees","tag-tiaret"],"yoast_head":"<!-- This site is optimized with the Yoast SEO Premium plugin v22.6 (Yoast SEO v22.6) - https:\/\/yoast.com\/wordpress\/plugins\/seo\/ -->\n<title>R\u00e9gions sinistr\u00e9es : une d\u00e9l\u00e9gation minist\u00e9rielle envoy\u00e9e par le pr\u00e9sident de la R\u00e9publique - El Mawkie<\/title>\n<meta name=\"robots\" content=\"index, follow, max-snippet:-1, max-image-preview:large, max-video-preview:-1\" \/>\n<link rel=\"canonical\" href=\"https:\/\/elmawkie.dz\/fr\/regions-sinistrees-une-delegation-ministerielle-envoyee-par-le-president-de-la-republique\/\" \/>\n<meta property=\"og:locale\" content=\"fr_FR\" \/>\n<meta property=\"og:type\" content=\"article\" \/>\n<meta property=\"og:title\" content=\"R\u00e9gions sinistr\u00e9es : une d\u00e9l\u00e9gation minist\u00e9rielle envoy\u00e9e par le pr\u00e9sident de la R\u00e9publique\" \/>\n<meta property=\"og:description\" content=\"Sur instruction du pr\u00e9sident de la R\u00e9publique, M. Abdelmadjid Tebboune, le ministre de l&rsquo;Int\u00e9rieur, des Collectivit\u00e9s locales et de l&rsquo;Am\u00e9nagement du territoire, M. Brahim Merad, accompagn\u00e9 du ministre des Travaux publics et des Infrastructures de base, M. Lakhdar Rekhroukh, du ministre de l&rsquo;Hydraulique, M. Taha Derbal, et du Directeur g\u00e9n\u00e9ral de la Protection civile, le &hellip;\" \/>\n<meta property=\"og:url\" content=\"https:\/\/elmawkie.dz\/fr\/regions-sinistrees-une-delegation-ministerielle-envoyee-par-le-president-de-la-republique\/\" \/>\n<meta property=\"og:site_name\" content=\"El Mawkie\" \/>\n<meta property=\"article:publisher\" content=\"https:\/\/www.facebook.com\/profile.php?id=100088407094989&amp;locale=fr_FR\" \/>\n<meta property=\"article:published_time\" content=\"2025-05-17T12:56:48+00:00\" \/>\n<meta property=\"og:image\" content=\"https:\/\/elmawkie.dz\/fr\/wp-content\/uploads\/2025\/05\/IMG_5354.jpeg\" \/>\n\t<meta property=\"og:image:width\" content=\"1305\" \/>\n\t<meta property=\"og:image:height\" content=\"824\" \/>\n\t<meta property=\"og:image:type\" content=\"image\/jpeg\" \/>\n<meta name=\"author\" content=\"R\u00e9daction\" \/>\n<meta name=\"twitter:card\" content=\"summary_large_image\" \/>\n<meta name=\"twitter:label1\" content=\"Written by\" \/>\n\t<meta name=\"twitter:data1\" content=\"R\u00e9daction\" \/>\n\t<meta name=\"twitter:label2\" content=\"Est. reading time\" \/>\n\t<meta name=\"twitter:data2\" content=\"1 minute\" \/>\n<script type=\"application\/ld+json\" class=\"yoast-schema-graph\">{\"@context\":\"https:\/\/schema.org\",\"@graph\":[{\"@type\":\"Article\",\"@id\":\"https:\/\/elmawkie.dz\/fr\/regions-sinistrees-une-delegation-ministerielle-envoyee-par-le-president-de-la-republique\/#article\",\"isPartOf\":{\"@id\":\"https:\/\/elmawkie.dz\/fr\/regions-sinistrees-une-delegation-ministerielle-envoyee-par-le-president-de-la-republique\/\"},\"author\":{\"name\":\"R\u00e9daction\",\"@id\":\"https:\/\/elmawkie.dz\/fr\/#\/schema\/person\/e7bd59d6467874ba5c4723d8a9f0a63c\"},\"headline\":\"R\u00e9gions sinistr\u00e9es : une d\u00e9l\u00e9gation minist\u00e9rielle envoy\u00e9e par le pr\u00e9sident de la R\u00e9publique\",\"datePublished\":\"2025-05-17T12:56:48+00:00\",\"dateModified\":\"2025-05-17T12:56:48+00:00\",\"mainEntityOfPage\":{\"@id\":\"https:\/\/elmawkie.dz\/fr\/regions-sinistrees-une-delegation-ministerielle-envoyee-par-le-president-de-la-republique\/\"},\"wordCount\":197,\"commentCount\":0,\"publisher\":{\"@id\":\"https:\/\/elmawkie.dz\/fr\/#organization\"},\"image\":{\"@id\":\"https:\/\/elmawkie.dz\/fr\/regions-sinistrees-une-delegation-ministerielle-envoyee-par-le-president-de-la-republique\/#primaryimage\"},\"thumbnailUrl\":\"https:\/\/elmawkie.dz\/fr\/wp-content\/uploads\/2025\/05\/IMG_5354.jpeg\",\"keywords\":[\"le pr\u00e9sident de la R\u00e9publique\",\"R\u00e9gions sinistr\u00e9es\",\"Tiaret\"],\"articleSection\":[\"National\"],\"inLanguage\":\"fr-FR\",\"potentialAction\":[{\"@type\":\"CommentAction\",\"name\":\"Comment\",\"target\":[\"https:\/\/elmawkie.dz\/fr\/regions-sinistrees-une-delegation-ministerielle-envoyee-par-le-president-de-la-republique\/#respond\"]}]},{\"@type\":\"WebPage\",\"@id\":\"https:\/\/elmawkie.dz\/fr\/regions-sinistrees-une-delegation-ministerielle-envoyee-par-le-president-de-la-republique\/\",\"url\":\"https:\/\/elmawkie.dz\/fr\/regions-sinistrees-une-delegation-ministerielle-envoyee-par-le-president-de-la-republique\/\",\"name\":\"R\u00e9gions sinistr\u00e9es : une d\u00e9l\u00e9gation minist\u00e9rielle envoy\u00e9e par le pr\u00e9sident de la R\u00e9publique - El Mawkie\",\"isPartOf\":{\"@id\":\"https:\/\/elmawkie.dz\/fr\/#website\"},\"primaryImageOfPage\":{\"@id\":\"https:\/\/elmawkie.dz\/fr\/regions-sinistrees-une-delegation-ministerielle-envoyee-par-le-president-de-la-republique\/#primaryimage\"},\"image\":{\"@id\":\"https:\/\/elmawkie.dz\/fr\/regions-sinistrees-une-delegation-ministerielle-envoyee-par-le-president-de-la-republique\/#primaryimage\"},\"thumbnailUrl\":\"https:\/\/elmawkie.dz\/fr\/wp-content\/uploads\/2025\/05\/IMG_5354.jpeg\",\"datePublished\":\"2025-05-17T12:56:48+00:00\",\"dateModified\":\"2025-05-17T12:56:48+00:00\",\"breadcrumb\":{\"@id\":\"https:\/\/elmawkie.dz\/fr\/regions-sinistrees-une-delegation-ministerielle-envoyee-par-le-president-de-la-republique\/#breadcrumb\"},\"inLanguage\":\"fr-FR\",\"potentialAction\":[{\"@type\":\"ReadAction\",\"target\":[\"https:\/\/elmawkie.dz\/fr\/regions-sinistrees-une-delegation-ministerielle-envoyee-par-le-president-de-la-republique\/\"]}]},{\"@type\":\"ImageObject\",\"inLanguage\":\"fr-FR\",\"@id\":\"https:\/\/elmawkie.dz\/fr\/regions-sinistrees-une-delegation-ministerielle-envoyee-par-le-president-de-la-republique\/#primaryimage\",\"url\":\"https:\/\/elmawkie.dz\/fr\/wp-content\/uploads\/2025\/05\/IMG_5354.jpeg\",\"contentUrl\":\"https:\/\/elmawkie.dz\/fr\/wp-content\/uploads\/2025\/05\/IMG_5354.jpeg\",\"width\":1305,\"height\":824},{\"@type\":\"BreadcrumbList\",\"@id\":\"https:\/\/elmawkie.dz\/fr\/regions-sinistrees-une-delegation-ministerielle-envoyee-par-le-president-de-la-republique\/#breadcrumb\",\"itemListElement\":[{\"@type\":\"ListItem\",\"position\":1,\"name\":\"Home\",\"item\":\"https:\/\/elmawkie.dz\/fr\/\"},{\"@type\":\"ListItem\",\"position\":2,\"name\":\"R\u00e9gions sinistr\u00e9es : une d\u00e9l\u00e9gation minist\u00e9rielle envoy\u00e9e par le pr\u00e9sident de la R\u00e9publique\"}]},{\"@type\":\"WebSite\",\"@id\":\"https:\/\/elmawkie.dz\/fr\/#website\",\"url\":\"https:\/\/elmawkie.dz\/fr\/\",\"name\":\"EL MAWKIE\",\"description\":\"Journal \u00c9lectronique Alg\u00e9rien\",\"publisher\":{\"@id\":\"https:\/\/elmawkie.dz\/fr\/#organization\"},\"potentialAction\":[{\"@type\":\"SearchAction\",\"target\":{\"@type\":\"EntryPoint\",\"urlTemplate\":\"https:\/\/elmawkie.dz\/fr\/?s={search_term_string}\"},\"query-input\":\"required name=search_term_string\"}],\"inLanguage\":\"fr-FR\"},{\"@type\":\"Organization\",\"@id\":\"https:\/\/elmawkie.dz\/fr\/#organization\",\"name\":\"EL MAWKIE\",\"url\":\"https:\/\/elmawkie.dz\/fr\/\",\"logo\":{\"@type\":\"ImageObject\",\"inLanguage\":\"fr-FR\",\"@id\":\"https:\/\/elmawkie.dz\/fr\/#\/schema\/logo\/image\/\",\"url\":\"https:\/\/elmawkie.dz\/fr\/wp-content\/uploads\/2024\/05\/logo1.png\",\"contentUrl\":\"https:\/\/elmawkie.dz\/fr\/wp-content\/uploads\/2024\/05\/logo1.png\",\"width\":1648,\"height\":652,\"caption\":\"EL MAWKIE\"},\"image\":{\"@id\":\"https:\/\/elmawkie.dz\/fr\/#\/schema\/logo\/image\/\"},\"sameAs\":[\"https:\/\/www.facebook.com\/profile.php?id=100088407094989&locale=fr_FR\"]},{\"@type\":\"Person\",\"@id\":\"https:\/\/elmawkie.dz\/fr\/#\/schema\/person\/e7bd59d6467874ba5c4723d8a9f0a63c\",\"name\":\"R\u00e9daction\",\"image\":{\"@type\":\"ImageObject\",\"inLanguage\":\"fr-FR\",\"@id\":\"https:\/\/elmawkie.dz\/fr\/#\/schema\/person\/image\/\",\"url\":\"https:\/\/secure.gravatar.com\/avatar\/f0f773456344da4d2788c054a3d30a0c?s=96&d=mm&r=g\",\"contentUrl\":\"https:\/\/secure.gravatar.com\/avatar\/f0f773456344da4d2788c054a3d30a0c?s=96&d=mm&r=g\",\"caption\":\"R\u00e9daction\"},\"url\":\"https:\/\/elmawkie.dz\/fr\/author\/redaction\/\"}]}<\/script>\n<!-- \/ Yoast SEO Premium plugin. -->","yoast_head_json":{"title":"R\u00e9gions sinistr\u00e9es : une d\u00e9l\u00e9gation minist\u00e9rielle envoy\u00e9e par le pr\u00e9sident de la R\u00e9publique - El Mawkie","robots":{"index":"index","follow":"follow","max-snippet":"max-snippet:-1","max-image-preview":"max-image-preview:large","max-video-preview":"max-video-preview:-1"},"canonical":"https:\/\/elmawkie.dz\/fr\/regions-sinistrees-une-delegation-ministerielle-envoyee-par-le-president-de-la-republique\/","og_locale":"fr_FR","og_type":"article","og_title":"R\u00e9gions sinistr\u00e9es : une d\u00e9l\u00e9gation minist\u00e9rielle envoy\u00e9e par le pr\u00e9sident de la R\u00e9publique","og_description":"Sur instruction du pr\u00e9sident de la R\u00e9publique, M. Abdelmadjid Tebboune, le ministre de l&rsquo;Int\u00e9rieur, des Collectivit\u00e9s locales et de l&rsquo;Am\u00e9nagement du territoire, M. Brahim Merad, accompagn\u00e9 du ministre des Travaux publics et des Infrastructures de base, M. Lakhdar Rekhroukh, du ministre de l&rsquo;Hydraulique, M. Taha Derbal, et du Directeur g\u00e9n\u00e9ral de la Protection civile, le &hellip;","og_url":"https:\/\/elmawkie.dz\/fr\/regions-sinistrees-une-delegation-ministerielle-envoyee-par-le-president-de-la-republique\/","og_site_name":"El Mawkie","article_publisher":"https:\/\/www.facebook.com\/profile.php?id=100088407094989&locale=fr_FR","article_published_time":"2025-05-17T12:56:48+00:00","og_image":[{"width":1305,"height":824,"url":"https:\/\/elmawkie.dz\/fr\/wp-content\/uploads\/2025\/05\/IMG_5354.jpeg","type":"image\/jpeg"}],"author":"R\u00e9daction","twitter_card":"summary_large_image","twitter_misc":{"Written by":"R\u00e9daction","Est. reading time":"1 minute"},"schema":{"@context":"https:\/\/schema.org","@graph":[{"@type":"Article","@id":"https:\/\/elmawkie.dz\/fr\/regions-sinistrees-une-delegation-ministerielle-envoyee-par-le-president-de-la-republique\/#article","isPartOf":{"@id":"https:\/\/elmawkie.dz\/fr\/regions-sinistrees-une-delegation-ministerielle-envoyee-par-le-president-de-la-republique\/"},"author":{"name":"R\u00e9daction","@id":"https:\/\/elmawkie.dz\/fr\/#\/schema\/person\/e7bd59d6467874ba5c4723d8a9f0a63c"},"headline":"R\u00e9gions sinistr\u00e9es : une d\u00e9l\u00e9gation minist\u00e9rielle envoy\u00e9e par le pr\u00e9sident de la R\u00e9publique","datePublished":"2025-05-17T12:56:48+00:00","dateModified":"2025-05-17T12:56:48+00:00","mainEntityOfPage":{"@id":"https:\/\/elmawkie.dz\/fr\/regions-sinistrees-une-delegation-ministerielle-envoyee-par-le-president-de-la-republique\/"},"wordCount":197,"commentCount":0,"publisher":{"@id":"https:\/\/elmawkie.dz\/fr\/#organization"},"image":{"@id":"https:\/\/elmawkie.dz\/fr\/regions-sinistrees-une-delegation-ministerielle-envoyee-par-le-president-de-la-republique\/#primaryimage"},"thumbnailUrl":"https:\/\/elmawkie.dz\/fr\/wp-content\/uploads\/2025\/05\/IMG_5354.jpeg","keywords":["le pr\u00e9sident de la R\u00e9publique","R\u00e9gions sinistr\u00e9es","Tiaret"],"articleSection":["National"],"inLanguage":"fr-FR","potentialAction":[{"@type":"CommentAction","name":"Comment","target":["https:\/\/elmawkie.dz\/fr\/regions-sinistrees-une-delegation-ministerielle-envoyee-par-le-president-de-la-republique\/#respond"]}]},{"@type":"WebPage","@id":"https:\/\/elmawkie.dz\/fr\/regions-sinistrees-une-delegation-ministerielle-envoyee-par-le-president-de-la-republique\/","url":"https:\/\/elmawkie.dz\/fr\/regions-sinistrees-une-delegation-ministerielle-envoyee-par-le-president-de-la-republique\/","name":"R\u00e9gions sinistr\u00e9es : une d\u00e9l\u00e9gation minist\u00e9rielle envoy\u00e9e par le pr\u00e9sident de la R\u00e9publique - El Mawkie","isPartOf":{"@id":"https:\/\/elmawkie.dz\/fr\/#website"},"primaryImageOfPage":{"@id":"https:\/\/elmawkie.dz\/fr\/regions-sinistrees-une-delegation-ministerielle-envoyee-par-le-president-de-la-republique\/#primaryimage"},"image":{"@id":"https:\/\/elmawkie.dz\/fr\/regions-sinistrees-une-delegation-ministerielle-envoyee-par-le-president-de-la-republique\/#primaryimage"},"thumbnailUrl":"https:\/\/elmawkie.dz\/fr\/wp-content\/uploads\/2025\/05\/IMG_5354.jpeg","datePublished":"2025-05-17T12:56:48+00:00","dateModified":"2025-05-17T12:56:48+00:00","breadcrumb":{"@id":"https:\/\/elmawkie.dz\/fr\/regions-sinistrees-une-delegation-ministerielle-envoyee-par-le-president-de-la-republique\/#breadcrumb"},"inLanguage":"fr-FR","potentialAction":[{"@type":"ReadAction","target":["https:\/\/elmawkie.dz\/fr\/regions-sinistrees-une-delegation-ministerielle-envoyee-par-le-president-de-la-republique\/"]}]},{"@type":"ImageObject","inLanguage":"fr-FR","@id":"https:\/\/elmawkie.dz\/fr\/regions-sinistrees-une-delegation-ministerielle-envoyee-par-le-president-de-la-republique\/#primaryimage","url":"https:\/\/elmawkie.dz\/fr\/wp-content\/uploads\/2025\/05\/IMG_5354.jpeg","contentUrl":"https:\/\/elmawkie.dz\/fr\/wp-content\/uploads\/2025\/05\/IMG_5354.jpeg","width":1305,"height":824},{"@type":"BreadcrumbList","@id":"https:\/\/elmawkie.dz\/fr\/regions-sinistrees-une-delegation-ministerielle-envoyee-par-le-president-de-la-republique\/#breadcrumb","itemListElement":[{"@type":"ListItem","position":1,"name":"Home","item":"https:\/\/elmawkie.dz\/fr\/"},{"@type":"ListItem","position":2,"name":"R\u00e9gions sinistr\u00e9es : une d\u00e9l\u00e9gation minist\u00e9rielle envoy\u00e9e par le pr\u00e9sident de la R\u00e9publique"}]},{"@type":"WebSite","@id":"https:\/\/elmawkie.dz\/fr\/#website","url":"https:\/\/elmawkie.dz\/fr\/","name":"EL MAWKIE","description":"Journal \u00c9lectronique Alg\u00e9rien","publisher":{"@id":"https:\/\/elmawkie.dz\/fr\/#organization"},"potentialAction":[{"@type":"SearchAction","target":{"@type":"EntryPoint","urlTemplate":"https:\/\/elmawkie.dz\/fr\/?s={search_term_string}"},"query-input":"required name=search_term_string"}],"inLanguage":"fr-FR"},{"@type":"Organization","@id":"https:\/\/elmawkie.dz\/fr\/#organization","name":"EL MAWKIE","url":"https:\/\/elmawkie.dz\/fr\/","logo":{"@type":"ImageObject","inLanguage":"fr-FR","@id":"https:\/\/elmawkie.dz\/fr\/#\/schema\/logo\/image\/","url":"https:\/\/elmawkie.dz\/fr\/wp-content\/uploads\/2024\/05\/logo1.png","contentUrl":"https:\/\/elmawkie.dz\/fr\/wp-content\/uploads\/2024\/05\/logo1.png","width":1648,"height":652,"caption":"EL MAWKIE"},"image":{"@id":"https:\/\/elmawkie.dz\/fr\/#\/schema\/logo\/image\/"},"sameAs":["https:\/\/www.facebook.com\/profile.php?id=100088407094989&locale=fr_FR"]},{"@type":"Person","@id":"https:\/\/elmawkie.dz\/fr\/#\/schema\/person\/e7bd59d6467874ba5c4723d8a9f0a63c","name":"R\u00e9daction","image":{"@type":"ImageObject","inLanguage":"fr-FR","@id":"https:\/\/elmawkie.dz\/fr\/#\/schema\/person\/image\/","url":"https:\/\/secure.gravatar.com\/avatar\/f0f773456344da4d2788c054a3d30a0c?s=96&d=mm&r=g","contentUrl":"https:\/\/secure.gravatar.com\/avatar\/f0f773456344da4d2788c054a3d30a0c?s=96&d=mm&r=g","caption":"R\u00e9daction"},"url":"https:\/\/elmawkie.dz\/fr\/author\/redaction\/"}]}},"_links":{"self":[{"href":"https:\/\/elmawkie.dz\/fr\/wp-json\/wp\/v2\/posts\/51371","targetHints":{"allow":["GET"]}}],"collection":[{"href":"https:\/\/elmawkie.dz\/fr\/wp-json\/wp\/v2\/posts"}],"about":[{"href":"https:\/\/elmawkie.dz\/fr\/wp-json\/wp\/v2\/types\/post"}],"author":[{"embeddable":true,"href":"https:\/\/elmawkie.dz\/fr\/wp-json\/wp\/v2\/users\/9"}],"replies":[{"embeddable":true,"href":"https:\/\/elmawkie.dz\/fr\/wp-json\/wp\/v2\/comments?post=51371"}],"version-history":[{"count":1,"href":"https:\/\/elmawkie.dz\/fr\/wp-json\/wp\/v2\/posts\/51371\/revisions"}],"predecessor-version":[{"id":51374,"href":"https:\/\/elmawkie.dz\/fr\/wp-json\/wp\/v2\/posts\/51371\/revisions\/51374"}],"wp:featuredmedia":[{"embeddable":true,"href":"https:\/\/elmawkie.dz\/fr\/wp-json\/wp\/v2\/media\/51373"}],"wp:attachment":[{"href":"https:\/\/elmawkie.dz\/fr\/wp-json\/wp\/v2\/media?parent=51371"}],"wp:term":[{"taxonomy":"category","embeddable":true,"href":"https:\/\/elmawkie.dz\/fr\/wp-json\/wp\/v2\/categories?post=51371"},{"taxonomy":"post_tag","embeddable":true,"href":"https:\/\/elmawkie.dz\/fr\/wp-json\/wp\/v2\/tags?post=51371"}],"curies":[{"name":"wp","href":"https:\/\/api.w.org\/{rel}","templated":true}]}}