{"id":51345,"date":"2025-05-16T22:53:44","date_gmt":"2025-05-16T21:53:44","guid":{"rendered":"https:\/\/elmawkie.dz\/fr\/?p=51345"},"modified":"2025-05-16T22:53:45","modified_gmt":"2025-05-16T21:53:45","slug":"m-arkab-expose-en-italie-les-principaux-axes-de-la-strategie-energetique-nationale","status":"publish","type":"post","link":"https:\/\/elmawkie.dz\/fr\/m-arkab-expose-en-italie-les-principaux-axes-de-la-strategie-energetique-nationale\/","title":{"rendered":"M. Arkab expose en Italie les principaux axes de la strat\u00e9gie \u00e9nerg\u00e9tique nationale"},"content":{"rendered":"\n<p>Le ministre d&rsquo;Etat, ministre de l&rsquo;Energie, des Mines et des Energies renouvelables, M. Mohamed Arkab, a expos\u00e9, vendredi \u00e0 Sorrente (Italie), la strat\u00e9gie \u00e9nerg\u00e9tique de l&rsquo;Alg\u00e9rie, ax\u00e9e sur le renforcement de la production de gaz naturel, la r\u00e9duction de l&#8217;empreinte carbone et l&rsquo;\u00e9largissement de l&rsquo;utilisation des \u00e9nergies renouvelables, \u00e0 travers un projet de 15.000 MW d&rsquo;\u00e9nergie solaire \u00e0 l&rsquo;horizon 2035, dont 3.200 MW sont d\u00e9j\u00e0 en cours de r\u00e9alisation, en sus des programmes d&rsquo;efficacit\u00e9 \u00e9nerg\u00e9tique et de rationalisation de la consommation, indique un communiqu\u00e9 du minist\u00e8re. Lors d&rsquo;une session de haut niveau, intitul\u00e9e \u00ab\u00a0Le r\u00f4le central de la M\u00e9diterran\u00e9e dans la transition \u00e9nerg\u00e9tique mondiale : r\u00e9alisations et strat\u00e9gies\u00a0\u00bb, tenue dans le cadre du forum international \u00ab\u00a0Vers le Sud\u00a0\u00bb, M. Arkab a donn\u00e9 une intervention pour exposer la vision globale de l&rsquo;Alg\u00e9rie sur la transition \u00e9nerg\u00e9tique durable et la consolidation du partenariat euro-m\u00e9diterran\u00e9en dans le domaine de l&rsquo;\u00e9nergie, soulignant la disposition de l&rsquo;Alg\u00e9rie \u00e0 \u00a0\u00bbsoutenir toutes les initiatives visant \u00e0 renforcer la s\u00e9curit\u00e9 \u00e9nerg\u00e9tique, \u00e0 booster le d\u00e9veloppement durable et \u00e0 relever les d\u00e9fis du changement climatique, notamment au Sud de la M\u00e9diterran\u00e9e\u00a0\u00bb. Cette session s&rsquo;est d\u00e9roul\u00e9e en pr\u00e9sence du Pr\u00e9sident-directeur g\u00e9n\u00e9ral (Pdg) de Sonatrach, Rachid Hachichi, du Pdg de Sonelgaz, Mourad Adjal, de l&rsquo;ambassadeur d&rsquo;Alg\u00e9rie en Italie, et de plusieurs cadres du secteur. Rappelant les profondes mutations actuelles que connait le monde, marqu\u00e9es par la mont\u00e9e des tensions g\u00e9opolitiques et la d\u00e9sint\u00e9gration de l&rsquo;ordre \u00e9conomique mondial, le ministre a estim\u00e9 n\u00e9cessaire \u00ab\u00a0la construction d&rsquo;une coop\u00e9ration r\u00e9gionale \u00e9quitable, durable, fond\u00e9e sur la solidarit\u00e9 et le partenariat gagnant-gagnant pour tous\u00a0\u00bb. \u00ab\u00a0La r\u00e9gion m\u00e9diterran\u00e9enne, de par ses ressources naturelles et humaines, et de par sa position strat\u00e9gique, est apte \u00e0 devenir un p\u00f4le de transition \u00e9nerg\u00e9tique et de d\u00e9veloppement durable\u00a0\u00bb, a ajout\u00e9 le ministre, appelant \u00ab\u00a0\u00e0 l&rsquo;\u00e9tablissement d&rsquo;un partenariat euro-m\u00e9diterran\u00e9en efficace, fond\u00e9 sur le partage des avantages et des responsabilit\u00e9s\u00a0\u00bb. Evoquant les grands projets \u00e9nerg\u00e9tiques r\u00e9gionaux auxquels l&rsquo;Alg\u00e9rie participe, notamment dans le domaine de l&rsquo;\u00e9nergie verte, M. Arkab a affirm\u00e9 que l&rsquo;Alg\u00e9rie, gr\u00e2ce \u00e0 sa position g\u00e9ographique, ses infrastructures \u00e9nerg\u00e9tiques et son expertise technique, \u00ab\u00a0fait partie des pays capables de diriger cette transition\u00a0\u00bb dans le domaine de l&rsquo;hydrog\u00e8ne vert\u00a0\u00bb, a ajout\u00e9 la m\u00eame source. Il a, \u00e0 ce titre, \u00e9voqu\u00e9 le projet \u00ab\u00a0SoutH2 Corridor\u00a0\u00bb, reliant l&rsquo;Alg\u00e9rie \u00e0 l&rsquo;Europe et renforc\u00e9 par la D\u00e9claration commune d&rsquo;intentions politiques sign\u00e9e \u00e0 Rome en janvier 2025. Le ministre a \u00e9galement abord\u00e9 le projet \u00ab\u00a0Medlink\u00a0\u00bb, visant \u00e0 exporter, annuellement, jusqu&rsquo;\u00e0 2.000 MW d&rsquo;\u00e9lectricit\u00e9 verte vers l&rsquo;Italie, ainsi que le projet d&rsquo;interconnexion \u00e9lectrique entre le Nord et le Sud de l&rsquo;Alg\u00e9rie, avec un investissement de plus de 3 milliards USD, visant le d\u00e9ploiement des \u00e9nergies renouvelables \u00e0 grande \u00e9chelle et l&rsquo;\u00e9largissement de leur exportation vers l&rsquo;Afrique. Il a, en outre, fait savoir que l&rsquo;Alg\u00e9rie tient des consultations avanc\u00e9es avec la Libye, l&rsquo;Egypte et la Mauritanie pour l&rsquo;interconnection des r\u00e9seaux \u00e9lectriques et le renforcement de l&rsquo;int\u00e9gration \u00e9nerg\u00e9tique r\u00e9gionale, en vue de pr\u00e9parer le terrain au march\u00e9 africain unifi\u00e9 de l&rsquo;\u00e9lectricit\u00e9. Abordant la question de la s\u00e9curit\u00e9 hydrique, M. Arkab a indiqu\u00e9 que l&rsquo;Alg\u00e9rie adoptait une \u00ab\u00a0strat\u00e9gie nationale ambitieuse\u00a0\u00bb de dessalement de l&rsquo;eau de mer, ayant permis r\u00e9cemment \u00ab\u00a0la r\u00e9alisation de six nouvelles stations, portant la capacit\u00e9 de production \u00e0 3,7 millions de m3 par jour et couvrant plus de 42% des besoins des villes c\u00f4ti\u00e8res, avec l&rsquo;objectif d&rsquo;atteindre 5,2 millions de m3 par jour d&rsquo;ici 2030, \u00e0 travers la r\u00e9alisation de six stations suppl\u00e9mentaires\u00a0\u00bb. Par ailleurs, le ministre a r\u00e9it\u00e9r\u00e9 le soutien total de l&rsquo;Alg\u00e9rie au plan Mattei, en tant qu'\u00a0\u00bbopportunit\u00e9 strat\u00e9gique\u00a0\u00bb en vue de renforcer la coop\u00e9ration \u00e9nerg\u00e9tique entre les deux rives de la M\u00e9diterran\u00e9e et \u00e9largir le partenariat avec l&rsquo;Afrique, soulignant que \u00ab\u00a0l&rsquo;Alg\u00e9rie et l&rsquo;Italie partagent une ambition commune d&rsquo;\u00e9tablir un partenariat \u00e9nerg\u00e9tique et \u00e9conomique solide et global\u00a0\u00bb. Et d&rsquo;ajouter que \u00ab\u00a0l&rsquo;avenir \u00e9nerg\u00e9tique de la M\u00e9diterran\u00e9e d\u00e9pend de notre capacit\u00e9 commune de construire une coop\u00e9ration fond\u00e9e sur les int\u00e9r\u00eats mutuels, la solidarit\u00e9 et la responsabilit\u00e9 collective\u00a0\u00bb. M. Arkab a, \u00e0 ce propos, soulign\u00e9 l&rsquo;importance du forum, organis\u00e9 sous le th\u00e8me \u00ab\u00a0Vers le Sud : la strat\u00e9gie europ\u00e9enne pour une nouvelle saison g\u00e9opolitique, \u00e9conomique et socioculturelle en M\u00e9diterran\u00e9e\u00a0\u00bb, en tant que plateforme de concertation sur les d\u00e9fis g\u00e9opolitiques actuels et leurs r\u00e9percussions \u00e9conomiques, et du plan Mattei pour la coop\u00e9ration avec l&rsquo;Afrique, outre les questions de s\u00e9curit\u00e9 \u00e9nerg\u00e9tique et alimentaire, et de changement climatique dans la r\u00e9gion m\u00e9diterran\u00e9enne, conclut le communiqu\u00e9.<\/p>\n","protected":false},"excerpt":{"rendered":"<p>Le ministre d&rsquo;Etat, ministre de l&rsquo;Energie, des Mines et des Energies renouvelables, M. Mohamed Arkab, a expos\u00e9, vendredi \u00e0 Sorrente (Italie), la strat\u00e9gie \u00e9nerg\u00e9tique de l&rsquo;Alg\u00e9rie, ax\u00e9e sur le renforcement de la production de gaz naturel, la r\u00e9duction de l&#8217;empreinte carbone et l&rsquo;\u00e9largissement de l&rsquo;utilisation des \u00e9nergies renouvelables, \u00e0 travers un projet de 15.000 MW &hellip;<\/p>\n","protected":false},"author":9,"featured_media":51347,"comment_status":"open","ping_status":"open","sticky":false,"template":"","format":"standard","meta":{"footnotes":""},"categories":[794,47],"tags":[196,1373,3790],"class_list":["post-51345","post","type-post","status-publish","format-standard","has-post-thumbnail","hentry","category-energie","category-national","tag-italie","tag-m-arkab","tag-strategie-energetique"],"yoast_head":"<!-- This site is optimized with the Yoast SEO Premium plugin v22.6 (Yoast SEO v22.6) - https:\/\/yoast.com\/wordpress\/plugins\/seo\/ -->\n<title>M. Arkab expose en Italie les principaux axes de la strat\u00e9gie \u00e9nerg\u00e9tique nationale - El Mawkie<\/title>\n<meta name=\"robots\" content=\"index, follow, max-snippet:-1, max-image-preview:large, max-video-preview:-1\" \/>\n<link rel=\"canonical\" href=\"https:\/\/elmawkie.dz\/fr\/m-arkab-expose-en-italie-les-principaux-axes-de-la-strategie-energetique-nationale\/\" \/>\n<meta property=\"og:locale\" content=\"fr_FR\" \/>\n<meta property=\"og:type\" content=\"article\" \/>\n<meta property=\"og:title\" content=\"M. Arkab expose en Italie les principaux axes de la strat\u00e9gie \u00e9nerg\u00e9tique nationale\" \/>\n<meta property=\"og:description\" content=\"Le ministre d&rsquo;Etat, ministre de l&rsquo;Energie, des Mines et des Energies renouvelables, M. Mohamed Arkab, a expos\u00e9, vendredi \u00e0 Sorrente (Italie), la strat\u00e9gie \u00e9nerg\u00e9tique de l&rsquo;Alg\u00e9rie, ax\u00e9e sur le renforcement de la production de gaz naturel, la r\u00e9duction de l&#8217;empreinte carbone et l&rsquo;\u00e9largissement de l&rsquo;utilisation des \u00e9nergies renouvelables, \u00e0 travers un projet de 15.000 MW &hellip;\" \/>\n<meta property=\"og:url\" content=\"https:\/\/elmawkie.dz\/fr\/m-arkab-expose-en-italie-les-principaux-axes-de-la-strategie-energetique-nationale\/\" \/>\n<meta property=\"og:site_name\" content=\"El Mawkie\" \/>\n<meta property=\"article:publisher\" content=\"https:\/\/www.facebook.com\/profile.php?id=100088407094989&amp;locale=fr_FR\" \/>\n<meta property=\"article:published_time\" content=\"2025-05-16T21:53:44+00:00\" \/>\n<meta property=\"article:modified_time\" content=\"2025-05-16T21:53:45+00:00\" \/>\n<meta property=\"og:image\" content=\"https:\/\/elmawkie.dz\/fr\/wp-content\/uploads\/2025\/05\/IMG_5331.jpeg\" \/>\n\t<meta property=\"og:image:width\" content=\"1600\" \/>\n\t<meta property=\"og:image:height\" content=\"1067\" \/>\n\t<meta property=\"og:image:type\" content=\"image\/jpeg\" \/>\n<meta name=\"author\" content=\"R\u00e9daction\" \/>\n<meta name=\"twitter:card\" content=\"summary_large_image\" \/>\n<meta name=\"twitter:label1\" content=\"Written by\" \/>\n\t<meta name=\"twitter:data1\" content=\"R\u00e9daction\" \/>\n\t<meta name=\"twitter:label2\" content=\"Est. reading time\" \/>\n\t<meta name=\"twitter:data2\" content=\"4 minutes\" \/>\n<script type=\"application\/ld+json\" class=\"yoast-schema-graph\">{\"@context\":\"https:\/\/schema.org\",\"@graph\":[{\"@type\":\"Article\",\"@id\":\"https:\/\/elmawkie.dz\/fr\/m-arkab-expose-en-italie-les-principaux-axes-de-la-strategie-energetique-nationale\/#article\",\"isPartOf\":{\"@id\":\"https:\/\/elmawkie.dz\/fr\/m-arkab-expose-en-italie-les-principaux-axes-de-la-strategie-energetique-nationale\/\"},\"author\":{\"name\":\"R\u00e9daction\",\"@id\":\"https:\/\/elmawkie.dz\/fr\/#\/schema\/person\/e7bd59d6467874ba5c4723d8a9f0a63c\"},\"headline\":\"M. Arkab expose en Italie les principaux axes de la strat\u00e9gie \u00e9nerg\u00e9tique nationale\",\"datePublished\":\"2025-05-16T21:53:44+00:00\",\"dateModified\":\"2025-05-16T21:53:45+00:00\",\"mainEntityOfPage\":{\"@id\":\"https:\/\/elmawkie.dz\/fr\/m-arkab-expose-en-italie-les-principaux-axes-de-la-strategie-energetique-nationale\/\"},\"wordCount\":876,\"commentCount\":0,\"publisher\":{\"@id\":\"https:\/\/elmawkie.dz\/fr\/#organization\"},\"image\":{\"@id\":\"https:\/\/elmawkie.dz\/fr\/m-arkab-expose-en-italie-les-principaux-axes-de-la-strategie-energetique-nationale\/#primaryimage\"},\"thumbnailUrl\":\"https:\/\/elmawkie.dz\/fr\/wp-content\/uploads\/2025\/05\/IMG_5331.jpeg\",\"keywords\":[\"Italie\",\"\u200fM.Arkab\",\"Strat\u00e9gie \u00e9nerg\u00e9tique\"],\"articleSection\":[\"Energie\",\"National\"],\"inLanguage\":\"fr-FR\",\"potentialAction\":[{\"@type\":\"CommentAction\",\"name\":\"Comment\",\"target\":[\"https:\/\/elmawkie.dz\/fr\/m-arkab-expose-en-italie-les-principaux-axes-de-la-strategie-energetique-nationale\/#respond\"]}]},{\"@type\":\"WebPage\",\"@id\":\"https:\/\/elmawkie.dz\/fr\/m-arkab-expose-en-italie-les-principaux-axes-de-la-strategie-energetique-nationale\/\",\"url\":\"https:\/\/elmawkie.dz\/fr\/m-arkab-expose-en-italie-les-principaux-axes-de-la-strategie-energetique-nationale\/\",\"name\":\"M. Arkab expose en Italie les principaux axes de la strat\u00e9gie \u00e9nerg\u00e9tique nationale - El Mawkie\",\"isPartOf\":{\"@id\":\"https:\/\/elmawkie.dz\/fr\/#website\"},\"primaryImageOfPage\":{\"@id\":\"https:\/\/elmawkie.dz\/fr\/m-arkab-expose-en-italie-les-principaux-axes-de-la-strategie-energetique-nationale\/#primaryimage\"},\"image\":{\"@id\":\"https:\/\/elmawkie.dz\/fr\/m-arkab-expose-en-italie-les-principaux-axes-de-la-strategie-energetique-nationale\/#primaryimage\"},\"thumbnailUrl\":\"https:\/\/elmawkie.dz\/fr\/wp-content\/uploads\/2025\/05\/IMG_5331.jpeg\",\"datePublished\":\"2025-05-16T21:53:44+00:00\",\"dateModified\":\"2025-05-16T21:53:45+00:00\",\"breadcrumb\":{\"@id\":\"https:\/\/elmawkie.dz\/fr\/m-arkab-expose-en-italie-les-principaux-axes-de-la-strategie-energetique-nationale\/#breadcrumb\"},\"inLanguage\":\"fr-FR\",\"potentialAction\":[{\"@type\":\"ReadAction\",\"target\":[\"https:\/\/elmawkie.dz\/fr\/m-arkab-expose-en-italie-les-principaux-axes-de-la-strategie-energetique-nationale\/\"]}]},{\"@type\":\"ImageObject\",\"inLanguage\":\"fr-FR\",\"@id\":\"https:\/\/elmawkie.dz\/fr\/m-arkab-expose-en-italie-les-principaux-axes-de-la-strategie-energetique-nationale\/#primaryimage\",\"url\":\"https:\/\/elmawkie.dz\/fr\/wp-content\/uploads\/2025\/05\/IMG_5331.jpeg\",\"contentUrl\":\"https:\/\/elmawkie.dz\/fr\/wp-content\/uploads\/2025\/05\/IMG_5331.jpeg\",\"width\":1600,\"height\":1067},{\"@type\":\"BreadcrumbList\",\"@id\":\"https:\/\/elmawkie.dz\/fr\/m-arkab-expose-en-italie-les-principaux-axes-de-la-strategie-energetique-nationale\/#breadcrumb\",\"itemListElement\":[{\"@type\":\"ListItem\",\"position\":1,\"name\":\"Home\",\"item\":\"https:\/\/elmawkie.dz\/fr\/\"},{\"@type\":\"ListItem\",\"position\":2,\"name\":\"M. Arkab expose en Italie les principaux axes de la strat\u00e9gie \u00e9nerg\u00e9tique nationale\"}]},{\"@type\":\"WebSite\",\"@id\":\"https:\/\/elmawkie.dz\/fr\/#website\",\"url\":\"https:\/\/elmawkie.dz\/fr\/\",\"name\":\"EL MAWKIE\",\"description\":\"Journal \u00c9lectronique Alg\u00e9rien\",\"publisher\":{\"@id\":\"https:\/\/elmawkie.dz\/fr\/#organization\"},\"potentialAction\":[{\"@type\":\"SearchAction\",\"target\":{\"@type\":\"EntryPoint\",\"urlTemplate\":\"https:\/\/elmawkie.dz\/fr\/?s={search_term_string}\"},\"query-input\":\"required name=search_term_string\"}],\"inLanguage\":\"fr-FR\"},{\"@type\":\"Organization\",\"@id\":\"https:\/\/elmawkie.dz\/fr\/#organization\",\"name\":\"EL MAWKIE\",\"url\":\"https:\/\/elmawkie.dz\/fr\/\",\"logo\":{\"@type\":\"ImageObject\",\"inLanguage\":\"fr-FR\",\"@id\":\"https:\/\/elmawkie.dz\/fr\/#\/schema\/logo\/image\/\",\"url\":\"https:\/\/elmawkie.dz\/fr\/wp-content\/uploads\/2024\/05\/logo1.png\",\"contentUrl\":\"https:\/\/elmawkie.dz\/fr\/wp-content\/uploads\/2024\/05\/logo1.png\",\"width\":1648,\"height\":652,\"caption\":\"EL MAWKIE\"},\"image\":{\"@id\":\"https:\/\/elmawkie.dz\/fr\/#\/schema\/logo\/image\/\"},\"sameAs\":[\"https:\/\/www.facebook.com\/profile.php?id=100088407094989&locale=fr_FR\"]},{\"@type\":\"Person\",\"@id\":\"https:\/\/elmawkie.dz\/fr\/#\/schema\/person\/e7bd59d6467874ba5c4723d8a9f0a63c\",\"name\":\"R\u00e9daction\",\"image\":{\"@type\":\"ImageObject\",\"inLanguage\":\"fr-FR\",\"@id\":\"https:\/\/elmawkie.dz\/fr\/#\/schema\/person\/image\/\",\"url\":\"https:\/\/secure.gravatar.com\/avatar\/f0f773456344da4d2788c054a3d30a0c?s=96&d=mm&r=g\",\"contentUrl\":\"https:\/\/secure.gravatar.com\/avatar\/f0f773456344da4d2788c054a3d30a0c?s=96&d=mm&r=g\",\"caption\":\"R\u00e9daction\"},\"url\":\"https:\/\/elmawkie.dz\/fr\/author\/redaction\/\"}]}<\/script>\n<!-- \/ Yoast SEO Premium plugin. -->","yoast_head_json":{"title":"M. Arkab expose en Italie les principaux axes de la strat\u00e9gie \u00e9nerg\u00e9tique nationale - El Mawkie","robots":{"index":"index","follow":"follow","max-snippet":"max-snippet:-1","max-image-preview":"max-image-preview:large","max-video-preview":"max-video-preview:-1"},"canonical":"https:\/\/elmawkie.dz\/fr\/m-arkab-expose-en-italie-les-principaux-axes-de-la-strategie-energetique-nationale\/","og_locale":"fr_FR","og_type":"article","og_title":"M. Arkab expose en Italie les principaux axes de la strat\u00e9gie \u00e9nerg\u00e9tique nationale","og_description":"Le ministre d&rsquo;Etat, ministre de l&rsquo;Energie, des Mines et des Energies renouvelables, M. Mohamed Arkab, a expos\u00e9, vendredi \u00e0 Sorrente (Italie), la strat\u00e9gie \u00e9nerg\u00e9tique de l&rsquo;Alg\u00e9rie, ax\u00e9e sur le renforcement de la production de gaz naturel, la r\u00e9duction de l&#8217;empreinte carbone et l&rsquo;\u00e9largissement de l&rsquo;utilisation des \u00e9nergies renouvelables, \u00e0 travers un projet de 15.000 MW &hellip;","og_url":"https:\/\/elmawkie.dz\/fr\/m-arkab-expose-en-italie-les-principaux-axes-de-la-strategie-energetique-nationale\/","og_site_name":"El Mawkie","article_publisher":"https:\/\/www.facebook.com\/profile.php?id=100088407094989&locale=fr_FR","article_published_time":"2025-05-16T21:53:44+00:00","article_modified_time":"2025-05-16T21:53:45+00:00","og_image":[{"width":1600,"height":1067,"url":"https:\/\/elmawkie.dz\/fr\/wp-content\/uploads\/2025\/05\/IMG_5331.jpeg","type":"image\/jpeg"}],"author":"R\u00e9daction","twitter_card":"summary_large_image","twitter_misc":{"Written by":"R\u00e9daction","Est. reading time":"4 minutes"},"schema":{"@context":"https:\/\/schema.org","@graph":[{"@type":"Article","@id":"https:\/\/elmawkie.dz\/fr\/m-arkab-expose-en-italie-les-principaux-axes-de-la-strategie-energetique-nationale\/#article","isPartOf":{"@id":"https:\/\/elmawkie.dz\/fr\/m-arkab-expose-en-italie-les-principaux-axes-de-la-strategie-energetique-nationale\/"},"author":{"name":"R\u00e9daction","@id":"https:\/\/elmawkie.dz\/fr\/#\/schema\/person\/e7bd59d6467874ba5c4723d8a9f0a63c"},"headline":"M. Arkab expose en Italie les principaux axes de la strat\u00e9gie \u00e9nerg\u00e9tique nationale","datePublished":"2025-05-16T21:53:44+00:00","dateModified":"2025-05-16T21:53:45+00:00","mainEntityOfPage":{"@id":"https:\/\/elmawkie.dz\/fr\/m-arkab-expose-en-italie-les-principaux-axes-de-la-strategie-energetique-nationale\/"},"wordCount":876,"commentCount":0,"publisher":{"@id":"https:\/\/elmawkie.dz\/fr\/#organization"},"image":{"@id":"https:\/\/elmawkie.dz\/fr\/m-arkab-expose-en-italie-les-principaux-axes-de-la-strategie-energetique-nationale\/#primaryimage"},"thumbnailUrl":"https:\/\/elmawkie.dz\/fr\/wp-content\/uploads\/2025\/05\/IMG_5331.jpeg","keywords":["Italie","\u200fM.Arkab","Strat\u00e9gie \u00e9nerg\u00e9tique"],"articleSection":["Energie","National"],"inLanguage":"fr-FR","potentialAction":[{"@type":"CommentAction","name":"Comment","target":["https:\/\/elmawkie.dz\/fr\/m-arkab-expose-en-italie-les-principaux-axes-de-la-strategie-energetique-nationale\/#respond"]}]},{"@type":"WebPage","@id":"https:\/\/elmawkie.dz\/fr\/m-arkab-expose-en-italie-les-principaux-axes-de-la-strategie-energetique-nationale\/","url":"https:\/\/elmawkie.dz\/fr\/m-arkab-expose-en-italie-les-principaux-axes-de-la-strategie-energetique-nationale\/","name":"M. Arkab expose en Italie les principaux axes de la strat\u00e9gie \u00e9nerg\u00e9tique nationale - El Mawkie","isPartOf":{"@id":"https:\/\/elmawkie.dz\/fr\/#website"},"primaryImageOfPage":{"@id":"https:\/\/elmawkie.dz\/fr\/m-arkab-expose-en-italie-les-principaux-axes-de-la-strategie-energetique-nationale\/#primaryimage"},"image":{"@id":"https:\/\/elmawkie.dz\/fr\/m-arkab-expose-en-italie-les-principaux-axes-de-la-strategie-energetique-nationale\/#primaryimage"},"thumbnailUrl":"https:\/\/elmawkie.dz\/fr\/wp-content\/uploads\/2025\/05\/IMG_5331.jpeg","datePublished":"2025-05-16T21:53:44+00:00","dateModified":"2025-05-16T21:53:45+00:00","breadcrumb":{"@id":"https:\/\/elmawkie.dz\/fr\/m-arkab-expose-en-italie-les-principaux-axes-de-la-strategie-energetique-nationale\/#breadcrumb"},"inLanguage":"fr-FR","potentialAction":[{"@type":"ReadAction","target":["https:\/\/elmawkie.dz\/fr\/m-arkab-expose-en-italie-les-principaux-axes-de-la-strategie-energetique-nationale\/"]}]},{"@type":"ImageObject","inLanguage":"fr-FR","@id":"https:\/\/elmawkie.dz\/fr\/m-arkab-expose-en-italie-les-principaux-axes-de-la-strategie-energetique-nationale\/#primaryimage","url":"https:\/\/elmawkie.dz\/fr\/wp-content\/uploads\/2025\/05\/IMG_5331.jpeg","contentUrl":"https:\/\/elmawkie.dz\/fr\/wp-content\/uploads\/2025\/05\/IMG_5331.jpeg","width":1600,"height":1067},{"@type":"BreadcrumbList","@id":"https:\/\/elmawkie.dz\/fr\/m-arkab-expose-en-italie-les-principaux-axes-de-la-strategie-energetique-nationale\/#breadcrumb","itemListElement":[{"@type":"ListItem","position":1,"name":"Home","item":"https:\/\/elmawkie.dz\/fr\/"},{"@type":"ListItem","position":2,"name":"M. Arkab expose en Italie les principaux axes de la strat\u00e9gie \u00e9nerg\u00e9tique nationale"}]},{"@type":"WebSite","@id":"https:\/\/elmawkie.dz\/fr\/#website","url":"https:\/\/elmawkie.dz\/fr\/","name":"EL MAWKIE","description":"Journal \u00c9lectronique Alg\u00e9rien","publisher":{"@id":"https:\/\/elmawkie.dz\/fr\/#organization"},"potentialAction":[{"@type":"SearchAction","target":{"@type":"EntryPoint","urlTemplate":"https:\/\/elmawkie.dz\/fr\/?s={search_term_string}"},"query-input":"required name=search_term_string"}],"inLanguage":"fr-FR"},{"@type":"Organization","@id":"https:\/\/elmawkie.dz\/fr\/#organization","name":"EL MAWKIE","url":"https:\/\/elmawkie.dz\/fr\/","logo":{"@type":"ImageObject","inLanguage":"fr-FR","@id":"https:\/\/elmawkie.dz\/fr\/#\/schema\/logo\/image\/","url":"https:\/\/elmawkie.dz\/fr\/wp-content\/uploads\/2024\/05\/logo1.png","contentUrl":"https:\/\/elmawkie.dz\/fr\/wp-content\/uploads\/2024\/05\/logo1.png","width":1648,"height":652,"caption":"EL MAWKIE"},"image":{"@id":"https:\/\/elmawkie.dz\/fr\/#\/schema\/logo\/image\/"},"sameAs":["https:\/\/www.facebook.com\/profile.php?id=100088407094989&locale=fr_FR"]},{"@type":"Person","@id":"https:\/\/elmawkie.dz\/fr\/#\/schema\/person\/e7bd59d6467874ba5c4723d8a9f0a63c","name":"R\u00e9daction","image":{"@type":"ImageObject","inLanguage":"fr-FR","@id":"https:\/\/elmawkie.dz\/fr\/#\/schema\/person\/image\/","url":"https:\/\/secure.gravatar.com\/avatar\/f0f773456344da4d2788c054a3d30a0c?s=96&d=mm&r=g","contentUrl":"https:\/\/secure.gravatar.com\/avatar\/f0f773456344da4d2788c054a3d30a0c?s=96&d=mm&r=g","caption":"R\u00e9daction"},"url":"https:\/\/elmawkie.dz\/fr\/author\/redaction\/"}]}},"_links":{"self":[{"href":"https:\/\/elmawkie.dz\/fr\/wp-json\/wp\/v2\/posts\/51345","targetHints":{"allow":["GET"]}}],"collection":[{"href":"https:\/\/elmawkie.dz\/fr\/wp-json\/wp\/v2\/posts"}],"about":[{"href":"https:\/\/elmawkie.dz\/fr\/wp-json\/wp\/v2\/types\/post"}],"author":[{"embeddable":true,"href":"https:\/\/elmawkie.dz\/fr\/wp-json\/wp\/v2\/users\/9"}],"replies":[{"embeddable":true,"href":"https:\/\/elmawkie.dz\/fr\/wp-json\/wp\/v2\/comments?post=51345"}],"version-history":[{"count":1,"href":"https:\/\/elmawkie.dz\/fr\/wp-json\/wp\/v2\/posts\/51345\/revisions"}],"predecessor-version":[{"id":51348,"href":"https:\/\/elmawkie.dz\/fr\/wp-json\/wp\/v2\/posts\/51345\/revisions\/51348"}],"wp:featuredmedia":[{"embeddable":true,"href":"https:\/\/elmawkie.dz\/fr\/wp-json\/wp\/v2\/media\/51347"}],"wp:attachment":[{"href":"https:\/\/elmawkie.dz\/fr\/wp-json\/wp\/v2\/media?parent=51345"}],"wp:term":[{"taxonomy":"category","embeddable":true,"href":"https:\/\/elmawkie.dz\/fr\/wp-json\/wp\/v2\/categories?post=51345"},{"taxonomy":"post_tag","embeddable":true,"href":"https:\/\/elmawkie.dz\/fr\/wp-json\/wp\/v2\/tags?post=51345"}],"curies":[{"name":"wp","href":"https:\/\/api.w.org\/{rel}","templated":true}]}}