{"id":51317,"date":"2025-05-15T18:15:28","date_gmt":"2025-05-15T17:15:28","guid":{"rendered":"https:\/\/elmawkie.dz\/fr\/?p=51317"},"modified":"2025-05-15T18:15:29","modified_gmt":"2025-05-15T17:15:29","slug":"commemoration-de-la-nakba-la-palestine-denonce-a-lonu-le-deshonneur-de-lhumanite","status":"publish","type":"post","link":"https:\/\/elmawkie.dz\/fr\/commemoration-de-la-nakba-la-palestine-denonce-a-lonu-le-deshonneur-de-lhumanite\/","title":{"rendered":"Comm\u00e9moration de la \u00ab\u00a0Nakba\u00a0\u00bb: la Palestine d\u00e9nonce \u00e0 l&rsquo;ONU le \u00ab\u00a0d\u00e9shonneur\u00a0\u00bb de l&rsquo;humanit\u00e9"},"content":{"rendered":"\n<p>Le monde doit mettre un terme \u00e0 l'\u00a0\u00bbinjustice historique\u00a0\u00bb de la Nakba et \u00e0 la trag\u00e9die en cours \u00e0 Ghaza, \u00ab\u00a0d\u00e9shonneur de l&rsquo;humanit\u00e9\u00a0\u00bb, a d\u00e9clar\u00e9 jeudi le pr\u00e9sident de l&rsquo;Etat de Palestine, Mahmoud Abbas, par la voix de l&rsquo;ambassadeur palestinien aux Nations unies, Riyadh Mansour, lors d&rsquo;une comm\u00e9moration de cet anniversaire. \u00ab\u00a0L&rsquo;Histoire est ind\u00e9l\u00e9bile et la justice n&rsquo;est pas limit\u00e9e dans le temps. Aujourd&rsquo;hui, nous nous tenons devant vous, non seulement pour comm\u00e9morer ce triste anniversaire, mais pour r\u00e9p\u00e9ter notre engagement \u00e0 ce que la Nakba ne soit pas le destin permanent et in\u00e9vitable de notre peuple\u00a0\u00bb, a soulign\u00e9 Mahmoud Abbas, dans un discours lu par Riyadh Mansour. Il a ajout\u00e9 que la guerre g\u00e9nocidaire men\u00e9e par l&rsquo;arm\u00e9e d&rsquo;occupation sioniste contre la bande de Ghaza depuis 19 mois est \u00ab\u00a0un simple prolongement des chapitres de la catastrophe de la Nakba qui se poursuit sans rel\u00e2che depuis 1948\u00a0\u00bb. \u00ab\u00a0Le temps est venu pour une action internationale r\u00e9elle et efficace pour mettre un terme \u00e0 cette injustice historique et \u00e0 la trag\u00e9die en cours qui est devenue un d\u00e9shonneur pour l&rsquo;humanit\u00e9\u00a0\u00bb, a-t-il poursuivi. L&rsquo;ONU comm\u00e9more officiellement l&rsquo;anniversaire de la Nakba depuis 2023, en vertu d&rsquo;une r\u00e9solution de l&rsquo;Assembl\u00e9e g\u00e9n\u00e9rale. La Nakba remonte \u00e0 77 ans en arri\u00e8re, ses r\u00e9percussions sur le peuple palestinien persistent jusqu&rsquo;\u00e0 aujourd&rsquo;hui, aliment\u00e9es par les desseins criminels de l&rsquo;occupation sioniste, qui m\u00e8ne une agression g\u00e9nocidaire dans la bande de Ghaza, tout en se livrant \u00e0 un nettoyage ethnique en Cisjordanie et \u00e0 Al-Qods occup\u00e9es, o\u00f9 elle pousse la population palestinienne \u00e0 quitter sa terre au profit de l&rsquo;extension des colonies sionistes.<\/p>\n","protected":false},"excerpt":{"rendered":"<p>Le monde doit mettre un terme \u00e0 l&rsquo;\u00a0\u00bbinjustice historique\u00a0\u00bb de la Nakba et \u00e0 la trag\u00e9die en cours \u00e0 Ghaza, \u00ab\u00a0d\u00e9shonneur de l&rsquo;humanit\u00e9\u00a0\u00bb, a d\u00e9clar\u00e9 jeudi le pr\u00e9sident de l&rsquo;Etat de Palestine, Mahmoud Abbas, par la voix de l&rsquo;ambassadeur palestinien aux Nations unies, Riyadh Mansour, lors d&rsquo;une comm\u00e9moration de cet anniversaire. \u00ab\u00a0L&rsquo;Histoire est ind\u00e9l\u00e9bile et &hellip;<\/p>\n","protected":false},"author":9,"featured_media":51319,"comment_status":"open","ping_status":"open","sticky":false,"template":"","format":"standard","meta":{"footnotes":""},"categories":[44],"tags":[616,72],"class_list":["post-51317","post","type-post","status-publish","format-standard","has-post-thumbnail","hentry","category-international","tag-lonu","tag-la-palestine"],"yoast_head":"<!-- This site is optimized with the Yoast SEO Premium plugin v22.6 (Yoast SEO v22.6) - https:\/\/yoast.com\/wordpress\/plugins\/seo\/ -->\n<title>Comm\u00e9moration de la &quot;Nakba&quot;: la Palestine d\u00e9nonce \u00e0 l&#039;ONU le &quot;d\u00e9shonneur&quot; de l&#039;humanit\u00e9 - El Mawkie<\/title>\n<meta name=\"robots\" content=\"index, follow, max-snippet:-1, max-image-preview:large, max-video-preview:-1\" \/>\n<link rel=\"canonical\" href=\"https:\/\/elmawkie.dz\/fr\/commemoration-de-la-nakba-la-palestine-denonce-a-lonu-le-deshonneur-de-lhumanite\/\" \/>\n<meta property=\"og:locale\" content=\"fr_FR\" \/>\n<meta property=\"og:type\" content=\"article\" \/>\n<meta property=\"og:title\" content=\"Comm\u00e9moration de la &quot;Nakba&quot;: la Palestine d\u00e9nonce \u00e0 l&#039;ONU le &quot;d\u00e9shonneur&quot; de l&#039;humanit\u00e9\" \/>\n<meta property=\"og:description\" content=\"Le monde doit mettre un terme \u00e0 l&#039;\u00a0\u00bbinjustice historique\u00a0\u00bb de la Nakba et \u00e0 la trag\u00e9die en cours \u00e0 Ghaza, \u00ab\u00a0d\u00e9shonneur de l&rsquo;humanit\u00e9\u00a0\u00bb, a d\u00e9clar\u00e9 jeudi le pr\u00e9sident de l&rsquo;Etat de Palestine, Mahmoud Abbas, par la voix de l&rsquo;ambassadeur palestinien aux Nations unies, Riyadh Mansour, lors d&rsquo;une comm\u00e9moration de cet anniversaire. \u00ab\u00a0L&rsquo;Histoire est ind\u00e9l\u00e9bile et &hellip;\" \/>\n<meta property=\"og:url\" content=\"https:\/\/elmawkie.dz\/fr\/commemoration-de-la-nakba-la-palestine-denonce-a-lonu-le-deshonneur-de-lhumanite\/\" \/>\n<meta property=\"og:site_name\" content=\"El Mawkie\" \/>\n<meta property=\"article:publisher\" content=\"https:\/\/www.facebook.com\/profile.php?id=100088407094989&amp;locale=fr_FR\" \/>\n<meta property=\"article:published_time\" content=\"2025-05-15T17:15:28+00:00\" \/>\n<meta property=\"article:modified_time\" content=\"2025-05-15T17:15:29+00:00\" \/>\n<meta property=\"og:image\" content=\"https:\/\/elmawkie.dz\/fr\/wp-content\/uploads\/2025\/05\/IMG_5287.jpeg\" \/>\n\t<meta property=\"og:image:width\" content=\"739\" \/>\n\t<meta property=\"og:image:height\" content=\"415\" \/>\n\t<meta property=\"og:image:type\" content=\"image\/jpeg\" \/>\n<meta name=\"author\" content=\"R\u00e9daction\" \/>\n<meta name=\"twitter:card\" content=\"summary_large_image\" \/>\n<meta name=\"twitter:label1\" content=\"Written by\" \/>\n\t<meta name=\"twitter:data1\" content=\"R\u00e9daction\" \/>\n\t<meta name=\"twitter:label2\" content=\"Est. reading time\" \/>\n\t<meta name=\"twitter:data2\" content=\"2 minutes\" \/>\n<script type=\"application\/ld+json\" class=\"yoast-schema-graph\">{\"@context\":\"https:\/\/schema.org\",\"@graph\":[{\"@type\":\"Article\",\"@id\":\"https:\/\/elmawkie.dz\/fr\/commemoration-de-la-nakba-la-palestine-denonce-a-lonu-le-deshonneur-de-lhumanite\/#article\",\"isPartOf\":{\"@id\":\"https:\/\/elmawkie.dz\/fr\/commemoration-de-la-nakba-la-palestine-denonce-a-lonu-le-deshonneur-de-lhumanite\/\"},\"author\":{\"name\":\"R\u00e9daction\",\"@id\":\"https:\/\/elmawkie.dz\/fr\/#\/schema\/person\/e7bd59d6467874ba5c4723d8a9f0a63c\"},\"headline\":\"Comm\u00e9moration de la \u00ab\u00a0Nakba\u00a0\u00bb: la Palestine d\u00e9nonce \u00e0 l&rsquo;ONU le \u00ab\u00a0d\u00e9shonneur\u00a0\u00bb de l&rsquo;humanit\u00e9\",\"datePublished\":\"2025-05-15T17:15:28+00:00\",\"dateModified\":\"2025-05-15T17:15:29+00:00\",\"mainEntityOfPage\":{\"@id\":\"https:\/\/elmawkie.dz\/fr\/commemoration-de-la-nakba-la-palestine-denonce-a-lonu-le-deshonneur-de-lhumanite\/\"},\"wordCount\":314,\"commentCount\":0,\"publisher\":{\"@id\":\"https:\/\/elmawkie.dz\/fr\/#organization\"},\"image\":{\"@id\":\"https:\/\/elmawkie.dz\/fr\/commemoration-de-la-nakba-la-palestine-denonce-a-lonu-le-deshonneur-de-lhumanite\/#primaryimage\"},\"thumbnailUrl\":\"https:\/\/elmawkie.dz\/fr\/wp-content\/uploads\/2025\/05\/IMG_5287.jpeg\",\"keywords\":[\"L\u2019ONU\",\"la Palestine\"],\"articleSection\":[\"International\"],\"inLanguage\":\"fr-FR\",\"potentialAction\":[{\"@type\":\"CommentAction\",\"name\":\"Comment\",\"target\":[\"https:\/\/elmawkie.dz\/fr\/commemoration-de-la-nakba-la-palestine-denonce-a-lonu-le-deshonneur-de-lhumanite\/#respond\"]}]},{\"@type\":\"WebPage\",\"@id\":\"https:\/\/elmawkie.dz\/fr\/commemoration-de-la-nakba-la-palestine-denonce-a-lonu-le-deshonneur-de-lhumanite\/\",\"url\":\"https:\/\/elmawkie.dz\/fr\/commemoration-de-la-nakba-la-palestine-denonce-a-lonu-le-deshonneur-de-lhumanite\/\",\"name\":\"Comm\u00e9moration de la \\\"Nakba\\\": la Palestine d\u00e9nonce \u00e0 l'ONU le \\\"d\u00e9shonneur\\\" de l'humanit\u00e9 - El Mawkie\",\"isPartOf\":{\"@id\":\"https:\/\/elmawkie.dz\/fr\/#website\"},\"primaryImageOfPage\":{\"@id\":\"https:\/\/elmawkie.dz\/fr\/commemoration-de-la-nakba-la-palestine-denonce-a-lonu-le-deshonneur-de-lhumanite\/#primaryimage\"},\"image\":{\"@id\":\"https:\/\/elmawkie.dz\/fr\/commemoration-de-la-nakba-la-palestine-denonce-a-lonu-le-deshonneur-de-lhumanite\/#primaryimage\"},\"thumbnailUrl\":\"https:\/\/elmawkie.dz\/fr\/wp-content\/uploads\/2025\/05\/IMG_5287.jpeg\",\"datePublished\":\"2025-05-15T17:15:28+00:00\",\"dateModified\":\"2025-05-15T17:15:29+00:00\",\"breadcrumb\":{\"@id\":\"https:\/\/elmawkie.dz\/fr\/commemoration-de-la-nakba-la-palestine-denonce-a-lonu-le-deshonneur-de-lhumanite\/#breadcrumb\"},\"inLanguage\":\"fr-FR\",\"potentialAction\":[{\"@type\":\"ReadAction\",\"target\":[\"https:\/\/elmawkie.dz\/fr\/commemoration-de-la-nakba-la-palestine-denonce-a-lonu-le-deshonneur-de-lhumanite\/\"]}]},{\"@type\":\"ImageObject\",\"inLanguage\":\"fr-FR\",\"@id\":\"https:\/\/elmawkie.dz\/fr\/commemoration-de-la-nakba-la-palestine-denonce-a-lonu-le-deshonneur-de-lhumanite\/#primaryimage\",\"url\":\"https:\/\/elmawkie.dz\/fr\/wp-content\/uploads\/2025\/05\/IMG_5287.jpeg\",\"contentUrl\":\"https:\/\/elmawkie.dz\/fr\/wp-content\/uploads\/2025\/05\/IMG_5287.jpeg\",\"width\":739,\"height\":415},{\"@type\":\"BreadcrumbList\",\"@id\":\"https:\/\/elmawkie.dz\/fr\/commemoration-de-la-nakba-la-palestine-denonce-a-lonu-le-deshonneur-de-lhumanite\/#breadcrumb\",\"itemListElement\":[{\"@type\":\"ListItem\",\"position\":1,\"name\":\"Home\",\"item\":\"https:\/\/elmawkie.dz\/fr\/\"},{\"@type\":\"ListItem\",\"position\":2,\"name\":\"Comm\u00e9moration de la \u00ab\u00a0Nakba\u00a0\u00bb: la Palestine d\u00e9nonce \u00e0 l&rsquo;ONU le \u00ab\u00a0d\u00e9shonneur\u00a0\u00bb de l&rsquo;humanit\u00e9\"}]},{\"@type\":\"WebSite\",\"@id\":\"https:\/\/elmawkie.dz\/fr\/#website\",\"url\":\"https:\/\/elmawkie.dz\/fr\/\",\"name\":\"EL MAWKIE\",\"description\":\"Journal \u00c9lectronique Alg\u00e9rien\",\"publisher\":{\"@id\":\"https:\/\/elmawkie.dz\/fr\/#organization\"},\"potentialAction\":[{\"@type\":\"SearchAction\",\"target\":{\"@type\":\"EntryPoint\",\"urlTemplate\":\"https:\/\/elmawkie.dz\/fr\/?s={search_term_string}\"},\"query-input\":\"required name=search_term_string\"}],\"inLanguage\":\"fr-FR\"},{\"@type\":\"Organization\",\"@id\":\"https:\/\/elmawkie.dz\/fr\/#organization\",\"name\":\"EL MAWKIE\",\"url\":\"https:\/\/elmawkie.dz\/fr\/\",\"logo\":{\"@type\":\"ImageObject\",\"inLanguage\":\"fr-FR\",\"@id\":\"https:\/\/elmawkie.dz\/fr\/#\/schema\/logo\/image\/\",\"url\":\"https:\/\/elmawkie.dz\/fr\/wp-content\/uploads\/2024\/05\/logo1.png\",\"contentUrl\":\"https:\/\/elmawkie.dz\/fr\/wp-content\/uploads\/2024\/05\/logo1.png\",\"width\":1648,\"height\":652,\"caption\":\"EL MAWKIE\"},\"image\":{\"@id\":\"https:\/\/elmawkie.dz\/fr\/#\/schema\/logo\/image\/\"},\"sameAs\":[\"https:\/\/www.facebook.com\/profile.php?id=100088407094989&locale=fr_FR\"]},{\"@type\":\"Person\",\"@id\":\"https:\/\/elmawkie.dz\/fr\/#\/schema\/person\/e7bd59d6467874ba5c4723d8a9f0a63c\",\"name\":\"R\u00e9daction\",\"image\":{\"@type\":\"ImageObject\",\"inLanguage\":\"fr-FR\",\"@id\":\"https:\/\/elmawkie.dz\/fr\/#\/schema\/person\/image\/\",\"url\":\"https:\/\/secure.gravatar.com\/avatar\/f0f773456344da4d2788c054a3d30a0c?s=96&d=mm&r=g\",\"contentUrl\":\"https:\/\/secure.gravatar.com\/avatar\/f0f773456344da4d2788c054a3d30a0c?s=96&d=mm&r=g\",\"caption\":\"R\u00e9daction\"},\"url\":\"https:\/\/elmawkie.dz\/fr\/author\/redaction\/\"}]}<\/script>\n<!-- \/ Yoast SEO Premium plugin. -->","yoast_head_json":{"title":"Comm\u00e9moration de la \"Nakba\": la Palestine d\u00e9nonce \u00e0 l'ONU le \"d\u00e9shonneur\" de l'humanit\u00e9 - El Mawkie","robots":{"index":"index","follow":"follow","max-snippet":"max-snippet:-1","max-image-preview":"max-image-preview:large","max-video-preview":"max-video-preview:-1"},"canonical":"https:\/\/elmawkie.dz\/fr\/commemoration-de-la-nakba-la-palestine-denonce-a-lonu-le-deshonneur-de-lhumanite\/","og_locale":"fr_FR","og_type":"article","og_title":"Comm\u00e9moration de la \"Nakba\": la Palestine d\u00e9nonce \u00e0 l'ONU le \"d\u00e9shonneur\" de l'humanit\u00e9","og_description":"Le monde doit mettre un terme \u00e0 l'\u00a0\u00bbinjustice historique\u00a0\u00bb de la Nakba et \u00e0 la trag\u00e9die en cours \u00e0 Ghaza, \u00ab\u00a0d\u00e9shonneur de l&rsquo;humanit\u00e9\u00a0\u00bb, a d\u00e9clar\u00e9 jeudi le pr\u00e9sident de l&rsquo;Etat de Palestine, Mahmoud Abbas, par la voix de l&rsquo;ambassadeur palestinien aux Nations unies, Riyadh Mansour, lors d&rsquo;une comm\u00e9moration de cet anniversaire. \u00ab\u00a0L&rsquo;Histoire est ind\u00e9l\u00e9bile et &hellip;","og_url":"https:\/\/elmawkie.dz\/fr\/commemoration-de-la-nakba-la-palestine-denonce-a-lonu-le-deshonneur-de-lhumanite\/","og_site_name":"El Mawkie","article_publisher":"https:\/\/www.facebook.com\/profile.php?id=100088407094989&locale=fr_FR","article_published_time":"2025-05-15T17:15:28+00:00","article_modified_time":"2025-05-15T17:15:29+00:00","og_image":[{"width":739,"height":415,"url":"https:\/\/elmawkie.dz\/fr\/wp-content\/uploads\/2025\/05\/IMG_5287.jpeg","type":"image\/jpeg"}],"author":"R\u00e9daction","twitter_card":"summary_large_image","twitter_misc":{"Written by":"R\u00e9daction","Est. reading time":"2 minutes"},"schema":{"@context":"https:\/\/schema.org","@graph":[{"@type":"Article","@id":"https:\/\/elmawkie.dz\/fr\/commemoration-de-la-nakba-la-palestine-denonce-a-lonu-le-deshonneur-de-lhumanite\/#article","isPartOf":{"@id":"https:\/\/elmawkie.dz\/fr\/commemoration-de-la-nakba-la-palestine-denonce-a-lonu-le-deshonneur-de-lhumanite\/"},"author":{"name":"R\u00e9daction","@id":"https:\/\/elmawkie.dz\/fr\/#\/schema\/person\/e7bd59d6467874ba5c4723d8a9f0a63c"},"headline":"Comm\u00e9moration de la \u00ab\u00a0Nakba\u00a0\u00bb: la Palestine d\u00e9nonce \u00e0 l&rsquo;ONU le \u00ab\u00a0d\u00e9shonneur\u00a0\u00bb de l&rsquo;humanit\u00e9","datePublished":"2025-05-15T17:15:28+00:00","dateModified":"2025-05-15T17:15:29+00:00","mainEntityOfPage":{"@id":"https:\/\/elmawkie.dz\/fr\/commemoration-de-la-nakba-la-palestine-denonce-a-lonu-le-deshonneur-de-lhumanite\/"},"wordCount":314,"commentCount":0,"publisher":{"@id":"https:\/\/elmawkie.dz\/fr\/#organization"},"image":{"@id":"https:\/\/elmawkie.dz\/fr\/commemoration-de-la-nakba-la-palestine-denonce-a-lonu-le-deshonneur-de-lhumanite\/#primaryimage"},"thumbnailUrl":"https:\/\/elmawkie.dz\/fr\/wp-content\/uploads\/2025\/05\/IMG_5287.jpeg","keywords":["L\u2019ONU","la Palestine"],"articleSection":["International"],"inLanguage":"fr-FR","potentialAction":[{"@type":"CommentAction","name":"Comment","target":["https:\/\/elmawkie.dz\/fr\/commemoration-de-la-nakba-la-palestine-denonce-a-lonu-le-deshonneur-de-lhumanite\/#respond"]}]},{"@type":"WebPage","@id":"https:\/\/elmawkie.dz\/fr\/commemoration-de-la-nakba-la-palestine-denonce-a-lonu-le-deshonneur-de-lhumanite\/","url":"https:\/\/elmawkie.dz\/fr\/commemoration-de-la-nakba-la-palestine-denonce-a-lonu-le-deshonneur-de-lhumanite\/","name":"Comm\u00e9moration de la \"Nakba\": la Palestine d\u00e9nonce \u00e0 l'ONU le \"d\u00e9shonneur\" de l'humanit\u00e9 - El Mawkie","isPartOf":{"@id":"https:\/\/elmawkie.dz\/fr\/#website"},"primaryImageOfPage":{"@id":"https:\/\/elmawkie.dz\/fr\/commemoration-de-la-nakba-la-palestine-denonce-a-lonu-le-deshonneur-de-lhumanite\/#primaryimage"},"image":{"@id":"https:\/\/elmawkie.dz\/fr\/commemoration-de-la-nakba-la-palestine-denonce-a-lonu-le-deshonneur-de-lhumanite\/#primaryimage"},"thumbnailUrl":"https:\/\/elmawkie.dz\/fr\/wp-content\/uploads\/2025\/05\/IMG_5287.jpeg","datePublished":"2025-05-15T17:15:28+00:00","dateModified":"2025-05-15T17:15:29+00:00","breadcrumb":{"@id":"https:\/\/elmawkie.dz\/fr\/commemoration-de-la-nakba-la-palestine-denonce-a-lonu-le-deshonneur-de-lhumanite\/#breadcrumb"},"inLanguage":"fr-FR","potentialAction":[{"@type":"ReadAction","target":["https:\/\/elmawkie.dz\/fr\/commemoration-de-la-nakba-la-palestine-denonce-a-lonu-le-deshonneur-de-lhumanite\/"]}]},{"@type":"ImageObject","inLanguage":"fr-FR","@id":"https:\/\/elmawkie.dz\/fr\/commemoration-de-la-nakba-la-palestine-denonce-a-lonu-le-deshonneur-de-lhumanite\/#primaryimage","url":"https:\/\/elmawkie.dz\/fr\/wp-content\/uploads\/2025\/05\/IMG_5287.jpeg","contentUrl":"https:\/\/elmawkie.dz\/fr\/wp-content\/uploads\/2025\/05\/IMG_5287.jpeg","width":739,"height":415},{"@type":"BreadcrumbList","@id":"https:\/\/elmawkie.dz\/fr\/commemoration-de-la-nakba-la-palestine-denonce-a-lonu-le-deshonneur-de-lhumanite\/#breadcrumb","itemListElement":[{"@type":"ListItem","position":1,"name":"Home","item":"https:\/\/elmawkie.dz\/fr\/"},{"@type":"ListItem","position":2,"name":"Comm\u00e9moration de la \u00ab\u00a0Nakba\u00a0\u00bb: la Palestine d\u00e9nonce \u00e0 l&rsquo;ONU le \u00ab\u00a0d\u00e9shonneur\u00a0\u00bb de l&rsquo;humanit\u00e9"}]},{"@type":"WebSite","@id":"https:\/\/elmawkie.dz\/fr\/#website","url":"https:\/\/elmawkie.dz\/fr\/","name":"EL MAWKIE","description":"Journal \u00c9lectronique Alg\u00e9rien","publisher":{"@id":"https:\/\/elmawkie.dz\/fr\/#organization"},"potentialAction":[{"@type":"SearchAction","target":{"@type":"EntryPoint","urlTemplate":"https:\/\/elmawkie.dz\/fr\/?s={search_term_string}"},"query-input":"required name=search_term_string"}],"inLanguage":"fr-FR"},{"@type":"Organization","@id":"https:\/\/elmawkie.dz\/fr\/#organization","name":"EL MAWKIE","url":"https:\/\/elmawkie.dz\/fr\/","logo":{"@type":"ImageObject","inLanguage":"fr-FR","@id":"https:\/\/elmawkie.dz\/fr\/#\/schema\/logo\/image\/","url":"https:\/\/elmawkie.dz\/fr\/wp-content\/uploads\/2024\/05\/logo1.png","contentUrl":"https:\/\/elmawkie.dz\/fr\/wp-content\/uploads\/2024\/05\/logo1.png","width":1648,"height":652,"caption":"EL MAWKIE"},"image":{"@id":"https:\/\/elmawkie.dz\/fr\/#\/schema\/logo\/image\/"},"sameAs":["https:\/\/www.facebook.com\/profile.php?id=100088407094989&locale=fr_FR"]},{"@type":"Person","@id":"https:\/\/elmawkie.dz\/fr\/#\/schema\/person\/e7bd59d6467874ba5c4723d8a9f0a63c","name":"R\u00e9daction","image":{"@type":"ImageObject","inLanguage":"fr-FR","@id":"https:\/\/elmawkie.dz\/fr\/#\/schema\/person\/image\/","url":"https:\/\/secure.gravatar.com\/avatar\/f0f773456344da4d2788c054a3d30a0c?s=96&d=mm&r=g","contentUrl":"https:\/\/secure.gravatar.com\/avatar\/f0f773456344da4d2788c054a3d30a0c?s=96&d=mm&r=g","caption":"R\u00e9daction"},"url":"https:\/\/elmawkie.dz\/fr\/author\/redaction\/"}]}},"_links":{"self":[{"href":"https:\/\/elmawkie.dz\/fr\/wp-json\/wp\/v2\/posts\/51317","targetHints":{"allow":["GET"]}}],"collection":[{"href":"https:\/\/elmawkie.dz\/fr\/wp-json\/wp\/v2\/posts"}],"about":[{"href":"https:\/\/elmawkie.dz\/fr\/wp-json\/wp\/v2\/types\/post"}],"author":[{"embeddable":true,"href":"https:\/\/elmawkie.dz\/fr\/wp-json\/wp\/v2\/users\/9"}],"replies":[{"embeddable":true,"href":"https:\/\/elmawkie.dz\/fr\/wp-json\/wp\/v2\/comments?post=51317"}],"version-history":[{"count":1,"href":"https:\/\/elmawkie.dz\/fr\/wp-json\/wp\/v2\/posts\/51317\/revisions"}],"predecessor-version":[{"id":51320,"href":"https:\/\/elmawkie.dz\/fr\/wp-json\/wp\/v2\/posts\/51317\/revisions\/51320"}],"wp:featuredmedia":[{"embeddable":true,"href":"https:\/\/elmawkie.dz\/fr\/wp-json\/wp\/v2\/media\/51319"}],"wp:attachment":[{"href":"https:\/\/elmawkie.dz\/fr\/wp-json\/wp\/v2\/media?parent=51317"}],"wp:term":[{"taxonomy":"category","embeddable":true,"href":"https:\/\/elmawkie.dz\/fr\/wp-json\/wp\/v2\/categories?post=51317"},{"taxonomy":"post_tag","embeddable":true,"href":"https:\/\/elmawkie.dz\/fr\/wp-json\/wp\/v2\/tags?post=51317"}],"curies":[{"name":"wp","href":"https:\/\/api.w.org\/{rel}","templated":true}]}}