{"id":51313,"date":"2025-05-15T18:11:45","date_gmt":"2025-05-15T17:11:45","guid":{"rendered":"https:\/\/elmawkie.dz\/fr\/?p=51313"},"modified":"2025-05-15T18:11:45","modified_gmt":"2025-05-15T17:11:45","slug":"lonilev-reaffirme-son-soutien-aux-producteurs-de-pomme-de-terre","status":"publish","type":"post","link":"https:\/\/elmawkie.dz\/fr\/lonilev-reaffirme-son-soutien-aux-producteurs-de-pomme-de-terre\/","title":{"rendered":"L\u2019ONILEV r\u00e9affirme son soutien aux producteurs de pomme de terre"},"content":{"rendered":"\n<p>Le directeur g\u00e9n\u00e9ral de l\u2019Office national interprofessionnel des l\u00e9gumes et viandes (ONILEV), Haroumi Redouane, a rassur\u00e9, jeudi, les agriculteurs et les producteurs de la pomme de terre sur la prise en charge de leurs pr\u00e9occupations afin de booster et de promouvoir davantage cette fili\u00e8re. S\u2019exprimant lors d\u2019une rencontre r\u00e9gionale organis\u00e9e \u00e0 Bouira avec la participation de sept wilayas (Bouira, S\u00e9tif, Alger, Bordj Bou Arr\u00e9ridj, Tizi Ouzou, M\u00e9d\u00e9a et Boumerd\u00e8s), le directeur g\u00e9n\u00e9ral de l\u2019ONILEV a r\u00e9affirm\u00e9 l\u2019engagement de son organisme \u00e0 \u0153uvrer pour la prise en charge des pr\u00e9occupations soulev\u00e9es par les agriculteurs et les producteurs de la pomme de terre. \u00ab\u00a0Cette rencontre a pour objectif de s\u2019approcher davantage des fellahs et producteurs de la pomme de terre afin de prendre en charge leurs pr\u00e9occupations, ainsi que de r\u00e9ussir le programme de r\u00e9gulation de la production et de stockage de ce produit de large consommation\u00a0\u00bb, a d\u00e9clar\u00e9 M. Haroumi lors de cette rencontre organis\u00e9e par la direction des services agricoles de la wilaya en collaboration avec la chambre locale de l\u2019Agriculture. Dans une d\u00e9claration \u00e0 la presse, le DG de l\u2019ONILEV a tenu \u00e0 rassurer les producteurs de la pomme de terre quant \u00e0 la prise en charge de leurs dol\u00e9ances, qui, a-t-il dit, \u00ab\u00a0seront examin\u00e9es au niveau de la direction de l\u2019ONILEV\u00a0\u00bb, certaines, \u00ab\u00a0seront transmises au minist\u00e8re de l\u2019Agriculture et du D\u00e9veloppement rural\u00a0\u00bb, a-t-il ajout\u00e9. Des producteurs de pomme de terre ont soulev\u00e9, lors de la rencontre, des pr\u00e9occupations inh\u00e9rentes au prix de la vente de leur production \u00e0 la Soci\u00e9t\u00e9 alg\u00e9rienne de r\u00e9gulation des produits agricoles (SAPRA) qu&rsquo;ils disent vouloir sa r\u00e9vision \u00e0 la hausse, et aussi le probl\u00e8me de stockage. Dans le cadre du programme de r\u00e9gulation de la production de la pomme de terre saisonni\u00e8re 2024-2025, la SARPA \u00ab\u00a0s\u2019approche des agriculteurs pour les aider et les soutenir\u00a0\u00bb, a lanc\u00e9 le directeur de cette soci\u00e9t\u00e9, Mohamed Rafroufi, pr\u00e9sent \u00e0 cette rencontre. A propos de la production de la pomme de terre \u00e0 Bouira, le DSA de la wilaya Zine Labidine Bendjabellah, a expliqu\u00e9 que la superficie consacr\u00e9e \u00e0 ce produit est de 860 hectares. \u00ab\u00a0Bouira dispose \u00e9galement d\u2019une capacit\u00e9 de stockage de plus de 8000 m2\u00a0\u00bb, a pr\u00e9cis\u00e9 M. Bendjabellah. Il a pr\u00e9cis\u00e9 en outre, que l\u2019objectif de cette rencontre r\u00e9gionale est d&rsquo;inciter et encourager les producteurs et agriculteurs \u00e0 adh\u00e9rer au programme de r\u00e9gulation pour la saison 2024-2025.<\/p>\n","protected":false},"excerpt":{"rendered":"<p>Le directeur g\u00e9n\u00e9ral de l\u2019Office national interprofessionnel des l\u00e9gumes et viandes (ONILEV), Haroumi Redouane, a rassur\u00e9, jeudi, les agriculteurs et les producteurs de la pomme de terre sur la prise en charge de leurs pr\u00e9occupations afin de booster et de promouvoir davantage cette fili\u00e8re. S\u2019exprimant lors d\u2019une rencontre r\u00e9gionale organis\u00e9e \u00e0 Bouira avec la participation &hellip;<\/p>\n","protected":false},"author":9,"featured_media":51315,"comment_status":"open","ping_status":"open","sticky":false,"template":"","format":"standard","meta":{"footnotes":""},"categories":[47],"tags":[3779,780,3780],"class_list":["post-51313","post","type-post","status-publish","format-standard","has-post-thumbnail","hentry","category-national","tag-lonilev","tag-pomme-de-terre","tag-producteurs"],"yoast_head":"<!-- This site is optimized with the Yoast SEO Premium plugin v22.6 (Yoast SEO v22.6) - https:\/\/yoast.com\/wordpress\/plugins\/seo\/ -->\n<title>L\u2019ONILEV r\u00e9affirme son soutien aux producteurs de pomme de terre - El Mawkie<\/title>\n<meta name=\"robots\" content=\"index, follow, max-snippet:-1, max-image-preview:large, max-video-preview:-1\" \/>\n<link rel=\"canonical\" href=\"https:\/\/elmawkie.dz\/fr\/lonilev-reaffirme-son-soutien-aux-producteurs-de-pomme-de-terre\/\" \/>\n<meta property=\"og:locale\" content=\"fr_FR\" \/>\n<meta property=\"og:type\" content=\"article\" \/>\n<meta property=\"og:title\" content=\"L\u2019ONILEV r\u00e9affirme son soutien aux producteurs de pomme de terre\" \/>\n<meta property=\"og:description\" content=\"Le directeur g\u00e9n\u00e9ral de l\u2019Office national interprofessionnel des l\u00e9gumes et viandes (ONILEV), Haroumi Redouane, a rassur\u00e9, jeudi, les agriculteurs et les producteurs de la pomme de terre sur la prise en charge de leurs pr\u00e9occupations afin de booster et de promouvoir davantage cette fili\u00e8re. S\u2019exprimant lors d\u2019une rencontre r\u00e9gionale organis\u00e9e \u00e0 Bouira avec la participation &hellip;\" \/>\n<meta property=\"og:url\" content=\"https:\/\/elmawkie.dz\/fr\/lonilev-reaffirme-son-soutien-aux-producteurs-de-pomme-de-terre\/\" \/>\n<meta property=\"og:site_name\" content=\"El Mawkie\" \/>\n<meta property=\"article:publisher\" content=\"https:\/\/www.facebook.com\/profile.php?id=100088407094989&amp;locale=fr_FR\" \/>\n<meta property=\"article:published_time\" content=\"2025-05-15T17:11:45+00:00\" \/>\n<meta property=\"og:image\" content=\"https:\/\/elmawkie.dz\/fr\/wp-content\/uploads\/2025\/05\/IMG_5286.jpeg\" \/>\n\t<meta property=\"og:image:width\" content=\"640\" \/>\n\t<meta property=\"og:image:height\" content=\"480\" \/>\n\t<meta property=\"og:image:type\" content=\"image\/jpeg\" \/>\n<meta name=\"author\" content=\"R\u00e9daction\" \/>\n<meta name=\"twitter:card\" content=\"summary_large_image\" \/>\n<meta name=\"twitter:label1\" content=\"Written by\" \/>\n\t<meta name=\"twitter:data1\" content=\"R\u00e9daction\" \/>\n\t<meta name=\"twitter:label2\" content=\"Est. reading time\" \/>\n\t<meta name=\"twitter:data2\" content=\"3 minutes\" \/>\n<script type=\"application\/ld+json\" class=\"yoast-schema-graph\">{\"@context\":\"https:\/\/schema.org\",\"@graph\":[{\"@type\":\"Article\",\"@id\":\"https:\/\/elmawkie.dz\/fr\/lonilev-reaffirme-son-soutien-aux-producteurs-de-pomme-de-terre\/#article\",\"isPartOf\":{\"@id\":\"https:\/\/elmawkie.dz\/fr\/lonilev-reaffirme-son-soutien-aux-producteurs-de-pomme-de-terre\/\"},\"author\":{\"name\":\"R\u00e9daction\",\"@id\":\"https:\/\/elmawkie.dz\/fr\/#\/schema\/person\/e7bd59d6467874ba5c4723d8a9f0a63c\"},\"headline\":\"L\u2019ONILEV r\u00e9affirme son soutien aux producteurs de pomme de terre\",\"datePublished\":\"2025-05-15T17:11:45+00:00\",\"dateModified\":\"2025-05-15T17:11:45+00:00\",\"mainEntityOfPage\":{\"@id\":\"https:\/\/elmawkie.dz\/fr\/lonilev-reaffirme-son-soutien-aux-producteurs-de-pomme-de-terre\/\"},\"wordCount\":450,\"commentCount\":0,\"publisher\":{\"@id\":\"https:\/\/elmawkie.dz\/fr\/#organization\"},\"image\":{\"@id\":\"https:\/\/elmawkie.dz\/fr\/lonilev-reaffirme-son-soutien-aux-producteurs-de-pomme-de-terre\/#primaryimage\"},\"thumbnailUrl\":\"https:\/\/elmawkie.dz\/fr\/wp-content\/uploads\/2025\/05\/IMG_5286.jpeg\",\"keywords\":[\"L\u2019ONILEV\",\"pomme de terre\",\"Producteurs\"],\"articleSection\":[\"National\"],\"inLanguage\":\"fr-FR\",\"potentialAction\":[{\"@type\":\"CommentAction\",\"name\":\"Comment\",\"target\":[\"https:\/\/elmawkie.dz\/fr\/lonilev-reaffirme-son-soutien-aux-producteurs-de-pomme-de-terre\/#respond\"]}]},{\"@type\":\"WebPage\",\"@id\":\"https:\/\/elmawkie.dz\/fr\/lonilev-reaffirme-son-soutien-aux-producteurs-de-pomme-de-terre\/\",\"url\":\"https:\/\/elmawkie.dz\/fr\/lonilev-reaffirme-son-soutien-aux-producteurs-de-pomme-de-terre\/\",\"name\":\"L\u2019ONILEV r\u00e9affirme son soutien aux producteurs de pomme de terre - El Mawkie\",\"isPartOf\":{\"@id\":\"https:\/\/elmawkie.dz\/fr\/#website\"},\"primaryImageOfPage\":{\"@id\":\"https:\/\/elmawkie.dz\/fr\/lonilev-reaffirme-son-soutien-aux-producteurs-de-pomme-de-terre\/#primaryimage\"},\"image\":{\"@id\":\"https:\/\/elmawkie.dz\/fr\/lonilev-reaffirme-son-soutien-aux-producteurs-de-pomme-de-terre\/#primaryimage\"},\"thumbnailUrl\":\"https:\/\/elmawkie.dz\/fr\/wp-content\/uploads\/2025\/05\/IMG_5286.jpeg\",\"datePublished\":\"2025-05-15T17:11:45+00:00\",\"dateModified\":\"2025-05-15T17:11:45+00:00\",\"breadcrumb\":{\"@id\":\"https:\/\/elmawkie.dz\/fr\/lonilev-reaffirme-son-soutien-aux-producteurs-de-pomme-de-terre\/#breadcrumb\"},\"inLanguage\":\"fr-FR\",\"potentialAction\":[{\"@type\":\"ReadAction\",\"target\":[\"https:\/\/elmawkie.dz\/fr\/lonilev-reaffirme-son-soutien-aux-producteurs-de-pomme-de-terre\/\"]}]},{\"@type\":\"ImageObject\",\"inLanguage\":\"fr-FR\",\"@id\":\"https:\/\/elmawkie.dz\/fr\/lonilev-reaffirme-son-soutien-aux-producteurs-de-pomme-de-terre\/#primaryimage\",\"url\":\"https:\/\/elmawkie.dz\/fr\/wp-content\/uploads\/2025\/05\/IMG_5286.jpeg\",\"contentUrl\":\"https:\/\/elmawkie.dz\/fr\/wp-content\/uploads\/2025\/05\/IMG_5286.jpeg\",\"width\":640,\"height\":480},{\"@type\":\"BreadcrumbList\",\"@id\":\"https:\/\/elmawkie.dz\/fr\/lonilev-reaffirme-son-soutien-aux-producteurs-de-pomme-de-terre\/#breadcrumb\",\"itemListElement\":[{\"@type\":\"ListItem\",\"position\":1,\"name\":\"Home\",\"item\":\"https:\/\/elmawkie.dz\/fr\/\"},{\"@type\":\"ListItem\",\"position\":2,\"name\":\"L\u2019ONILEV r\u00e9affirme son soutien aux producteurs de pomme de terre\"}]},{\"@type\":\"WebSite\",\"@id\":\"https:\/\/elmawkie.dz\/fr\/#website\",\"url\":\"https:\/\/elmawkie.dz\/fr\/\",\"name\":\"EL MAWKIE\",\"description\":\"Journal \u00c9lectronique Alg\u00e9rien\",\"publisher\":{\"@id\":\"https:\/\/elmawkie.dz\/fr\/#organization\"},\"potentialAction\":[{\"@type\":\"SearchAction\",\"target\":{\"@type\":\"EntryPoint\",\"urlTemplate\":\"https:\/\/elmawkie.dz\/fr\/?s={search_term_string}\"},\"query-input\":\"required name=search_term_string\"}],\"inLanguage\":\"fr-FR\"},{\"@type\":\"Organization\",\"@id\":\"https:\/\/elmawkie.dz\/fr\/#organization\",\"name\":\"EL MAWKIE\",\"url\":\"https:\/\/elmawkie.dz\/fr\/\",\"logo\":{\"@type\":\"ImageObject\",\"inLanguage\":\"fr-FR\",\"@id\":\"https:\/\/elmawkie.dz\/fr\/#\/schema\/logo\/image\/\",\"url\":\"https:\/\/elmawkie.dz\/fr\/wp-content\/uploads\/2024\/05\/logo1.png\",\"contentUrl\":\"https:\/\/elmawkie.dz\/fr\/wp-content\/uploads\/2024\/05\/logo1.png\",\"width\":1648,\"height\":652,\"caption\":\"EL MAWKIE\"},\"image\":{\"@id\":\"https:\/\/elmawkie.dz\/fr\/#\/schema\/logo\/image\/\"},\"sameAs\":[\"https:\/\/www.facebook.com\/profile.php?id=100088407094989&locale=fr_FR\"]},{\"@type\":\"Person\",\"@id\":\"https:\/\/elmawkie.dz\/fr\/#\/schema\/person\/e7bd59d6467874ba5c4723d8a9f0a63c\",\"name\":\"R\u00e9daction\",\"image\":{\"@type\":\"ImageObject\",\"inLanguage\":\"fr-FR\",\"@id\":\"https:\/\/elmawkie.dz\/fr\/#\/schema\/person\/image\/\",\"url\":\"https:\/\/secure.gravatar.com\/avatar\/f0f773456344da4d2788c054a3d30a0c?s=96&d=mm&r=g\",\"contentUrl\":\"https:\/\/secure.gravatar.com\/avatar\/f0f773456344da4d2788c054a3d30a0c?s=96&d=mm&r=g\",\"caption\":\"R\u00e9daction\"},\"url\":\"https:\/\/elmawkie.dz\/fr\/author\/redaction\/\"}]}<\/script>\n<!-- \/ Yoast SEO Premium plugin. -->","yoast_head_json":{"title":"L\u2019ONILEV r\u00e9affirme son soutien aux producteurs de pomme de terre - El Mawkie","robots":{"index":"index","follow":"follow","max-snippet":"max-snippet:-1","max-image-preview":"max-image-preview:large","max-video-preview":"max-video-preview:-1"},"canonical":"https:\/\/elmawkie.dz\/fr\/lonilev-reaffirme-son-soutien-aux-producteurs-de-pomme-de-terre\/","og_locale":"fr_FR","og_type":"article","og_title":"L\u2019ONILEV r\u00e9affirme son soutien aux producteurs de pomme de terre","og_description":"Le directeur g\u00e9n\u00e9ral de l\u2019Office national interprofessionnel des l\u00e9gumes et viandes (ONILEV), Haroumi Redouane, a rassur\u00e9, jeudi, les agriculteurs et les producteurs de la pomme de terre sur la prise en charge de leurs pr\u00e9occupations afin de booster et de promouvoir davantage cette fili\u00e8re. S\u2019exprimant lors d\u2019une rencontre r\u00e9gionale organis\u00e9e \u00e0 Bouira avec la participation &hellip;","og_url":"https:\/\/elmawkie.dz\/fr\/lonilev-reaffirme-son-soutien-aux-producteurs-de-pomme-de-terre\/","og_site_name":"El Mawkie","article_publisher":"https:\/\/www.facebook.com\/profile.php?id=100088407094989&locale=fr_FR","article_published_time":"2025-05-15T17:11:45+00:00","og_image":[{"width":640,"height":480,"url":"https:\/\/elmawkie.dz\/fr\/wp-content\/uploads\/2025\/05\/IMG_5286.jpeg","type":"image\/jpeg"}],"author":"R\u00e9daction","twitter_card":"summary_large_image","twitter_misc":{"Written by":"R\u00e9daction","Est. reading time":"3 minutes"},"schema":{"@context":"https:\/\/schema.org","@graph":[{"@type":"Article","@id":"https:\/\/elmawkie.dz\/fr\/lonilev-reaffirme-son-soutien-aux-producteurs-de-pomme-de-terre\/#article","isPartOf":{"@id":"https:\/\/elmawkie.dz\/fr\/lonilev-reaffirme-son-soutien-aux-producteurs-de-pomme-de-terre\/"},"author":{"name":"R\u00e9daction","@id":"https:\/\/elmawkie.dz\/fr\/#\/schema\/person\/e7bd59d6467874ba5c4723d8a9f0a63c"},"headline":"L\u2019ONILEV r\u00e9affirme son soutien aux producteurs de pomme de terre","datePublished":"2025-05-15T17:11:45+00:00","dateModified":"2025-05-15T17:11:45+00:00","mainEntityOfPage":{"@id":"https:\/\/elmawkie.dz\/fr\/lonilev-reaffirme-son-soutien-aux-producteurs-de-pomme-de-terre\/"},"wordCount":450,"commentCount":0,"publisher":{"@id":"https:\/\/elmawkie.dz\/fr\/#organization"},"image":{"@id":"https:\/\/elmawkie.dz\/fr\/lonilev-reaffirme-son-soutien-aux-producteurs-de-pomme-de-terre\/#primaryimage"},"thumbnailUrl":"https:\/\/elmawkie.dz\/fr\/wp-content\/uploads\/2025\/05\/IMG_5286.jpeg","keywords":["L\u2019ONILEV","pomme de terre","Producteurs"],"articleSection":["National"],"inLanguage":"fr-FR","potentialAction":[{"@type":"CommentAction","name":"Comment","target":["https:\/\/elmawkie.dz\/fr\/lonilev-reaffirme-son-soutien-aux-producteurs-de-pomme-de-terre\/#respond"]}]},{"@type":"WebPage","@id":"https:\/\/elmawkie.dz\/fr\/lonilev-reaffirme-son-soutien-aux-producteurs-de-pomme-de-terre\/","url":"https:\/\/elmawkie.dz\/fr\/lonilev-reaffirme-son-soutien-aux-producteurs-de-pomme-de-terre\/","name":"L\u2019ONILEV r\u00e9affirme son soutien aux producteurs de pomme de terre - El Mawkie","isPartOf":{"@id":"https:\/\/elmawkie.dz\/fr\/#website"},"primaryImageOfPage":{"@id":"https:\/\/elmawkie.dz\/fr\/lonilev-reaffirme-son-soutien-aux-producteurs-de-pomme-de-terre\/#primaryimage"},"image":{"@id":"https:\/\/elmawkie.dz\/fr\/lonilev-reaffirme-son-soutien-aux-producteurs-de-pomme-de-terre\/#primaryimage"},"thumbnailUrl":"https:\/\/elmawkie.dz\/fr\/wp-content\/uploads\/2025\/05\/IMG_5286.jpeg","datePublished":"2025-05-15T17:11:45+00:00","dateModified":"2025-05-15T17:11:45+00:00","breadcrumb":{"@id":"https:\/\/elmawkie.dz\/fr\/lonilev-reaffirme-son-soutien-aux-producteurs-de-pomme-de-terre\/#breadcrumb"},"inLanguage":"fr-FR","potentialAction":[{"@type":"ReadAction","target":["https:\/\/elmawkie.dz\/fr\/lonilev-reaffirme-son-soutien-aux-producteurs-de-pomme-de-terre\/"]}]},{"@type":"ImageObject","inLanguage":"fr-FR","@id":"https:\/\/elmawkie.dz\/fr\/lonilev-reaffirme-son-soutien-aux-producteurs-de-pomme-de-terre\/#primaryimage","url":"https:\/\/elmawkie.dz\/fr\/wp-content\/uploads\/2025\/05\/IMG_5286.jpeg","contentUrl":"https:\/\/elmawkie.dz\/fr\/wp-content\/uploads\/2025\/05\/IMG_5286.jpeg","width":640,"height":480},{"@type":"BreadcrumbList","@id":"https:\/\/elmawkie.dz\/fr\/lonilev-reaffirme-son-soutien-aux-producteurs-de-pomme-de-terre\/#breadcrumb","itemListElement":[{"@type":"ListItem","position":1,"name":"Home","item":"https:\/\/elmawkie.dz\/fr\/"},{"@type":"ListItem","position":2,"name":"L\u2019ONILEV r\u00e9affirme son soutien aux producteurs de pomme de terre"}]},{"@type":"WebSite","@id":"https:\/\/elmawkie.dz\/fr\/#website","url":"https:\/\/elmawkie.dz\/fr\/","name":"EL MAWKIE","description":"Journal \u00c9lectronique Alg\u00e9rien","publisher":{"@id":"https:\/\/elmawkie.dz\/fr\/#organization"},"potentialAction":[{"@type":"SearchAction","target":{"@type":"EntryPoint","urlTemplate":"https:\/\/elmawkie.dz\/fr\/?s={search_term_string}"},"query-input":"required name=search_term_string"}],"inLanguage":"fr-FR"},{"@type":"Organization","@id":"https:\/\/elmawkie.dz\/fr\/#organization","name":"EL MAWKIE","url":"https:\/\/elmawkie.dz\/fr\/","logo":{"@type":"ImageObject","inLanguage":"fr-FR","@id":"https:\/\/elmawkie.dz\/fr\/#\/schema\/logo\/image\/","url":"https:\/\/elmawkie.dz\/fr\/wp-content\/uploads\/2024\/05\/logo1.png","contentUrl":"https:\/\/elmawkie.dz\/fr\/wp-content\/uploads\/2024\/05\/logo1.png","width":1648,"height":652,"caption":"EL MAWKIE"},"image":{"@id":"https:\/\/elmawkie.dz\/fr\/#\/schema\/logo\/image\/"},"sameAs":["https:\/\/www.facebook.com\/profile.php?id=100088407094989&locale=fr_FR"]},{"@type":"Person","@id":"https:\/\/elmawkie.dz\/fr\/#\/schema\/person\/e7bd59d6467874ba5c4723d8a9f0a63c","name":"R\u00e9daction","image":{"@type":"ImageObject","inLanguage":"fr-FR","@id":"https:\/\/elmawkie.dz\/fr\/#\/schema\/person\/image\/","url":"https:\/\/secure.gravatar.com\/avatar\/f0f773456344da4d2788c054a3d30a0c?s=96&d=mm&r=g","contentUrl":"https:\/\/secure.gravatar.com\/avatar\/f0f773456344da4d2788c054a3d30a0c?s=96&d=mm&r=g","caption":"R\u00e9daction"},"url":"https:\/\/elmawkie.dz\/fr\/author\/redaction\/"}]}},"_links":{"self":[{"href":"https:\/\/elmawkie.dz\/fr\/wp-json\/wp\/v2\/posts\/51313","targetHints":{"allow":["GET"]}}],"collection":[{"href":"https:\/\/elmawkie.dz\/fr\/wp-json\/wp\/v2\/posts"}],"about":[{"href":"https:\/\/elmawkie.dz\/fr\/wp-json\/wp\/v2\/types\/post"}],"author":[{"embeddable":true,"href":"https:\/\/elmawkie.dz\/fr\/wp-json\/wp\/v2\/users\/9"}],"replies":[{"embeddable":true,"href":"https:\/\/elmawkie.dz\/fr\/wp-json\/wp\/v2\/comments?post=51313"}],"version-history":[{"count":1,"href":"https:\/\/elmawkie.dz\/fr\/wp-json\/wp\/v2\/posts\/51313\/revisions"}],"predecessor-version":[{"id":51316,"href":"https:\/\/elmawkie.dz\/fr\/wp-json\/wp\/v2\/posts\/51313\/revisions\/51316"}],"wp:featuredmedia":[{"embeddable":true,"href":"https:\/\/elmawkie.dz\/fr\/wp-json\/wp\/v2\/media\/51315"}],"wp:attachment":[{"href":"https:\/\/elmawkie.dz\/fr\/wp-json\/wp\/v2\/media?parent=51313"}],"wp:term":[{"taxonomy":"category","embeddable":true,"href":"https:\/\/elmawkie.dz\/fr\/wp-json\/wp\/v2\/categories?post=51313"},{"taxonomy":"post_tag","embeddable":true,"href":"https:\/\/elmawkie.dz\/fr\/wp-json\/wp\/v2\/tags?post=51313"}],"curies":[{"name":"wp","href":"https:\/\/api.w.org\/{rel}","templated":true}]}}