{"id":51091,"date":"2025-05-10T22:24:11","date_gmt":"2025-05-10T21:24:11","guid":{"rendered":"https:\/\/elmawkie.dz\/fr\/?p=51091"},"modified":"2025-05-10T22:24:11","modified_gmt":"2025-05-10T21:24:11","slug":"kherrata-commemore-les-massacres-du-8-mai-1945-en-presence-du-ministre-des-moudjahidine","status":"publish","type":"post","link":"https:\/\/elmawkie.dz\/fr\/kherrata-commemore-les-massacres-du-8-mai-1945-en-presence-du-ministre-des-moudjahidine\/","title":{"rendered":"Kherrata comm\u00e9more les massacres du 8 mai 1945 en pr\u00e9sence du ministre des Moudjahidine"},"content":{"rendered":"\n<p>Des centaines de personnes se sont rassembl\u00e9es samedi \u00e0 Kherrata (Bejaia) pour comm\u00e9morer le 80e anniversaire des massacres du 8 mai 1945, en pr\u00e9sence du ministre des moudjahidine et des ayants droit, Laid Rebiga, et d&rsquo;une quarantaine de parlementaires et \u00e9lus fran\u00e7ais. Au cours de ce rassemblement, une gerbe de fleurs a \u00e9t\u00e9 d\u00e9pos\u00e9e au pied de la st\u00e8le se trouvant \u00e0 hauteur du pont Hanouz o\u00f9 des centaines de personnes sont tomb\u00e9es en martyrs \u00e0 l&rsquo;\u00e9poque par les forces coloniales, soit mitraill\u00e9es soit jet\u00e9es vivantes dans les ravins des gorges de cha\u00e2bet El Akhira. La st\u00e8le qui symbolise les massacres, est une flamme en bronze au pied de laquelle sont jonch\u00e9s une vingtaine de cadavres de victimes, dans le m\u00eame m\u00e9tal. Apr\u00e8s le recueillement qui s&rsquo;en est suivi et la lev\u00e9e des couleurs nationales, des prises de paroles se sont succ\u00e9d\u00e9es pour rappeler les horreurs inflig\u00e9es aux victimes de ces massacres qui ont commenc\u00e9 le 9 mai 1945 \u00e0 Kherrata et ont dur\u00e9 plus de deux semaines.<\/p>\n","protected":false},"excerpt":{"rendered":"<p>Des centaines de personnes se sont rassembl\u00e9es samedi \u00e0 Kherrata (Bejaia) pour comm\u00e9morer le 80e anniversaire des massacres du 8 mai 1945, en pr\u00e9sence du ministre des moudjahidine et des ayants droit, Laid Rebiga, et d&rsquo;une quarantaine de parlementaires et \u00e9lus fran\u00e7ais. Au cours de ce rassemblement, une gerbe de fleurs a \u00e9t\u00e9 d\u00e9pos\u00e9e au &hellip;<\/p>\n","protected":false},"author":9,"featured_media":51093,"comment_status":"open","ping_status":"open","sticky":false,"template":"","format":"standard","meta":{"footnotes":""},"categories":[47],"tags":[3710,3676,3711],"class_list":["post-51091","post","type-post","status-publish","format-standard","has-post-thumbnail","hentry","category-national","tag-kherrata","tag-le-ministre-des-moudjahidines","tag-les-massacres-du-8-mais-1945"],"yoast_head":"<!-- This site is optimized with the Yoast SEO Premium plugin v22.6 (Yoast SEO v22.6) - https:\/\/yoast.com\/wordpress\/plugins\/seo\/ -->\n<title>Kherrata comm\u00e9more les massacres du 8 mai 1945 en pr\u00e9sence du ministre des Moudjahidine - El Mawkie<\/title>\n<meta name=\"robots\" content=\"index, follow, max-snippet:-1, max-image-preview:large, max-video-preview:-1\" \/>\n<link rel=\"canonical\" href=\"https:\/\/elmawkie.dz\/fr\/kherrata-commemore-les-massacres-du-8-mai-1945-en-presence-du-ministre-des-moudjahidine\/\" \/>\n<meta property=\"og:locale\" content=\"fr_FR\" \/>\n<meta property=\"og:type\" content=\"article\" \/>\n<meta property=\"og:title\" content=\"Kherrata comm\u00e9more les massacres du 8 mai 1945 en pr\u00e9sence du ministre des Moudjahidine\" \/>\n<meta property=\"og:description\" content=\"Des centaines de personnes se sont rassembl\u00e9es samedi \u00e0 Kherrata (Bejaia) pour comm\u00e9morer le 80e anniversaire des massacres du 8 mai 1945, en pr\u00e9sence du ministre des moudjahidine et des ayants droit, Laid Rebiga, et d&rsquo;une quarantaine de parlementaires et \u00e9lus fran\u00e7ais. Au cours de ce rassemblement, une gerbe de fleurs a \u00e9t\u00e9 d\u00e9pos\u00e9e au &hellip;\" \/>\n<meta property=\"og:url\" content=\"https:\/\/elmawkie.dz\/fr\/kherrata-commemore-les-massacres-du-8-mai-1945-en-presence-du-ministre-des-moudjahidine\/\" \/>\n<meta property=\"og:site_name\" content=\"El Mawkie\" \/>\n<meta property=\"article:publisher\" content=\"https:\/\/www.facebook.com\/profile.php?id=100088407094989&amp;locale=fr_FR\" \/>\n<meta property=\"article:published_time\" content=\"2025-05-10T21:24:11+00:00\" \/>\n<meta property=\"og:image\" content=\"https:\/\/elmawkie.dz\/fr\/wp-content\/uploads\/2025\/05\/IMG_4899.jpeg\" \/>\n\t<meta property=\"og:image:width\" content=\"960\" \/>\n\t<meta property=\"og:image:height\" content=\"720\" \/>\n\t<meta property=\"og:image:type\" content=\"image\/jpeg\" \/>\n<meta name=\"author\" content=\"R\u00e9daction\" \/>\n<meta name=\"twitter:card\" content=\"summary_large_image\" \/>\n<meta name=\"twitter:label1\" content=\"Written by\" \/>\n\t<meta name=\"twitter:data1\" content=\"R\u00e9daction\" \/>\n\t<meta name=\"twitter:label2\" content=\"Est. reading time\" \/>\n\t<meta name=\"twitter:data2\" content=\"2 minutes\" \/>\n<script type=\"application\/ld+json\" class=\"yoast-schema-graph\">{\"@context\":\"https:\/\/schema.org\",\"@graph\":[{\"@type\":\"Article\",\"@id\":\"https:\/\/elmawkie.dz\/fr\/kherrata-commemore-les-massacres-du-8-mai-1945-en-presence-du-ministre-des-moudjahidine\/#article\",\"isPartOf\":{\"@id\":\"https:\/\/elmawkie.dz\/fr\/kherrata-commemore-les-massacres-du-8-mai-1945-en-presence-du-ministre-des-moudjahidine\/\"},\"author\":{\"name\":\"R\u00e9daction\",\"@id\":\"https:\/\/elmawkie.dz\/fr\/#\/schema\/person\/e7bd59d6467874ba5c4723d8a9f0a63c\"},\"headline\":\"Kherrata comm\u00e9more les massacres du 8 mai 1945 en pr\u00e9sence du ministre des Moudjahidine\",\"datePublished\":\"2025-05-10T21:24:11+00:00\",\"dateModified\":\"2025-05-10T21:24:11+00:00\",\"mainEntityOfPage\":{\"@id\":\"https:\/\/elmawkie.dz\/fr\/kherrata-commemore-les-massacres-du-8-mai-1945-en-presence-du-ministre-des-moudjahidine\/\"},\"wordCount\":197,\"commentCount\":0,\"publisher\":{\"@id\":\"https:\/\/elmawkie.dz\/fr\/#organization\"},\"image\":{\"@id\":\"https:\/\/elmawkie.dz\/fr\/kherrata-commemore-les-massacres-du-8-mai-1945-en-presence-du-ministre-des-moudjahidine\/#primaryimage\"},\"thumbnailUrl\":\"https:\/\/elmawkie.dz\/fr\/wp-content\/uploads\/2025\/05\/IMG_4899.jpeg\",\"keywords\":[\"Kherrata\",\"Le ministre des moudjahidines\",\"Les massacres du 8 mais 1945\"],\"articleSection\":[\"National\"],\"inLanguage\":\"fr-FR\",\"potentialAction\":[{\"@type\":\"CommentAction\",\"name\":\"Comment\",\"target\":[\"https:\/\/elmawkie.dz\/fr\/kherrata-commemore-les-massacres-du-8-mai-1945-en-presence-du-ministre-des-moudjahidine\/#respond\"]}]},{\"@type\":\"WebPage\",\"@id\":\"https:\/\/elmawkie.dz\/fr\/kherrata-commemore-les-massacres-du-8-mai-1945-en-presence-du-ministre-des-moudjahidine\/\",\"url\":\"https:\/\/elmawkie.dz\/fr\/kherrata-commemore-les-massacres-du-8-mai-1945-en-presence-du-ministre-des-moudjahidine\/\",\"name\":\"Kherrata comm\u00e9more les massacres du 8 mai 1945 en pr\u00e9sence du ministre des Moudjahidine - El Mawkie\",\"isPartOf\":{\"@id\":\"https:\/\/elmawkie.dz\/fr\/#website\"},\"primaryImageOfPage\":{\"@id\":\"https:\/\/elmawkie.dz\/fr\/kherrata-commemore-les-massacres-du-8-mai-1945-en-presence-du-ministre-des-moudjahidine\/#primaryimage\"},\"image\":{\"@id\":\"https:\/\/elmawkie.dz\/fr\/kherrata-commemore-les-massacres-du-8-mai-1945-en-presence-du-ministre-des-moudjahidine\/#primaryimage\"},\"thumbnailUrl\":\"https:\/\/elmawkie.dz\/fr\/wp-content\/uploads\/2025\/05\/IMG_4899.jpeg\",\"datePublished\":\"2025-05-10T21:24:11+00:00\",\"dateModified\":\"2025-05-10T21:24:11+00:00\",\"breadcrumb\":{\"@id\":\"https:\/\/elmawkie.dz\/fr\/kherrata-commemore-les-massacres-du-8-mai-1945-en-presence-du-ministre-des-moudjahidine\/#breadcrumb\"},\"inLanguage\":\"fr-FR\",\"potentialAction\":[{\"@type\":\"ReadAction\",\"target\":[\"https:\/\/elmawkie.dz\/fr\/kherrata-commemore-les-massacres-du-8-mai-1945-en-presence-du-ministre-des-moudjahidine\/\"]}]},{\"@type\":\"ImageObject\",\"inLanguage\":\"fr-FR\",\"@id\":\"https:\/\/elmawkie.dz\/fr\/kherrata-commemore-les-massacres-du-8-mai-1945-en-presence-du-ministre-des-moudjahidine\/#primaryimage\",\"url\":\"https:\/\/elmawkie.dz\/fr\/wp-content\/uploads\/2025\/05\/IMG_4899.jpeg\",\"contentUrl\":\"https:\/\/elmawkie.dz\/fr\/wp-content\/uploads\/2025\/05\/IMG_4899.jpeg\",\"width\":960,\"height\":720},{\"@type\":\"BreadcrumbList\",\"@id\":\"https:\/\/elmawkie.dz\/fr\/kherrata-commemore-les-massacres-du-8-mai-1945-en-presence-du-ministre-des-moudjahidine\/#breadcrumb\",\"itemListElement\":[{\"@type\":\"ListItem\",\"position\":1,\"name\":\"Home\",\"item\":\"https:\/\/elmawkie.dz\/fr\/\"},{\"@type\":\"ListItem\",\"position\":2,\"name\":\"Kherrata comm\u00e9more les massacres du 8 mai 1945 en pr\u00e9sence du ministre des Moudjahidine\"}]},{\"@type\":\"WebSite\",\"@id\":\"https:\/\/elmawkie.dz\/fr\/#website\",\"url\":\"https:\/\/elmawkie.dz\/fr\/\",\"name\":\"EL MAWKIE\",\"description\":\"Journal \u00c9lectronique Alg\u00e9rien\",\"publisher\":{\"@id\":\"https:\/\/elmawkie.dz\/fr\/#organization\"},\"potentialAction\":[{\"@type\":\"SearchAction\",\"target\":{\"@type\":\"EntryPoint\",\"urlTemplate\":\"https:\/\/elmawkie.dz\/fr\/?s={search_term_string}\"},\"query-input\":\"required name=search_term_string\"}],\"inLanguage\":\"fr-FR\"},{\"@type\":\"Organization\",\"@id\":\"https:\/\/elmawkie.dz\/fr\/#organization\",\"name\":\"EL MAWKIE\",\"url\":\"https:\/\/elmawkie.dz\/fr\/\",\"logo\":{\"@type\":\"ImageObject\",\"inLanguage\":\"fr-FR\",\"@id\":\"https:\/\/elmawkie.dz\/fr\/#\/schema\/logo\/image\/\",\"url\":\"https:\/\/elmawkie.dz\/fr\/wp-content\/uploads\/2024\/05\/logo1.png\",\"contentUrl\":\"https:\/\/elmawkie.dz\/fr\/wp-content\/uploads\/2024\/05\/logo1.png\",\"width\":1648,\"height\":652,\"caption\":\"EL MAWKIE\"},\"image\":{\"@id\":\"https:\/\/elmawkie.dz\/fr\/#\/schema\/logo\/image\/\"},\"sameAs\":[\"https:\/\/www.facebook.com\/profile.php?id=100088407094989&locale=fr_FR\"]},{\"@type\":\"Person\",\"@id\":\"https:\/\/elmawkie.dz\/fr\/#\/schema\/person\/e7bd59d6467874ba5c4723d8a9f0a63c\",\"name\":\"R\u00e9daction\",\"image\":{\"@type\":\"ImageObject\",\"inLanguage\":\"fr-FR\",\"@id\":\"https:\/\/elmawkie.dz\/fr\/#\/schema\/person\/image\/\",\"url\":\"https:\/\/secure.gravatar.com\/avatar\/f0f773456344da4d2788c054a3d30a0c?s=96&d=mm&r=g\",\"contentUrl\":\"https:\/\/secure.gravatar.com\/avatar\/f0f773456344da4d2788c054a3d30a0c?s=96&d=mm&r=g\",\"caption\":\"R\u00e9daction\"},\"url\":\"https:\/\/elmawkie.dz\/fr\/author\/redaction\/\"}]}<\/script>\n<!-- \/ Yoast SEO Premium plugin. -->","yoast_head_json":{"title":"Kherrata comm\u00e9more les massacres du 8 mai 1945 en pr\u00e9sence du ministre des Moudjahidine - El Mawkie","robots":{"index":"index","follow":"follow","max-snippet":"max-snippet:-1","max-image-preview":"max-image-preview:large","max-video-preview":"max-video-preview:-1"},"canonical":"https:\/\/elmawkie.dz\/fr\/kherrata-commemore-les-massacres-du-8-mai-1945-en-presence-du-ministre-des-moudjahidine\/","og_locale":"fr_FR","og_type":"article","og_title":"Kherrata comm\u00e9more les massacres du 8 mai 1945 en pr\u00e9sence du ministre des Moudjahidine","og_description":"Des centaines de personnes se sont rassembl\u00e9es samedi \u00e0 Kherrata (Bejaia) pour comm\u00e9morer le 80e anniversaire des massacres du 8 mai 1945, en pr\u00e9sence du ministre des moudjahidine et des ayants droit, Laid Rebiga, et d&rsquo;une quarantaine de parlementaires et \u00e9lus fran\u00e7ais. Au cours de ce rassemblement, une gerbe de fleurs a \u00e9t\u00e9 d\u00e9pos\u00e9e au &hellip;","og_url":"https:\/\/elmawkie.dz\/fr\/kherrata-commemore-les-massacres-du-8-mai-1945-en-presence-du-ministre-des-moudjahidine\/","og_site_name":"El Mawkie","article_publisher":"https:\/\/www.facebook.com\/profile.php?id=100088407094989&locale=fr_FR","article_published_time":"2025-05-10T21:24:11+00:00","og_image":[{"width":960,"height":720,"url":"https:\/\/elmawkie.dz\/fr\/wp-content\/uploads\/2025\/05\/IMG_4899.jpeg","type":"image\/jpeg"}],"author":"R\u00e9daction","twitter_card":"summary_large_image","twitter_misc":{"Written by":"R\u00e9daction","Est. reading time":"2 minutes"},"schema":{"@context":"https:\/\/schema.org","@graph":[{"@type":"Article","@id":"https:\/\/elmawkie.dz\/fr\/kherrata-commemore-les-massacres-du-8-mai-1945-en-presence-du-ministre-des-moudjahidine\/#article","isPartOf":{"@id":"https:\/\/elmawkie.dz\/fr\/kherrata-commemore-les-massacres-du-8-mai-1945-en-presence-du-ministre-des-moudjahidine\/"},"author":{"name":"R\u00e9daction","@id":"https:\/\/elmawkie.dz\/fr\/#\/schema\/person\/e7bd59d6467874ba5c4723d8a9f0a63c"},"headline":"Kherrata comm\u00e9more les massacres du 8 mai 1945 en pr\u00e9sence du ministre des Moudjahidine","datePublished":"2025-05-10T21:24:11+00:00","dateModified":"2025-05-10T21:24:11+00:00","mainEntityOfPage":{"@id":"https:\/\/elmawkie.dz\/fr\/kherrata-commemore-les-massacres-du-8-mai-1945-en-presence-du-ministre-des-moudjahidine\/"},"wordCount":197,"commentCount":0,"publisher":{"@id":"https:\/\/elmawkie.dz\/fr\/#organization"},"image":{"@id":"https:\/\/elmawkie.dz\/fr\/kherrata-commemore-les-massacres-du-8-mai-1945-en-presence-du-ministre-des-moudjahidine\/#primaryimage"},"thumbnailUrl":"https:\/\/elmawkie.dz\/fr\/wp-content\/uploads\/2025\/05\/IMG_4899.jpeg","keywords":["Kherrata","Le ministre des moudjahidines","Les massacres du 8 mais 1945"],"articleSection":["National"],"inLanguage":"fr-FR","potentialAction":[{"@type":"CommentAction","name":"Comment","target":["https:\/\/elmawkie.dz\/fr\/kherrata-commemore-les-massacres-du-8-mai-1945-en-presence-du-ministre-des-moudjahidine\/#respond"]}]},{"@type":"WebPage","@id":"https:\/\/elmawkie.dz\/fr\/kherrata-commemore-les-massacres-du-8-mai-1945-en-presence-du-ministre-des-moudjahidine\/","url":"https:\/\/elmawkie.dz\/fr\/kherrata-commemore-les-massacres-du-8-mai-1945-en-presence-du-ministre-des-moudjahidine\/","name":"Kherrata comm\u00e9more les massacres du 8 mai 1945 en pr\u00e9sence du ministre des Moudjahidine - El Mawkie","isPartOf":{"@id":"https:\/\/elmawkie.dz\/fr\/#website"},"primaryImageOfPage":{"@id":"https:\/\/elmawkie.dz\/fr\/kherrata-commemore-les-massacres-du-8-mai-1945-en-presence-du-ministre-des-moudjahidine\/#primaryimage"},"image":{"@id":"https:\/\/elmawkie.dz\/fr\/kherrata-commemore-les-massacres-du-8-mai-1945-en-presence-du-ministre-des-moudjahidine\/#primaryimage"},"thumbnailUrl":"https:\/\/elmawkie.dz\/fr\/wp-content\/uploads\/2025\/05\/IMG_4899.jpeg","datePublished":"2025-05-10T21:24:11+00:00","dateModified":"2025-05-10T21:24:11+00:00","breadcrumb":{"@id":"https:\/\/elmawkie.dz\/fr\/kherrata-commemore-les-massacres-du-8-mai-1945-en-presence-du-ministre-des-moudjahidine\/#breadcrumb"},"inLanguage":"fr-FR","potentialAction":[{"@type":"ReadAction","target":["https:\/\/elmawkie.dz\/fr\/kherrata-commemore-les-massacres-du-8-mai-1945-en-presence-du-ministre-des-moudjahidine\/"]}]},{"@type":"ImageObject","inLanguage":"fr-FR","@id":"https:\/\/elmawkie.dz\/fr\/kherrata-commemore-les-massacres-du-8-mai-1945-en-presence-du-ministre-des-moudjahidine\/#primaryimage","url":"https:\/\/elmawkie.dz\/fr\/wp-content\/uploads\/2025\/05\/IMG_4899.jpeg","contentUrl":"https:\/\/elmawkie.dz\/fr\/wp-content\/uploads\/2025\/05\/IMG_4899.jpeg","width":960,"height":720},{"@type":"BreadcrumbList","@id":"https:\/\/elmawkie.dz\/fr\/kherrata-commemore-les-massacres-du-8-mai-1945-en-presence-du-ministre-des-moudjahidine\/#breadcrumb","itemListElement":[{"@type":"ListItem","position":1,"name":"Home","item":"https:\/\/elmawkie.dz\/fr\/"},{"@type":"ListItem","position":2,"name":"Kherrata comm\u00e9more les massacres du 8 mai 1945 en pr\u00e9sence du ministre des Moudjahidine"}]},{"@type":"WebSite","@id":"https:\/\/elmawkie.dz\/fr\/#website","url":"https:\/\/elmawkie.dz\/fr\/","name":"EL MAWKIE","description":"Journal \u00c9lectronique Alg\u00e9rien","publisher":{"@id":"https:\/\/elmawkie.dz\/fr\/#organization"},"potentialAction":[{"@type":"SearchAction","target":{"@type":"EntryPoint","urlTemplate":"https:\/\/elmawkie.dz\/fr\/?s={search_term_string}"},"query-input":"required name=search_term_string"}],"inLanguage":"fr-FR"},{"@type":"Organization","@id":"https:\/\/elmawkie.dz\/fr\/#organization","name":"EL MAWKIE","url":"https:\/\/elmawkie.dz\/fr\/","logo":{"@type":"ImageObject","inLanguage":"fr-FR","@id":"https:\/\/elmawkie.dz\/fr\/#\/schema\/logo\/image\/","url":"https:\/\/elmawkie.dz\/fr\/wp-content\/uploads\/2024\/05\/logo1.png","contentUrl":"https:\/\/elmawkie.dz\/fr\/wp-content\/uploads\/2024\/05\/logo1.png","width":1648,"height":652,"caption":"EL MAWKIE"},"image":{"@id":"https:\/\/elmawkie.dz\/fr\/#\/schema\/logo\/image\/"},"sameAs":["https:\/\/www.facebook.com\/profile.php?id=100088407094989&locale=fr_FR"]},{"@type":"Person","@id":"https:\/\/elmawkie.dz\/fr\/#\/schema\/person\/e7bd59d6467874ba5c4723d8a9f0a63c","name":"R\u00e9daction","image":{"@type":"ImageObject","inLanguage":"fr-FR","@id":"https:\/\/elmawkie.dz\/fr\/#\/schema\/person\/image\/","url":"https:\/\/secure.gravatar.com\/avatar\/f0f773456344da4d2788c054a3d30a0c?s=96&d=mm&r=g","contentUrl":"https:\/\/secure.gravatar.com\/avatar\/f0f773456344da4d2788c054a3d30a0c?s=96&d=mm&r=g","caption":"R\u00e9daction"},"url":"https:\/\/elmawkie.dz\/fr\/author\/redaction\/"}]}},"_links":{"self":[{"href":"https:\/\/elmawkie.dz\/fr\/wp-json\/wp\/v2\/posts\/51091","targetHints":{"allow":["GET"]}}],"collection":[{"href":"https:\/\/elmawkie.dz\/fr\/wp-json\/wp\/v2\/posts"}],"about":[{"href":"https:\/\/elmawkie.dz\/fr\/wp-json\/wp\/v2\/types\/post"}],"author":[{"embeddable":true,"href":"https:\/\/elmawkie.dz\/fr\/wp-json\/wp\/v2\/users\/9"}],"replies":[{"embeddable":true,"href":"https:\/\/elmawkie.dz\/fr\/wp-json\/wp\/v2\/comments?post=51091"}],"version-history":[{"count":1,"href":"https:\/\/elmawkie.dz\/fr\/wp-json\/wp\/v2\/posts\/51091\/revisions"}],"predecessor-version":[{"id":51094,"href":"https:\/\/elmawkie.dz\/fr\/wp-json\/wp\/v2\/posts\/51091\/revisions\/51094"}],"wp:featuredmedia":[{"embeddable":true,"href":"https:\/\/elmawkie.dz\/fr\/wp-json\/wp\/v2\/media\/51093"}],"wp:attachment":[{"href":"https:\/\/elmawkie.dz\/fr\/wp-json\/wp\/v2\/media?parent=51091"}],"wp:term":[{"taxonomy":"category","embeddable":true,"href":"https:\/\/elmawkie.dz\/fr\/wp-json\/wp\/v2\/categories?post=51091"},{"taxonomy":"post_tag","embeddable":true,"href":"https:\/\/elmawkie.dz\/fr\/wp-json\/wp\/v2\/tags?post=51091"}],"curies":[{"name":"wp","href":"https:\/\/api.w.org\/{rel}","templated":true}]}}