{"id":51087,"date":"2025-05-10T22:15:40","date_gmt":"2025-05-10T21:15:40","guid":{"rendered":"https:\/\/elmawkie.dz\/fr\/?p=51087"},"modified":"2025-05-10T22:15:40","modified_gmt":"2025-05-10T21:15:40","slug":"entrepreneuriat-plus-de-30-000-auto-entrepreneurs-enregistres","status":"publish","type":"post","link":"https:\/\/elmawkie.dz\/fr\/entrepreneuriat-plus-de-30-000-auto-entrepreneurs-enregistres\/","title":{"rendered":"Entrepreneuriat : plus de 30 000 auto-entrepreneurs enregistr\u00e9s"},"content":{"rendered":"\n<p>Le nombre des titulaires de la carte de l&rsquo;auto-entrepreneur a d\u00e9pass\u00e9 les 30.000 personnes depuis le lancement de cette carte en janvier 2024, a indiqu\u00e9, samedi \u00e0 Alger, le ministre de l&rsquo;Economie de la connaissance, des Start-up et des Micro-entreprises, M. Noureddine Ouadah. Le ministre s&rsquo;est exprim\u00e9 lors de l&rsquo;ouverture de la premi\u00e8re \u00e9dition du Salon national de l&rsquo;auto-entrepreneur, qui s&rsquo;\u00e9tale sur deux jours au Palais de la Culture \u00ab\u00a0Moufdi Zakaria\u00a0\u00bb, organis\u00e9 par l&rsquo;Agence nationale de l&rsquo;auto-entrepreneur (ANAE), sous le haut patronage du pr\u00e9sident de la R\u00e9publique, M. Abdelmadjid Tebboune, en pr\u00e9sence notamment du ministre du Travail, de l&rsquo;Emploi et de la S\u00e9curit\u00e9 sociale, Fay\u00e7al Bentaleb, du ministre de la Jeunesse, charg\u00e9 du Conseil sup\u00e9rieur de la jeunesse (CSJ), Mustapha Hidaoui, ainsi que du ministre de la Formation et de l&rsquo;Enseignement professionnels, Yacine El Mahdi Oualid. Dans son allocution, M. Ouadah a pr\u00e9cis\u00e9 que \u00ab\u00a0plus de 30.000 jeunes, des deux sexes, ont \u00e9t\u00e9 int\u00e9gr\u00e9s dans l&rsquo;\u00e9conomie formelle en peu de temps\u00a0\u00bb, gr\u00e2ce \u00e0 l&rsquo;obtention de la carte de l&rsquo;auto-entrepreneur, estimant que ce chiffre \u00ab\u00a0traduit une nouvelle dynamique en mati\u00e8re de mentalit\u00e9s et de modes de fonctionnement, et constitue une transformation tangible dans le processus de num\u00e9risation de l&rsquo;\u00e9conomie\u00a0\u00bb. L&rsquo;ANAE avait lanc\u00e9 en janvier 2024 une plateforme num\u00e9rique permettant aux personnes exer\u00e7ant des professions lib\u00e9rales de s&rsquo;inscrire en vue d&rsquo;obtenir la carte de l&rsquo;auto-entrepreneur qui leur donne acc\u00e8s \u00e0 plusieurs avantages, conform\u00e9ment aux dispositions de la loi n 22-23 du 18 d\u00e9cembre 2022, portant statut de l&rsquo;auto-entrepreneur. Par ailleurs, M. Ouadah a annonc\u00e9 le lancement officiel du Guide national de l&rsquo;auto-entrepreneur, soulignant que ce document, disponible sur la plateforme de l&rsquo;Agence, offrait un aper\u00e7u global du dispositif, tant sur le plan \u00e9conomique que juridique et proc\u00e9dural. Dans son allocution, le ministre a mis en relief l&rsquo;importance du Salon national de l&rsquo;entrepreneur qui vise \u00e0 \u00ab\u00a0renforcer la visibilit\u00e9 de comp\u00e9tences qui contribuent, quotidiennement, \u00e0 la transformation \u00e9conomique de l&rsquo;Alg\u00e9rie\u00a0\u00bb, et ce \u00e0 travers son programme pr\u00e9voyant des espaces d&rsquo;exposition, des opportunit\u00e9s de r\u00e9seautage, des rencontres d&rsquo;affaires, ainsi que des formations. Sillonnant les diff\u00e9rents pavillons du Salon, la d\u00e9l\u00e9gation minist\u00e9rielle s&rsquo;est enquise des diff\u00e9rents projets et services num\u00e9riques innovants expos\u00e9s. La d\u00e9l\u00e9gation a \u00e9galement \u00e9cout\u00e9, sur place, les pr\u00e9occupations et propositions de nombre d&rsquo;auto-entrepreneurs, pour d\u00e9velopper des solutions pratiques et prospectives \u00e0 m\u00eame de promouvoir le parcours de la profession lib\u00e9rale. Le Salon se d\u00e9marque aussi par l&rsquo;organisation d&rsquo;espaces interactifs de r\u00e9seautage, regroupant les auto-entrepreneurs avec des entreprises \u00e9conomiques publiques et priv\u00e9es, en qu\u00eate de comp\u00e9tence flexibles et fiables. Au niveau de ces espaces, des s\u00e9ances relatives aux domaines d&rsquo;activit\u00e9 (technologies de l&rsquo;information, design, &#8230;), ce qui a permis de d\u00e9couvrir de v\u00e9ritables opportunit\u00e9s de partenariat ayant \u00e9t\u00e9 couronn\u00e9es par la conclusion de contrats initiaux sur place. Dans une initiative premi\u00e8re du genre, l&rsquo;ANAE a r\u00e9serv\u00e9 un espace num\u00e9rique pour l&rsquo;inscription instantan\u00e9e, en vue de permettre aux personnes qualifi\u00e9es de retirer la carte de l&rsquo;auto-entrepreneur\u00a0\u00bb en un temps ne d\u00e9passant pas les 10 minutes\u00a0\u00bb. Le Salon a \u00e9galement connu une exposition virtuelle de l&rsquo;initiative \u00ab\u00a0Ghaza Talent\u00a0\u00bb (talent de Ghaza) de Palestine, en vue de r\u00e9affirmer le soutien permanent de l&rsquo;Alg\u00e9rie aux causes l\u00e9gitimes. La carte de l&rsquo;auto-entrepreneur est d\u00e9livr\u00e9e \u00e0 toute personne physique exer\u00e7ant \u00e0 titre individuel une activit\u00e9 lucrative figurant dans la liste des activit\u00e9s \u00e9ligibles au statut de l&rsquo;auto-entrepreneur, et dont le chiffre d&rsquo;affaires ne d\u00e9passe pas les 5 millions DA. L&rsquo;auto-entrepreneur perdra ce statut si son chiffre d&rsquo;affaires d\u00e9passe cette somme durant trois exercices cons\u00e9cutifs. Ces activit\u00e9s concernent sept domaines qui sont : consulting, expertise et formation, services num\u00e9riques et activit\u00e9s connexes, prestations \u00e0 domicile, services \u00e0 la personne, services de loisirs et r\u00e9cr\u00e9ation, services aux entreprises, ainsi que les services culturels, de communication et d&rsquo;audiovisuel. Sont exclues de la liste de ces activit\u00e9s, les professions lib\u00e9rales (m\u00e9decins ou avocat) et les professions et les activit\u00e9s r\u00e9glement\u00e9es (comptable agr\u00e9\u00e9, expert-comptable) et artisanales (coiffure ou esth\u00e9tique). Le statut de l&rsquo;auto-entrepreneur ouvre droit \u00e0 de nombreux avantages, notamment l&rsquo;exemption de l&rsquo;obligation de disposer d&rsquo;un local et de s&rsquo;inscrire au registre du commerce, la possibilit\u00e9 d&rsquo;ouvrir un compte bancaire, ainsi qu&rsquo;un r\u00e9gime fiscal pr\u00e9f\u00e9rentiel, \u00e9tant soumis au r\u00e9gime d&rsquo;imp\u00f4t forfaitaire unique (IFU) avec un taux de 0,5% du chiffre d&rsquo;affaires, pr\u00e9vu dans la loi de finance 2024, outre la couverture sociale.<\/p>\n","protected":false},"excerpt":{"rendered":"<p>Le nombre des titulaires de la carte de l&rsquo;auto-entrepreneur a d\u00e9pass\u00e9 les 30.000 personnes depuis le lancement de cette carte en janvier 2024, a indiqu\u00e9, samedi \u00e0 Alger, le ministre de l&rsquo;Economie de la connaissance, des Start-up et des Micro-entreprises, M. Noureddine Ouadah. Le ministre s&rsquo;est exprim\u00e9 lors de l&rsquo;ouverture de la premi\u00e8re \u00e9dition du &hellip;<\/p>\n","protected":false},"author":9,"featured_media":51089,"comment_status":"open","ping_status":"open","sticky":false,"template":"","format":"standard","meta":{"footnotes":""},"categories":[763,47],"tags":[3707,3709,3706,3708],"class_list":["post-51087","post","type-post","status-publish","format-standard","has-post-thumbnail","hentry","category-economie","category-national","tag-30-000-2","tag-auto-entrepreneur","tag-entrepreneuriat","tag-m-noureddine-ouadah"],"yoast_head":"<!-- This site is optimized with the Yoast SEO Premium plugin v22.6 (Yoast SEO v22.6) - https:\/\/yoast.com\/wordpress\/plugins\/seo\/ -->\n<title>Entrepreneuriat : plus de 30 000 auto-entrepreneurs enregistr\u00e9s - El Mawkie<\/title>\n<meta name=\"robots\" content=\"index, follow, max-snippet:-1, max-image-preview:large, max-video-preview:-1\" \/>\n<link rel=\"canonical\" href=\"https:\/\/elmawkie.dz\/fr\/entrepreneuriat-plus-de-30-000-auto-entrepreneurs-enregistres\/\" \/>\n<meta property=\"og:locale\" content=\"fr_FR\" \/>\n<meta property=\"og:type\" content=\"article\" \/>\n<meta property=\"og:title\" content=\"Entrepreneuriat : plus de 30 000 auto-entrepreneurs enregistr\u00e9s\" \/>\n<meta property=\"og:description\" content=\"Le nombre des titulaires de la carte de l&rsquo;auto-entrepreneur a d\u00e9pass\u00e9 les 30.000 personnes depuis le lancement de cette carte en janvier 2024, a indiqu\u00e9, samedi \u00e0 Alger, le ministre de l&rsquo;Economie de la connaissance, des Start-up et des Micro-entreprises, M. Noureddine Ouadah. Le ministre s&rsquo;est exprim\u00e9 lors de l&rsquo;ouverture de la premi\u00e8re \u00e9dition du &hellip;\" \/>\n<meta property=\"og:url\" content=\"https:\/\/elmawkie.dz\/fr\/entrepreneuriat-plus-de-30-000-auto-entrepreneurs-enregistres\/\" \/>\n<meta property=\"og:site_name\" content=\"El Mawkie\" \/>\n<meta property=\"article:publisher\" content=\"https:\/\/www.facebook.com\/profile.php?id=100088407094989&amp;locale=fr_FR\" \/>\n<meta property=\"article:published_time\" content=\"2025-05-10T21:15:40+00:00\" \/>\n<meta property=\"og:image\" content=\"https:\/\/elmawkie.dz\/fr\/wp-content\/uploads\/2025\/05\/IMG_4897.jpeg\" \/>\n\t<meta property=\"og:image:width\" content=\"2048\" \/>\n\t<meta property=\"og:image:height\" content=\"1365\" \/>\n\t<meta property=\"og:image:type\" content=\"image\/jpeg\" \/>\n<meta name=\"author\" content=\"R\u00e9daction\" \/>\n<meta name=\"twitter:card\" content=\"summary_large_image\" \/>\n<meta name=\"twitter:label1\" content=\"Written by\" \/>\n\t<meta name=\"twitter:data1\" content=\"R\u00e9daction\" \/>\n\t<meta name=\"twitter:label2\" content=\"Est. reading time\" \/>\n\t<meta name=\"twitter:data2\" content=\"4 minutes\" \/>\n<script type=\"application\/ld+json\" class=\"yoast-schema-graph\">{\"@context\":\"https:\/\/schema.org\",\"@graph\":[{\"@type\":\"Article\",\"@id\":\"https:\/\/elmawkie.dz\/fr\/entrepreneuriat-plus-de-30-000-auto-entrepreneurs-enregistres\/#article\",\"isPartOf\":{\"@id\":\"https:\/\/elmawkie.dz\/fr\/entrepreneuriat-plus-de-30-000-auto-entrepreneurs-enregistres\/\"},\"author\":{\"name\":\"R\u00e9daction\",\"@id\":\"https:\/\/elmawkie.dz\/fr\/#\/schema\/person\/e7bd59d6467874ba5c4723d8a9f0a63c\"},\"headline\":\"Entrepreneuriat : plus de 30 000 auto-entrepreneurs enregistr\u00e9s\",\"datePublished\":\"2025-05-10T21:15:40+00:00\",\"dateModified\":\"2025-05-10T21:15:40+00:00\",\"mainEntityOfPage\":{\"@id\":\"https:\/\/elmawkie.dz\/fr\/entrepreneuriat-plus-de-30-000-auto-entrepreneurs-enregistres\/\"},\"wordCount\":827,\"commentCount\":0,\"publisher\":{\"@id\":\"https:\/\/elmawkie.dz\/fr\/#organization\"},\"image\":{\"@id\":\"https:\/\/elmawkie.dz\/fr\/entrepreneuriat-plus-de-30-000-auto-entrepreneurs-enregistres\/#primaryimage\"},\"thumbnailUrl\":\"https:\/\/elmawkie.dz\/fr\/wp-content\/uploads\/2025\/05\/IMG_4897.jpeg\",\"keywords\":[\"30 000\",\"Auto-entrepreneur\",\"Entrepreneuriat\",\"M. Noureddine Ouadah\"],\"articleSection\":[\"Economie\",\"National\"],\"inLanguage\":\"fr-FR\",\"potentialAction\":[{\"@type\":\"CommentAction\",\"name\":\"Comment\",\"target\":[\"https:\/\/elmawkie.dz\/fr\/entrepreneuriat-plus-de-30-000-auto-entrepreneurs-enregistres\/#respond\"]}]},{\"@type\":\"WebPage\",\"@id\":\"https:\/\/elmawkie.dz\/fr\/entrepreneuriat-plus-de-30-000-auto-entrepreneurs-enregistres\/\",\"url\":\"https:\/\/elmawkie.dz\/fr\/entrepreneuriat-plus-de-30-000-auto-entrepreneurs-enregistres\/\",\"name\":\"Entrepreneuriat : plus de 30 000 auto-entrepreneurs enregistr\u00e9s - El Mawkie\",\"isPartOf\":{\"@id\":\"https:\/\/elmawkie.dz\/fr\/#website\"},\"primaryImageOfPage\":{\"@id\":\"https:\/\/elmawkie.dz\/fr\/entrepreneuriat-plus-de-30-000-auto-entrepreneurs-enregistres\/#primaryimage\"},\"image\":{\"@id\":\"https:\/\/elmawkie.dz\/fr\/entrepreneuriat-plus-de-30-000-auto-entrepreneurs-enregistres\/#primaryimage\"},\"thumbnailUrl\":\"https:\/\/elmawkie.dz\/fr\/wp-content\/uploads\/2025\/05\/IMG_4897.jpeg\",\"datePublished\":\"2025-05-10T21:15:40+00:00\",\"dateModified\":\"2025-05-10T21:15:40+00:00\",\"breadcrumb\":{\"@id\":\"https:\/\/elmawkie.dz\/fr\/entrepreneuriat-plus-de-30-000-auto-entrepreneurs-enregistres\/#breadcrumb\"},\"inLanguage\":\"fr-FR\",\"potentialAction\":[{\"@type\":\"ReadAction\",\"target\":[\"https:\/\/elmawkie.dz\/fr\/entrepreneuriat-plus-de-30-000-auto-entrepreneurs-enregistres\/\"]}]},{\"@type\":\"ImageObject\",\"inLanguage\":\"fr-FR\",\"@id\":\"https:\/\/elmawkie.dz\/fr\/entrepreneuriat-plus-de-30-000-auto-entrepreneurs-enregistres\/#primaryimage\",\"url\":\"https:\/\/elmawkie.dz\/fr\/wp-content\/uploads\/2025\/05\/IMG_4897.jpeg\",\"contentUrl\":\"https:\/\/elmawkie.dz\/fr\/wp-content\/uploads\/2025\/05\/IMG_4897.jpeg\",\"width\":2048,\"height\":1365},{\"@type\":\"BreadcrumbList\",\"@id\":\"https:\/\/elmawkie.dz\/fr\/entrepreneuriat-plus-de-30-000-auto-entrepreneurs-enregistres\/#breadcrumb\",\"itemListElement\":[{\"@type\":\"ListItem\",\"position\":1,\"name\":\"Home\",\"item\":\"https:\/\/elmawkie.dz\/fr\/\"},{\"@type\":\"ListItem\",\"position\":2,\"name\":\"Entrepreneuriat : plus de 30 000 auto-entrepreneurs enregistr\u00e9s\"}]},{\"@type\":\"WebSite\",\"@id\":\"https:\/\/elmawkie.dz\/fr\/#website\",\"url\":\"https:\/\/elmawkie.dz\/fr\/\",\"name\":\"EL MAWKIE\",\"description\":\"Journal \u00c9lectronique Alg\u00e9rien\",\"publisher\":{\"@id\":\"https:\/\/elmawkie.dz\/fr\/#organization\"},\"potentialAction\":[{\"@type\":\"SearchAction\",\"target\":{\"@type\":\"EntryPoint\",\"urlTemplate\":\"https:\/\/elmawkie.dz\/fr\/?s={search_term_string}\"},\"query-input\":\"required name=search_term_string\"}],\"inLanguage\":\"fr-FR\"},{\"@type\":\"Organization\",\"@id\":\"https:\/\/elmawkie.dz\/fr\/#organization\",\"name\":\"EL MAWKIE\",\"url\":\"https:\/\/elmawkie.dz\/fr\/\",\"logo\":{\"@type\":\"ImageObject\",\"inLanguage\":\"fr-FR\",\"@id\":\"https:\/\/elmawkie.dz\/fr\/#\/schema\/logo\/image\/\",\"url\":\"https:\/\/elmawkie.dz\/fr\/wp-content\/uploads\/2024\/05\/logo1.png\",\"contentUrl\":\"https:\/\/elmawkie.dz\/fr\/wp-content\/uploads\/2024\/05\/logo1.png\",\"width\":1648,\"height\":652,\"caption\":\"EL MAWKIE\"},\"image\":{\"@id\":\"https:\/\/elmawkie.dz\/fr\/#\/schema\/logo\/image\/\"},\"sameAs\":[\"https:\/\/www.facebook.com\/profile.php?id=100088407094989&locale=fr_FR\"]},{\"@type\":\"Person\",\"@id\":\"https:\/\/elmawkie.dz\/fr\/#\/schema\/person\/e7bd59d6467874ba5c4723d8a9f0a63c\",\"name\":\"R\u00e9daction\",\"image\":{\"@type\":\"ImageObject\",\"inLanguage\":\"fr-FR\",\"@id\":\"https:\/\/elmawkie.dz\/fr\/#\/schema\/person\/image\/\",\"url\":\"https:\/\/secure.gravatar.com\/avatar\/f0f773456344da4d2788c054a3d30a0c?s=96&d=mm&r=g\",\"contentUrl\":\"https:\/\/secure.gravatar.com\/avatar\/f0f773456344da4d2788c054a3d30a0c?s=96&d=mm&r=g\",\"caption\":\"R\u00e9daction\"},\"url\":\"https:\/\/elmawkie.dz\/fr\/author\/redaction\/\"}]}<\/script>\n<!-- \/ Yoast SEO Premium plugin. -->","yoast_head_json":{"title":"Entrepreneuriat : plus de 30 000 auto-entrepreneurs enregistr\u00e9s - El Mawkie","robots":{"index":"index","follow":"follow","max-snippet":"max-snippet:-1","max-image-preview":"max-image-preview:large","max-video-preview":"max-video-preview:-1"},"canonical":"https:\/\/elmawkie.dz\/fr\/entrepreneuriat-plus-de-30-000-auto-entrepreneurs-enregistres\/","og_locale":"fr_FR","og_type":"article","og_title":"Entrepreneuriat : plus de 30 000 auto-entrepreneurs enregistr\u00e9s","og_description":"Le nombre des titulaires de la carte de l&rsquo;auto-entrepreneur a d\u00e9pass\u00e9 les 30.000 personnes depuis le lancement de cette carte en janvier 2024, a indiqu\u00e9, samedi \u00e0 Alger, le ministre de l&rsquo;Economie de la connaissance, des Start-up et des Micro-entreprises, M. Noureddine Ouadah. Le ministre s&rsquo;est exprim\u00e9 lors de l&rsquo;ouverture de la premi\u00e8re \u00e9dition du &hellip;","og_url":"https:\/\/elmawkie.dz\/fr\/entrepreneuriat-plus-de-30-000-auto-entrepreneurs-enregistres\/","og_site_name":"El Mawkie","article_publisher":"https:\/\/www.facebook.com\/profile.php?id=100088407094989&locale=fr_FR","article_published_time":"2025-05-10T21:15:40+00:00","og_image":[{"width":2048,"height":1365,"url":"https:\/\/elmawkie.dz\/fr\/wp-content\/uploads\/2025\/05\/IMG_4897.jpeg","type":"image\/jpeg"}],"author":"R\u00e9daction","twitter_card":"summary_large_image","twitter_misc":{"Written by":"R\u00e9daction","Est. reading time":"4 minutes"},"schema":{"@context":"https:\/\/schema.org","@graph":[{"@type":"Article","@id":"https:\/\/elmawkie.dz\/fr\/entrepreneuriat-plus-de-30-000-auto-entrepreneurs-enregistres\/#article","isPartOf":{"@id":"https:\/\/elmawkie.dz\/fr\/entrepreneuriat-plus-de-30-000-auto-entrepreneurs-enregistres\/"},"author":{"name":"R\u00e9daction","@id":"https:\/\/elmawkie.dz\/fr\/#\/schema\/person\/e7bd59d6467874ba5c4723d8a9f0a63c"},"headline":"Entrepreneuriat : plus de 30 000 auto-entrepreneurs enregistr\u00e9s","datePublished":"2025-05-10T21:15:40+00:00","dateModified":"2025-05-10T21:15:40+00:00","mainEntityOfPage":{"@id":"https:\/\/elmawkie.dz\/fr\/entrepreneuriat-plus-de-30-000-auto-entrepreneurs-enregistres\/"},"wordCount":827,"commentCount":0,"publisher":{"@id":"https:\/\/elmawkie.dz\/fr\/#organization"},"image":{"@id":"https:\/\/elmawkie.dz\/fr\/entrepreneuriat-plus-de-30-000-auto-entrepreneurs-enregistres\/#primaryimage"},"thumbnailUrl":"https:\/\/elmawkie.dz\/fr\/wp-content\/uploads\/2025\/05\/IMG_4897.jpeg","keywords":["30 000","Auto-entrepreneur","Entrepreneuriat","M. Noureddine Ouadah"],"articleSection":["Economie","National"],"inLanguage":"fr-FR","potentialAction":[{"@type":"CommentAction","name":"Comment","target":["https:\/\/elmawkie.dz\/fr\/entrepreneuriat-plus-de-30-000-auto-entrepreneurs-enregistres\/#respond"]}]},{"@type":"WebPage","@id":"https:\/\/elmawkie.dz\/fr\/entrepreneuriat-plus-de-30-000-auto-entrepreneurs-enregistres\/","url":"https:\/\/elmawkie.dz\/fr\/entrepreneuriat-plus-de-30-000-auto-entrepreneurs-enregistres\/","name":"Entrepreneuriat : plus de 30 000 auto-entrepreneurs enregistr\u00e9s - El Mawkie","isPartOf":{"@id":"https:\/\/elmawkie.dz\/fr\/#website"},"primaryImageOfPage":{"@id":"https:\/\/elmawkie.dz\/fr\/entrepreneuriat-plus-de-30-000-auto-entrepreneurs-enregistres\/#primaryimage"},"image":{"@id":"https:\/\/elmawkie.dz\/fr\/entrepreneuriat-plus-de-30-000-auto-entrepreneurs-enregistres\/#primaryimage"},"thumbnailUrl":"https:\/\/elmawkie.dz\/fr\/wp-content\/uploads\/2025\/05\/IMG_4897.jpeg","datePublished":"2025-05-10T21:15:40+00:00","dateModified":"2025-05-10T21:15:40+00:00","breadcrumb":{"@id":"https:\/\/elmawkie.dz\/fr\/entrepreneuriat-plus-de-30-000-auto-entrepreneurs-enregistres\/#breadcrumb"},"inLanguage":"fr-FR","potentialAction":[{"@type":"ReadAction","target":["https:\/\/elmawkie.dz\/fr\/entrepreneuriat-plus-de-30-000-auto-entrepreneurs-enregistres\/"]}]},{"@type":"ImageObject","inLanguage":"fr-FR","@id":"https:\/\/elmawkie.dz\/fr\/entrepreneuriat-plus-de-30-000-auto-entrepreneurs-enregistres\/#primaryimage","url":"https:\/\/elmawkie.dz\/fr\/wp-content\/uploads\/2025\/05\/IMG_4897.jpeg","contentUrl":"https:\/\/elmawkie.dz\/fr\/wp-content\/uploads\/2025\/05\/IMG_4897.jpeg","width":2048,"height":1365},{"@type":"BreadcrumbList","@id":"https:\/\/elmawkie.dz\/fr\/entrepreneuriat-plus-de-30-000-auto-entrepreneurs-enregistres\/#breadcrumb","itemListElement":[{"@type":"ListItem","position":1,"name":"Home","item":"https:\/\/elmawkie.dz\/fr\/"},{"@type":"ListItem","position":2,"name":"Entrepreneuriat : plus de 30 000 auto-entrepreneurs enregistr\u00e9s"}]},{"@type":"WebSite","@id":"https:\/\/elmawkie.dz\/fr\/#website","url":"https:\/\/elmawkie.dz\/fr\/","name":"EL MAWKIE","description":"Journal \u00c9lectronique Alg\u00e9rien","publisher":{"@id":"https:\/\/elmawkie.dz\/fr\/#organization"},"potentialAction":[{"@type":"SearchAction","target":{"@type":"EntryPoint","urlTemplate":"https:\/\/elmawkie.dz\/fr\/?s={search_term_string}"},"query-input":"required name=search_term_string"}],"inLanguage":"fr-FR"},{"@type":"Organization","@id":"https:\/\/elmawkie.dz\/fr\/#organization","name":"EL MAWKIE","url":"https:\/\/elmawkie.dz\/fr\/","logo":{"@type":"ImageObject","inLanguage":"fr-FR","@id":"https:\/\/elmawkie.dz\/fr\/#\/schema\/logo\/image\/","url":"https:\/\/elmawkie.dz\/fr\/wp-content\/uploads\/2024\/05\/logo1.png","contentUrl":"https:\/\/elmawkie.dz\/fr\/wp-content\/uploads\/2024\/05\/logo1.png","width":1648,"height":652,"caption":"EL MAWKIE"},"image":{"@id":"https:\/\/elmawkie.dz\/fr\/#\/schema\/logo\/image\/"},"sameAs":["https:\/\/www.facebook.com\/profile.php?id=100088407094989&locale=fr_FR"]},{"@type":"Person","@id":"https:\/\/elmawkie.dz\/fr\/#\/schema\/person\/e7bd59d6467874ba5c4723d8a9f0a63c","name":"R\u00e9daction","image":{"@type":"ImageObject","inLanguage":"fr-FR","@id":"https:\/\/elmawkie.dz\/fr\/#\/schema\/person\/image\/","url":"https:\/\/secure.gravatar.com\/avatar\/f0f773456344da4d2788c054a3d30a0c?s=96&d=mm&r=g","contentUrl":"https:\/\/secure.gravatar.com\/avatar\/f0f773456344da4d2788c054a3d30a0c?s=96&d=mm&r=g","caption":"R\u00e9daction"},"url":"https:\/\/elmawkie.dz\/fr\/author\/redaction\/"}]}},"_links":{"self":[{"href":"https:\/\/elmawkie.dz\/fr\/wp-json\/wp\/v2\/posts\/51087","targetHints":{"allow":["GET"]}}],"collection":[{"href":"https:\/\/elmawkie.dz\/fr\/wp-json\/wp\/v2\/posts"}],"about":[{"href":"https:\/\/elmawkie.dz\/fr\/wp-json\/wp\/v2\/types\/post"}],"author":[{"embeddable":true,"href":"https:\/\/elmawkie.dz\/fr\/wp-json\/wp\/v2\/users\/9"}],"replies":[{"embeddable":true,"href":"https:\/\/elmawkie.dz\/fr\/wp-json\/wp\/v2\/comments?post=51087"}],"version-history":[{"count":1,"href":"https:\/\/elmawkie.dz\/fr\/wp-json\/wp\/v2\/posts\/51087\/revisions"}],"predecessor-version":[{"id":51090,"href":"https:\/\/elmawkie.dz\/fr\/wp-json\/wp\/v2\/posts\/51087\/revisions\/51090"}],"wp:featuredmedia":[{"embeddable":true,"href":"https:\/\/elmawkie.dz\/fr\/wp-json\/wp\/v2\/media\/51089"}],"wp:attachment":[{"href":"https:\/\/elmawkie.dz\/fr\/wp-json\/wp\/v2\/media?parent=51087"}],"wp:term":[{"taxonomy":"category","embeddable":true,"href":"https:\/\/elmawkie.dz\/fr\/wp-json\/wp\/v2\/categories?post=51087"},{"taxonomy":"post_tag","embeddable":true,"href":"https:\/\/elmawkie.dz\/fr\/wp-json\/wp\/v2\/tags?post=51087"}],"curies":[{"name":"wp","href":"https:\/\/api.w.org\/{rel}","templated":true}]}}