{"id":51067,"date":"2025-05-10T16:22:42","date_gmt":"2025-05-10T15:22:42","guid":{"rendered":"https:\/\/elmawkie.dz\/fr\/?p=51067"},"modified":"2025-05-10T16:22:43","modified_gmt":"2025-05-10T15:22:43","slug":"setif-le-ministre-des-moudjahidine-se-recueille-a-la-memoire-de-saal-bouzid-premier-martyr-des-massacres-du-8-mai-1945","status":"publish","type":"post","link":"https:\/\/elmawkie.dz\/fr\/setif-le-ministre-des-moudjahidine-se-recueille-a-la-memoire-de-saal-bouzid-premier-martyr-des-massacres-du-8-mai-1945\/","title":{"rendered":"S\u00e9tif : le ministre des Moudjahidine se recueille \u00e0 la m\u00e9moire de Sa\u00e2l Bouzid premier martyr des massacres du 8 mai 1945"},"content":{"rendered":"\n<p>Le ministre des Moudjahidine et des ayants-droit, La\u00efd Rebiga, s&rsquo;est recueilli samedi \u00e0 S\u00e9tif \u00e0 la m\u00e9moire de Sa\u00e2l Bouzid, premier martyr des massacres du 8 mai 1945 \u00e0 S\u00e9tif, dans le cadre de la c\u00e9l\u00e9bration de la Journ\u00e9e nationale de la m\u00e9moire et du 80\u00e8me anniversaire de ces massacres sous le th\u00e8me \u00ab\u00a0jour m\u00e9morable pour une \u00e8re esp\u00e9r\u00e9e\u00a0\u00bb. Au second jour de sa visite dans la wilaya de S\u00e9tif, en compagnie des autorit\u00e9s civiles et militaires locales et d&rsquo;une d\u00e9l\u00e9gation d&rsquo;\u00e9lus et de parlementaires fran\u00e7ais venue en Alg\u00e9rie pour participer \u00e0 la comm\u00e9moration des \u00e9v\u00e8nements, le ministre a d\u00e9pos\u00e9 une gerbe de fleurs devant la st\u00e8le comm\u00e9morative de Sa\u00e2l Bouzid et a lu la Fatiha du Saint Coran \u00e0 sa m\u00e9moire. M. Rebiga a visit\u00e9 \u00e0 l&rsquo;occasion le jardin Emir Abdelkader de la ville de S\u00e9tif o\u00f9 des explications lui ont \u00e9t\u00e9 pr\u00e9sent\u00e9es ainsi qu&rsquo;\u00e0 la d\u00e9l\u00e9gation parlementaire fran\u00e7aise sur le site qui accueille plus de 200 pi\u00e8ces arch\u00e9ologiques avec des \u00e9critures appartenant aux diverses phases historiques qu&rsquo;ont connues la ville de S\u00e9tif et ses r\u00e9gions voisines. Au mus\u00e9e public national de S\u00e9tif, le ministre a visit\u00e9 les divers stands du salon national de philat\u00e9lie dans sa seconde \u00e9dition organis\u00e9e dans le cadre de la c\u00e9l\u00e9bration de la Journ\u00e9e nationale de la m\u00e9moire \u00e0 l&rsquo;initiative du secteur de la poste et des t\u00e9l\u00e9communications avec la participation de 22 exposants venus de 22 wilayas du pays. Le ministre s&rsquo;est int\u00e9ress\u00e9 aux timbres alg\u00e9riens \u00e9dit\u00e9s depuis l&rsquo;ind\u00e9pendance dont le tout premier paru en novembre 1962.<\/p>\n","protected":false},"excerpt":{"rendered":"<p>Le ministre des Moudjahidine et des ayants-droit, La\u00efd Rebiga, s&rsquo;est recueilli samedi \u00e0 S\u00e9tif \u00e0 la m\u00e9moire de Sa\u00e2l Bouzid, premier martyr des massacres du 8 mai 1945 \u00e0 S\u00e9tif, dans le cadre de la c\u00e9l\u00e9bration de la Journ\u00e9e nationale de la m\u00e9moire et du 80\u00e8me anniversaire de ces massacres sous le th\u00e8me \u00ab\u00a0jour m\u00e9morable &hellip;<\/p>\n","protected":false},"author":9,"featured_media":51069,"comment_status":"open","ping_status":"open","sticky":false,"template":"","format":"standard","meta":{"footnotes":""},"categories":[47],"tags":[3700,3676,392],"class_list":["post-51067","post","type-post","status-publish","format-standard","has-post-thumbnail","hentry","category-national","tag-8-mai-1945","tag-le-ministre-des-moudjahidines","tag-setif"],"yoast_head":"<!-- This site is optimized with the Yoast SEO Premium plugin v22.6 (Yoast SEO v22.6) - https:\/\/yoast.com\/wordpress\/plugins\/seo\/ -->\n<title>S\u00e9tif : le ministre des Moudjahidine se recueille \u00e0 la m\u00e9moire de Sa\u00e2l Bouzid premier martyr des massacres du 8 mai 1945 - El Mawkie<\/title>\n<meta name=\"robots\" content=\"index, follow, max-snippet:-1, max-image-preview:large, max-video-preview:-1\" \/>\n<link rel=\"canonical\" href=\"https:\/\/elmawkie.dz\/fr\/setif-le-ministre-des-moudjahidine-se-recueille-a-la-memoire-de-saal-bouzid-premier-martyr-des-massacres-du-8-mai-1945\/\" \/>\n<meta property=\"og:locale\" content=\"fr_FR\" \/>\n<meta property=\"og:type\" content=\"article\" \/>\n<meta property=\"og:title\" content=\"S\u00e9tif : le ministre des Moudjahidine se recueille \u00e0 la m\u00e9moire de Sa\u00e2l Bouzid premier martyr des massacres du 8 mai 1945\" \/>\n<meta property=\"og:description\" content=\"Le ministre des Moudjahidine et des ayants-droit, La\u00efd Rebiga, s&rsquo;est recueilli samedi \u00e0 S\u00e9tif \u00e0 la m\u00e9moire de Sa\u00e2l Bouzid, premier martyr des massacres du 8 mai 1945 \u00e0 S\u00e9tif, dans le cadre de la c\u00e9l\u00e9bration de la Journ\u00e9e nationale de la m\u00e9moire et du 80\u00e8me anniversaire de ces massacres sous le th\u00e8me \u00ab\u00a0jour m\u00e9morable &hellip;\" \/>\n<meta property=\"og:url\" content=\"https:\/\/elmawkie.dz\/fr\/setif-le-ministre-des-moudjahidine-se-recueille-a-la-memoire-de-saal-bouzid-premier-martyr-des-massacres-du-8-mai-1945\/\" \/>\n<meta property=\"og:site_name\" content=\"El Mawkie\" \/>\n<meta property=\"article:publisher\" content=\"https:\/\/www.facebook.com\/profile.php?id=100088407094989&amp;locale=fr_FR\" \/>\n<meta property=\"article:published_time\" content=\"2025-05-10T15:22:42+00:00\" \/>\n<meta property=\"article:modified_time\" content=\"2025-05-10T15:22:43+00:00\" \/>\n<meta property=\"og:image\" content=\"https:\/\/elmawkie.dz\/fr\/wp-content\/uploads\/2025\/05\/IMG_4832.jpeg\" \/>\n\t<meta property=\"og:image:width\" content=\"1280\" \/>\n\t<meta property=\"og:image:height\" content=\"853\" \/>\n\t<meta property=\"og:image:type\" content=\"image\/jpeg\" \/>\n<meta name=\"author\" content=\"R\u00e9daction\" \/>\n<meta name=\"twitter:card\" content=\"summary_large_image\" \/>\n<meta name=\"twitter:label1\" content=\"Written by\" \/>\n\t<meta name=\"twitter:data1\" content=\"R\u00e9daction\" \/>\n\t<meta name=\"twitter:label2\" content=\"Est. reading time\" \/>\n\t<meta name=\"twitter:data2\" content=\"2 minutes\" \/>\n<script type=\"application\/ld+json\" class=\"yoast-schema-graph\">{\"@context\":\"https:\/\/schema.org\",\"@graph\":[{\"@type\":\"Article\",\"@id\":\"https:\/\/elmawkie.dz\/fr\/setif-le-ministre-des-moudjahidine-se-recueille-a-la-memoire-de-saal-bouzid-premier-martyr-des-massacres-du-8-mai-1945\/#article\",\"isPartOf\":{\"@id\":\"https:\/\/elmawkie.dz\/fr\/setif-le-ministre-des-moudjahidine-se-recueille-a-la-memoire-de-saal-bouzid-premier-martyr-des-massacres-du-8-mai-1945\/\"},\"author\":{\"name\":\"R\u00e9daction\",\"@id\":\"https:\/\/elmawkie.dz\/fr\/#\/schema\/person\/e7bd59d6467874ba5c4723d8a9f0a63c\"},\"headline\":\"S\u00e9tif : le ministre des Moudjahidine se recueille \u00e0 la m\u00e9moire de Sa\u00e2l Bouzid premier martyr des massacres du 8 mai 1945\",\"datePublished\":\"2025-05-10T15:22:42+00:00\",\"dateModified\":\"2025-05-10T15:22:43+00:00\",\"mainEntityOfPage\":{\"@id\":\"https:\/\/elmawkie.dz\/fr\/setif-le-ministre-des-moudjahidine-se-recueille-a-la-memoire-de-saal-bouzid-premier-martyr-des-massacres-du-8-mai-1945\/\"},\"wordCount\":320,\"commentCount\":0,\"publisher\":{\"@id\":\"https:\/\/elmawkie.dz\/fr\/#organization\"},\"image\":{\"@id\":\"https:\/\/elmawkie.dz\/fr\/setif-le-ministre-des-moudjahidine-se-recueille-a-la-memoire-de-saal-bouzid-premier-martyr-des-massacres-du-8-mai-1945\/#primaryimage\"},\"thumbnailUrl\":\"https:\/\/elmawkie.dz\/fr\/wp-content\/uploads\/2025\/05\/IMG_4832.jpeg\",\"keywords\":[\"8 mai 1945\",\"Le ministre des moudjahidines\",\"S\u00e9tif\"],\"articleSection\":[\"National\"],\"inLanguage\":\"fr-FR\",\"potentialAction\":[{\"@type\":\"CommentAction\",\"name\":\"Comment\",\"target\":[\"https:\/\/elmawkie.dz\/fr\/setif-le-ministre-des-moudjahidine-se-recueille-a-la-memoire-de-saal-bouzid-premier-martyr-des-massacres-du-8-mai-1945\/#respond\"]}]},{\"@type\":\"WebPage\",\"@id\":\"https:\/\/elmawkie.dz\/fr\/setif-le-ministre-des-moudjahidine-se-recueille-a-la-memoire-de-saal-bouzid-premier-martyr-des-massacres-du-8-mai-1945\/\",\"url\":\"https:\/\/elmawkie.dz\/fr\/setif-le-ministre-des-moudjahidine-se-recueille-a-la-memoire-de-saal-bouzid-premier-martyr-des-massacres-du-8-mai-1945\/\",\"name\":\"S\u00e9tif : le ministre des Moudjahidine se recueille \u00e0 la m\u00e9moire de Sa\u00e2l Bouzid premier martyr des massacres du 8 mai 1945 - El Mawkie\",\"isPartOf\":{\"@id\":\"https:\/\/elmawkie.dz\/fr\/#website\"},\"primaryImageOfPage\":{\"@id\":\"https:\/\/elmawkie.dz\/fr\/setif-le-ministre-des-moudjahidine-se-recueille-a-la-memoire-de-saal-bouzid-premier-martyr-des-massacres-du-8-mai-1945\/#primaryimage\"},\"image\":{\"@id\":\"https:\/\/elmawkie.dz\/fr\/setif-le-ministre-des-moudjahidine-se-recueille-a-la-memoire-de-saal-bouzid-premier-martyr-des-massacres-du-8-mai-1945\/#primaryimage\"},\"thumbnailUrl\":\"https:\/\/elmawkie.dz\/fr\/wp-content\/uploads\/2025\/05\/IMG_4832.jpeg\",\"datePublished\":\"2025-05-10T15:22:42+00:00\",\"dateModified\":\"2025-05-10T15:22:43+00:00\",\"breadcrumb\":{\"@id\":\"https:\/\/elmawkie.dz\/fr\/setif-le-ministre-des-moudjahidine-se-recueille-a-la-memoire-de-saal-bouzid-premier-martyr-des-massacres-du-8-mai-1945\/#breadcrumb\"},\"inLanguage\":\"fr-FR\",\"potentialAction\":[{\"@type\":\"ReadAction\",\"target\":[\"https:\/\/elmawkie.dz\/fr\/setif-le-ministre-des-moudjahidine-se-recueille-a-la-memoire-de-saal-bouzid-premier-martyr-des-massacres-du-8-mai-1945\/\"]}]},{\"@type\":\"ImageObject\",\"inLanguage\":\"fr-FR\",\"@id\":\"https:\/\/elmawkie.dz\/fr\/setif-le-ministre-des-moudjahidine-se-recueille-a-la-memoire-de-saal-bouzid-premier-martyr-des-massacres-du-8-mai-1945\/#primaryimage\",\"url\":\"https:\/\/elmawkie.dz\/fr\/wp-content\/uploads\/2025\/05\/IMG_4832.jpeg\",\"contentUrl\":\"https:\/\/elmawkie.dz\/fr\/wp-content\/uploads\/2025\/05\/IMG_4832.jpeg\",\"width\":1280,\"height\":853},{\"@type\":\"BreadcrumbList\",\"@id\":\"https:\/\/elmawkie.dz\/fr\/setif-le-ministre-des-moudjahidine-se-recueille-a-la-memoire-de-saal-bouzid-premier-martyr-des-massacres-du-8-mai-1945\/#breadcrumb\",\"itemListElement\":[{\"@type\":\"ListItem\",\"position\":1,\"name\":\"Home\",\"item\":\"https:\/\/elmawkie.dz\/fr\/\"},{\"@type\":\"ListItem\",\"position\":2,\"name\":\"S\u00e9tif : le ministre des Moudjahidine se recueille \u00e0 la m\u00e9moire de Sa\u00e2l Bouzid premier martyr des massacres du 8 mai 1945\"}]},{\"@type\":\"WebSite\",\"@id\":\"https:\/\/elmawkie.dz\/fr\/#website\",\"url\":\"https:\/\/elmawkie.dz\/fr\/\",\"name\":\"EL MAWKIE\",\"description\":\"Journal \u00c9lectronique Alg\u00e9rien\",\"publisher\":{\"@id\":\"https:\/\/elmawkie.dz\/fr\/#organization\"},\"potentialAction\":[{\"@type\":\"SearchAction\",\"target\":{\"@type\":\"EntryPoint\",\"urlTemplate\":\"https:\/\/elmawkie.dz\/fr\/?s={search_term_string}\"},\"query-input\":\"required name=search_term_string\"}],\"inLanguage\":\"fr-FR\"},{\"@type\":\"Organization\",\"@id\":\"https:\/\/elmawkie.dz\/fr\/#organization\",\"name\":\"EL MAWKIE\",\"url\":\"https:\/\/elmawkie.dz\/fr\/\",\"logo\":{\"@type\":\"ImageObject\",\"inLanguage\":\"fr-FR\",\"@id\":\"https:\/\/elmawkie.dz\/fr\/#\/schema\/logo\/image\/\",\"url\":\"https:\/\/elmawkie.dz\/fr\/wp-content\/uploads\/2024\/05\/logo1.png\",\"contentUrl\":\"https:\/\/elmawkie.dz\/fr\/wp-content\/uploads\/2024\/05\/logo1.png\",\"width\":1648,\"height\":652,\"caption\":\"EL MAWKIE\"},\"image\":{\"@id\":\"https:\/\/elmawkie.dz\/fr\/#\/schema\/logo\/image\/\"},\"sameAs\":[\"https:\/\/www.facebook.com\/profile.php?id=100088407094989&locale=fr_FR\"]},{\"@type\":\"Person\",\"@id\":\"https:\/\/elmawkie.dz\/fr\/#\/schema\/person\/e7bd59d6467874ba5c4723d8a9f0a63c\",\"name\":\"R\u00e9daction\",\"image\":{\"@type\":\"ImageObject\",\"inLanguage\":\"fr-FR\",\"@id\":\"https:\/\/elmawkie.dz\/fr\/#\/schema\/person\/image\/\",\"url\":\"https:\/\/secure.gravatar.com\/avatar\/f0f773456344da4d2788c054a3d30a0c?s=96&d=mm&r=g\",\"contentUrl\":\"https:\/\/secure.gravatar.com\/avatar\/f0f773456344da4d2788c054a3d30a0c?s=96&d=mm&r=g\",\"caption\":\"R\u00e9daction\"},\"url\":\"https:\/\/elmawkie.dz\/fr\/author\/redaction\/\"}]}<\/script>\n<!-- \/ Yoast SEO Premium plugin. -->","yoast_head_json":{"title":"S\u00e9tif : le ministre des Moudjahidine se recueille \u00e0 la m\u00e9moire de Sa\u00e2l Bouzid premier martyr des massacres du 8 mai 1945 - El Mawkie","robots":{"index":"index","follow":"follow","max-snippet":"max-snippet:-1","max-image-preview":"max-image-preview:large","max-video-preview":"max-video-preview:-1"},"canonical":"https:\/\/elmawkie.dz\/fr\/setif-le-ministre-des-moudjahidine-se-recueille-a-la-memoire-de-saal-bouzid-premier-martyr-des-massacres-du-8-mai-1945\/","og_locale":"fr_FR","og_type":"article","og_title":"S\u00e9tif : le ministre des Moudjahidine se recueille \u00e0 la m\u00e9moire de Sa\u00e2l Bouzid premier martyr des massacres du 8 mai 1945","og_description":"Le ministre des Moudjahidine et des ayants-droit, La\u00efd Rebiga, s&rsquo;est recueilli samedi \u00e0 S\u00e9tif \u00e0 la m\u00e9moire de Sa\u00e2l Bouzid, premier martyr des massacres du 8 mai 1945 \u00e0 S\u00e9tif, dans le cadre de la c\u00e9l\u00e9bration de la Journ\u00e9e nationale de la m\u00e9moire et du 80\u00e8me anniversaire de ces massacres sous le th\u00e8me \u00ab\u00a0jour m\u00e9morable &hellip;","og_url":"https:\/\/elmawkie.dz\/fr\/setif-le-ministre-des-moudjahidine-se-recueille-a-la-memoire-de-saal-bouzid-premier-martyr-des-massacres-du-8-mai-1945\/","og_site_name":"El Mawkie","article_publisher":"https:\/\/www.facebook.com\/profile.php?id=100088407094989&locale=fr_FR","article_published_time":"2025-05-10T15:22:42+00:00","article_modified_time":"2025-05-10T15:22:43+00:00","og_image":[{"width":1280,"height":853,"url":"https:\/\/elmawkie.dz\/fr\/wp-content\/uploads\/2025\/05\/IMG_4832.jpeg","type":"image\/jpeg"}],"author":"R\u00e9daction","twitter_card":"summary_large_image","twitter_misc":{"Written by":"R\u00e9daction","Est. reading time":"2 minutes"},"schema":{"@context":"https:\/\/schema.org","@graph":[{"@type":"Article","@id":"https:\/\/elmawkie.dz\/fr\/setif-le-ministre-des-moudjahidine-se-recueille-a-la-memoire-de-saal-bouzid-premier-martyr-des-massacres-du-8-mai-1945\/#article","isPartOf":{"@id":"https:\/\/elmawkie.dz\/fr\/setif-le-ministre-des-moudjahidine-se-recueille-a-la-memoire-de-saal-bouzid-premier-martyr-des-massacres-du-8-mai-1945\/"},"author":{"name":"R\u00e9daction","@id":"https:\/\/elmawkie.dz\/fr\/#\/schema\/person\/e7bd59d6467874ba5c4723d8a9f0a63c"},"headline":"S\u00e9tif : le ministre des Moudjahidine se recueille \u00e0 la m\u00e9moire de Sa\u00e2l Bouzid premier martyr des massacres du 8 mai 1945","datePublished":"2025-05-10T15:22:42+00:00","dateModified":"2025-05-10T15:22:43+00:00","mainEntityOfPage":{"@id":"https:\/\/elmawkie.dz\/fr\/setif-le-ministre-des-moudjahidine-se-recueille-a-la-memoire-de-saal-bouzid-premier-martyr-des-massacres-du-8-mai-1945\/"},"wordCount":320,"commentCount":0,"publisher":{"@id":"https:\/\/elmawkie.dz\/fr\/#organization"},"image":{"@id":"https:\/\/elmawkie.dz\/fr\/setif-le-ministre-des-moudjahidine-se-recueille-a-la-memoire-de-saal-bouzid-premier-martyr-des-massacres-du-8-mai-1945\/#primaryimage"},"thumbnailUrl":"https:\/\/elmawkie.dz\/fr\/wp-content\/uploads\/2025\/05\/IMG_4832.jpeg","keywords":["8 mai 1945","Le ministre des moudjahidines","S\u00e9tif"],"articleSection":["National"],"inLanguage":"fr-FR","potentialAction":[{"@type":"CommentAction","name":"Comment","target":["https:\/\/elmawkie.dz\/fr\/setif-le-ministre-des-moudjahidine-se-recueille-a-la-memoire-de-saal-bouzid-premier-martyr-des-massacres-du-8-mai-1945\/#respond"]}]},{"@type":"WebPage","@id":"https:\/\/elmawkie.dz\/fr\/setif-le-ministre-des-moudjahidine-se-recueille-a-la-memoire-de-saal-bouzid-premier-martyr-des-massacres-du-8-mai-1945\/","url":"https:\/\/elmawkie.dz\/fr\/setif-le-ministre-des-moudjahidine-se-recueille-a-la-memoire-de-saal-bouzid-premier-martyr-des-massacres-du-8-mai-1945\/","name":"S\u00e9tif : le ministre des Moudjahidine se recueille \u00e0 la m\u00e9moire de Sa\u00e2l Bouzid premier martyr des massacres du 8 mai 1945 - El Mawkie","isPartOf":{"@id":"https:\/\/elmawkie.dz\/fr\/#website"},"primaryImageOfPage":{"@id":"https:\/\/elmawkie.dz\/fr\/setif-le-ministre-des-moudjahidine-se-recueille-a-la-memoire-de-saal-bouzid-premier-martyr-des-massacres-du-8-mai-1945\/#primaryimage"},"image":{"@id":"https:\/\/elmawkie.dz\/fr\/setif-le-ministre-des-moudjahidine-se-recueille-a-la-memoire-de-saal-bouzid-premier-martyr-des-massacres-du-8-mai-1945\/#primaryimage"},"thumbnailUrl":"https:\/\/elmawkie.dz\/fr\/wp-content\/uploads\/2025\/05\/IMG_4832.jpeg","datePublished":"2025-05-10T15:22:42+00:00","dateModified":"2025-05-10T15:22:43+00:00","breadcrumb":{"@id":"https:\/\/elmawkie.dz\/fr\/setif-le-ministre-des-moudjahidine-se-recueille-a-la-memoire-de-saal-bouzid-premier-martyr-des-massacres-du-8-mai-1945\/#breadcrumb"},"inLanguage":"fr-FR","potentialAction":[{"@type":"ReadAction","target":["https:\/\/elmawkie.dz\/fr\/setif-le-ministre-des-moudjahidine-se-recueille-a-la-memoire-de-saal-bouzid-premier-martyr-des-massacres-du-8-mai-1945\/"]}]},{"@type":"ImageObject","inLanguage":"fr-FR","@id":"https:\/\/elmawkie.dz\/fr\/setif-le-ministre-des-moudjahidine-se-recueille-a-la-memoire-de-saal-bouzid-premier-martyr-des-massacres-du-8-mai-1945\/#primaryimage","url":"https:\/\/elmawkie.dz\/fr\/wp-content\/uploads\/2025\/05\/IMG_4832.jpeg","contentUrl":"https:\/\/elmawkie.dz\/fr\/wp-content\/uploads\/2025\/05\/IMG_4832.jpeg","width":1280,"height":853},{"@type":"BreadcrumbList","@id":"https:\/\/elmawkie.dz\/fr\/setif-le-ministre-des-moudjahidine-se-recueille-a-la-memoire-de-saal-bouzid-premier-martyr-des-massacres-du-8-mai-1945\/#breadcrumb","itemListElement":[{"@type":"ListItem","position":1,"name":"Home","item":"https:\/\/elmawkie.dz\/fr\/"},{"@type":"ListItem","position":2,"name":"S\u00e9tif : le ministre des Moudjahidine se recueille \u00e0 la m\u00e9moire de Sa\u00e2l Bouzid premier martyr des massacres du 8 mai 1945"}]},{"@type":"WebSite","@id":"https:\/\/elmawkie.dz\/fr\/#website","url":"https:\/\/elmawkie.dz\/fr\/","name":"EL MAWKIE","description":"Journal \u00c9lectronique Alg\u00e9rien","publisher":{"@id":"https:\/\/elmawkie.dz\/fr\/#organization"},"potentialAction":[{"@type":"SearchAction","target":{"@type":"EntryPoint","urlTemplate":"https:\/\/elmawkie.dz\/fr\/?s={search_term_string}"},"query-input":"required name=search_term_string"}],"inLanguage":"fr-FR"},{"@type":"Organization","@id":"https:\/\/elmawkie.dz\/fr\/#organization","name":"EL MAWKIE","url":"https:\/\/elmawkie.dz\/fr\/","logo":{"@type":"ImageObject","inLanguage":"fr-FR","@id":"https:\/\/elmawkie.dz\/fr\/#\/schema\/logo\/image\/","url":"https:\/\/elmawkie.dz\/fr\/wp-content\/uploads\/2024\/05\/logo1.png","contentUrl":"https:\/\/elmawkie.dz\/fr\/wp-content\/uploads\/2024\/05\/logo1.png","width":1648,"height":652,"caption":"EL MAWKIE"},"image":{"@id":"https:\/\/elmawkie.dz\/fr\/#\/schema\/logo\/image\/"},"sameAs":["https:\/\/www.facebook.com\/profile.php?id=100088407094989&locale=fr_FR"]},{"@type":"Person","@id":"https:\/\/elmawkie.dz\/fr\/#\/schema\/person\/e7bd59d6467874ba5c4723d8a9f0a63c","name":"R\u00e9daction","image":{"@type":"ImageObject","inLanguage":"fr-FR","@id":"https:\/\/elmawkie.dz\/fr\/#\/schema\/person\/image\/","url":"https:\/\/secure.gravatar.com\/avatar\/f0f773456344da4d2788c054a3d30a0c?s=96&d=mm&r=g","contentUrl":"https:\/\/secure.gravatar.com\/avatar\/f0f773456344da4d2788c054a3d30a0c?s=96&d=mm&r=g","caption":"R\u00e9daction"},"url":"https:\/\/elmawkie.dz\/fr\/author\/redaction\/"}]}},"_links":{"self":[{"href":"https:\/\/elmawkie.dz\/fr\/wp-json\/wp\/v2\/posts\/51067","targetHints":{"allow":["GET"]}}],"collection":[{"href":"https:\/\/elmawkie.dz\/fr\/wp-json\/wp\/v2\/posts"}],"about":[{"href":"https:\/\/elmawkie.dz\/fr\/wp-json\/wp\/v2\/types\/post"}],"author":[{"embeddable":true,"href":"https:\/\/elmawkie.dz\/fr\/wp-json\/wp\/v2\/users\/9"}],"replies":[{"embeddable":true,"href":"https:\/\/elmawkie.dz\/fr\/wp-json\/wp\/v2\/comments?post=51067"}],"version-history":[{"count":1,"href":"https:\/\/elmawkie.dz\/fr\/wp-json\/wp\/v2\/posts\/51067\/revisions"}],"predecessor-version":[{"id":51070,"href":"https:\/\/elmawkie.dz\/fr\/wp-json\/wp\/v2\/posts\/51067\/revisions\/51070"}],"wp:featuredmedia":[{"embeddable":true,"href":"https:\/\/elmawkie.dz\/fr\/wp-json\/wp\/v2\/media\/51069"}],"wp:attachment":[{"href":"https:\/\/elmawkie.dz\/fr\/wp-json\/wp\/v2\/media?parent=51067"}],"wp:term":[{"taxonomy":"category","embeddable":true,"href":"https:\/\/elmawkie.dz\/fr\/wp-json\/wp\/v2\/categories?post=51067"},{"taxonomy":"post_tag","embeddable":true,"href":"https:\/\/elmawkie.dz\/fr\/wp-json\/wp\/v2\/tags?post=51067"}],"curies":[{"name":"wp","href":"https:\/\/api.w.org\/{rel}","templated":true}]}}