{"id":51001,"date":"2025-05-08T13:35:54","date_gmt":"2025-05-08T12:35:54","guid":{"rendered":"https:\/\/elmawkie.dz\/fr\/?p=51001"},"modified":"2025-05-08T13:35:56","modified_gmt":"2025-05-08T12:35:56","slug":"le-ministre-des-moudjahidine-preside-a-alger-le-lancement-des-activites-de-la-journee-nationale-de-la-memoire","status":"publish","type":"post","link":"https:\/\/elmawkie.dz\/fr\/le-ministre-des-moudjahidine-preside-a-alger-le-lancement-des-activites-de-la-journee-nationale-de-la-memoire\/","title":{"rendered":"Le ministre des Moudjahidine pr\u00e9side \u00e0 Alger le lancement des activit\u00e9s de la Journ\u00e9e nationale de la m\u00e9moire"},"content":{"rendered":"\n<p><strong>Sous le haut patronage du pr\u00e9sident de la R\u00e9publique, M. Abdelmadjid Tebboune, le ministre des Moudjahidine et des Ayants-droit, La\u00efd Rebiga, a pr\u00e9sid\u00e9, ce jeudi au Palais des Nations \u00e0 Alger, la c\u00e9r\u00e9monie de lancement des activit\u00e9s comm\u00e9moratives de la Journ\u00e9e nationale de la m\u00e9moire, marquant le 80e anniversaire des massacres du 8 mai 1945.<\/strong><\/p>\n\n\n\n<p><strong>L\u2019\u00e9v\u00e9nement s\u2019est tenu en pr\u00e9sence de hauts responsables de l\u2019\u00c9tat, de membres du Gouvernement, ainsi que de repr\u00e9sentants de la famille r\u00e9volutionnaire, de la soci\u00e9t\u00e9 civile et de plusieurs amis de la R\u00e9volution de lib\u00e9ration nationale.<\/strong><\/p>\n\n\n\n<p><strong>Plac\u00e9e sous le th\u00e8me \u00ab Journ\u00e9e de la m\u00e9moire, journ\u00e9e m\u00e9morable pour une \u00e8re esp\u00e9r\u00e9e \u00bb, cette comm\u00e9moration, organis\u00e9e par le minist\u00e8re des Moudjahidine et des Ayants-droit, refl\u00e8te l\u2019attachement profond aux valeurs de fid\u00e9lit\u00e9 \u00e0 la m\u00e9moire des chouhada, tomb\u00e9s au champ d&rsquo;honneur\u00a0<br> en d\u00e9fendant l\u2019Alg\u00e9rie contre l\u2019occupant colonial fran\u00e7ais.\u00a0<br><\/strong><br><br><\/p>\n","protected":false},"excerpt":{"rendered":"<p>Sous le haut patronage du pr\u00e9sident de la R\u00e9publique, M. Abdelmadjid Tebboune, le ministre des Moudjahidine et des Ayants-droit, La\u00efd Rebiga, a pr\u00e9sid\u00e9, ce jeudi au Palais des Nations \u00e0 Alger, la c\u00e9r\u00e9monie de lancement des activit\u00e9s comm\u00e9moratives de la Journ\u00e9e nationale de la m\u00e9moire, marquant le 80e anniversaire des massacres du 8 mai 1945. &hellip;<\/p>\n","protected":false},"author":3,"featured_media":51003,"comment_status":"open","ping_status":"open","sticky":false,"template":"","format":"standard","meta":{"footnotes":""},"categories":[47],"tags":[3677,3676],"class_list":["post-51001","post","type-post","status-publish","format-standard","has-post-thumbnail","hentry","category-national","tag-la-journee-de-la-memoire","tag-le-ministre-des-moudjahidines"],"yoast_head":"<!-- This site is optimized with the Yoast SEO Premium plugin v22.6 (Yoast SEO v22.6) - https:\/\/yoast.com\/wordpress\/plugins\/seo\/ -->\n<title>Le ministre des Moudjahidine pr\u00e9side \u00e0 Alger le lancement des activit\u00e9s de la Journ\u00e9e nationale de la m\u00e9moire - El Mawkie<\/title>\n<meta name=\"robots\" content=\"index, follow, max-snippet:-1, max-image-preview:large, max-video-preview:-1\" \/>\n<link rel=\"canonical\" href=\"https:\/\/elmawkie.dz\/fr\/le-ministre-des-moudjahidine-preside-a-alger-le-lancement-des-activites-de-la-journee-nationale-de-la-memoire\/\" \/>\n<meta property=\"og:locale\" content=\"fr_FR\" \/>\n<meta property=\"og:type\" content=\"article\" \/>\n<meta property=\"og:title\" content=\"Le ministre des Moudjahidine pr\u00e9side \u00e0 Alger le lancement des activit\u00e9s de la Journ\u00e9e nationale de la m\u00e9moire\" \/>\n<meta property=\"og:description\" content=\"Sous le haut patronage du pr\u00e9sident de la R\u00e9publique, M. Abdelmadjid Tebboune, le ministre des Moudjahidine et des Ayants-droit, La\u00efd Rebiga, a pr\u00e9sid\u00e9, ce jeudi au Palais des Nations \u00e0 Alger, la c\u00e9r\u00e9monie de lancement des activit\u00e9s comm\u00e9moratives de la Journ\u00e9e nationale de la m\u00e9moire, marquant le 80e anniversaire des massacres du 8 mai 1945. &hellip;\" \/>\n<meta property=\"og:url\" content=\"https:\/\/elmawkie.dz\/fr\/le-ministre-des-moudjahidine-preside-a-alger-le-lancement-des-activites-de-la-journee-nationale-de-la-memoire\/\" \/>\n<meta property=\"og:site_name\" content=\"El Mawkie\" \/>\n<meta property=\"article:publisher\" content=\"https:\/\/www.facebook.com\/profile.php?id=100088407094989&amp;locale=fr_FR\" \/>\n<meta property=\"article:published_time\" content=\"2025-05-08T12:35:54+00:00\" \/>\n<meta property=\"article:modified_time\" content=\"2025-05-08T12:35:56+00:00\" \/>\n<meta property=\"og:image\" content=\"https:\/\/elmawkie.dz\/fr\/wp-content\/uploads\/2025\/05\/IMG_4758.jpeg\" \/>\n\t<meta property=\"og:image:width\" content=\"1280\" \/>\n\t<meta property=\"og:image:height\" content=\"853\" \/>\n\t<meta property=\"og:image:type\" content=\"image\/jpeg\" \/>\n<meta name=\"author\" content=\"Hamra Fouzia\" \/>\n<meta name=\"twitter:card\" content=\"summary_large_image\" \/>\n<meta name=\"twitter:label1\" content=\"Written by\" \/>\n\t<meta name=\"twitter:data1\" content=\"Hamra Fouzia\" \/>\n\t<meta name=\"twitter:label2\" content=\"Est. reading time\" \/>\n\t<meta name=\"twitter:data2\" content=\"1 minute\" \/>\n<script type=\"application\/ld+json\" class=\"yoast-schema-graph\">{\"@context\":\"https:\/\/schema.org\",\"@graph\":[{\"@type\":\"Article\",\"@id\":\"https:\/\/elmawkie.dz\/fr\/le-ministre-des-moudjahidine-preside-a-alger-le-lancement-des-activites-de-la-journee-nationale-de-la-memoire\/#article\",\"isPartOf\":{\"@id\":\"https:\/\/elmawkie.dz\/fr\/le-ministre-des-moudjahidine-preside-a-alger-le-lancement-des-activites-de-la-journee-nationale-de-la-memoire\/\"},\"author\":{\"name\":\"Hamra Fouzia\",\"@id\":\"https:\/\/elmawkie.dz\/fr\/#\/schema\/person\/4ed8433201bc23634185d8dd37097c64\"},\"headline\":\"Le ministre des Moudjahidine pr\u00e9side \u00e0 Alger le lancement des activit\u00e9s de la Journ\u00e9e nationale de la m\u00e9moire\",\"datePublished\":\"2025-05-08T12:35:54+00:00\",\"dateModified\":\"2025-05-08T12:35:56+00:00\",\"mainEntityOfPage\":{\"@id\":\"https:\/\/elmawkie.dz\/fr\/le-ministre-des-moudjahidine-preside-a-alger-le-lancement-des-activites-de-la-journee-nationale-de-la-memoire\/\"},\"wordCount\":198,\"commentCount\":0,\"publisher\":{\"@id\":\"https:\/\/elmawkie.dz\/fr\/#organization\"},\"image\":{\"@id\":\"https:\/\/elmawkie.dz\/fr\/le-ministre-des-moudjahidine-preside-a-alger-le-lancement-des-activites-de-la-journee-nationale-de-la-memoire\/#primaryimage\"},\"thumbnailUrl\":\"https:\/\/elmawkie.dz\/fr\/wp-content\/uploads\/2025\/05\/IMG_4758.jpeg\",\"keywords\":[\"La journ\u00e9e de la m\u00e9moire\",\"Le ministre des moudjahidines\"],\"articleSection\":[\"National\"],\"inLanguage\":\"fr-FR\",\"potentialAction\":[{\"@type\":\"CommentAction\",\"name\":\"Comment\",\"target\":[\"https:\/\/elmawkie.dz\/fr\/le-ministre-des-moudjahidine-preside-a-alger-le-lancement-des-activites-de-la-journee-nationale-de-la-memoire\/#respond\"]}]},{\"@type\":\"WebPage\",\"@id\":\"https:\/\/elmawkie.dz\/fr\/le-ministre-des-moudjahidine-preside-a-alger-le-lancement-des-activites-de-la-journee-nationale-de-la-memoire\/\",\"url\":\"https:\/\/elmawkie.dz\/fr\/le-ministre-des-moudjahidine-preside-a-alger-le-lancement-des-activites-de-la-journee-nationale-de-la-memoire\/\",\"name\":\"Le ministre des Moudjahidine pr\u00e9side \u00e0 Alger le lancement des activit\u00e9s de la Journ\u00e9e nationale de la m\u00e9moire - El Mawkie\",\"isPartOf\":{\"@id\":\"https:\/\/elmawkie.dz\/fr\/#website\"},\"primaryImageOfPage\":{\"@id\":\"https:\/\/elmawkie.dz\/fr\/le-ministre-des-moudjahidine-preside-a-alger-le-lancement-des-activites-de-la-journee-nationale-de-la-memoire\/#primaryimage\"},\"image\":{\"@id\":\"https:\/\/elmawkie.dz\/fr\/le-ministre-des-moudjahidine-preside-a-alger-le-lancement-des-activites-de-la-journee-nationale-de-la-memoire\/#primaryimage\"},\"thumbnailUrl\":\"https:\/\/elmawkie.dz\/fr\/wp-content\/uploads\/2025\/05\/IMG_4758.jpeg\",\"datePublished\":\"2025-05-08T12:35:54+00:00\",\"dateModified\":\"2025-05-08T12:35:56+00:00\",\"breadcrumb\":{\"@id\":\"https:\/\/elmawkie.dz\/fr\/le-ministre-des-moudjahidine-preside-a-alger-le-lancement-des-activites-de-la-journee-nationale-de-la-memoire\/#breadcrumb\"},\"inLanguage\":\"fr-FR\",\"potentialAction\":[{\"@type\":\"ReadAction\",\"target\":[\"https:\/\/elmawkie.dz\/fr\/le-ministre-des-moudjahidine-preside-a-alger-le-lancement-des-activites-de-la-journee-nationale-de-la-memoire\/\"]}]},{\"@type\":\"ImageObject\",\"inLanguage\":\"fr-FR\",\"@id\":\"https:\/\/elmawkie.dz\/fr\/le-ministre-des-moudjahidine-preside-a-alger-le-lancement-des-activites-de-la-journee-nationale-de-la-memoire\/#primaryimage\",\"url\":\"https:\/\/elmawkie.dz\/fr\/wp-content\/uploads\/2025\/05\/IMG_4758.jpeg\",\"contentUrl\":\"https:\/\/elmawkie.dz\/fr\/wp-content\/uploads\/2025\/05\/IMG_4758.jpeg\",\"width\":1280,\"height\":853},{\"@type\":\"BreadcrumbList\",\"@id\":\"https:\/\/elmawkie.dz\/fr\/le-ministre-des-moudjahidine-preside-a-alger-le-lancement-des-activites-de-la-journee-nationale-de-la-memoire\/#breadcrumb\",\"itemListElement\":[{\"@type\":\"ListItem\",\"position\":1,\"name\":\"Home\",\"item\":\"https:\/\/elmawkie.dz\/fr\/\"},{\"@type\":\"ListItem\",\"position\":2,\"name\":\"Le ministre des Moudjahidine pr\u00e9side \u00e0 Alger le lancement des activit\u00e9s de la Journ\u00e9e nationale de la m\u00e9moire\"}]},{\"@type\":\"WebSite\",\"@id\":\"https:\/\/elmawkie.dz\/fr\/#website\",\"url\":\"https:\/\/elmawkie.dz\/fr\/\",\"name\":\"EL MAWKIE\",\"description\":\"Journal \u00c9lectronique Alg\u00e9rien\",\"publisher\":{\"@id\":\"https:\/\/elmawkie.dz\/fr\/#organization\"},\"potentialAction\":[{\"@type\":\"SearchAction\",\"target\":{\"@type\":\"EntryPoint\",\"urlTemplate\":\"https:\/\/elmawkie.dz\/fr\/?s={search_term_string}\"},\"query-input\":\"required name=search_term_string\"}],\"inLanguage\":\"fr-FR\"},{\"@type\":\"Organization\",\"@id\":\"https:\/\/elmawkie.dz\/fr\/#organization\",\"name\":\"EL MAWKIE\",\"url\":\"https:\/\/elmawkie.dz\/fr\/\",\"logo\":{\"@type\":\"ImageObject\",\"inLanguage\":\"fr-FR\",\"@id\":\"https:\/\/elmawkie.dz\/fr\/#\/schema\/logo\/image\/\",\"url\":\"https:\/\/elmawkie.dz\/fr\/wp-content\/uploads\/2024\/05\/logo1.png\",\"contentUrl\":\"https:\/\/elmawkie.dz\/fr\/wp-content\/uploads\/2024\/05\/logo1.png\",\"width\":1648,\"height\":652,\"caption\":\"EL MAWKIE\"},\"image\":{\"@id\":\"https:\/\/elmawkie.dz\/fr\/#\/schema\/logo\/image\/\"},\"sameAs\":[\"https:\/\/www.facebook.com\/profile.php?id=100088407094989&locale=fr_FR\"]},{\"@type\":\"Person\",\"@id\":\"https:\/\/elmawkie.dz\/fr\/#\/schema\/person\/4ed8433201bc23634185d8dd37097c64\",\"name\":\"Hamra Fouzia\",\"image\":{\"@type\":\"ImageObject\",\"inLanguage\":\"fr-FR\",\"@id\":\"https:\/\/elmawkie.dz\/fr\/#\/schema\/person\/image\/\",\"url\":\"https:\/\/secure.gravatar.com\/avatar\/ea215268aad51f3219f9a59227db6fa1?s=96&d=mm&r=g\",\"contentUrl\":\"https:\/\/secure.gravatar.com\/avatar\/ea215268aad51f3219f9a59227db6fa1?s=96&d=mm&r=g\",\"caption\":\"Hamra Fouzia\"},\"sameAs\":[\"https:\/\/elmawkie.dz\/fr\"],\"url\":\"https:\/\/elmawkie.dz\/fr\/author\/elmawkie\/\"}]}<\/script>\n<!-- \/ Yoast SEO Premium plugin. -->","yoast_head_json":{"title":"Le ministre des Moudjahidine pr\u00e9side \u00e0 Alger le lancement des activit\u00e9s de la Journ\u00e9e nationale de la m\u00e9moire - El Mawkie","robots":{"index":"index","follow":"follow","max-snippet":"max-snippet:-1","max-image-preview":"max-image-preview:large","max-video-preview":"max-video-preview:-1"},"canonical":"https:\/\/elmawkie.dz\/fr\/le-ministre-des-moudjahidine-preside-a-alger-le-lancement-des-activites-de-la-journee-nationale-de-la-memoire\/","og_locale":"fr_FR","og_type":"article","og_title":"Le ministre des Moudjahidine pr\u00e9side \u00e0 Alger le lancement des activit\u00e9s de la Journ\u00e9e nationale de la m\u00e9moire","og_description":"Sous le haut patronage du pr\u00e9sident de la R\u00e9publique, M. Abdelmadjid Tebboune, le ministre des Moudjahidine et des Ayants-droit, La\u00efd Rebiga, a pr\u00e9sid\u00e9, ce jeudi au Palais des Nations \u00e0 Alger, la c\u00e9r\u00e9monie de lancement des activit\u00e9s comm\u00e9moratives de la Journ\u00e9e nationale de la m\u00e9moire, marquant le 80e anniversaire des massacres du 8 mai 1945. &hellip;","og_url":"https:\/\/elmawkie.dz\/fr\/le-ministre-des-moudjahidine-preside-a-alger-le-lancement-des-activites-de-la-journee-nationale-de-la-memoire\/","og_site_name":"El Mawkie","article_publisher":"https:\/\/www.facebook.com\/profile.php?id=100088407094989&locale=fr_FR","article_published_time":"2025-05-08T12:35:54+00:00","article_modified_time":"2025-05-08T12:35:56+00:00","og_image":[{"width":1280,"height":853,"url":"https:\/\/elmawkie.dz\/fr\/wp-content\/uploads\/2025\/05\/IMG_4758.jpeg","type":"image\/jpeg"}],"author":"Hamra Fouzia","twitter_card":"summary_large_image","twitter_misc":{"Written by":"Hamra Fouzia","Est. reading time":"1 minute"},"schema":{"@context":"https:\/\/schema.org","@graph":[{"@type":"Article","@id":"https:\/\/elmawkie.dz\/fr\/le-ministre-des-moudjahidine-preside-a-alger-le-lancement-des-activites-de-la-journee-nationale-de-la-memoire\/#article","isPartOf":{"@id":"https:\/\/elmawkie.dz\/fr\/le-ministre-des-moudjahidine-preside-a-alger-le-lancement-des-activites-de-la-journee-nationale-de-la-memoire\/"},"author":{"name":"Hamra Fouzia","@id":"https:\/\/elmawkie.dz\/fr\/#\/schema\/person\/4ed8433201bc23634185d8dd37097c64"},"headline":"Le ministre des Moudjahidine pr\u00e9side \u00e0 Alger le lancement des activit\u00e9s de la Journ\u00e9e nationale de la m\u00e9moire","datePublished":"2025-05-08T12:35:54+00:00","dateModified":"2025-05-08T12:35:56+00:00","mainEntityOfPage":{"@id":"https:\/\/elmawkie.dz\/fr\/le-ministre-des-moudjahidine-preside-a-alger-le-lancement-des-activites-de-la-journee-nationale-de-la-memoire\/"},"wordCount":198,"commentCount":0,"publisher":{"@id":"https:\/\/elmawkie.dz\/fr\/#organization"},"image":{"@id":"https:\/\/elmawkie.dz\/fr\/le-ministre-des-moudjahidine-preside-a-alger-le-lancement-des-activites-de-la-journee-nationale-de-la-memoire\/#primaryimage"},"thumbnailUrl":"https:\/\/elmawkie.dz\/fr\/wp-content\/uploads\/2025\/05\/IMG_4758.jpeg","keywords":["La journ\u00e9e de la m\u00e9moire","Le ministre des moudjahidines"],"articleSection":["National"],"inLanguage":"fr-FR","potentialAction":[{"@type":"CommentAction","name":"Comment","target":["https:\/\/elmawkie.dz\/fr\/le-ministre-des-moudjahidine-preside-a-alger-le-lancement-des-activites-de-la-journee-nationale-de-la-memoire\/#respond"]}]},{"@type":"WebPage","@id":"https:\/\/elmawkie.dz\/fr\/le-ministre-des-moudjahidine-preside-a-alger-le-lancement-des-activites-de-la-journee-nationale-de-la-memoire\/","url":"https:\/\/elmawkie.dz\/fr\/le-ministre-des-moudjahidine-preside-a-alger-le-lancement-des-activites-de-la-journee-nationale-de-la-memoire\/","name":"Le ministre des Moudjahidine pr\u00e9side \u00e0 Alger le lancement des activit\u00e9s de la Journ\u00e9e nationale de la m\u00e9moire - El Mawkie","isPartOf":{"@id":"https:\/\/elmawkie.dz\/fr\/#website"},"primaryImageOfPage":{"@id":"https:\/\/elmawkie.dz\/fr\/le-ministre-des-moudjahidine-preside-a-alger-le-lancement-des-activites-de-la-journee-nationale-de-la-memoire\/#primaryimage"},"image":{"@id":"https:\/\/elmawkie.dz\/fr\/le-ministre-des-moudjahidine-preside-a-alger-le-lancement-des-activites-de-la-journee-nationale-de-la-memoire\/#primaryimage"},"thumbnailUrl":"https:\/\/elmawkie.dz\/fr\/wp-content\/uploads\/2025\/05\/IMG_4758.jpeg","datePublished":"2025-05-08T12:35:54+00:00","dateModified":"2025-05-08T12:35:56+00:00","breadcrumb":{"@id":"https:\/\/elmawkie.dz\/fr\/le-ministre-des-moudjahidine-preside-a-alger-le-lancement-des-activites-de-la-journee-nationale-de-la-memoire\/#breadcrumb"},"inLanguage":"fr-FR","potentialAction":[{"@type":"ReadAction","target":["https:\/\/elmawkie.dz\/fr\/le-ministre-des-moudjahidine-preside-a-alger-le-lancement-des-activites-de-la-journee-nationale-de-la-memoire\/"]}]},{"@type":"ImageObject","inLanguage":"fr-FR","@id":"https:\/\/elmawkie.dz\/fr\/le-ministre-des-moudjahidine-preside-a-alger-le-lancement-des-activites-de-la-journee-nationale-de-la-memoire\/#primaryimage","url":"https:\/\/elmawkie.dz\/fr\/wp-content\/uploads\/2025\/05\/IMG_4758.jpeg","contentUrl":"https:\/\/elmawkie.dz\/fr\/wp-content\/uploads\/2025\/05\/IMG_4758.jpeg","width":1280,"height":853},{"@type":"BreadcrumbList","@id":"https:\/\/elmawkie.dz\/fr\/le-ministre-des-moudjahidine-preside-a-alger-le-lancement-des-activites-de-la-journee-nationale-de-la-memoire\/#breadcrumb","itemListElement":[{"@type":"ListItem","position":1,"name":"Home","item":"https:\/\/elmawkie.dz\/fr\/"},{"@type":"ListItem","position":2,"name":"Le ministre des Moudjahidine pr\u00e9side \u00e0 Alger le lancement des activit\u00e9s de la Journ\u00e9e nationale de la m\u00e9moire"}]},{"@type":"WebSite","@id":"https:\/\/elmawkie.dz\/fr\/#website","url":"https:\/\/elmawkie.dz\/fr\/","name":"EL MAWKIE","description":"Journal \u00c9lectronique Alg\u00e9rien","publisher":{"@id":"https:\/\/elmawkie.dz\/fr\/#organization"},"potentialAction":[{"@type":"SearchAction","target":{"@type":"EntryPoint","urlTemplate":"https:\/\/elmawkie.dz\/fr\/?s={search_term_string}"},"query-input":"required name=search_term_string"}],"inLanguage":"fr-FR"},{"@type":"Organization","@id":"https:\/\/elmawkie.dz\/fr\/#organization","name":"EL MAWKIE","url":"https:\/\/elmawkie.dz\/fr\/","logo":{"@type":"ImageObject","inLanguage":"fr-FR","@id":"https:\/\/elmawkie.dz\/fr\/#\/schema\/logo\/image\/","url":"https:\/\/elmawkie.dz\/fr\/wp-content\/uploads\/2024\/05\/logo1.png","contentUrl":"https:\/\/elmawkie.dz\/fr\/wp-content\/uploads\/2024\/05\/logo1.png","width":1648,"height":652,"caption":"EL MAWKIE"},"image":{"@id":"https:\/\/elmawkie.dz\/fr\/#\/schema\/logo\/image\/"},"sameAs":["https:\/\/www.facebook.com\/profile.php?id=100088407094989&locale=fr_FR"]},{"@type":"Person","@id":"https:\/\/elmawkie.dz\/fr\/#\/schema\/person\/4ed8433201bc23634185d8dd37097c64","name":"Hamra Fouzia","image":{"@type":"ImageObject","inLanguage":"fr-FR","@id":"https:\/\/elmawkie.dz\/fr\/#\/schema\/person\/image\/","url":"https:\/\/secure.gravatar.com\/avatar\/ea215268aad51f3219f9a59227db6fa1?s=96&d=mm&r=g","contentUrl":"https:\/\/secure.gravatar.com\/avatar\/ea215268aad51f3219f9a59227db6fa1?s=96&d=mm&r=g","caption":"Hamra Fouzia"},"sameAs":["https:\/\/elmawkie.dz\/fr"],"url":"https:\/\/elmawkie.dz\/fr\/author\/elmawkie\/"}]}},"_links":{"self":[{"href":"https:\/\/elmawkie.dz\/fr\/wp-json\/wp\/v2\/posts\/51001","targetHints":{"allow":["GET"]}}],"collection":[{"href":"https:\/\/elmawkie.dz\/fr\/wp-json\/wp\/v2\/posts"}],"about":[{"href":"https:\/\/elmawkie.dz\/fr\/wp-json\/wp\/v2\/types\/post"}],"author":[{"embeddable":true,"href":"https:\/\/elmawkie.dz\/fr\/wp-json\/wp\/v2\/users\/3"}],"replies":[{"embeddable":true,"href":"https:\/\/elmawkie.dz\/fr\/wp-json\/wp\/v2\/comments?post=51001"}],"version-history":[{"count":1,"href":"https:\/\/elmawkie.dz\/fr\/wp-json\/wp\/v2\/posts\/51001\/revisions"}],"predecessor-version":[{"id":51004,"href":"https:\/\/elmawkie.dz\/fr\/wp-json\/wp\/v2\/posts\/51001\/revisions\/51004"}],"wp:featuredmedia":[{"embeddable":true,"href":"https:\/\/elmawkie.dz\/fr\/wp-json\/wp\/v2\/media\/51003"}],"wp:attachment":[{"href":"https:\/\/elmawkie.dz\/fr\/wp-json\/wp\/v2\/media?parent=51001"}],"wp:term":[{"taxonomy":"category","embeddable":true,"href":"https:\/\/elmawkie.dz\/fr\/wp-json\/wp\/v2\/categories?post=51001"},{"taxonomy":"post_tag","embeddable":true,"href":"https:\/\/elmawkie.dz\/fr\/wp-json\/wp\/v2\/tags?post=51001"}],"curies":[{"name":"wp","href":"https:\/\/api.w.org\/{rel}","templated":true}]}}