{"id":50876,"date":"2025-05-06T11:21:21","date_gmt":"2025-05-06T10:21:21","guid":{"rendered":"https:\/\/elmawkie.dz\/fr\/?p=50876"},"modified":"2025-05-06T11:21:22","modified_gmt":"2025-05-06T10:21:22","slug":"oran-relogement-de-243-familles-sinistrees","status":"publish","type":"post","link":"https:\/\/elmawkie.dz\/fr\/oran-relogement-de-243-familles-sinistrees\/","title":{"rendered":"Oran : relogement de 243 familles sinistr\u00e9es"},"content":{"rendered":"\n<p>Un total de 243 familles touch\u00e9es par le glissement de terrain survenu au quartier Es-Sanaoubar (Oran) ont \u00e9t\u00e9 relog\u00e9es dans de nouveaux logements situ\u00e9s dans les communes de Misserghine et Oued Tlelat, dans le cadre de la deuxi\u00e8me phase de l&rsquo;op\u00e9ration de prise en charge des sinistr\u00e9s, a-t-on appris, mardi, aupr\u00e8s des services de l\u2019Office de promotion et de gestion immobili\u00e8re (OPGI). Les services de la wilaya, en coordination avec la da\u00efra et la commune d\u2019Oran, la direction du logement et l\u2019OPGI, et sur instruction du wali d\u2019Oran, Samir Chibani, ont lanc\u00e9 lundi soir l\u2019op\u00e9ration de relogement de 129 familles au niveau du site des 2.000 logements publics locatifs \u00e0 Oued Tlelat, et de 114 familles au niveau de la cit\u00e9 900 logements publics locatifs \u00e0 Misserghine. Une fois l\u2019op\u00e9ration de relogement achev\u00e9e, les habitations endommag\u00e9es et mena\u00e7ant de s\u2019effondrer ont \u00e9t\u00e9 d\u00e9molies, selon la m\u00eame source, qui a pr\u00e9cis\u00e9 que \u00a0\u00bbtous les moyens humains et mat\u00e9riels ont \u00e9t\u00e9 mobilis\u00e9s pour cette op\u00e9ration\u00a0\u00bb. Pour rappel, le jour m\u00eame de l\u2019accident, survenu fin avril dernier, 183 familles avaient d\u00e9j\u00e0 \u00e9t\u00e9 relog\u00e9es dans des logements neufs, en ex\u00e9cution des instructions du Pr\u00e9sident de la R\u00e9publique, M. Abdelmadjid Tebboune, ordonnant une prise en charge imm\u00e9diate des citoyens touch\u00e9s par ce sinistre. Le chef de la da\u00efra d\u2019Oran par int\u00e9rim, M. Mohamed Meziane, avait d\u00e9clar\u00e9 auparavant \u00e0 la presse que toutes les familles sinistr\u00e9es vivant dans une zone \u00e0 risque autour du lieu du glissement de terrain au quartier Es-Sanaoubar seraient prises en charge, conform\u00e9ment au rapport d\u2019expertise de l\u2019Organisme de contr\u00f4le technique de construction (CTC), en pr\u00e9cisant que \u00a0\u00bbles familles non encore relog\u00e9es seront prises en charge selon la loi, d\u00e8s la fin des v\u00e9rifications dans le fichier national du logement\u00a0\u00bb. Le glissement de terrain, survenu \u00e0 l\u2019endroit appel\u00e9 \u00a0\u00bbTerrain Chabat\u00a0\u00bb, au niveau du quartier Es-Sanaoubar, dans la commune d\u2019Oran, avait caus\u00e9 la mort de quatre personnes et bless\u00e9 treize autres. Suite \u00e0 ce drame, une d\u00e9l\u00e9gation minist\u00e9rielle s\u2019\u00e9tait rendue \u00e0 Oran sur ordre du Pr\u00e9sident de la R\u00e9publique, pour s\u2019enqu\u00e9rir de l\u2019\u00e9tat des bless\u00e9s et proposer des solutions aux sinistr\u00e9s. Cette d\u00e9l\u00e9gation \u00e9tait compos\u00e9e du ministre de l\u2019Int\u00e9rieur, des Collectivit\u00e9s locales et de l\u2019Am\u00e9nagement du territoire, Brahim Merad, de la ministre de la Solidarit\u00e9 nationale, de la Famille et de la Condition de la femme, Soraya Mouloudji, du ministre de l\u2019Habitat, de l\u2019Urbanisme et de la Ville, Mohamed Tarek Belaribi, accompagn\u00e9s du directeur g\u00e9n\u00e9ral de la S\u00fbret\u00e9 nationale, Ali Badaoui, et du directeur g\u00e9n\u00e9ral de la Protection civile, Boualem Boughelaf.<\/p>\n","protected":false},"excerpt":{"rendered":"<p>Un total de 243 familles touch\u00e9es par le glissement de terrain survenu au quartier Es-Sanaoubar (Oran) ont \u00e9t\u00e9 relog\u00e9es dans de nouveaux logements situ\u00e9s dans les communes de Misserghine et Oued Tlelat, dans le cadre de la deuxi\u00e8me phase de l&rsquo;op\u00e9ration de prise en charge des sinistr\u00e9s, a-t-on appris, mardi, aupr\u00e8s des services de l\u2019Office &hellip;<\/p>\n","protected":false},"author":9,"featured_media":50878,"comment_status":"open","ping_status":"open","sticky":false,"template":"","format":"standard","meta":{"footnotes":""},"categories":[50],"tags":[3641,75,1360],"class_list":["post-50876","post","type-post","status-publish","format-standard","has-post-thumbnail","hentry","category-region","tag-243-familles","tag-oran","tag-relogement"],"yoast_head":"<!-- This site is optimized with the Yoast SEO Premium plugin v22.6 (Yoast SEO v22.6) - https:\/\/yoast.com\/wordpress\/plugins\/seo\/ -->\n<title>Oran : relogement de 243 familles sinistr\u00e9es - El Mawkie<\/title>\n<meta name=\"robots\" content=\"index, follow, max-snippet:-1, max-image-preview:large, max-video-preview:-1\" \/>\n<link rel=\"canonical\" href=\"https:\/\/elmawkie.dz\/fr\/oran-relogement-de-243-familles-sinistrees\/\" \/>\n<meta property=\"og:locale\" content=\"fr_FR\" \/>\n<meta property=\"og:type\" content=\"article\" \/>\n<meta property=\"og:title\" content=\"Oran : relogement de 243 familles sinistr\u00e9es\" \/>\n<meta property=\"og:description\" content=\"Un total de 243 familles touch\u00e9es par le glissement de terrain survenu au quartier Es-Sanaoubar (Oran) ont \u00e9t\u00e9 relog\u00e9es dans de nouveaux logements situ\u00e9s dans les communes de Misserghine et Oued Tlelat, dans le cadre de la deuxi\u00e8me phase de l&rsquo;op\u00e9ration de prise en charge des sinistr\u00e9s, a-t-on appris, mardi, aupr\u00e8s des services de l\u2019Office &hellip;\" \/>\n<meta property=\"og:url\" content=\"https:\/\/elmawkie.dz\/fr\/oran-relogement-de-243-familles-sinistrees\/\" \/>\n<meta property=\"og:site_name\" content=\"El Mawkie\" \/>\n<meta property=\"article:publisher\" content=\"https:\/\/www.facebook.com\/profile.php?id=100088407094989&amp;locale=fr_FR\" \/>\n<meta property=\"article:published_time\" content=\"2025-05-06T10:21:21+00:00\" \/>\n<meta property=\"article:modified_time\" content=\"2025-05-06T10:21:22+00:00\" \/>\n<meta property=\"og:image\" content=\"https:\/\/elmawkie.dz\/fr\/wp-content\/uploads\/2025\/05\/IMG_4561.jpeg\" \/>\n\t<meta property=\"og:image:width\" content=\"1000\" \/>\n\t<meta property=\"og:image:height\" content=\"563\" \/>\n\t<meta property=\"og:image:type\" content=\"image\/jpeg\" \/>\n<meta name=\"author\" content=\"R\u00e9daction\" \/>\n<meta name=\"twitter:card\" content=\"summary_large_image\" \/>\n<meta name=\"twitter:label1\" content=\"Written by\" \/>\n\t<meta name=\"twitter:data1\" content=\"R\u00e9daction\" \/>\n\t<meta name=\"twitter:label2\" content=\"Est. reading time\" \/>\n\t<meta name=\"twitter:data2\" content=\"3 minutes\" \/>\n<script type=\"application\/ld+json\" class=\"yoast-schema-graph\">{\"@context\":\"https:\/\/schema.org\",\"@graph\":[{\"@type\":\"Article\",\"@id\":\"https:\/\/elmawkie.dz\/fr\/oran-relogement-de-243-familles-sinistrees\/#article\",\"isPartOf\":{\"@id\":\"https:\/\/elmawkie.dz\/fr\/oran-relogement-de-243-familles-sinistrees\/\"},\"author\":{\"name\":\"R\u00e9daction\",\"@id\":\"https:\/\/elmawkie.dz\/fr\/#\/schema\/person\/e7bd59d6467874ba5c4723d8a9f0a63c\"},\"headline\":\"Oran : relogement de 243 familles sinistr\u00e9es\",\"datePublished\":\"2025-05-06T10:21:21+00:00\",\"dateModified\":\"2025-05-06T10:21:22+00:00\",\"mainEntityOfPage\":{\"@id\":\"https:\/\/elmawkie.dz\/fr\/oran-relogement-de-243-familles-sinistrees\/\"},\"wordCount\":490,\"commentCount\":0,\"publisher\":{\"@id\":\"https:\/\/elmawkie.dz\/fr\/#organization\"},\"image\":{\"@id\":\"https:\/\/elmawkie.dz\/fr\/oran-relogement-de-243-familles-sinistrees\/#primaryimage\"},\"thumbnailUrl\":\"https:\/\/elmawkie.dz\/fr\/wp-content\/uploads\/2025\/05\/IMG_4561.jpeg\",\"keywords\":[\"243 familles\",\"Oran\",\"Relogement\"],\"articleSection\":[\"R\u00e9gion\"],\"inLanguage\":\"fr-FR\",\"potentialAction\":[{\"@type\":\"CommentAction\",\"name\":\"Comment\",\"target\":[\"https:\/\/elmawkie.dz\/fr\/oran-relogement-de-243-familles-sinistrees\/#respond\"]}]},{\"@type\":\"WebPage\",\"@id\":\"https:\/\/elmawkie.dz\/fr\/oran-relogement-de-243-familles-sinistrees\/\",\"url\":\"https:\/\/elmawkie.dz\/fr\/oran-relogement-de-243-familles-sinistrees\/\",\"name\":\"Oran : relogement de 243 familles sinistr\u00e9es - El Mawkie\",\"isPartOf\":{\"@id\":\"https:\/\/elmawkie.dz\/fr\/#website\"},\"primaryImageOfPage\":{\"@id\":\"https:\/\/elmawkie.dz\/fr\/oran-relogement-de-243-familles-sinistrees\/#primaryimage\"},\"image\":{\"@id\":\"https:\/\/elmawkie.dz\/fr\/oran-relogement-de-243-familles-sinistrees\/#primaryimage\"},\"thumbnailUrl\":\"https:\/\/elmawkie.dz\/fr\/wp-content\/uploads\/2025\/05\/IMG_4561.jpeg\",\"datePublished\":\"2025-05-06T10:21:21+00:00\",\"dateModified\":\"2025-05-06T10:21:22+00:00\",\"breadcrumb\":{\"@id\":\"https:\/\/elmawkie.dz\/fr\/oran-relogement-de-243-familles-sinistrees\/#breadcrumb\"},\"inLanguage\":\"fr-FR\",\"potentialAction\":[{\"@type\":\"ReadAction\",\"target\":[\"https:\/\/elmawkie.dz\/fr\/oran-relogement-de-243-familles-sinistrees\/\"]}]},{\"@type\":\"ImageObject\",\"inLanguage\":\"fr-FR\",\"@id\":\"https:\/\/elmawkie.dz\/fr\/oran-relogement-de-243-familles-sinistrees\/#primaryimage\",\"url\":\"https:\/\/elmawkie.dz\/fr\/wp-content\/uploads\/2025\/05\/IMG_4561.jpeg\",\"contentUrl\":\"https:\/\/elmawkie.dz\/fr\/wp-content\/uploads\/2025\/05\/IMG_4561.jpeg\",\"width\":1000,\"height\":563},{\"@type\":\"BreadcrumbList\",\"@id\":\"https:\/\/elmawkie.dz\/fr\/oran-relogement-de-243-familles-sinistrees\/#breadcrumb\",\"itemListElement\":[{\"@type\":\"ListItem\",\"position\":1,\"name\":\"Home\",\"item\":\"https:\/\/elmawkie.dz\/fr\/\"},{\"@type\":\"ListItem\",\"position\":2,\"name\":\"Oran : relogement de 243 familles sinistr\u00e9es\"}]},{\"@type\":\"WebSite\",\"@id\":\"https:\/\/elmawkie.dz\/fr\/#website\",\"url\":\"https:\/\/elmawkie.dz\/fr\/\",\"name\":\"EL MAWKIE\",\"description\":\"Journal \u00c9lectronique Alg\u00e9rien\",\"publisher\":{\"@id\":\"https:\/\/elmawkie.dz\/fr\/#organization\"},\"potentialAction\":[{\"@type\":\"SearchAction\",\"target\":{\"@type\":\"EntryPoint\",\"urlTemplate\":\"https:\/\/elmawkie.dz\/fr\/?s={search_term_string}\"},\"query-input\":\"required name=search_term_string\"}],\"inLanguage\":\"fr-FR\"},{\"@type\":\"Organization\",\"@id\":\"https:\/\/elmawkie.dz\/fr\/#organization\",\"name\":\"EL MAWKIE\",\"url\":\"https:\/\/elmawkie.dz\/fr\/\",\"logo\":{\"@type\":\"ImageObject\",\"inLanguage\":\"fr-FR\",\"@id\":\"https:\/\/elmawkie.dz\/fr\/#\/schema\/logo\/image\/\",\"url\":\"https:\/\/elmawkie.dz\/fr\/wp-content\/uploads\/2024\/05\/logo1.png\",\"contentUrl\":\"https:\/\/elmawkie.dz\/fr\/wp-content\/uploads\/2024\/05\/logo1.png\",\"width\":1648,\"height\":652,\"caption\":\"EL MAWKIE\"},\"image\":{\"@id\":\"https:\/\/elmawkie.dz\/fr\/#\/schema\/logo\/image\/\"},\"sameAs\":[\"https:\/\/www.facebook.com\/profile.php?id=100088407094989&locale=fr_FR\"]},{\"@type\":\"Person\",\"@id\":\"https:\/\/elmawkie.dz\/fr\/#\/schema\/person\/e7bd59d6467874ba5c4723d8a9f0a63c\",\"name\":\"R\u00e9daction\",\"image\":{\"@type\":\"ImageObject\",\"inLanguage\":\"fr-FR\",\"@id\":\"https:\/\/elmawkie.dz\/fr\/#\/schema\/person\/image\/\",\"url\":\"https:\/\/secure.gravatar.com\/avatar\/f0f773456344da4d2788c054a3d30a0c?s=96&d=mm&r=g\",\"contentUrl\":\"https:\/\/secure.gravatar.com\/avatar\/f0f773456344da4d2788c054a3d30a0c?s=96&d=mm&r=g\",\"caption\":\"R\u00e9daction\"},\"url\":\"https:\/\/elmawkie.dz\/fr\/author\/redaction\/\"}]}<\/script>\n<!-- \/ Yoast SEO Premium plugin. -->","yoast_head_json":{"title":"Oran : relogement de 243 familles sinistr\u00e9es - El Mawkie","robots":{"index":"index","follow":"follow","max-snippet":"max-snippet:-1","max-image-preview":"max-image-preview:large","max-video-preview":"max-video-preview:-1"},"canonical":"https:\/\/elmawkie.dz\/fr\/oran-relogement-de-243-familles-sinistrees\/","og_locale":"fr_FR","og_type":"article","og_title":"Oran : relogement de 243 familles sinistr\u00e9es","og_description":"Un total de 243 familles touch\u00e9es par le glissement de terrain survenu au quartier Es-Sanaoubar (Oran) ont \u00e9t\u00e9 relog\u00e9es dans de nouveaux logements situ\u00e9s dans les communes de Misserghine et Oued Tlelat, dans le cadre de la deuxi\u00e8me phase de l&rsquo;op\u00e9ration de prise en charge des sinistr\u00e9s, a-t-on appris, mardi, aupr\u00e8s des services de l\u2019Office &hellip;","og_url":"https:\/\/elmawkie.dz\/fr\/oran-relogement-de-243-familles-sinistrees\/","og_site_name":"El Mawkie","article_publisher":"https:\/\/www.facebook.com\/profile.php?id=100088407094989&locale=fr_FR","article_published_time":"2025-05-06T10:21:21+00:00","article_modified_time":"2025-05-06T10:21:22+00:00","og_image":[{"width":1000,"height":563,"url":"https:\/\/elmawkie.dz\/fr\/wp-content\/uploads\/2025\/05\/IMG_4561.jpeg","type":"image\/jpeg"}],"author":"R\u00e9daction","twitter_card":"summary_large_image","twitter_misc":{"Written by":"R\u00e9daction","Est. reading time":"3 minutes"},"schema":{"@context":"https:\/\/schema.org","@graph":[{"@type":"Article","@id":"https:\/\/elmawkie.dz\/fr\/oran-relogement-de-243-familles-sinistrees\/#article","isPartOf":{"@id":"https:\/\/elmawkie.dz\/fr\/oran-relogement-de-243-familles-sinistrees\/"},"author":{"name":"R\u00e9daction","@id":"https:\/\/elmawkie.dz\/fr\/#\/schema\/person\/e7bd59d6467874ba5c4723d8a9f0a63c"},"headline":"Oran : relogement de 243 familles sinistr\u00e9es","datePublished":"2025-05-06T10:21:21+00:00","dateModified":"2025-05-06T10:21:22+00:00","mainEntityOfPage":{"@id":"https:\/\/elmawkie.dz\/fr\/oran-relogement-de-243-familles-sinistrees\/"},"wordCount":490,"commentCount":0,"publisher":{"@id":"https:\/\/elmawkie.dz\/fr\/#organization"},"image":{"@id":"https:\/\/elmawkie.dz\/fr\/oran-relogement-de-243-familles-sinistrees\/#primaryimage"},"thumbnailUrl":"https:\/\/elmawkie.dz\/fr\/wp-content\/uploads\/2025\/05\/IMG_4561.jpeg","keywords":["243 familles","Oran","Relogement"],"articleSection":["R\u00e9gion"],"inLanguage":"fr-FR","potentialAction":[{"@type":"CommentAction","name":"Comment","target":["https:\/\/elmawkie.dz\/fr\/oran-relogement-de-243-familles-sinistrees\/#respond"]}]},{"@type":"WebPage","@id":"https:\/\/elmawkie.dz\/fr\/oran-relogement-de-243-familles-sinistrees\/","url":"https:\/\/elmawkie.dz\/fr\/oran-relogement-de-243-familles-sinistrees\/","name":"Oran : relogement de 243 familles sinistr\u00e9es - El Mawkie","isPartOf":{"@id":"https:\/\/elmawkie.dz\/fr\/#website"},"primaryImageOfPage":{"@id":"https:\/\/elmawkie.dz\/fr\/oran-relogement-de-243-familles-sinistrees\/#primaryimage"},"image":{"@id":"https:\/\/elmawkie.dz\/fr\/oran-relogement-de-243-familles-sinistrees\/#primaryimage"},"thumbnailUrl":"https:\/\/elmawkie.dz\/fr\/wp-content\/uploads\/2025\/05\/IMG_4561.jpeg","datePublished":"2025-05-06T10:21:21+00:00","dateModified":"2025-05-06T10:21:22+00:00","breadcrumb":{"@id":"https:\/\/elmawkie.dz\/fr\/oran-relogement-de-243-familles-sinistrees\/#breadcrumb"},"inLanguage":"fr-FR","potentialAction":[{"@type":"ReadAction","target":["https:\/\/elmawkie.dz\/fr\/oran-relogement-de-243-familles-sinistrees\/"]}]},{"@type":"ImageObject","inLanguage":"fr-FR","@id":"https:\/\/elmawkie.dz\/fr\/oran-relogement-de-243-familles-sinistrees\/#primaryimage","url":"https:\/\/elmawkie.dz\/fr\/wp-content\/uploads\/2025\/05\/IMG_4561.jpeg","contentUrl":"https:\/\/elmawkie.dz\/fr\/wp-content\/uploads\/2025\/05\/IMG_4561.jpeg","width":1000,"height":563},{"@type":"BreadcrumbList","@id":"https:\/\/elmawkie.dz\/fr\/oran-relogement-de-243-familles-sinistrees\/#breadcrumb","itemListElement":[{"@type":"ListItem","position":1,"name":"Home","item":"https:\/\/elmawkie.dz\/fr\/"},{"@type":"ListItem","position":2,"name":"Oran : relogement de 243 familles sinistr\u00e9es"}]},{"@type":"WebSite","@id":"https:\/\/elmawkie.dz\/fr\/#website","url":"https:\/\/elmawkie.dz\/fr\/","name":"EL MAWKIE","description":"Journal \u00c9lectronique Alg\u00e9rien","publisher":{"@id":"https:\/\/elmawkie.dz\/fr\/#organization"},"potentialAction":[{"@type":"SearchAction","target":{"@type":"EntryPoint","urlTemplate":"https:\/\/elmawkie.dz\/fr\/?s={search_term_string}"},"query-input":"required name=search_term_string"}],"inLanguage":"fr-FR"},{"@type":"Organization","@id":"https:\/\/elmawkie.dz\/fr\/#organization","name":"EL MAWKIE","url":"https:\/\/elmawkie.dz\/fr\/","logo":{"@type":"ImageObject","inLanguage":"fr-FR","@id":"https:\/\/elmawkie.dz\/fr\/#\/schema\/logo\/image\/","url":"https:\/\/elmawkie.dz\/fr\/wp-content\/uploads\/2024\/05\/logo1.png","contentUrl":"https:\/\/elmawkie.dz\/fr\/wp-content\/uploads\/2024\/05\/logo1.png","width":1648,"height":652,"caption":"EL MAWKIE"},"image":{"@id":"https:\/\/elmawkie.dz\/fr\/#\/schema\/logo\/image\/"},"sameAs":["https:\/\/www.facebook.com\/profile.php?id=100088407094989&locale=fr_FR"]},{"@type":"Person","@id":"https:\/\/elmawkie.dz\/fr\/#\/schema\/person\/e7bd59d6467874ba5c4723d8a9f0a63c","name":"R\u00e9daction","image":{"@type":"ImageObject","inLanguage":"fr-FR","@id":"https:\/\/elmawkie.dz\/fr\/#\/schema\/person\/image\/","url":"https:\/\/secure.gravatar.com\/avatar\/f0f773456344da4d2788c054a3d30a0c?s=96&d=mm&r=g","contentUrl":"https:\/\/secure.gravatar.com\/avatar\/f0f773456344da4d2788c054a3d30a0c?s=96&d=mm&r=g","caption":"R\u00e9daction"},"url":"https:\/\/elmawkie.dz\/fr\/author\/redaction\/"}]}},"_links":{"self":[{"href":"https:\/\/elmawkie.dz\/fr\/wp-json\/wp\/v2\/posts\/50876","targetHints":{"allow":["GET"]}}],"collection":[{"href":"https:\/\/elmawkie.dz\/fr\/wp-json\/wp\/v2\/posts"}],"about":[{"href":"https:\/\/elmawkie.dz\/fr\/wp-json\/wp\/v2\/types\/post"}],"author":[{"embeddable":true,"href":"https:\/\/elmawkie.dz\/fr\/wp-json\/wp\/v2\/users\/9"}],"replies":[{"embeddable":true,"href":"https:\/\/elmawkie.dz\/fr\/wp-json\/wp\/v2\/comments?post=50876"}],"version-history":[{"count":1,"href":"https:\/\/elmawkie.dz\/fr\/wp-json\/wp\/v2\/posts\/50876\/revisions"}],"predecessor-version":[{"id":50879,"href":"https:\/\/elmawkie.dz\/fr\/wp-json\/wp\/v2\/posts\/50876\/revisions\/50879"}],"wp:featuredmedia":[{"embeddable":true,"href":"https:\/\/elmawkie.dz\/fr\/wp-json\/wp\/v2\/media\/50878"}],"wp:attachment":[{"href":"https:\/\/elmawkie.dz\/fr\/wp-json\/wp\/v2\/media?parent=50876"}],"wp:term":[{"taxonomy":"category","embeddable":true,"href":"https:\/\/elmawkie.dz\/fr\/wp-json\/wp\/v2\/categories?post=50876"},{"taxonomy":"post_tag","embeddable":true,"href":"https:\/\/elmawkie.dz\/fr\/wp-json\/wp\/v2\/tags?post=50876"}],"curies":[{"name":"wp","href":"https:\/\/api.w.org\/{rel}","templated":true}]}}