{"id":50783,"date":"2025-05-04T17:44:55","date_gmt":"2025-05-04T16:44:55","guid":{"rendered":"https:\/\/elmawkie.dz\/fr\/?p=50783"},"modified":"2025-05-04T17:44:56","modified_gmt":"2025-05-04T16:44:56","slug":"38e-congres-de-luipa-boughali-plaide-pour-une-action-parlementaire-arabe-concertee-au-service-des-interets-communs","status":"publish","type":"post","link":"https:\/\/elmawkie.dz\/fr\/38e-congres-de-luipa-boughali-plaide-pour-une-action-parlementaire-arabe-concertee-au-service-des-interets-communs\/","title":{"rendered":"38e Congr\u00e8s de l\u2019UIPA : Boughali plaide pour une action parlementaire arabe concert\u00e9e au service des int\u00e9r\u00eats communs"},"content":{"rendered":"\n<p>Le pr\u00e9sident de l&rsquo;Union interparlementaire arabe (UIPA), pr\u00e9sident de l&rsquo;Assembl\u00e9e populaire nationale (APN), Brahim Boughali, a appel\u00e9, dimanche \u00e0 Alger, les Parlements arabes \u00e0 ne m\u00e9nager aucun effort pour prot\u00e9ger les int\u00e9r\u00eats de la nation arabe, \u00e0 la lumi\u00e8re des d\u00e9fis r\u00e9gionaux et internationaux actuels. Dans une d\u00e9claration de presse au terme des travaux du 38e Congr\u00e8s de l&rsquo;UIPA, organis\u00e9 sous le th\u00e8me: \u00ab\u00a0R\u00f4le de l&rsquo;UIPA \u00e0 la lumi\u00e8re des mutations r\u00e9gionales et internationales\u00a0\u00bb, M. Boughali a soulign\u00e9 que \u00ab\u00a0si les Gouvernements des pays arabes ne m\u00e9nagent aucun effort pour prot\u00e9ger les int\u00e9r\u00eats et la stabilit\u00e9 de nos pays, les Parlements arabes sont appel\u00e9s, \u00e0 leur tour, \u00e0 renforcer cette orientation et \u00e0 \u0153uvrer pour la protection des int\u00e9r\u00eats de la nation arabe\u00a0\u00bb. Il a rappel\u00e9, dans ce contexte, qu&rsquo;une s\u00e9rie d&rsquo;amendements sur la Charte de l&rsquo;Union ont \u00e9t\u00e9 approuv\u00e9s lors de ce Congr\u00e8s pour \u00ab\u00a0lui permettre de s&rsquo;adapter aux nouvelles mutations dans le cadre de sa d\u00e9marche de d\u00e9veloppement et d&rsquo;adaptation aux d\u00e9fis actuels, et de concourir au maintien de la s\u00e9curit\u00e9 nationale arabe dans le sens le plus large du terme\u00a0\u00bb. Pour ce qui est du d\u00e9roulement du Congr\u00e8s, M. Boughali a affirm\u00e9 qu&rsquo;il a \u00e9t\u00e9 marqu\u00e9 par \u00ab\u00a0des d\u00e9bats riches, constructifs et d\u00e9mocratiques, qu&rsquo;il s&rsquo;agisse de la r\u00e9union du comit\u00e9 ex\u00e9cutif, de la r\u00e9union de concertation des chefs de d\u00e9l\u00e9gations ou durant les autres s\u00e9ances\u00a0\u00bb. Dans ce cadre, les participants ont \u00e9voqu\u00e9 \u00ab\u00a0les moyens de formuler une position parlementaire arabe unifi\u00e9e en soutien \u00e0 la lutte du peuple palestinien et pour faire face aux projets visant \u00e0 compromettre sa cause, ainsi qu&rsquo;aux tentatives de contournement de la l\u00e9galit\u00e9 internationale et de marginalisation de la solution \u00e0 deux Etats, \u00e9tant le seul cadre acceptable pour le r\u00e8glement de ce conflit\u00a0\u00bb. Il a \u00e9galement \u00e9t\u00e9 question d\u00a0\u00bb&lsquo;examiner les moyens de d\u00e9velopper l&rsquo;action de l&rsquo;UIPA et de renforcer son r\u00f4le et sa position aux niveaux r\u00e9gional et international, outre l&rsquo;examen de la question du si\u00e8ge permanent de l&rsquo;Union\u00a0\u00bb, a poursuivi M. Boughali. A ce propos, M. Boughali a pr\u00e9cis\u00e9 que \u00ab\u00a0l&rsquo;Alg\u00e9rie, sous la conduite du pr\u00e9sident de la R\u00e9publique, M. Abdelmadjid Tebboune, qui a \u0153uvr\u00e9 pour le retour de la Syrie au sein de la Ligue arabe, tient \u00e9galement, en sa qualit\u00e9 de pr\u00e9sidente de l&rsquo;UIPA, \u00e0 maintenir le si\u00e8ge permanent de l&rsquo;Union \u00e0 Damas\u00a0\u00bb, en signe de \u00ab\u00a0reconnaissance pour le r\u00f4le central de la Syrie et de soutien \u00e0 ce pays, afin qu&rsquo;il retrouve sa stabilit\u00e9 et sa place naturelle au sein de l&rsquo;Union\u00a0\u00bb. Il a \u00e9galement soulign\u00e9 \u00ab\u00a0le consensus sur la n\u00e9cessit\u00e9 de renforcer l&rsquo;efficacit\u00e9 de l&rsquo;Union\u00a0\u00bb, ce qui exige, a-t-il dit, \u00ab\u00a0l&rsquo;adoption d&rsquo;initiatives concr\u00e8tes et de positions influentes, afin de lui assurer une pr\u00e9sence plus active dans le traitement des questions urgentes auxquelles fait face la nation arabe\u00a0\u00bb. Enfin, M. Boughali a exprim\u00e9 ses remerciements et sa gratitude \u00e0 l&rsquo;ensemble des pr\u00e9sidents et d\u00e9l\u00e9gations des parlements arabes pour le renouvellement de leur confiance en sa personne en tant que pr\u00e9sident de l&rsquo;UIPA pour un nouveau mandat, qualifiant cette confiance de \u00ab\u00a0reconnaissance pour les acquis diplomatiques importants r\u00e9alis\u00e9s par l&rsquo;Alg\u00e9rie, sous la conduite du pr\u00e9sident de la R\u00e9publique, sur les sc\u00e8nes internationale, r\u00e9gionale et arabe\u00a0\u00bb.<\/p>\n","protected":false},"excerpt":{"rendered":"<p>Le pr\u00e9sident de l&rsquo;Union interparlementaire arabe (UIPA), pr\u00e9sident de l&rsquo;Assembl\u00e9e populaire nationale (APN), Brahim Boughali, a appel\u00e9, dimanche \u00e0 Alger, les Parlements arabes \u00e0 ne m\u00e9nager aucun effort pour prot\u00e9ger les int\u00e9r\u00eats de la nation arabe, \u00e0 la lumi\u00e8re des d\u00e9fis r\u00e9gionaux et internationaux actuels. Dans une d\u00e9claration de presse au terme des travaux du &hellip;<\/p>\n","protected":false},"author":9,"featured_media":50785,"comment_status":"open","ping_status":"open","sticky":false,"template":"","format":"standard","meta":{"footnotes":""},"categories":[44,47],"tags":[3620,2073,2250],"class_list":["post-50783","post","type-post","status-publish","format-standard","has-post-thumbnail","hentry","category-international","category-national","tag-38e-congres-de-luipa","tag-boughali","tag-le-parlement-arabe"],"yoast_head":"<!-- This site is optimized with the Yoast SEO Premium plugin v22.6 (Yoast SEO v22.6) - https:\/\/yoast.com\/wordpress\/plugins\/seo\/ -->\n<title>38e Congr\u00e8s de l\u2019UIPA : Boughali plaide pour une action parlementaire arabe concert\u00e9e au service des int\u00e9r\u00eats communs - El Mawkie<\/title>\n<meta name=\"robots\" content=\"index, follow, max-snippet:-1, max-image-preview:large, max-video-preview:-1\" \/>\n<link rel=\"canonical\" href=\"https:\/\/elmawkie.dz\/fr\/38e-congres-de-luipa-boughali-plaide-pour-une-action-parlementaire-arabe-concertee-au-service-des-interets-communs\/\" \/>\n<meta property=\"og:locale\" content=\"fr_FR\" \/>\n<meta property=\"og:type\" content=\"article\" \/>\n<meta property=\"og:title\" content=\"38e Congr\u00e8s de l\u2019UIPA : Boughali plaide pour une action parlementaire arabe concert\u00e9e au service des int\u00e9r\u00eats communs\" \/>\n<meta property=\"og:description\" content=\"Le pr\u00e9sident de l&rsquo;Union interparlementaire arabe (UIPA), pr\u00e9sident de l&rsquo;Assembl\u00e9e populaire nationale (APN), Brahim Boughali, a appel\u00e9, dimanche \u00e0 Alger, les Parlements arabes \u00e0 ne m\u00e9nager aucun effort pour prot\u00e9ger les int\u00e9r\u00eats de la nation arabe, \u00e0 la lumi\u00e8re des d\u00e9fis r\u00e9gionaux et internationaux actuels. Dans une d\u00e9claration de presse au terme des travaux du &hellip;\" \/>\n<meta property=\"og:url\" content=\"https:\/\/elmawkie.dz\/fr\/38e-congres-de-luipa-boughali-plaide-pour-une-action-parlementaire-arabe-concertee-au-service-des-interets-communs\/\" \/>\n<meta property=\"og:site_name\" content=\"El Mawkie\" \/>\n<meta property=\"article:publisher\" content=\"https:\/\/www.facebook.com\/profile.php?id=100088407094989&amp;locale=fr_FR\" \/>\n<meta property=\"article:published_time\" content=\"2025-05-04T16:44:55+00:00\" \/>\n<meta property=\"article:modified_time\" content=\"2025-05-04T16:44:56+00:00\" \/>\n<meta property=\"og:image\" content=\"https:\/\/elmawkie.dz\/fr\/wp-content\/uploads\/2025\/05\/IMG_4396.jpeg\" \/>\n\t<meta property=\"og:image:width\" content=\"1008\" \/>\n\t<meta property=\"og:image:height\" content=\"593\" \/>\n\t<meta property=\"og:image:type\" content=\"image\/jpeg\" \/>\n<meta name=\"author\" content=\"R\u00e9daction\" \/>\n<meta name=\"twitter:card\" content=\"summary_large_image\" \/>\n<meta name=\"twitter:label1\" content=\"Written by\" \/>\n\t<meta name=\"twitter:data1\" content=\"R\u00e9daction\" \/>\n\t<meta name=\"twitter:label2\" content=\"Est. reading time\" \/>\n\t<meta name=\"twitter:data2\" content=\"3 minutes\" \/>\n<script type=\"application\/ld+json\" class=\"yoast-schema-graph\">{\"@context\":\"https:\/\/schema.org\",\"@graph\":[{\"@type\":\"Article\",\"@id\":\"https:\/\/elmawkie.dz\/fr\/38e-congres-de-luipa-boughali-plaide-pour-une-action-parlementaire-arabe-concertee-au-service-des-interets-communs\/#article\",\"isPartOf\":{\"@id\":\"https:\/\/elmawkie.dz\/fr\/38e-congres-de-luipa-boughali-plaide-pour-une-action-parlementaire-arabe-concertee-au-service-des-interets-communs\/\"},\"author\":{\"name\":\"R\u00e9daction\",\"@id\":\"https:\/\/elmawkie.dz\/fr\/#\/schema\/person\/e7bd59d6467874ba5c4723d8a9f0a63c\"},\"headline\":\"38e Congr\u00e8s de l\u2019UIPA : Boughali plaide pour une action parlementaire arabe concert\u00e9e au service des int\u00e9r\u00eats communs\",\"datePublished\":\"2025-05-04T16:44:55+00:00\",\"dateModified\":\"2025-05-04T16:44:56+00:00\",\"mainEntityOfPage\":{\"@id\":\"https:\/\/elmawkie.dz\/fr\/38e-congres-de-luipa-boughali-plaide-pour-une-action-parlementaire-arabe-concertee-au-service-des-interets-communs\/\"},\"wordCount\":633,\"commentCount\":0,\"publisher\":{\"@id\":\"https:\/\/elmawkie.dz\/fr\/#organization\"},\"image\":{\"@id\":\"https:\/\/elmawkie.dz\/fr\/38e-congres-de-luipa-boughali-plaide-pour-une-action-parlementaire-arabe-concertee-au-service-des-interets-communs\/#primaryimage\"},\"thumbnailUrl\":\"https:\/\/elmawkie.dz\/fr\/wp-content\/uploads\/2025\/05\/IMG_4396.jpeg\",\"keywords\":[\"38e congr\u00e8s de l\u2019UIPA\",\"Boughali\",\"Le Parlement arabe\"],\"articleSection\":[\"International\",\"National\"],\"inLanguage\":\"fr-FR\",\"potentialAction\":[{\"@type\":\"CommentAction\",\"name\":\"Comment\",\"target\":[\"https:\/\/elmawkie.dz\/fr\/38e-congres-de-luipa-boughali-plaide-pour-une-action-parlementaire-arabe-concertee-au-service-des-interets-communs\/#respond\"]}]},{\"@type\":\"WebPage\",\"@id\":\"https:\/\/elmawkie.dz\/fr\/38e-congres-de-luipa-boughali-plaide-pour-une-action-parlementaire-arabe-concertee-au-service-des-interets-communs\/\",\"url\":\"https:\/\/elmawkie.dz\/fr\/38e-congres-de-luipa-boughali-plaide-pour-une-action-parlementaire-arabe-concertee-au-service-des-interets-communs\/\",\"name\":\"38e Congr\u00e8s de l\u2019UIPA : Boughali plaide pour une action parlementaire arabe concert\u00e9e au service des int\u00e9r\u00eats communs - El Mawkie\",\"isPartOf\":{\"@id\":\"https:\/\/elmawkie.dz\/fr\/#website\"},\"primaryImageOfPage\":{\"@id\":\"https:\/\/elmawkie.dz\/fr\/38e-congres-de-luipa-boughali-plaide-pour-une-action-parlementaire-arabe-concertee-au-service-des-interets-communs\/#primaryimage\"},\"image\":{\"@id\":\"https:\/\/elmawkie.dz\/fr\/38e-congres-de-luipa-boughali-plaide-pour-une-action-parlementaire-arabe-concertee-au-service-des-interets-communs\/#primaryimage\"},\"thumbnailUrl\":\"https:\/\/elmawkie.dz\/fr\/wp-content\/uploads\/2025\/05\/IMG_4396.jpeg\",\"datePublished\":\"2025-05-04T16:44:55+00:00\",\"dateModified\":\"2025-05-04T16:44:56+00:00\",\"breadcrumb\":{\"@id\":\"https:\/\/elmawkie.dz\/fr\/38e-congres-de-luipa-boughali-plaide-pour-une-action-parlementaire-arabe-concertee-au-service-des-interets-communs\/#breadcrumb\"},\"inLanguage\":\"fr-FR\",\"potentialAction\":[{\"@type\":\"ReadAction\",\"target\":[\"https:\/\/elmawkie.dz\/fr\/38e-congres-de-luipa-boughali-plaide-pour-une-action-parlementaire-arabe-concertee-au-service-des-interets-communs\/\"]}]},{\"@type\":\"ImageObject\",\"inLanguage\":\"fr-FR\",\"@id\":\"https:\/\/elmawkie.dz\/fr\/38e-congres-de-luipa-boughali-plaide-pour-une-action-parlementaire-arabe-concertee-au-service-des-interets-communs\/#primaryimage\",\"url\":\"https:\/\/elmawkie.dz\/fr\/wp-content\/uploads\/2025\/05\/IMG_4396.jpeg\",\"contentUrl\":\"https:\/\/elmawkie.dz\/fr\/wp-content\/uploads\/2025\/05\/IMG_4396.jpeg\",\"width\":1008,\"height\":593},{\"@type\":\"BreadcrumbList\",\"@id\":\"https:\/\/elmawkie.dz\/fr\/38e-congres-de-luipa-boughali-plaide-pour-une-action-parlementaire-arabe-concertee-au-service-des-interets-communs\/#breadcrumb\",\"itemListElement\":[{\"@type\":\"ListItem\",\"position\":1,\"name\":\"Home\",\"item\":\"https:\/\/elmawkie.dz\/fr\/\"},{\"@type\":\"ListItem\",\"position\":2,\"name\":\"38e Congr\u00e8s de l\u2019UIPA : Boughali plaide pour une action parlementaire arabe concert\u00e9e au service des int\u00e9r\u00eats communs\"}]},{\"@type\":\"WebSite\",\"@id\":\"https:\/\/elmawkie.dz\/fr\/#website\",\"url\":\"https:\/\/elmawkie.dz\/fr\/\",\"name\":\"EL MAWKIE\",\"description\":\"Journal \u00c9lectronique Alg\u00e9rien\",\"publisher\":{\"@id\":\"https:\/\/elmawkie.dz\/fr\/#organization\"},\"potentialAction\":[{\"@type\":\"SearchAction\",\"target\":{\"@type\":\"EntryPoint\",\"urlTemplate\":\"https:\/\/elmawkie.dz\/fr\/?s={search_term_string}\"},\"query-input\":\"required name=search_term_string\"}],\"inLanguage\":\"fr-FR\"},{\"@type\":\"Organization\",\"@id\":\"https:\/\/elmawkie.dz\/fr\/#organization\",\"name\":\"EL MAWKIE\",\"url\":\"https:\/\/elmawkie.dz\/fr\/\",\"logo\":{\"@type\":\"ImageObject\",\"inLanguage\":\"fr-FR\",\"@id\":\"https:\/\/elmawkie.dz\/fr\/#\/schema\/logo\/image\/\",\"url\":\"https:\/\/elmawkie.dz\/fr\/wp-content\/uploads\/2024\/05\/logo1.png\",\"contentUrl\":\"https:\/\/elmawkie.dz\/fr\/wp-content\/uploads\/2024\/05\/logo1.png\",\"width\":1648,\"height\":652,\"caption\":\"EL MAWKIE\"},\"image\":{\"@id\":\"https:\/\/elmawkie.dz\/fr\/#\/schema\/logo\/image\/\"},\"sameAs\":[\"https:\/\/www.facebook.com\/profile.php?id=100088407094989&locale=fr_FR\"]},{\"@type\":\"Person\",\"@id\":\"https:\/\/elmawkie.dz\/fr\/#\/schema\/person\/e7bd59d6467874ba5c4723d8a9f0a63c\",\"name\":\"R\u00e9daction\",\"image\":{\"@type\":\"ImageObject\",\"inLanguage\":\"fr-FR\",\"@id\":\"https:\/\/elmawkie.dz\/fr\/#\/schema\/person\/image\/\",\"url\":\"https:\/\/secure.gravatar.com\/avatar\/f0f773456344da4d2788c054a3d30a0c?s=96&d=mm&r=g\",\"contentUrl\":\"https:\/\/secure.gravatar.com\/avatar\/f0f773456344da4d2788c054a3d30a0c?s=96&d=mm&r=g\",\"caption\":\"R\u00e9daction\"},\"url\":\"https:\/\/elmawkie.dz\/fr\/author\/redaction\/\"}]}<\/script>\n<!-- \/ Yoast SEO Premium plugin. -->","yoast_head_json":{"title":"38e Congr\u00e8s de l\u2019UIPA : Boughali plaide pour une action parlementaire arabe concert\u00e9e au service des int\u00e9r\u00eats communs - El Mawkie","robots":{"index":"index","follow":"follow","max-snippet":"max-snippet:-1","max-image-preview":"max-image-preview:large","max-video-preview":"max-video-preview:-1"},"canonical":"https:\/\/elmawkie.dz\/fr\/38e-congres-de-luipa-boughali-plaide-pour-une-action-parlementaire-arabe-concertee-au-service-des-interets-communs\/","og_locale":"fr_FR","og_type":"article","og_title":"38e Congr\u00e8s de l\u2019UIPA : Boughali plaide pour une action parlementaire arabe concert\u00e9e au service des int\u00e9r\u00eats communs","og_description":"Le pr\u00e9sident de l&rsquo;Union interparlementaire arabe (UIPA), pr\u00e9sident de l&rsquo;Assembl\u00e9e populaire nationale (APN), Brahim Boughali, a appel\u00e9, dimanche \u00e0 Alger, les Parlements arabes \u00e0 ne m\u00e9nager aucun effort pour prot\u00e9ger les int\u00e9r\u00eats de la nation arabe, \u00e0 la lumi\u00e8re des d\u00e9fis r\u00e9gionaux et internationaux actuels. Dans une d\u00e9claration de presse au terme des travaux du &hellip;","og_url":"https:\/\/elmawkie.dz\/fr\/38e-congres-de-luipa-boughali-plaide-pour-une-action-parlementaire-arabe-concertee-au-service-des-interets-communs\/","og_site_name":"El Mawkie","article_publisher":"https:\/\/www.facebook.com\/profile.php?id=100088407094989&locale=fr_FR","article_published_time":"2025-05-04T16:44:55+00:00","article_modified_time":"2025-05-04T16:44:56+00:00","og_image":[{"width":1008,"height":593,"url":"https:\/\/elmawkie.dz\/fr\/wp-content\/uploads\/2025\/05\/IMG_4396.jpeg","type":"image\/jpeg"}],"author":"R\u00e9daction","twitter_card":"summary_large_image","twitter_misc":{"Written by":"R\u00e9daction","Est. reading time":"3 minutes"},"schema":{"@context":"https:\/\/schema.org","@graph":[{"@type":"Article","@id":"https:\/\/elmawkie.dz\/fr\/38e-congres-de-luipa-boughali-plaide-pour-une-action-parlementaire-arabe-concertee-au-service-des-interets-communs\/#article","isPartOf":{"@id":"https:\/\/elmawkie.dz\/fr\/38e-congres-de-luipa-boughali-plaide-pour-une-action-parlementaire-arabe-concertee-au-service-des-interets-communs\/"},"author":{"name":"R\u00e9daction","@id":"https:\/\/elmawkie.dz\/fr\/#\/schema\/person\/e7bd59d6467874ba5c4723d8a9f0a63c"},"headline":"38e Congr\u00e8s de l\u2019UIPA : Boughali plaide pour une action parlementaire arabe concert\u00e9e au service des int\u00e9r\u00eats communs","datePublished":"2025-05-04T16:44:55+00:00","dateModified":"2025-05-04T16:44:56+00:00","mainEntityOfPage":{"@id":"https:\/\/elmawkie.dz\/fr\/38e-congres-de-luipa-boughali-plaide-pour-une-action-parlementaire-arabe-concertee-au-service-des-interets-communs\/"},"wordCount":633,"commentCount":0,"publisher":{"@id":"https:\/\/elmawkie.dz\/fr\/#organization"},"image":{"@id":"https:\/\/elmawkie.dz\/fr\/38e-congres-de-luipa-boughali-plaide-pour-une-action-parlementaire-arabe-concertee-au-service-des-interets-communs\/#primaryimage"},"thumbnailUrl":"https:\/\/elmawkie.dz\/fr\/wp-content\/uploads\/2025\/05\/IMG_4396.jpeg","keywords":["38e congr\u00e8s de l\u2019UIPA","Boughali","Le Parlement arabe"],"articleSection":["International","National"],"inLanguage":"fr-FR","potentialAction":[{"@type":"CommentAction","name":"Comment","target":["https:\/\/elmawkie.dz\/fr\/38e-congres-de-luipa-boughali-plaide-pour-une-action-parlementaire-arabe-concertee-au-service-des-interets-communs\/#respond"]}]},{"@type":"WebPage","@id":"https:\/\/elmawkie.dz\/fr\/38e-congres-de-luipa-boughali-plaide-pour-une-action-parlementaire-arabe-concertee-au-service-des-interets-communs\/","url":"https:\/\/elmawkie.dz\/fr\/38e-congres-de-luipa-boughali-plaide-pour-une-action-parlementaire-arabe-concertee-au-service-des-interets-communs\/","name":"38e Congr\u00e8s de l\u2019UIPA : Boughali plaide pour une action parlementaire arabe concert\u00e9e au service des int\u00e9r\u00eats communs - El Mawkie","isPartOf":{"@id":"https:\/\/elmawkie.dz\/fr\/#website"},"primaryImageOfPage":{"@id":"https:\/\/elmawkie.dz\/fr\/38e-congres-de-luipa-boughali-plaide-pour-une-action-parlementaire-arabe-concertee-au-service-des-interets-communs\/#primaryimage"},"image":{"@id":"https:\/\/elmawkie.dz\/fr\/38e-congres-de-luipa-boughali-plaide-pour-une-action-parlementaire-arabe-concertee-au-service-des-interets-communs\/#primaryimage"},"thumbnailUrl":"https:\/\/elmawkie.dz\/fr\/wp-content\/uploads\/2025\/05\/IMG_4396.jpeg","datePublished":"2025-05-04T16:44:55+00:00","dateModified":"2025-05-04T16:44:56+00:00","breadcrumb":{"@id":"https:\/\/elmawkie.dz\/fr\/38e-congres-de-luipa-boughali-plaide-pour-une-action-parlementaire-arabe-concertee-au-service-des-interets-communs\/#breadcrumb"},"inLanguage":"fr-FR","potentialAction":[{"@type":"ReadAction","target":["https:\/\/elmawkie.dz\/fr\/38e-congres-de-luipa-boughali-plaide-pour-une-action-parlementaire-arabe-concertee-au-service-des-interets-communs\/"]}]},{"@type":"ImageObject","inLanguage":"fr-FR","@id":"https:\/\/elmawkie.dz\/fr\/38e-congres-de-luipa-boughali-plaide-pour-une-action-parlementaire-arabe-concertee-au-service-des-interets-communs\/#primaryimage","url":"https:\/\/elmawkie.dz\/fr\/wp-content\/uploads\/2025\/05\/IMG_4396.jpeg","contentUrl":"https:\/\/elmawkie.dz\/fr\/wp-content\/uploads\/2025\/05\/IMG_4396.jpeg","width":1008,"height":593},{"@type":"BreadcrumbList","@id":"https:\/\/elmawkie.dz\/fr\/38e-congres-de-luipa-boughali-plaide-pour-une-action-parlementaire-arabe-concertee-au-service-des-interets-communs\/#breadcrumb","itemListElement":[{"@type":"ListItem","position":1,"name":"Home","item":"https:\/\/elmawkie.dz\/fr\/"},{"@type":"ListItem","position":2,"name":"38e Congr\u00e8s de l\u2019UIPA : Boughali plaide pour une action parlementaire arabe concert\u00e9e au service des int\u00e9r\u00eats communs"}]},{"@type":"WebSite","@id":"https:\/\/elmawkie.dz\/fr\/#website","url":"https:\/\/elmawkie.dz\/fr\/","name":"EL MAWKIE","description":"Journal \u00c9lectronique Alg\u00e9rien","publisher":{"@id":"https:\/\/elmawkie.dz\/fr\/#organization"},"potentialAction":[{"@type":"SearchAction","target":{"@type":"EntryPoint","urlTemplate":"https:\/\/elmawkie.dz\/fr\/?s={search_term_string}"},"query-input":"required name=search_term_string"}],"inLanguage":"fr-FR"},{"@type":"Organization","@id":"https:\/\/elmawkie.dz\/fr\/#organization","name":"EL MAWKIE","url":"https:\/\/elmawkie.dz\/fr\/","logo":{"@type":"ImageObject","inLanguage":"fr-FR","@id":"https:\/\/elmawkie.dz\/fr\/#\/schema\/logo\/image\/","url":"https:\/\/elmawkie.dz\/fr\/wp-content\/uploads\/2024\/05\/logo1.png","contentUrl":"https:\/\/elmawkie.dz\/fr\/wp-content\/uploads\/2024\/05\/logo1.png","width":1648,"height":652,"caption":"EL MAWKIE"},"image":{"@id":"https:\/\/elmawkie.dz\/fr\/#\/schema\/logo\/image\/"},"sameAs":["https:\/\/www.facebook.com\/profile.php?id=100088407094989&locale=fr_FR"]},{"@type":"Person","@id":"https:\/\/elmawkie.dz\/fr\/#\/schema\/person\/e7bd59d6467874ba5c4723d8a9f0a63c","name":"R\u00e9daction","image":{"@type":"ImageObject","inLanguage":"fr-FR","@id":"https:\/\/elmawkie.dz\/fr\/#\/schema\/person\/image\/","url":"https:\/\/secure.gravatar.com\/avatar\/f0f773456344da4d2788c054a3d30a0c?s=96&d=mm&r=g","contentUrl":"https:\/\/secure.gravatar.com\/avatar\/f0f773456344da4d2788c054a3d30a0c?s=96&d=mm&r=g","caption":"R\u00e9daction"},"url":"https:\/\/elmawkie.dz\/fr\/author\/redaction\/"}]}},"_links":{"self":[{"href":"https:\/\/elmawkie.dz\/fr\/wp-json\/wp\/v2\/posts\/50783","targetHints":{"allow":["GET"]}}],"collection":[{"href":"https:\/\/elmawkie.dz\/fr\/wp-json\/wp\/v2\/posts"}],"about":[{"href":"https:\/\/elmawkie.dz\/fr\/wp-json\/wp\/v2\/types\/post"}],"author":[{"embeddable":true,"href":"https:\/\/elmawkie.dz\/fr\/wp-json\/wp\/v2\/users\/9"}],"replies":[{"embeddable":true,"href":"https:\/\/elmawkie.dz\/fr\/wp-json\/wp\/v2\/comments?post=50783"}],"version-history":[{"count":1,"href":"https:\/\/elmawkie.dz\/fr\/wp-json\/wp\/v2\/posts\/50783\/revisions"}],"predecessor-version":[{"id":50786,"href":"https:\/\/elmawkie.dz\/fr\/wp-json\/wp\/v2\/posts\/50783\/revisions\/50786"}],"wp:featuredmedia":[{"embeddable":true,"href":"https:\/\/elmawkie.dz\/fr\/wp-json\/wp\/v2\/media\/50785"}],"wp:attachment":[{"href":"https:\/\/elmawkie.dz\/fr\/wp-json\/wp\/v2\/media?parent=50783"}],"wp:term":[{"taxonomy":"category","embeddable":true,"href":"https:\/\/elmawkie.dz\/fr\/wp-json\/wp\/v2\/categories?post=50783"},{"taxonomy":"post_tag","embeddable":true,"href":"https:\/\/elmawkie.dz\/fr\/wp-json\/wp\/v2\/tags?post=50783"}],"curies":[{"name":"wp","href":"https:\/\/api.w.org\/{rel}","templated":true}]}}