{"id":50634,"date":"2025-04-30T14:45:57","date_gmt":"2025-04-30T13:45:57","guid":{"rendered":"https:\/\/elmawkie.dz\/fr\/?p=50634"},"modified":"2025-04-30T14:45:58","modified_gmt":"2025-04-30T13:45:58","slug":"aid-2025-alviar-annonce-le-debut-des-ventes-de-moutons-importes","status":"publish","type":"post","link":"https:\/\/elmawkie.dz\/fr\/aid-2025-alviar-annonce-le-debut-des-ventes-de-moutons-importes\/","title":{"rendered":"A\u00efd 2025 : ALVIAR annonce le d\u00e9but des ventes de moutons import\u00e9s"},"content":{"rendered":"\n<p>Dans le cadre de la pr\u00e9paration de l\u2019A\u00efd el-Adha 2025 et afin de garantir un approvisionnement suffisant du march\u00e9 national, l\u2019Alg\u00e9rienne des viandes rouges (ALVIAR) a annonc\u00e9 ce mercredi le lancement imminent de l\u2019op\u00e9ration de commercialisation des moutons import\u00e9s.<\/p>\n\n\n\n<p>En effet, selon un communiqu\u00e9 officiel relay\u00e9 par plusieurs m\u00e9dias, la vente des ovins en provenance d\u2019Espagne et de Roumanie d\u00e9butera d\u00e8s le d\u00e9but de la semaine prochaine. Cette initiative s\u2019inscrit dans le cadre de l\u2019importation exceptionnelle d\u2019un million de t\u00eates destin\u00e9e \u00e0 r\u00e9pondre \u00e0 la forte demande enregistr\u00e9e \u00e0 l\u2019approche de la f\u00eate religieuse.<\/p>\n\n\n\n<p>L\u2019op\u00e9ration sera d\u00e9ploy\u00e9e \u00e0 travers un r\u00e9seau de 800 points de vente r\u00e9partis sur l\u2019ensemble des 58 wilayas du pays. L\u2019ALVIAR assure que toutes les mesures ont \u00e9t\u00e9 prises pour garantir la qualit\u00e9 sanitaire des animaux, ainsi qu\u2019un prix accessible au citoyen.<\/p>\n\n\n\n<p>Par ailleurs, la soci\u00e9t\u00e9 pr\u00e9cise que les transactions s\u2019effectueront exclusivement par paiement \u00e9lectronique, conform\u00e9ment aux nouvelles directives visant \u00e0 promouvoir l\u2019inclusion financi\u00e8re et \u00e0 lutter contre l\u2019\u00e9conomie informelle.<\/p>\n\n\n\n<p>Cette vaste op\u00e9ration s\u2019inscrit dans une strat\u00e9gie nationale plus large visant \u00e0 r\u00e9guler les prix du march\u00e9, \u00e0 rassurer les consommateurs et \u00e0 assurer un d\u00e9roulement serein de l\u2019A\u00efd el-Adha pour des millions de foyers alg\u00e9riens.<\/p>\n","protected":false},"excerpt":{"rendered":"<p>Dans le cadre de la pr\u00e9paration de l\u2019A\u00efd el-Adha 2025 et afin de garantir un approvisionnement suffisant du march\u00e9 national, l\u2019Alg\u00e9rienne des viandes rouges (ALVIAR) a annonc\u00e9 ce mercredi le lancement imminent de l\u2019op\u00e9ration de commercialisation des moutons import\u00e9s. En effet, selon un communiqu\u00e9 officiel relay\u00e9 par plusieurs m\u00e9dias, la vente des ovins en provenance &hellip;<\/p>\n","protected":false},"author":8,"featured_media":50643,"comment_status":"open","ping_status":"open","sticky":false,"template":"","format":"standard","meta":{"footnotes":""},"categories":[47],"tags":[3250,634,2970],"class_list":["post-50634","post","type-post","status-publish","format-standard","has-post-thumbnail","hentry","category-national","tag-aid-adha","tag-alviar","tag-moutons"],"yoast_head":"<!-- This site is optimized with the Yoast SEO Premium plugin v22.6 (Yoast SEO v22.6) - https:\/\/yoast.com\/wordpress\/plugins\/seo\/ -->\n<title>A\u00efd 2025 : ALVIAR annonce le d\u00e9but des ventes de moutons import\u00e9s - El Mawkie<\/title>\n<meta name=\"robots\" content=\"index, follow, max-snippet:-1, max-image-preview:large, max-video-preview:-1\" \/>\n<link rel=\"canonical\" href=\"https:\/\/elmawkie.dz\/fr\/aid-2025-alviar-annonce-le-debut-des-ventes-de-moutons-importes\/\" \/>\n<meta property=\"og:locale\" content=\"fr_FR\" \/>\n<meta property=\"og:type\" content=\"article\" \/>\n<meta property=\"og:title\" content=\"A\u00efd 2025 : ALVIAR annonce le d\u00e9but des ventes de moutons import\u00e9s\" \/>\n<meta property=\"og:description\" content=\"Dans le cadre de la pr\u00e9paration de l\u2019A\u00efd el-Adha 2025 et afin de garantir un approvisionnement suffisant du march\u00e9 national, l\u2019Alg\u00e9rienne des viandes rouges (ALVIAR) a annonc\u00e9 ce mercredi le lancement imminent de l\u2019op\u00e9ration de commercialisation des moutons import\u00e9s. En effet, selon un communiqu\u00e9 officiel relay\u00e9 par plusieurs m\u00e9dias, la vente des ovins en provenance &hellip;\" \/>\n<meta property=\"og:url\" content=\"https:\/\/elmawkie.dz\/fr\/aid-2025-alviar-annonce-le-debut-des-ventes-de-moutons-importes\/\" \/>\n<meta property=\"og:site_name\" content=\"El Mawkie\" \/>\n<meta property=\"article:publisher\" content=\"https:\/\/www.facebook.com\/profile.php?id=100088407094989&amp;locale=fr_FR\" \/>\n<meta property=\"article:published_time\" content=\"2025-04-30T13:45:57+00:00\" \/>\n<meta property=\"article:modified_time\" content=\"2025-04-30T13:45:58+00:00\" \/>\n<meta property=\"og:image\" content=\"https:\/\/elmawkie.dz\/fr\/wp-content\/uploads\/2025\/04\/8fc64249-e2ad-4359-961a-293963a88e80.jpeg\" \/>\n\t<meta property=\"og:image:width\" content=\"745\" \/>\n\t<meta property=\"og:image:height\" content=\"470\" \/>\n\t<meta property=\"og:image:type\" content=\"image\/jpeg\" \/>\n<meta name=\"author\" content=\"khayro\" \/>\n<meta name=\"twitter:card\" content=\"summary_large_image\" \/>\n<meta name=\"twitter:label1\" content=\"Written by\" \/>\n\t<meta name=\"twitter:data1\" content=\"khayro\" \/>\n\t<meta name=\"twitter:label2\" content=\"Est. reading time\" \/>\n\t<meta name=\"twitter:data2\" content=\"2 minutes\" \/>\n<script type=\"application\/ld+json\" class=\"yoast-schema-graph\">{\"@context\":\"https:\/\/schema.org\",\"@graph\":[{\"@type\":\"Article\",\"@id\":\"https:\/\/elmawkie.dz\/fr\/aid-2025-alviar-annonce-le-debut-des-ventes-de-moutons-importes\/#article\",\"isPartOf\":{\"@id\":\"https:\/\/elmawkie.dz\/fr\/aid-2025-alviar-annonce-le-debut-des-ventes-de-moutons-importes\/\"},\"author\":{\"name\":\"khayro\",\"@id\":\"https:\/\/elmawkie.dz\/fr\/#\/schema\/person\/15cb7eba76e08e2d2d0ad4b4c4fbb6cb\"},\"headline\":\"A\u00efd 2025 : ALVIAR annonce le d\u00e9but des ventes de moutons import\u00e9s\",\"datePublished\":\"2025-04-30T13:45:57+00:00\",\"dateModified\":\"2025-04-30T13:45:58+00:00\",\"mainEntityOfPage\":{\"@id\":\"https:\/\/elmawkie.dz\/fr\/aid-2025-alviar-annonce-le-debut-des-ventes-de-moutons-importes\/\"},\"wordCount\":247,\"commentCount\":0,\"publisher\":{\"@id\":\"https:\/\/elmawkie.dz\/fr\/#organization\"},\"image\":{\"@id\":\"https:\/\/elmawkie.dz\/fr\/aid-2025-alviar-annonce-le-debut-des-ventes-de-moutons-importes\/#primaryimage\"},\"thumbnailUrl\":\"https:\/\/elmawkie.dz\/fr\/wp-content\/uploads\/2025\/04\/8fc64249-e2ad-4359-961a-293963a88e80.jpeg\",\"keywords\":[\"aid adha\",\"alviar\",\"moutons\"],\"articleSection\":[\"National\"],\"inLanguage\":\"fr-FR\",\"potentialAction\":[{\"@type\":\"CommentAction\",\"name\":\"Comment\",\"target\":[\"https:\/\/elmawkie.dz\/fr\/aid-2025-alviar-annonce-le-debut-des-ventes-de-moutons-importes\/#respond\"]}]},{\"@type\":\"WebPage\",\"@id\":\"https:\/\/elmawkie.dz\/fr\/aid-2025-alviar-annonce-le-debut-des-ventes-de-moutons-importes\/\",\"url\":\"https:\/\/elmawkie.dz\/fr\/aid-2025-alviar-annonce-le-debut-des-ventes-de-moutons-importes\/\",\"name\":\"A\u00efd 2025 : ALVIAR annonce le d\u00e9but des ventes de moutons import\u00e9s - El Mawkie\",\"isPartOf\":{\"@id\":\"https:\/\/elmawkie.dz\/fr\/#website\"},\"primaryImageOfPage\":{\"@id\":\"https:\/\/elmawkie.dz\/fr\/aid-2025-alviar-annonce-le-debut-des-ventes-de-moutons-importes\/#primaryimage\"},\"image\":{\"@id\":\"https:\/\/elmawkie.dz\/fr\/aid-2025-alviar-annonce-le-debut-des-ventes-de-moutons-importes\/#primaryimage\"},\"thumbnailUrl\":\"https:\/\/elmawkie.dz\/fr\/wp-content\/uploads\/2025\/04\/8fc64249-e2ad-4359-961a-293963a88e80.jpeg\",\"datePublished\":\"2025-04-30T13:45:57+00:00\",\"dateModified\":\"2025-04-30T13:45:58+00:00\",\"breadcrumb\":{\"@id\":\"https:\/\/elmawkie.dz\/fr\/aid-2025-alviar-annonce-le-debut-des-ventes-de-moutons-importes\/#breadcrumb\"},\"inLanguage\":\"fr-FR\",\"potentialAction\":[{\"@type\":\"ReadAction\",\"target\":[\"https:\/\/elmawkie.dz\/fr\/aid-2025-alviar-annonce-le-debut-des-ventes-de-moutons-importes\/\"]}]},{\"@type\":\"ImageObject\",\"inLanguage\":\"fr-FR\",\"@id\":\"https:\/\/elmawkie.dz\/fr\/aid-2025-alviar-annonce-le-debut-des-ventes-de-moutons-importes\/#primaryimage\",\"url\":\"https:\/\/elmawkie.dz\/fr\/wp-content\/uploads\/2025\/04\/8fc64249-e2ad-4359-961a-293963a88e80.jpeg\",\"contentUrl\":\"https:\/\/elmawkie.dz\/fr\/wp-content\/uploads\/2025\/04\/8fc64249-e2ad-4359-961a-293963a88e80.jpeg\",\"width\":745,\"height\":470},{\"@type\":\"BreadcrumbList\",\"@id\":\"https:\/\/elmawkie.dz\/fr\/aid-2025-alviar-annonce-le-debut-des-ventes-de-moutons-importes\/#breadcrumb\",\"itemListElement\":[{\"@type\":\"ListItem\",\"position\":1,\"name\":\"Home\",\"item\":\"https:\/\/elmawkie.dz\/fr\/\"},{\"@type\":\"ListItem\",\"position\":2,\"name\":\"A\u00efd 2025 : ALVIAR annonce le d\u00e9but des ventes de moutons import\u00e9s\"}]},{\"@type\":\"WebSite\",\"@id\":\"https:\/\/elmawkie.dz\/fr\/#website\",\"url\":\"https:\/\/elmawkie.dz\/fr\/\",\"name\":\"EL MAWKIE\",\"description\":\"Journal \u00c9lectronique Alg\u00e9rien\",\"publisher\":{\"@id\":\"https:\/\/elmawkie.dz\/fr\/#organization\"},\"potentialAction\":[{\"@type\":\"SearchAction\",\"target\":{\"@type\":\"EntryPoint\",\"urlTemplate\":\"https:\/\/elmawkie.dz\/fr\/?s={search_term_string}\"},\"query-input\":\"required name=search_term_string\"}],\"inLanguage\":\"fr-FR\"},{\"@type\":\"Organization\",\"@id\":\"https:\/\/elmawkie.dz\/fr\/#organization\",\"name\":\"EL MAWKIE\",\"url\":\"https:\/\/elmawkie.dz\/fr\/\",\"logo\":{\"@type\":\"ImageObject\",\"inLanguage\":\"fr-FR\",\"@id\":\"https:\/\/elmawkie.dz\/fr\/#\/schema\/logo\/image\/\",\"url\":\"https:\/\/elmawkie.dz\/fr\/wp-content\/uploads\/2024\/05\/logo1.png\",\"contentUrl\":\"https:\/\/elmawkie.dz\/fr\/wp-content\/uploads\/2024\/05\/logo1.png\",\"width\":1648,\"height\":652,\"caption\":\"EL MAWKIE\"},\"image\":{\"@id\":\"https:\/\/elmawkie.dz\/fr\/#\/schema\/logo\/image\/\"},\"sameAs\":[\"https:\/\/www.facebook.com\/profile.php?id=100088407094989&locale=fr_FR\"]},{\"@type\":\"Person\",\"@id\":\"https:\/\/elmawkie.dz\/fr\/#\/schema\/person\/15cb7eba76e08e2d2d0ad4b4c4fbb6cb\",\"name\":\"khayro\",\"image\":{\"@type\":\"ImageObject\",\"inLanguage\":\"fr-FR\",\"@id\":\"https:\/\/elmawkie.dz\/fr\/#\/schema\/person\/image\/\",\"url\":\"https:\/\/secure.gravatar.com\/avatar\/5d609f726f02f77f0ff2a1483fc81992?s=96&d=mm&r=g\",\"contentUrl\":\"https:\/\/secure.gravatar.com\/avatar\/5d609f726f02f77f0ff2a1483fc81992?s=96&d=mm&r=g\",\"caption\":\"khayro\"},\"url\":\"https:\/\/elmawkie.dz\/fr\/author\/khayro\/\"}]}<\/script>\n<!-- \/ Yoast SEO Premium plugin. -->","yoast_head_json":{"title":"A\u00efd 2025 : ALVIAR annonce le d\u00e9but des ventes de moutons import\u00e9s - El Mawkie","robots":{"index":"index","follow":"follow","max-snippet":"max-snippet:-1","max-image-preview":"max-image-preview:large","max-video-preview":"max-video-preview:-1"},"canonical":"https:\/\/elmawkie.dz\/fr\/aid-2025-alviar-annonce-le-debut-des-ventes-de-moutons-importes\/","og_locale":"fr_FR","og_type":"article","og_title":"A\u00efd 2025 : ALVIAR annonce le d\u00e9but des ventes de moutons import\u00e9s","og_description":"Dans le cadre de la pr\u00e9paration de l\u2019A\u00efd el-Adha 2025 et afin de garantir un approvisionnement suffisant du march\u00e9 national, l\u2019Alg\u00e9rienne des viandes rouges (ALVIAR) a annonc\u00e9 ce mercredi le lancement imminent de l\u2019op\u00e9ration de commercialisation des moutons import\u00e9s. En effet, selon un communiqu\u00e9 officiel relay\u00e9 par plusieurs m\u00e9dias, la vente des ovins en provenance &hellip;","og_url":"https:\/\/elmawkie.dz\/fr\/aid-2025-alviar-annonce-le-debut-des-ventes-de-moutons-importes\/","og_site_name":"El Mawkie","article_publisher":"https:\/\/www.facebook.com\/profile.php?id=100088407094989&locale=fr_FR","article_published_time":"2025-04-30T13:45:57+00:00","article_modified_time":"2025-04-30T13:45:58+00:00","og_image":[{"width":745,"height":470,"url":"https:\/\/elmawkie.dz\/fr\/wp-content\/uploads\/2025\/04\/8fc64249-e2ad-4359-961a-293963a88e80.jpeg","type":"image\/jpeg"}],"author":"khayro","twitter_card":"summary_large_image","twitter_misc":{"Written by":"khayro","Est. reading time":"2 minutes"},"schema":{"@context":"https:\/\/schema.org","@graph":[{"@type":"Article","@id":"https:\/\/elmawkie.dz\/fr\/aid-2025-alviar-annonce-le-debut-des-ventes-de-moutons-importes\/#article","isPartOf":{"@id":"https:\/\/elmawkie.dz\/fr\/aid-2025-alviar-annonce-le-debut-des-ventes-de-moutons-importes\/"},"author":{"name":"khayro","@id":"https:\/\/elmawkie.dz\/fr\/#\/schema\/person\/15cb7eba76e08e2d2d0ad4b4c4fbb6cb"},"headline":"A\u00efd 2025 : ALVIAR annonce le d\u00e9but des ventes de moutons import\u00e9s","datePublished":"2025-04-30T13:45:57+00:00","dateModified":"2025-04-30T13:45:58+00:00","mainEntityOfPage":{"@id":"https:\/\/elmawkie.dz\/fr\/aid-2025-alviar-annonce-le-debut-des-ventes-de-moutons-importes\/"},"wordCount":247,"commentCount":0,"publisher":{"@id":"https:\/\/elmawkie.dz\/fr\/#organization"},"image":{"@id":"https:\/\/elmawkie.dz\/fr\/aid-2025-alviar-annonce-le-debut-des-ventes-de-moutons-importes\/#primaryimage"},"thumbnailUrl":"https:\/\/elmawkie.dz\/fr\/wp-content\/uploads\/2025\/04\/8fc64249-e2ad-4359-961a-293963a88e80.jpeg","keywords":["aid adha","alviar","moutons"],"articleSection":["National"],"inLanguage":"fr-FR","potentialAction":[{"@type":"CommentAction","name":"Comment","target":["https:\/\/elmawkie.dz\/fr\/aid-2025-alviar-annonce-le-debut-des-ventes-de-moutons-importes\/#respond"]}]},{"@type":"WebPage","@id":"https:\/\/elmawkie.dz\/fr\/aid-2025-alviar-annonce-le-debut-des-ventes-de-moutons-importes\/","url":"https:\/\/elmawkie.dz\/fr\/aid-2025-alviar-annonce-le-debut-des-ventes-de-moutons-importes\/","name":"A\u00efd 2025 : ALVIAR annonce le d\u00e9but des ventes de moutons import\u00e9s - El Mawkie","isPartOf":{"@id":"https:\/\/elmawkie.dz\/fr\/#website"},"primaryImageOfPage":{"@id":"https:\/\/elmawkie.dz\/fr\/aid-2025-alviar-annonce-le-debut-des-ventes-de-moutons-importes\/#primaryimage"},"image":{"@id":"https:\/\/elmawkie.dz\/fr\/aid-2025-alviar-annonce-le-debut-des-ventes-de-moutons-importes\/#primaryimage"},"thumbnailUrl":"https:\/\/elmawkie.dz\/fr\/wp-content\/uploads\/2025\/04\/8fc64249-e2ad-4359-961a-293963a88e80.jpeg","datePublished":"2025-04-30T13:45:57+00:00","dateModified":"2025-04-30T13:45:58+00:00","breadcrumb":{"@id":"https:\/\/elmawkie.dz\/fr\/aid-2025-alviar-annonce-le-debut-des-ventes-de-moutons-importes\/#breadcrumb"},"inLanguage":"fr-FR","potentialAction":[{"@type":"ReadAction","target":["https:\/\/elmawkie.dz\/fr\/aid-2025-alviar-annonce-le-debut-des-ventes-de-moutons-importes\/"]}]},{"@type":"ImageObject","inLanguage":"fr-FR","@id":"https:\/\/elmawkie.dz\/fr\/aid-2025-alviar-annonce-le-debut-des-ventes-de-moutons-importes\/#primaryimage","url":"https:\/\/elmawkie.dz\/fr\/wp-content\/uploads\/2025\/04\/8fc64249-e2ad-4359-961a-293963a88e80.jpeg","contentUrl":"https:\/\/elmawkie.dz\/fr\/wp-content\/uploads\/2025\/04\/8fc64249-e2ad-4359-961a-293963a88e80.jpeg","width":745,"height":470},{"@type":"BreadcrumbList","@id":"https:\/\/elmawkie.dz\/fr\/aid-2025-alviar-annonce-le-debut-des-ventes-de-moutons-importes\/#breadcrumb","itemListElement":[{"@type":"ListItem","position":1,"name":"Home","item":"https:\/\/elmawkie.dz\/fr\/"},{"@type":"ListItem","position":2,"name":"A\u00efd 2025 : ALVIAR annonce le d\u00e9but des ventes de moutons import\u00e9s"}]},{"@type":"WebSite","@id":"https:\/\/elmawkie.dz\/fr\/#website","url":"https:\/\/elmawkie.dz\/fr\/","name":"EL MAWKIE","description":"Journal \u00c9lectronique Alg\u00e9rien","publisher":{"@id":"https:\/\/elmawkie.dz\/fr\/#organization"},"potentialAction":[{"@type":"SearchAction","target":{"@type":"EntryPoint","urlTemplate":"https:\/\/elmawkie.dz\/fr\/?s={search_term_string}"},"query-input":"required name=search_term_string"}],"inLanguage":"fr-FR"},{"@type":"Organization","@id":"https:\/\/elmawkie.dz\/fr\/#organization","name":"EL MAWKIE","url":"https:\/\/elmawkie.dz\/fr\/","logo":{"@type":"ImageObject","inLanguage":"fr-FR","@id":"https:\/\/elmawkie.dz\/fr\/#\/schema\/logo\/image\/","url":"https:\/\/elmawkie.dz\/fr\/wp-content\/uploads\/2024\/05\/logo1.png","contentUrl":"https:\/\/elmawkie.dz\/fr\/wp-content\/uploads\/2024\/05\/logo1.png","width":1648,"height":652,"caption":"EL MAWKIE"},"image":{"@id":"https:\/\/elmawkie.dz\/fr\/#\/schema\/logo\/image\/"},"sameAs":["https:\/\/www.facebook.com\/profile.php?id=100088407094989&locale=fr_FR"]},{"@type":"Person","@id":"https:\/\/elmawkie.dz\/fr\/#\/schema\/person\/15cb7eba76e08e2d2d0ad4b4c4fbb6cb","name":"khayro","image":{"@type":"ImageObject","inLanguage":"fr-FR","@id":"https:\/\/elmawkie.dz\/fr\/#\/schema\/person\/image\/","url":"https:\/\/secure.gravatar.com\/avatar\/5d609f726f02f77f0ff2a1483fc81992?s=96&d=mm&r=g","contentUrl":"https:\/\/secure.gravatar.com\/avatar\/5d609f726f02f77f0ff2a1483fc81992?s=96&d=mm&r=g","caption":"khayro"},"url":"https:\/\/elmawkie.dz\/fr\/author\/khayro\/"}]}},"_links":{"self":[{"href":"https:\/\/elmawkie.dz\/fr\/wp-json\/wp\/v2\/posts\/50634","targetHints":{"allow":["GET"]}}],"collection":[{"href":"https:\/\/elmawkie.dz\/fr\/wp-json\/wp\/v2\/posts"}],"about":[{"href":"https:\/\/elmawkie.dz\/fr\/wp-json\/wp\/v2\/types\/post"}],"author":[{"embeddable":true,"href":"https:\/\/elmawkie.dz\/fr\/wp-json\/wp\/v2\/users\/8"}],"replies":[{"embeddable":true,"href":"https:\/\/elmawkie.dz\/fr\/wp-json\/wp\/v2\/comments?post=50634"}],"version-history":[{"count":1,"href":"https:\/\/elmawkie.dz\/fr\/wp-json\/wp\/v2\/posts\/50634\/revisions"}],"predecessor-version":[{"id":50636,"href":"https:\/\/elmawkie.dz\/fr\/wp-json\/wp\/v2\/posts\/50634\/revisions\/50636"}],"wp:featuredmedia":[{"embeddable":true,"href":"https:\/\/elmawkie.dz\/fr\/wp-json\/wp\/v2\/media\/50643"}],"wp:attachment":[{"href":"https:\/\/elmawkie.dz\/fr\/wp-json\/wp\/v2\/media?parent=50634"}],"wp:term":[{"taxonomy":"category","embeddable":true,"href":"https:\/\/elmawkie.dz\/fr\/wp-json\/wp\/v2\/categories?post=50634"},{"taxonomy":"post_tag","embeddable":true,"href":"https:\/\/elmawkie.dz\/fr\/wp-json\/wp\/v2\/tags?post=50634"}],"curies":[{"name":"wp","href":"https:\/\/api.w.org\/{rel}","templated":true}]}}