{"id":50434,"date":"2025-04-26T16:34:34","date_gmt":"2025-04-26T15:34:34","guid":{"rendered":"https:\/\/elmawkie.dz\/fr\/?p=50434"},"modified":"2025-04-26T16:34:35","modified_gmt":"2025-04-26T15:34:35","slug":"oran-accueille-la-3%e1%b5%89-edition-du-salon-africain-des-affaires","status":"publish","type":"post","link":"https:\/\/elmawkie.dz\/fr\/oran-accueille-la-3%e1%b5%89-edition-du-salon-africain-des-affaires\/","title":{"rendered":"Oran accueille la 3\u1d49 \u00e9dition du Salon africain des Affaires"},"content":{"rendered":"\n<p>Les activit\u00e9s de la troisi\u00e8me \u00e9dition du Salon africain des Affaires ont d\u00e9but\u00e9, samedi apr\u00e8s-midi \u00e0 Oran, avec la participation de 20 op\u00e9rateurs \u00e9conomiques issus de sept pays africains. Dans son discours d\u2019ouverture, la commissaire de cet \u00e9v\u00e9nement \u00e9conomique, Nouna Mihoubi, a soulign\u00e9 que l\u2019objectif de l\u2019organisation du Salon est de cr\u00e9er une plateforme visant \u00e0 promouvoir la coop\u00e9ration entre les pays africains. Elle a \u00e9galement rappel\u00e9, \u00e0 cette occasion, les initiatives mises en \u0153uvre par les autorit\u00e9s publiques en Alg\u00e9rie pour am\u00e9liorer le climat des affaires, \u00e0 l\u2019image de la promulgation de la nouvelle loi sur l\u2019investissement et la mise en place d\u2019une plateforme num\u00e9rique int\u00e9gr\u00e9e par l\u2019Agence alg\u00e9rienne de promotion de l\u2019investissement. Organis\u00e9 sur trois jours par l\u2019agence \u00ab\u00a0Sada\u00a0\u00bb (Echos), cet \u00e9v\u00e9nement vise \u00e0 renforcer la coop\u00e9ration \u00e0 l\u2019\u00e9chelle continentale et \u00e0 explorer les opportunit\u00e9s de partenariat entre les entreprises alg\u00e9riennes et leurs homologues africaines. Il r\u00e9unit des acteurs \u00e9conomiques des secteurs public et priv\u00e9 pour d\u00e9velopper les \u00e9changes commerciaux et industriels en Afrique, selon les organisateurs. Le Salon constitue une occasion de rencontres entre op\u00e9rateurs \u00e9conomiques africains dans un \u00ab\u00a0contexte international sensible marqu\u00e9 par une forte concurrence pour l\u2019acc\u00e8s au march\u00e9 africain et \u00e0 ses ressources naturelles\u00a0\u00bb, selon la m\u00eame source. Cette troisi\u00e8me \u00e9dition mettra un accent particulier sur l\u2019industrie, qu\u2019il s\u2019agisse de petites, moyennes ou grandes entreprises. En plus de l\u2019exposition, consid\u00e9r\u00e9e comme une vitrine des capacit\u00e9s industrielles et de l\u2019innovation, des rencontres B2B seront organis\u00e9es, offrant aux participants l\u2019opportunit\u00e9 d\u2019un contact direct en vue de nouer des partenariats strat\u00e9giques. Ces rencontres contribueront \u00e0 renforcer les \u00e9changes dans des secteurs vari\u00e9s tels que l\u2019agroalimentaire, les \u00e9nergies renouvelables, les mines et la logistique. Un riche programme de conf\u00e9rences et de tables rondes est \u00e9galement pr\u00e9vu, avec la participation d\u2019experts de l\u2019industrie africaine, pour aborder plusieurs th\u00e8mes comme la Zone de libre-\u00e9change continentale africaine (ZLECAF), les d\u00e9fis logistiques du d\u00e9veloppement industriel et le r\u00f4le des PME dans la dynamisation de l\u2019industrie africaine.<\/p>\n","protected":false},"excerpt":{"rendered":"<p>Les activit\u00e9s de la troisi\u00e8me \u00e9dition du Salon africain des Affaires ont d\u00e9but\u00e9, samedi apr\u00e8s-midi \u00e0 Oran, avec la participation de 20 op\u00e9rateurs \u00e9conomiques issus de sept pays africains. Dans son discours d\u2019ouverture, la commissaire de cet \u00e9v\u00e9nement \u00e9conomique, Nouna Mihoubi, a soulign\u00e9 que l\u2019objectif de l\u2019organisation du Salon est de cr\u00e9er une plateforme visant &hellip;<\/p>\n","protected":false},"author":9,"featured_media":50436,"comment_status":"open","ping_status":"open","sticky":false,"template":"","format":"standard","meta":{"footnotes":""},"categories":[50],"tags":[],"class_list":["post-50434","post","type-post","status-publish","format-standard","has-post-thumbnail","hentry","category-region"],"yoast_head":"<!-- This site is optimized with the Yoast SEO Premium plugin v22.6 (Yoast SEO v22.6) - https:\/\/yoast.com\/wordpress\/plugins\/seo\/ -->\n<title>Oran accueille la 3\u1d49 \u00e9dition du Salon africain des Affaires - El Mawkie<\/title>\n<meta name=\"robots\" content=\"index, follow, max-snippet:-1, max-image-preview:large, max-video-preview:-1\" \/>\n<link rel=\"canonical\" href=\"https:\/\/elmawkie.dz\/fr\/oran-accueille-la-3\u1d49-edition-du-salon-africain-des-affaires\/\" \/>\n<meta property=\"og:locale\" content=\"fr_FR\" \/>\n<meta property=\"og:type\" content=\"article\" \/>\n<meta property=\"og:title\" content=\"Oran accueille la 3\u1d49 \u00e9dition du Salon africain des Affaires\" \/>\n<meta property=\"og:description\" content=\"Les activit\u00e9s de la troisi\u00e8me \u00e9dition du Salon africain des Affaires ont d\u00e9but\u00e9, samedi apr\u00e8s-midi \u00e0 Oran, avec la participation de 20 op\u00e9rateurs \u00e9conomiques issus de sept pays africains. Dans son discours d\u2019ouverture, la commissaire de cet \u00e9v\u00e9nement \u00e9conomique, Nouna Mihoubi, a soulign\u00e9 que l\u2019objectif de l\u2019organisation du Salon est de cr\u00e9er une plateforme visant &hellip;\" \/>\n<meta property=\"og:url\" content=\"https:\/\/elmawkie.dz\/fr\/oran-accueille-la-3\u1d49-edition-du-salon-africain-des-affaires\/\" \/>\n<meta property=\"og:site_name\" content=\"El Mawkie\" \/>\n<meta property=\"article:publisher\" content=\"https:\/\/www.facebook.com\/profile.php?id=100088407094989&amp;locale=fr_FR\" \/>\n<meta property=\"article:published_time\" content=\"2025-04-26T15:34:34+00:00\" \/>\n<meta property=\"article:modified_time\" content=\"2025-04-26T15:34:35+00:00\" \/>\n<meta property=\"og:image\" content=\"https:\/\/elmawkie.dz\/fr\/wp-content\/uploads\/2025\/04\/IMG_3884.jpeg\" \/>\n\t<meta property=\"og:image:width\" content=\"612\" \/>\n\t<meta property=\"og:image:height\" content=\"408\" \/>\n\t<meta property=\"og:image:type\" content=\"image\/jpeg\" \/>\n<meta name=\"author\" content=\"R\u00e9daction\" \/>\n<meta name=\"twitter:card\" content=\"summary_large_image\" \/>\n<meta name=\"twitter:label1\" content=\"Written by\" \/>\n\t<meta name=\"twitter:data1\" content=\"R\u00e9daction\" \/>\n\t<meta name=\"twitter:label2\" content=\"Est. reading time\" \/>\n\t<meta name=\"twitter:data2\" content=\"2 minutes\" \/>\n<script type=\"application\/ld+json\" class=\"yoast-schema-graph\">{\"@context\":\"https:\/\/schema.org\",\"@graph\":[{\"@type\":\"Article\",\"@id\":\"https:\/\/elmawkie.dz\/fr\/oran-accueille-la-3%e1%b5%89-edition-du-salon-africain-des-affaires\/#article\",\"isPartOf\":{\"@id\":\"https:\/\/elmawkie.dz\/fr\/oran-accueille-la-3%e1%b5%89-edition-du-salon-africain-des-affaires\/\"},\"author\":{\"name\":\"R\u00e9daction\",\"@id\":\"https:\/\/elmawkie.dz\/fr\/#\/schema\/person\/e7bd59d6467874ba5c4723d8a9f0a63c\"},\"headline\":\"Oran accueille la 3\u1d49 \u00e9dition du Salon africain des Affaires\",\"datePublished\":\"2025-04-26T15:34:34+00:00\",\"dateModified\":\"2025-04-26T15:34:35+00:00\",\"mainEntityOfPage\":{\"@id\":\"https:\/\/elmawkie.dz\/fr\/oran-accueille-la-3%e1%b5%89-edition-du-salon-africain-des-affaires\/\"},\"wordCount\":384,\"commentCount\":0,\"publisher\":{\"@id\":\"https:\/\/elmawkie.dz\/fr\/#organization\"},\"image\":{\"@id\":\"https:\/\/elmawkie.dz\/fr\/oran-accueille-la-3%e1%b5%89-edition-du-salon-africain-des-affaires\/#primaryimage\"},\"thumbnailUrl\":\"https:\/\/elmawkie.dz\/fr\/wp-content\/uploads\/2025\/04\/IMG_3884.jpeg\",\"articleSection\":[\"R\u00e9gion\"],\"inLanguage\":\"fr-FR\",\"potentialAction\":[{\"@type\":\"CommentAction\",\"name\":\"Comment\",\"target\":[\"https:\/\/elmawkie.dz\/fr\/oran-accueille-la-3%e1%b5%89-edition-du-salon-africain-des-affaires\/#respond\"]}]},{\"@type\":\"WebPage\",\"@id\":\"https:\/\/elmawkie.dz\/fr\/oran-accueille-la-3%e1%b5%89-edition-du-salon-africain-des-affaires\/\",\"url\":\"https:\/\/elmawkie.dz\/fr\/oran-accueille-la-3%e1%b5%89-edition-du-salon-africain-des-affaires\/\",\"name\":\"Oran accueille la 3\u1d49 \u00e9dition du Salon africain des Affaires - El Mawkie\",\"isPartOf\":{\"@id\":\"https:\/\/elmawkie.dz\/fr\/#website\"},\"primaryImageOfPage\":{\"@id\":\"https:\/\/elmawkie.dz\/fr\/oran-accueille-la-3%e1%b5%89-edition-du-salon-africain-des-affaires\/#primaryimage\"},\"image\":{\"@id\":\"https:\/\/elmawkie.dz\/fr\/oran-accueille-la-3%e1%b5%89-edition-du-salon-africain-des-affaires\/#primaryimage\"},\"thumbnailUrl\":\"https:\/\/elmawkie.dz\/fr\/wp-content\/uploads\/2025\/04\/IMG_3884.jpeg\",\"datePublished\":\"2025-04-26T15:34:34+00:00\",\"dateModified\":\"2025-04-26T15:34:35+00:00\",\"breadcrumb\":{\"@id\":\"https:\/\/elmawkie.dz\/fr\/oran-accueille-la-3%e1%b5%89-edition-du-salon-africain-des-affaires\/#breadcrumb\"},\"inLanguage\":\"fr-FR\",\"potentialAction\":[{\"@type\":\"ReadAction\",\"target\":[\"https:\/\/elmawkie.dz\/fr\/oran-accueille-la-3%e1%b5%89-edition-du-salon-africain-des-affaires\/\"]}]},{\"@type\":\"ImageObject\",\"inLanguage\":\"fr-FR\",\"@id\":\"https:\/\/elmawkie.dz\/fr\/oran-accueille-la-3%e1%b5%89-edition-du-salon-africain-des-affaires\/#primaryimage\",\"url\":\"https:\/\/elmawkie.dz\/fr\/wp-content\/uploads\/2025\/04\/IMG_3884.jpeg\",\"contentUrl\":\"https:\/\/elmawkie.dz\/fr\/wp-content\/uploads\/2025\/04\/IMG_3884.jpeg\",\"width\":612,\"height\":408},{\"@type\":\"BreadcrumbList\",\"@id\":\"https:\/\/elmawkie.dz\/fr\/oran-accueille-la-3%e1%b5%89-edition-du-salon-africain-des-affaires\/#breadcrumb\",\"itemListElement\":[{\"@type\":\"ListItem\",\"position\":1,\"name\":\"Home\",\"item\":\"https:\/\/elmawkie.dz\/fr\/\"},{\"@type\":\"ListItem\",\"position\":2,\"name\":\"Oran accueille la 3\u1d49 \u00e9dition du Salon africain des Affaires\"}]},{\"@type\":\"WebSite\",\"@id\":\"https:\/\/elmawkie.dz\/fr\/#website\",\"url\":\"https:\/\/elmawkie.dz\/fr\/\",\"name\":\"EL MAWKIE\",\"description\":\"Journal \u00c9lectronique Alg\u00e9rien\",\"publisher\":{\"@id\":\"https:\/\/elmawkie.dz\/fr\/#organization\"},\"potentialAction\":[{\"@type\":\"SearchAction\",\"target\":{\"@type\":\"EntryPoint\",\"urlTemplate\":\"https:\/\/elmawkie.dz\/fr\/?s={search_term_string}\"},\"query-input\":\"required name=search_term_string\"}],\"inLanguage\":\"fr-FR\"},{\"@type\":\"Organization\",\"@id\":\"https:\/\/elmawkie.dz\/fr\/#organization\",\"name\":\"EL MAWKIE\",\"url\":\"https:\/\/elmawkie.dz\/fr\/\",\"logo\":{\"@type\":\"ImageObject\",\"inLanguage\":\"fr-FR\",\"@id\":\"https:\/\/elmawkie.dz\/fr\/#\/schema\/logo\/image\/\",\"url\":\"https:\/\/elmawkie.dz\/fr\/wp-content\/uploads\/2024\/05\/logo1.png\",\"contentUrl\":\"https:\/\/elmawkie.dz\/fr\/wp-content\/uploads\/2024\/05\/logo1.png\",\"width\":1648,\"height\":652,\"caption\":\"EL MAWKIE\"},\"image\":{\"@id\":\"https:\/\/elmawkie.dz\/fr\/#\/schema\/logo\/image\/\"},\"sameAs\":[\"https:\/\/www.facebook.com\/profile.php?id=100088407094989&locale=fr_FR\"]},{\"@type\":\"Person\",\"@id\":\"https:\/\/elmawkie.dz\/fr\/#\/schema\/person\/e7bd59d6467874ba5c4723d8a9f0a63c\",\"name\":\"R\u00e9daction\",\"image\":{\"@type\":\"ImageObject\",\"inLanguage\":\"fr-FR\",\"@id\":\"https:\/\/elmawkie.dz\/fr\/#\/schema\/person\/image\/\",\"url\":\"https:\/\/secure.gravatar.com\/avatar\/f0f773456344da4d2788c054a3d30a0c?s=96&d=mm&r=g\",\"contentUrl\":\"https:\/\/secure.gravatar.com\/avatar\/f0f773456344da4d2788c054a3d30a0c?s=96&d=mm&r=g\",\"caption\":\"R\u00e9daction\"},\"url\":\"https:\/\/elmawkie.dz\/fr\/author\/redaction\/\"}]}<\/script>\n<!-- \/ Yoast SEO Premium plugin. -->","yoast_head_json":{"title":"Oran accueille la 3\u1d49 \u00e9dition du Salon africain des Affaires - El Mawkie","robots":{"index":"index","follow":"follow","max-snippet":"max-snippet:-1","max-image-preview":"max-image-preview:large","max-video-preview":"max-video-preview:-1"},"canonical":"https:\/\/elmawkie.dz\/fr\/oran-accueille-la-3\u1d49-edition-du-salon-africain-des-affaires\/","og_locale":"fr_FR","og_type":"article","og_title":"Oran accueille la 3\u1d49 \u00e9dition du Salon africain des Affaires","og_description":"Les activit\u00e9s de la troisi\u00e8me \u00e9dition du Salon africain des Affaires ont d\u00e9but\u00e9, samedi apr\u00e8s-midi \u00e0 Oran, avec la participation de 20 op\u00e9rateurs \u00e9conomiques issus de sept pays africains. Dans son discours d\u2019ouverture, la commissaire de cet \u00e9v\u00e9nement \u00e9conomique, Nouna Mihoubi, a soulign\u00e9 que l\u2019objectif de l\u2019organisation du Salon est de cr\u00e9er une plateforme visant &hellip;","og_url":"https:\/\/elmawkie.dz\/fr\/oran-accueille-la-3\u1d49-edition-du-salon-africain-des-affaires\/","og_site_name":"El Mawkie","article_publisher":"https:\/\/www.facebook.com\/profile.php?id=100088407094989&locale=fr_FR","article_published_time":"2025-04-26T15:34:34+00:00","article_modified_time":"2025-04-26T15:34:35+00:00","og_image":[{"width":612,"height":408,"url":"https:\/\/elmawkie.dz\/fr\/wp-content\/uploads\/2025\/04\/IMG_3884.jpeg","type":"image\/jpeg"}],"author":"R\u00e9daction","twitter_card":"summary_large_image","twitter_misc":{"Written by":"R\u00e9daction","Est. reading time":"2 minutes"},"schema":{"@context":"https:\/\/schema.org","@graph":[{"@type":"Article","@id":"https:\/\/elmawkie.dz\/fr\/oran-accueille-la-3%e1%b5%89-edition-du-salon-africain-des-affaires\/#article","isPartOf":{"@id":"https:\/\/elmawkie.dz\/fr\/oran-accueille-la-3%e1%b5%89-edition-du-salon-africain-des-affaires\/"},"author":{"name":"R\u00e9daction","@id":"https:\/\/elmawkie.dz\/fr\/#\/schema\/person\/e7bd59d6467874ba5c4723d8a9f0a63c"},"headline":"Oran accueille la 3\u1d49 \u00e9dition du Salon africain des Affaires","datePublished":"2025-04-26T15:34:34+00:00","dateModified":"2025-04-26T15:34:35+00:00","mainEntityOfPage":{"@id":"https:\/\/elmawkie.dz\/fr\/oran-accueille-la-3%e1%b5%89-edition-du-salon-africain-des-affaires\/"},"wordCount":384,"commentCount":0,"publisher":{"@id":"https:\/\/elmawkie.dz\/fr\/#organization"},"image":{"@id":"https:\/\/elmawkie.dz\/fr\/oran-accueille-la-3%e1%b5%89-edition-du-salon-africain-des-affaires\/#primaryimage"},"thumbnailUrl":"https:\/\/elmawkie.dz\/fr\/wp-content\/uploads\/2025\/04\/IMG_3884.jpeg","articleSection":["R\u00e9gion"],"inLanguage":"fr-FR","potentialAction":[{"@type":"CommentAction","name":"Comment","target":["https:\/\/elmawkie.dz\/fr\/oran-accueille-la-3%e1%b5%89-edition-du-salon-africain-des-affaires\/#respond"]}]},{"@type":"WebPage","@id":"https:\/\/elmawkie.dz\/fr\/oran-accueille-la-3%e1%b5%89-edition-du-salon-africain-des-affaires\/","url":"https:\/\/elmawkie.dz\/fr\/oran-accueille-la-3%e1%b5%89-edition-du-salon-africain-des-affaires\/","name":"Oran accueille la 3\u1d49 \u00e9dition du Salon africain des Affaires - El Mawkie","isPartOf":{"@id":"https:\/\/elmawkie.dz\/fr\/#website"},"primaryImageOfPage":{"@id":"https:\/\/elmawkie.dz\/fr\/oran-accueille-la-3%e1%b5%89-edition-du-salon-africain-des-affaires\/#primaryimage"},"image":{"@id":"https:\/\/elmawkie.dz\/fr\/oran-accueille-la-3%e1%b5%89-edition-du-salon-africain-des-affaires\/#primaryimage"},"thumbnailUrl":"https:\/\/elmawkie.dz\/fr\/wp-content\/uploads\/2025\/04\/IMG_3884.jpeg","datePublished":"2025-04-26T15:34:34+00:00","dateModified":"2025-04-26T15:34:35+00:00","breadcrumb":{"@id":"https:\/\/elmawkie.dz\/fr\/oran-accueille-la-3%e1%b5%89-edition-du-salon-africain-des-affaires\/#breadcrumb"},"inLanguage":"fr-FR","potentialAction":[{"@type":"ReadAction","target":["https:\/\/elmawkie.dz\/fr\/oran-accueille-la-3%e1%b5%89-edition-du-salon-africain-des-affaires\/"]}]},{"@type":"ImageObject","inLanguage":"fr-FR","@id":"https:\/\/elmawkie.dz\/fr\/oran-accueille-la-3%e1%b5%89-edition-du-salon-africain-des-affaires\/#primaryimage","url":"https:\/\/elmawkie.dz\/fr\/wp-content\/uploads\/2025\/04\/IMG_3884.jpeg","contentUrl":"https:\/\/elmawkie.dz\/fr\/wp-content\/uploads\/2025\/04\/IMG_3884.jpeg","width":612,"height":408},{"@type":"BreadcrumbList","@id":"https:\/\/elmawkie.dz\/fr\/oran-accueille-la-3%e1%b5%89-edition-du-salon-africain-des-affaires\/#breadcrumb","itemListElement":[{"@type":"ListItem","position":1,"name":"Home","item":"https:\/\/elmawkie.dz\/fr\/"},{"@type":"ListItem","position":2,"name":"Oran accueille la 3\u1d49 \u00e9dition du Salon africain des Affaires"}]},{"@type":"WebSite","@id":"https:\/\/elmawkie.dz\/fr\/#website","url":"https:\/\/elmawkie.dz\/fr\/","name":"EL MAWKIE","description":"Journal \u00c9lectronique Alg\u00e9rien","publisher":{"@id":"https:\/\/elmawkie.dz\/fr\/#organization"},"potentialAction":[{"@type":"SearchAction","target":{"@type":"EntryPoint","urlTemplate":"https:\/\/elmawkie.dz\/fr\/?s={search_term_string}"},"query-input":"required name=search_term_string"}],"inLanguage":"fr-FR"},{"@type":"Organization","@id":"https:\/\/elmawkie.dz\/fr\/#organization","name":"EL MAWKIE","url":"https:\/\/elmawkie.dz\/fr\/","logo":{"@type":"ImageObject","inLanguage":"fr-FR","@id":"https:\/\/elmawkie.dz\/fr\/#\/schema\/logo\/image\/","url":"https:\/\/elmawkie.dz\/fr\/wp-content\/uploads\/2024\/05\/logo1.png","contentUrl":"https:\/\/elmawkie.dz\/fr\/wp-content\/uploads\/2024\/05\/logo1.png","width":1648,"height":652,"caption":"EL MAWKIE"},"image":{"@id":"https:\/\/elmawkie.dz\/fr\/#\/schema\/logo\/image\/"},"sameAs":["https:\/\/www.facebook.com\/profile.php?id=100088407094989&locale=fr_FR"]},{"@type":"Person","@id":"https:\/\/elmawkie.dz\/fr\/#\/schema\/person\/e7bd59d6467874ba5c4723d8a9f0a63c","name":"R\u00e9daction","image":{"@type":"ImageObject","inLanguage":"fr-FR","@id":"https:\/\/elmawkie.dz\/fr\/#\/schema\/person\/image\/","url":"https:\/\/secure.gravatar.com\/avatar\/f0f773456344da4d2788c054a3d30a0c?s=96&d=mm&r=g","contentUrl":"https:\/\/secure.gravatar.com\/avatar\/f0f773456344da4d2788c054a3d30a0c?s=96&d=mm&r=g","caption":"R\u00e9daction"},"url":"https:\/\/elmawkie.dz\/fr\/author\/redaction\/"}]}},"_links":{"self":[{"href":"https:\/\/elmawkie.dz\/fr\/wp-json\/wp\/v2\/posts\/50434","targetHints":{"allow":["GET"]}}],"collection":[{"href":"https:\/\/elmawkie.dz\/fr\/wp-json\/wp\/v2\/posts"}],"about":[{"href":"https:\/\/elmawkie.dz\/fr\/wp-json\/wp\/v2\/types\/post"}],"author":[{"embeddable":true,"href":"https:\/\/elmawkie.dz\/fr\/wp-json\/wp\/v2\/users\/9"}],"replies":[{"embeddable":true,"href":"https:\/\/elmawkie.dz\/fr\/wp-json\/wp\/v2\/comments?post=50434"}],"version-history":[{"count":1,"href":"https:\/\/elmawkie.dz\/fr\/wp-json\/wp\/v2\/posts\/50434\/revisions"}],"predecessor-version":[{"id":50437,"href":"https:\/\/elmawkie.dz\/fr\/wp-json\/wp\/v2\/posts\/50434\/revisions\/50437"}],"wp:featuredmedia":[{"embeddable":true,"href":"https:\/\/elmawkie.dz\/fr\/wp-json\/wp\/v2\/media\/50436"}],"wp:attachment":[{"href":"https:\/\/elmawkie.dz\/fr\/wp-json\/wp\/v2\/media?parent=50434"}],"wp:term":[{"taxonomy":"category","embeddable":true,"href":"https:\/\/elmawkie.dz\/fr\/wp-json\/wp\/v2\/categories?post=50434"},{"taxonomy":"post_tag","embeddable":true,"href":"https:\/\/elmawkie.dz\/fr\/wp-json\/wp\/v2\/tags?post=50434"}],"curies":[{"name":"wp","href":"https:\/\/api.w.org\/{rel}","templated":true}]}}