{"id":50430,"date":"2025-04-26T16:24:04","date_gmt":"2025-04-26T15:24:04","guid":{"rendered":"https:\/\/elmawkie.dz\/fr\/?p=50430"},"modified":"2025-04-26T16:24:05","modified_gmt":"2025-04-26T15:24:05","slug":"hadj-2025-debut-dun-programme-de-formation-pour-les-membres-des-groupes-dorganisation-de-la-mission-algerienne","status":"publish","type":"post","link":"https:\/\/elmawkie.dz\/fr\/hadj-2025-debut-dun-programme-de-formation-pour-les-membres-des-groupes-dorganisation-de-la-mission-algerienne\/","title":{"rendered":"Hadj 2025 : d\u00e9but d\u2019un programme de formation pour les membres des groupes d\u2019organisation de la mission alg\u00e9rienne"},"content":{"rendered":"\n<p>L&rsquo;Office national du p\u00e8lerinage et de la Omra (ONPO) a lanc\u00e9, samedi \u00e0 Alger, un programme de formation au profit des membres des groupes d&rsquo;organisation de la mission alg\u00e9rienne, en pr\u00e9vision de la saison du hadj 1446H\/2025. A cette occasion, le Directeur g\u00e9n\u00e9ral (DG) de l&rsquo;ONPO, Tahar Braik a pr\u00e9cis\u00e9 que ce programme \u00ab\u00a0comprend, dans sa premi\u00e8re \u00e9tape, une session de formation destin\u00e9e aux membres des groupes d&rsquo;organisation de la mission op\u00e9rant au niveau des 12 a\u00e9roports d\u00e9di\u00e9s au d\u00e9part des p\u00e8lerins vers les Lieux Saints, et ce dans le cadre des efforts de l&rsquo;Office visant \u00e0 orienter et organiser les op\u00e9rations de formation assur\u00e9es par les diff\u00e9rents secteurs participant \u00e0 l&rsquo;op\u00e9ration du Hadj, pour une meilleure prise en charge des hadjis\u00a0\u00bb. M. Braik a affirm\u00e9 que l&rsquo;ONPO est \u00ab\u00a0fin pr\u00eat et pleinement dispos\u00e9\u00a0\u00bb \u00e0 assurer le succ\u00e8s de cette op\u00e9ration, rappelant les pr\u00e9paratifs entrepris pour fournir les diff\u00e9rents services au profit des p\u00e8lerins et leur assurer une prise en charge optimale. Il a ajout\u00e9 dans ce contexte, que \u00ab\u00a0617 centres ont \u00e9t\u00e9 mobilis\u00e9s pour la formation des p\u00e8lerins\u00a0\u00bb, conform\u00e9ment aux \u00ab\u00a0orientations du pr\u00e9sident de la R\u00e9publique, M. Abdelmadjid Tebboune, et aux directives du minist\u00e8re des Affaires religieuses et des Wakfs\u00a0\u00bb. De son c\u00f4t\u00e9, le directeur de l&rsquo;activit\u00e9 Hadj et des syst\u00e8mes d&rsquo;information \u00e0 l&rsquo;ONPO, Mohamed Amine Bounemra a indiqu\u00e9 que cette formation couvre les diff\u00e9rentes \u00e9tapes et proc\u00e9dures par lesquelles passe le p\u00e8lerin, depuis son arriv\u00e9e \u00e0 l&rsquo;a\u00e9roport jusqu&rsquo;\u00e0 son l&#8217;embarquement, relevant \u00e0 ce titre l&rsquo;importance de l&rsquo;exp\u00e9rience des membres des groupes d&rsquo;organisation de la mission au niveau des a\u00e9roports pour accueillir et accompagner les p\u00e8lerins.<\/p>\n","protected":false},"excerpt":{"rendered":"<p>L&rsquo;Office national du p\u00e8lerinage et de la Omra (ONPO) a lanc\u00e9, samedi \u00e0 Alger, un programme de formation au profit des membres des groupes d&rsquo;organisation de la mission alg\u00e9rienne, en pr\u00e9vision de la saison du hadj 1446H\/2025. A cette occasion, le Directeur g\u00e9n\u00e9ral (DG) de l&rsquo;ONPO, Tahar Braik a pr\u00e9cis\u00e9 que ce programme \u00ab\u00a0comprend, dans &hellip;<\/p>\n","protected":false},"author":9,"featured_media":50432,"comment_status":"open","ping_status":"open","sticky":false,"template":"","format":"standard","meta":{"footnotes":""},"categories":[47],"tags":[1201,294,3565],"class_list":["post-50430","post","type-post","status-publish","format-standard","has-post-thumbnail","hentry","category-national","tag-hadj-2025","tag-lalgerie","tag-la-mission-algerienne"],"yoast_head":"<!-- This site is optimized with the Yoast SEO Premium plugin v22.6 (Yoast SEO v22.6) - https:\/\/yoast.com\/wordpress\/plugins\/seo\/ -->\n<title>Hadj 2025 : d\u00e9but d\u2019un programme de formation pour les membres des groupes d\u2019organisation de la mission alg\u00e9rienne - El Mawkie<\/title>\n<meta name=\"robots\" content=\"index, follow, max-snippet:-1, max-image-preview:large, max-video-preview:-1\" \/>\n<link rel=\"canonical\" href=\"https:\/\/elmawkie.dz\/fr\/hadj-2025-debut-dun-programme-de-formation-pour-les-membres-des-groupes-dorganisation-de-la-mission-algerienne\/\" \/>\n<meta property=\"og:locale\" content=\"fr_FR\" \/>\n<meta property=\"og:type\" content=\"article\" \/>\n<meta property=\"og:title\" content=\"Hadj 2025 : d\u00e9but d\u2019un programme de formation pour les membres des groupes d\u2019organisation de la mission alg\u00e9rienne\" \/>\n<meta property=\"og:description\" content=\"L&rsquo;Office national du p\u00e8lerinage et de la Omra (ONPO) a lanc\u00e9, samedi \u00e0 Alger, un programme de formation au profit des membres des groupes d&rsquo;organisation de la mission alg\u00e9rienne, en pr\u00e9vision de la saison du hadj 1446H\/2025. A cette occasion, le Directeur g\u00e9n\u00e9ral (DG) de l&rsquo;ONPO, Tahar Braik a pr\u00e9cis\u00e9 que ce programme \u00ab\u00a0comprend, dans &hellip;\" \/>\n<meta property=\"og:url\" content=\"https:\/\/elmawkie.dz\/fr\/hadj-2025-debut-dun-programme-de-formation-pour-les-membres-des-groupes-dorganisation-de-la-mission-algerienne\/\" \/>\n<meta property=\"og:site_name\" content=\"El Mawkie\" \/>\n<meta property=\"article:publisher\" content=\"https:\/\/www.facebook.com\/profile.php?id=100088407094989&amp;locale=fr_FR\" \/>\n<meta property=\"article:published_time\" content=\"2025-04-26T15:24:04+00:00\" \/>\n<meta property=\"article:modified_time\" content=\"2025-04-26T15:24:05+00:00\" \/>\n<meta property=\"og:image\" content=\"https:\/\/elmawkie.dz\/fr\/wp-content\/uploads\/2025\/04\/IMG_3883.jpeg\" \/>\n\t<meta property=\"og:image:width\" content=\"284\" \/>\n\t<meta property=\"og:image:height\" content=\"178\" \/>\n\t<meta property=\"og:image:type\" content=\"image\/jpeg\" \/>\n<meta name=\"author\" content=\"R\u00e9daction\" \/>\n<meta name=\"twitter:card\" content=\"summary_large_image\" \/>\n<meta name=\"twitter:label1\" content=\"Written by\" \/>\n\t<meta name=\"twitter:data1\" content=\"R\u00e9daction\" \/>\n\t<meta name=\"twitter:label2\" content=\"Est. reading time\" \/>\n\t<meta name=\"twitter:data2\" content=\"2 minutes\" \/>\n<script type=\"application\/ld+json\" class=\"yoast-schema-graph\">{\"@context\":\"https:\/\/schema.org\",\"@graph\":[{\"@type\":\"Article\",\"@id\":\"https:\/\/elmawkie.dz\/fr\/hadj-2025-debut-dun-programme-de-formation-pour-les-membres-des-groupes-dorganisation-de-la-mission-algerienne\/#article\",\"isPartOf\":{\"@id\":\"https:\/\/elmawkie.dz\/fr\/hadj-2025-debut-dun-programme-de-formation-pour-les-membres-des-groupes-dorganisation-de-la-mission-algerienne\/\"},\"author\":{\"name\":\"R\u00e9daction\",\"@id\":\"https:\/\/elmawkie.dz\/fr\/#\/schema\/person\/e7bd59d6467874ba5c4723d8a9f0a63c\"},\"headline\":\"Hadj 2025 : d\u00e9but d\u2019un programme de formation pour les membres des groupes d\u2019organisation de la mission alg\u00e9rienne\",\"datePublished\":\"2025-04-26T15:24:04+00:00\",\"dateModified\":\"2025-04-26T15:24:05+00:00\",\"mainEntityOfPage\":{\"@id\":\"https:\/\/elmawkie.dz\/fr\/hadj-2025-debut-dun-programme-de-formation-pour-les-membres-des-groupes-dorganisation-de-la-mission-algerienne\/\"},\"wordCount\":333,\"commentCount\":0,\"publisher\":{\"@id\":\"https:\/\/elmawkie.dz\/fr\/#organization\"},\"image\":{\"@id\":\"https:\/\/elmawkie.dz\/fr\/hadj-2025-debut-dun-programme-de-formation-pour-les-membres-des-groupes-dorganisation-de-la-mission-algerienne\/#primaryimage\"},\"thumbnailUrl\":\"https:\/\/elmawkie.dz\/fr\/wp-content\/uploads\/2025\/04\/IMG_3883.jpeg\",\"keywords\":[\"Hadj 2025\",\"L'Alg\u00e9rie\",\"La mission alg\u00e9rienne\"],\"articleSection\":[\"National\"],\"inLanguage\":\"fr-FR\",\"potentialAction\":[{\"@type\":\"CommentAction\",\"name\":\"Comment\",\"target\":[\"https:\/\/elmawkie.dz\/fr\/hadj-2025-debut-dun-programme-de-formation-pour-les-membres-des-groupes-dorganisation-de-la-mission-algerienne\/#respond\"]}]},{\"@type\":\"WebPage\",\"@id\":\"https:\/\/elmawkie.dz\/fr\/hadj-2025-debut-dun-programme-de-formation-pour-les-membres-des-groupes-dorganisation-de-la-mission-algerienne\/\",\"url\":\"https:\/\/elmawkie.dz\/fr\/hadj-2025-debut-dun-programme-de-formation-pour-les-membres-des-groupes-dorganisation-de-la-mission-algerienne\/\",\"name\":\"Hadj 2025 : d\u00e9but d\u2019un programme de formation pour les membres des groupes d\u2019organisation de la mission alg\u00e9rienne - El Mawkie\",\"isPartOf\":{\"@id\":\"https:\/\/elmawkie.dz\/fr\/#website\"},\"primaryImageOfPage\":{\"@id\":\"https:\/\/elmawkie.dz\/fr\/hadj-2025-debut-dun-programme-de-formation-pour-les-membres-des-groupes-dorganisation-de-la-mission-algerienne\/#primaryimage\"},\"image\":{\"@id\":\"https:\/\/elmawkie.dz\/fr\/hadj-2025-debut-dun-programme-de-formation-pour-les-membres-des-groupes-dorganisation-de-la-mission-algerienne\/#primaryimage\"},\"thumbnailUrl\":\"https:\/\/elmawkie.dz\/fr\/wp-content\/uploads\/2025\/04\/IMG_3883.jpeg\",\"datePublished\":\"2025-04-26T15:24:04+00:00\",\"dateModified\":\"2025-04-26T15:24:05+00:00\",\"breadcrumb\":{\"@id\":\"https:\/\/elmawkie.dz\/fr\/hadj-2025-debut-dun-programme-de-formation-pour-les-membres-des-groupes-dorganisation-de-la-mission-algerienne\/#breadcrumb\"},\"inLanguage\":\"fr-FR\",\"potentialAction\":[{\"@type\":\"ReadAction\",\"target\":[\"https:\/\/elmawkie.dz\/fr\/hadj-2025-debut-dun-programme-de-formation-pour-les-membres-des-groupes-dorganisation-de-la-mission-algerienne\/\"]}]},{\"@type\":\"ImageObject\",\"inLanguage\":\"fr-FR\",\"@id\":\"https:\/\/elmawkie.dz\/fr\/hadj-2025-debut-dun-programme-de-formation-pour-les-membres-des-groupes-dorganisation-de-la-mission-algerienne\/#primaryimage\",\"url\":\"https:\/\/elmawkie.dz\/fr\/wp-content\/uploads\/2025\/04\/IMG_3883.jpeg\",\"contentUrl\":\"https:\/\/elmawkie.dz\/fr\/wp-content\/uploads\/2025\/04\/IMG_3883.jpeg\",\"width\":284,\"height\":178},{\"@type\":\"BreadcrumbList\",\"@id\":\"https:\/\/elmawkie.dz\/fr\/hadj-2025-debut-dun-programme-de-formation-pour-les-membres-des-groupes-dorganisation-de-la-mission-algerienne\/#breadcrumb\",\"itemListElement\":[{\"@type\":\"ListItem\",\"position\":1,\"name\":\"Home\",\"item\":\"https:\/\/elmawkie.dz\/fr\/\"},{\"@type\":\"ListItem\",\"position\":2,\"name\":\"Hadj 2025 : d\u00e9but d\u2019un programme de formation pour les membres des groupes d\u2019organisation de la mission alg\u00e9rienne\"}]},{\"@type\":\"WebSite\",\"@id\":\"https:\/\/elmawkie.dz\/fr\/#website\",\"url\":\"https:\/\/elmawkie.dz\/fr\/\",\"name\":\"EL MAWKIE\",\"description\":\"Journal \u00c9lectronique Alg\u00e9rien\",\"publisher\":{\"@id\":\"https:\/\/elmawkie.dz\/fr\/#organization\"},\"potentialAction\":[{\"@type\":\"SearchAction\",\"target\":{\"@type\":\"EntryPoint\",\"urlTemplate\":\"https:\/\/elmawkie.dz\/fr\/?s={search_term_string}\"},\"query-input\":\"required name=search_term_string\"}],\"inLanguage\":\"fr-FR\"},{\"@type\":\"Organization\",\"@id\":\"https:\/\/elmawkie.dz\/fr\/#organization\",\"name\":\"EL MAWKIE\",\"url\":\"https:\/\/elmawkie.dz\/fr\/\",\"logo\":{\"@type\":\"ImageObject\",\"inLanguage\":\"fr-FR\",\"@id\":\"https:\/\/elmawkie.dz\/fr\/#\/schema\/logo\/image\/\",\"url\":\"https:\/\/elmawkie.dz\/fr\/wp-content\/uploads\/2024\/05\/logo1.png\",\"contentUrl\":\"https:\/\/elmawkie.dz\/fr\/wp-content\/uploads\/2024\/05\/logo1.png\",\"width\":1648,\"height\":652,\"caption\":\"EL MAWKIE\"},\"image\":{\"@id\":\"https:\/\/elmawkie.dz\/fr\/#\/schema\/logo\/image\/\"},\"sameAs\":[\"https:\/\/www.facebook.com\/profile.php?id=100088407094989&locale=fr_FR\"]},{\"@type\":\"Person\",\"@id\":\"https:\/\/elmawkie.dz\/fr\/#\/schema\/person\/e7bd59d6467874ba5c4723d8a9f0a63c\",\"name\":\"R\u00e9daction\",\"image\":{\"@type\":\"ImageObject\",\"inLanguage\":\"fr-FR\",\"@id\":\"https:\/\/elmawkie.dz\/fr\/#\/schema\/person\/image\/\",\"url\":\"https:\/\/secure.gravatar.com\/avatar\/f0f773456344da4d2788c054a3d30a0c?s=96&d=mm&r=g\",\"contentUrl\":\"https:\/\/secure.gravatar.com\/avatar\/f0f773456344da4d2788c054a3d30a0c?s=96&d=mm&r=g\",\"caption\":\"R\u00e9daction\"},\"url\":\"https:\/\/elmawkie.dz\/fr\/author\/redaction\/\"}]}<\/script>\n<!-- \/ Yoast SEO Premium plugin. -->","yoast_head_json":{"title":"Hadj 2025 : d\u00e9but d\u2019un programme de formation pour les membres des groupes d\u2019organisation de la mission alg\u00e9rienne - El Mawkie","robots":{"index":"index","follow":"follow","max-snippet":"max-snippet:-1","max-image-preview":"max-image-preview:large","max-video-preview":"max-video-preview:-1"},"canonical":"https:\/\/elmawkie.dz\/fr\/hadj-2025-debut-dun-programme-de-formation-pour-les-membres-des-groupes-dorganisation-de-la-mission-algerienne\/","og_locale":"fr_FR","og_type":"article","og_title":"Hadj 2025 : d\u00e9but d\u2019un programme de formation pour les membres des groupes d\u2019organisation de la mission alg\u00e9rienne","og_description":"L&rsquo;Office national du p\u00e8lerinage et de la Omra (ONPO) a lanc\u00e9, samedi \u00e0 Alger, un programme de formation au profit des membres des groupes d&rsquo;organisation de la mission alg\u00e9rienne, en pr\u00e9vision de la saison du hadj 1446H\/2025. A cette occasion, le Directeur g\u00e9n\u00e9ral (DG) de l&rsquo;ONPO, Tahar Braik a pr\u00e9cis\u00e9 que ce programme \u00ab\u00a0comprend, dans &hellip;","og_url":"https:\/\/elmawkie.dz\/fr\/hadj-2025-debut-dun-programme-de-formation-pour-les-membres-des-groupes-dorganisation-de-la-mission-algerienne\/","og_site_name":"El Mawkie","article_publisher":"https:\/\/www.facebook.com\/profile.php?id=100088407094989&locale=fr_FR","article_published_time":"2025-04-26T15:24:04+00:00","article_modified_time":"2025-04-26T15:24:05+00:00","og_image":[{"width":284,"height":178,"url":"https:\/\/elmawkie.dz\/fr\/wp-content\/uploads\/2025\/04\/IMG_3883.jpeg","type":"image\/jpeg"}],"author":"R\u00e9daction","twitter_card":"summary_large_image","twitter_misc":{"Written by":"R\u00e9daction","Est. reading time":"2 minutes"},"schema":{"@context":"https:\/\/schema.org","@graph":[{"@type":"Article","@id":"https:\/\/elmawkie.dz\/fr\/hadj-2025-debut-dun-programme-de-formation-pour-les-membres-des-groupes-dorganisation-de-la-mission-algerienne\/#article","isPartOf":{"@id":"https:\/\/elmawkie.dz\/fr\/hadj-2025-debut-dun-programme-de-formation-pour-les-membres-des-groupes-dorganisation-de-la-mission-algerienne\/"},"author":{"name":"R\u00e9daction","@id":"https:\/\/elmawkie.dz\/fr\/#\/schema\/person\/e7bd59d6467874ba5c4723d8a9f0a63c"},"headline":"Hadj 2025 : d\u00e9but d\u2019un programme de formation pour les membres des groupes d\u2019organisation de la mission alg\u00e9rienne","datePublished":"2025-04-26T15:24:04+00:00","dateModified":"2025-04-26T15:24:05+00:00","mainEntityOfPage":{"@id":"https:\/\/elmawkie.dz\/fr\/hadj-2025-debut-dun-programme-de-formation-pour-les-membres-des-groupes-dorganisation-de-la-mission-algerienne\/"},"wordCount":333,"commentCount":0,"publisher":{"@id":"https:\/\/elmawkie.dz\/fr\/#organization"},"image":{"@id":"https:\/\/elmawkie.dz\/fr\/hadj-2025-debut-dun-programme-de-formation-pour-les-membres-des-groupes-dorganisation-de-la-mission-algerienne\/#primaryimage"},"thumbnailUrl":"https:\/\/elmawkie.dz\/fr\/wp-content\/uploads\/2025\/04\/IMG_3883.jpeg","keywords":["Hadj 2025","L'Alg\u00e9rie","La mission alg\u00e9rienne"],"articleSection":["National"],"inLanguage":"fr-FR","potentialAction":[{"@type":"CommentAction","name":"Comment","target":["https:\/\/elmawkie.dz\/fr\/hadj-2025-debut-dun-programme-de-formation-pour-les-membres-des-groupes-dorganisation-de-la-mission-algerienne\/#respond"]}]},{"@type":"WebPage","@id":"https:\/\/elmawkie.dz\/fr\/hadj-2025-debut-dun-programme-de-formation-pour-les-membres-des-groupes-dorganisation-de-la-mission-algerienne\/","url":"https:\/\/elmawkie.dz\/fr\/hadj-2025-debut-dun-programme-de-formation-pour-les-membres-des-groupes-dorganisation-de-la-mission-algerienne\/","name":"Hadj 2025 : d\u00e9but d\u2019un programme de formation pour les membres des groupes d\u2019organisation de la mission alg\u00e9rienne - El Mawkie","isPartOf":{"@id":"https:\/\/elmawkie.dz\/fr\/#website"},"primaryImageOfPage":{"@id":"https:\/\/elmawkie.dz\/fr\/hadj-2025-debut-dun-programme-de-formation-pour-les-membres-des-groupes-dorganisation-de-la-mission-algerienne\/#primaryimage"},"image":{"@id":"https:\/\/elmawkie.dz\/fr\/hadj-2025-debut-dun-programme-de-formation-pour-les-membres-des-groupes-dorganisation-de-la-mission-algerienne\/#primaryimage"},"thumbnailUrl":"https:\/\/elmawkie.dz\/fr\/wp-content\/uploads\/2025\/04\/IMG_3883.jpeg","datePublished":"2025-04-26T15:24:04+00:00","dateModified":"2025-04-26T15:24:05+00:00","breadcrumb":{"@id":"https:\/\/elmawkie.dz\/fr\/hadj-2025-debut-dun-programme-de-formation-pour-les-membres-des-groupes-dorganisation-de-la-mission-algerienne\/#breadcrumb"},"inLanguage":"fr-FR","potentialAction":[{"@type":"ReadAction","target":["https:\/\/elmawkie.dz\/fr\/hadj-2025-debut-dun-programme-de-formation-pour-les-membres-des-groupes-dorganisation-de-la-mission-algerienne\/"]}]},{"@type":"ImageObject","inLanguage":"fr-FR","@id":"https:\/\/elmawkie.dz\/fr\/hadj-2025-debut-dun-programme-de-formation-pour-les-membres-des-groupes-dorganisation-de-la-mission-algerienne\/#primaryimage","url":"https:\/\/elmawkie.dz\/fr\/wp-content\/uploads\/2025\/04\/IMG_3883.jpeg","contentUrl":"https:\/\/elmawkie.dz\/fr\/wp-content\/uploads\/2025\/04\/IMG_3883.jpeg","width":284,"height":178},{"@type":"BreadcrumbList","@id":"https:\/\/elmawkie.dz\/fr\/hadj-2025-debut-dun-programme-de-formation-pour-les-membres-des-groupes-dorganisation-de-la-mission-algerienne\/#breadcrumb","itemListElement":[{"@type":"ListItem","position":1,"name":"Home","item":"https:\/\/elmawkie.dz\/fr\/"},{"@type":"ListItem","position":2,"name":"Hadj 2025 : d\u00e9but d\u2019un programme de formation pour les membres des groupes d\u2019organisation de la mission alg\u00e9rienne"}]},{"@type":"WebSite","@id":"https:\/\/elmawkie.dz\/fr\/#website","url":"https:\/\/elmawkie.dz\/fr\/","name":"EL MAWKIE","description":"Journal \u00c9lectronique Alg\u00e9rien","publisher":{"@id":"https:\/\/elmawkie.dz\/fr\/#organization"},"potentialAction":[{"@type":"SearchAction","target":{"@type":"EntryPoint","urlTemplate":"https:\/\/elmawkie.dz\/fr\/?s={search_term_string}"},"query-input":"required name=search_term_string"}],"inLanguage":"fr-FR"},{"@type":"Organization","@id":"https:\/\/elmawkie.dz\/fr\/#organization","name":"EL MAWKIE","url":"https:\/\/elmawkie.dz\/fr\/","logo":{"@type":"ImageObject","inLanguage":"fr-FR","@id":"https:\/\/elmawkie.dz\/fr\/#\/schema\/logo\/image\/","url":"https:\/\/elmawkie.dz\/fr\/wp-content\/uploads\/2024\/05\/logo1.png","contentUrl":"https:\/\/elmawkie.dz\/fr\/wp-content\/uploads\/2024\/05\/logo1.png","width":1648,"height":652,"caption":"EL MAWKIE"},"image":{"@id":"https:\/\/elmawkie.dz\/fr\/#\/schema\/logo\/image\/"},"sameAs":["https:\/\/www.facebook.com\/profile.php?id=100088407094989&locale=fr_FR"]},{"@type":"Person","@id":"https:\/\/elmawkie.dz\/fr\/#\/schema\/person\/e7bd59d6467874ba5c4723d8a9f0a63c","name":"R\u00e9daction","image":{"@type":"ImageObject","inLanguage":"fr-FR","@id":"https:\/\/elmawkie.dz\/fr\/#\/schema\/person\/image\/","url":"https:\/\/secure.gravatar.com\/avatar\/f0f773456344da4d2788c054a3d30a0c?s=96&d=mm&r=g","contentUrl":"https:\/\/secure.gravatar.com\/avatar\/f0f773456344da4d2788c054a3d30a0c?s=96&d=mm&r=g","caption":"R\u00e9daction"},"url":"https:\/\/elmawkie.dz\/fr\/author\/redaction\/"}]}},"_links":{"self":[{"href":"https:\/\/elmawkie.dz\/fr\/wp-json\/wp\/v2\/posts\/50430","targetHints":{"allow":["GET"]}}],"collection":[{"href":"https:\/\/elmawkie.dz\/fr\/wp-json\/wp\/v2\/posts"}],"about":[{"href":"https:\/\/elmawkie.dz\/fr\/wp-json\/wp\/v2\/types\/post"}],"author":[{"embeddable":true,"href":"https:\/\/elmawkie.dz\/fr\/wp-json\/wp\/v2\/users\/9"}],"replies":[{"embeddable":true,"href":"https:\/\/elmawkie.dz\/fr\/wp-json\/wp\/v2\/comments?post=50430"}],"version-history":[{"count":1,"href":"https:\/\/elmawkie.dz\/fr\/wp-json\/wp\/v2\/posts\/50430\/revisions"}],"predecessor-version":[{"id":50433,"href":"https:\/\/elmawkie.dz\/fr\/wp-json\/wp\/v2\/posts\/50430\/revisions\/50433"}],"wp:featuredmedia":[{"embeddable":true,"href":"https:\/\/elmawkie.dz\/fr\/wp-json\/wp\/v2\/media\/50432"}],"wp:attachment":[{"href":"https:\/\/elmawkie.dz\/fr\/wp-json\/wp\/v2\/media?parent=50430"}],"wp:term":[{"taxonomy":"category","embeddable":true,"href":"https:\/\/elmawkie.dz\/fr\/wp-json\/wp\/v2\/categories?post=50430"},{"taxonomy":"post_tag","embeddable":true,"href":"https:\/\/elmawkie.dz\/fr\/wp-json\/wp\/v2\/tags?post=50430"}],"curies":[{"name":"wp","href":"https:\/\/api.w.org\/{rel}","templated":true}]}}