{"id":50267,"date":"2025-04-23T20:26:04","date_gmt":"2025-04-23T19:26:04","guid":{"rendered":"https:\/\/elmawkie.dz\/fr\/?p=50267"},"modified":"2025-04-23T20:26:05","modified_gmt":"2025-04-23T19:26:05","slug":"hadj-2025-lancement-de-la-programmation-des-vols-via-le-portail-bawabet-el-hadj-dz-et-rakb-al-hadjij","status":"publish","type":"post","link":"https:\/\/elmawkie.dz\/fr\/hadj-2025-lancement-de-la-programmation-des-vols-via-le-portail-bawabet-el-hadj-dz-et-rakb-al-hadjij\/","title":{"rendered":"Hadj 2025 : lancement de la programmation des vols via le portail Bawabet El Hadj Dz et Rakb Al-Hadjij"},"content":{"rendered":"\n<p>L&rsquo;Office national du P\u00e8lerinage et de la Omra (ONPO) a annonc\u00e9 la programmation de l&rsquo;ouverture des vols via le portail +Bawabet El Hadj Dz+ et l&rsquo;application +Rakb Al-Hadjij+\u00a0\u00bb au titre de la saison du hadj 1446\/2025, indique, mercredi, un communiqu\u00e9 de l&rsquo;office. \u00ab\u00a0L&rsquo;ONPO, en coordination avec Air Alg\u00e9rie, informe les hadjis que l&rsquo;ouverture des vols a \u00e9t\u00e9 programm\u00e9e via le portail +Bawabet El Hadj Dz+ et l&rsquo;application +Rakb Al-Hadjij+\u00a0\u00bb pour la saison du Hadj 1446\/2025&Prime;, pr\u00e9cise-t-on de m\u00eame source. \u00ab\u00a0Pour conna\u00eetre les d\u00e9tails des vols et les dates d&rsquo;ouverture, les Hadjis sont invit\u00e9s \u00e0 consulter le lien: https:\/\/bawabetelhadj.dz\/scheduledtrips. Le programme sera mis \u00e0 jour r\u00e9guli\u00e8rement sur le m\u00eame lien\u00a0\u00bb, ajoute l&rsquo;office. \u00ab\u00a0L&rsquo;ouverture des vols susmentionn\u00e9s concerne les a\u00e9roports de Batna, Tlemcen, Constantine, Oran, Annaba, Laghouat et Ouargla, et se fera aujourd&rsquo;hui, mercredi, \u00e0 partir de 20h00, tandis qu&rsquo;elle d\u00e9butera \u00e0 partir de 21h00 pour l&rsquo;a\u00e9roport d&rsquo;Alger\u00a0\u00bb.<\/p>\n","protected":false},"excerpt":{"rendered":"<p>L&rsquo;Office national du P\u00e8lerinage et de la Omra (ONPO) a annonc\u00e9 la programmation de l&rsquo;ouverture des vols via le portail +Bawabet El Hadj Dz+ et l&rsquo;application +Rakb Al-Hadjij+\u00a0\u00bb au titre de la saison du hadj 1446\/2025, indique, mercredi, un communiqu\u00e9 de l&rsquo;office. \u00ab\u00a0L&rsquo;ONPO, en coordination avec Air Alg\u00e9rie, informe les hadjis que l&rsquo;ouverture des vols &hellip;<\/p>\n","protected":false},"author":9,"featured_media":50269,"comment_status":"open","ping_status":"open","sticky":false,"template":"","format":"standard","meta":{"footnotes":""},"categories":[47],"tags":[1201],"class_list":["post-50267","post","type-post","status-publish","format-standard","has-post-thumbnail","hentry","category-national","tag-hadj-2025"],"yoast_head":"<!-- This site is optimized with the Yoast SEO Premium plugin v22.6 (Yoast SEO v22.6) - https:\/\/yoast.com\/wordpress\/plugins\/seo\/ -->\n<title>Hadj 2025 : lancement de la programmation des vols via le portail Bawabet El Hadj Dz et Rakb Al-Hadjij - El Mawkie<\/title>\n<meta name=\"robots\" content=\"index, follow, max-snippet:-1, max-image-preview:large, max-video-preview:-1\" \/>\n<link rel=\"canonical\" href=\"https:\/\/elmawkie.dz\/fr\/hadj-2025-lancement-de-la-programmation-des-vols-via-le-portail-bawabet-el-hadj-dz-et-rakb-al-hadjij\/\" \/>\n<meta property=\"og:locale\" content=\"fr_FR\" \/>\n<meta property=\"og:type\" content=\"article\" \/>\n<meta property=\"og:title\" content=\"Hadj 2025 : lancement de la programmation des vols via le portail Bawabet El Hadj Dz et Rakb Al-Hadjij\" \/>\n<meta property=\"og:description\" content=\"L&rsquo;Office national du P\u00e8lerinage et de la Omra (ONPO) a annonc\u00e9 la programmation de l&rsquo;ouverture des vols via le portail +Bawabet El Hadj Dz+ et l&rsquo;application +Rakb Al-Hadjij+\u00a0\u00bb au titre de la saison du hadj 1446\/2025, indique, mercredi, un communiqu\u00e9 de l&rsquo;office. \u00ab\u00a0L&rsquo;ONPO, en coordination avec Air Alg\u00e9rie, informe les hadjis que l&rsquo;ouverture des vols &hellip;\" \/>\n<meta property=\"og:url\" content=\"https:\/\/elmawkie.dz\/fr\/hadj-2025-lancement-de-la-programmation-des-vols-via-le-portail-bawabet-el-hadj-dz-et-rakb-al-hadjij\/\" \/>\n<meta property=\"og:site_name\" content=\"El Mawkie\" \/>\n<meta property=\"article:publisher\" content=\"https:\/\/www.facebook.com\/profile.php?id=100088407094989&amp;locale=fr_FR\" \/>\n<meta property=\"article:published_time\" content=\"2025-04-23T19:26:04+00:00\" \/>\n<meta property=\"article:modified_time\" content=\"2025-04-23T19:26:05+00:00\" \/>\n<meta property=\"og:image\" content=\"https:\/\/elmawkie.dz\/fr\/wp-content\/uploads\/2025\/04\/IMG_3723.jpeg\" \/>\n\t<meta property=\"og:image:width\" content=\"259\" \/>\n\t<meta property=\"og:image:height\" content=\"194\" \/>\n\t<meta property=\"og:image:type\" content=\"image\/jpeg\" \/>\n<meta name=\"author\" content=\"R\u00e9daction\" \/>\n<meta name=\"twitter:card\" content=\"summary_large_image\" \/>\n<meta name=\"twitter:label1\" content=\"Written by\" \/>\n\t<meta name=\"twitter:data1\" content=\"R\u00e9daction\" \/>\n\t<meta name=\"twitter:label2\" content=\"Est. reading time\" \/>\n\t<meta name=\"twitter:data2\" content=\"1 minute\" \/>\n<script type=\"application\/ld+json\" class=\"yoast-schema-graph\">{\"@context\":\"https:\/\/schema.org\",\"@graph\":[{\"@type\":\"Article\",\"@id\":\"https:\/\/elmawkie.dz\/fr\/hadj-2025-lancement-de-la-programmation-des-vols-via-le-portail-bawabet-el-hadj-dz-et-rakb-al-hadjij\/#article\",\"isPartOf\":{\"@id\":\"https:\/\/elmawkie.dz\/fr\/hadj-2025-lancement-de-la-programmation-des-vols-via-le-portail-bawabet-el-hadj-dz-et-rakb-al-hadjij\/\"},\"author\":{\"name\":\"R\u00e9daction\",\"@id\":\"https:\/\/elmawkie.dz\/fr\/#\/schema\/person\/e7bd59d6467874ba5c4723d8a9f0a63c\"},\"headline\":\"Hadj 2025 : lancement de la programmation des vols via le portail Bawabet El Hadj Dz et Rakb Al-Hadjij\",\"datePublished\":\"2025-04-23T19:26:04+00:00\",\"dateModified\":\"2025-04-23T19:26:05+00:00\",\"mainEntityOfPage\":{\"@id\":\"https:\/\/elmawkie.dz\/fr\/hadj-2025-lancement-de-la-programmation-des-vols-via-le-portail-bawabet-el-hadj-dz-et-rakb-al-hadjij\/\"},\"wordCount\":189,\"commentCount\":0,\"publisher\":{\"@id\":\"https:\/\/elmawkie.dz\/fr\/#organization\"},\"image\":{\"@id\":\"https:\/\/elmawkie.dz\/fr\/hadj-2025-lancement-de-la-programmation-des-vols-via-le-portail-bawabet-el-hadj-dz-et-rakb-al-hadjij\/#primaryimage\"},\"thumbnailUrl\":\"https:\/\/elmawkie.dz\/fr\/wp-content\/uploads\/2025\/04\/IMG_3723.jpeg\",\"keywords\":[\"Hadj 2025\"],\"articleSection\":[\"National\"],\"inLanguage\":\"fr-FR\",\"potentialAction\":[{\"@type\":\"CommentAction\",\"name\":\"Comment\",\"target\":[\"https:\/\/elmawkie.dz\/fr\/hadj-2025-lancement-de-la-programmation-des-vols-via-le-portail-bawabet-el-hadj-dz-et-rakb-al-hadjij\/#respond\"]}]},{\"@type\":\"WebPage\",\"@id\":\"https:\/\/elmawkie.dz\/fr\/hadj-2025-lancement-de-la-programmation-des-vols-via-le-portail-bawabet-el-hadj-dz-et-rakb-al-hadjij\/\",\"url\":\"https:\/\/elmawkie.dz\/fr\/hadj-2025-lancement-de-la-programmation-des-vols-via-le-portail-bawabet-el-hadj-dz-et-rakb-al-hadjij\/\",\"name\":\"Hadj 2025 : lancement de la programmation des vols via le portail Bawabet El Hadj Dz et Rakb Al-Hadjij - El Mawkie\",\"isPartOf\":{\"@id\":\"https:\/\/elmawkie.dz\/fr\/#website\"},\"primaryImageOfPage\":{\"@id\":\"https:\/\/elmawkie.dz\/fr\/hadj-2025-lancement-de-la-programmation-des-vols-via-le-portail-bawabet-el-hadj-dz-et-rakb-al-hadjij\/#primaryimage\"},\"image\":{\"@id\":\"https:\/\/elmawkie.dz\/fr\/hadj-2025-lancement-de-la-programmation-des-vols-via-le-portail-bawabet-el-hadj-dz-et-rakb-al-hadjij\/#primaryimage\"},\"thumbnailUrl\":\"https:\/\/elmawkie.dz\/fr\/wp-content\/uploads\/2025\/04\/IMG_3723.jpeg\",\"datePublished\":\"2025-04-23T19:26:04+00:00\",\"dateModified\":\"2025-04-23T19:26:05+00:00\",\"breadcrumb\":{\"@id\":\"https:\/\/elmawkie.dz\/fr\/hadj-2025-lancement-de-la-programmation-des-vols-via-le-portail-bawabet-el-hadj-dz-et-rakb-al-hadjij\/#breadcrumb\"},\"inLanguage\":\"fr-FR\",\"potentialAction\":[{\"@type\":\"ReadAction\",\"target\":[\"https:\/\/elmawkie.dz\/fr\/hadj-2025-lancement-de-la-programmation-des-vols-via-le-portail-bawabet-el-hadj-dz-et-rakb-al-hadjij\/\"]}]},{\"@type\":\"ImageObject\",\"inLanguage\":\"fr-FR\",\"@id\":\"https:\/\/elmawkie.dz\/fr\/hadj-2025-lancement-de-la-programmation-des-vols-via-le-portail-bawabet-el-hadj-dz-et-rakb-al-hadjij\/#primaryimage\",\"url\":\"https:\/\/elmawkie.dz\/fr\/wp-content\/uploads\/2025\/04\/IMG_3723.jpeg\",\"contentUrl\":\"https:\/\/elmawkie.dz\/fr\/wp-content\/uploads\/2025\/04\/IMG_3723.jpeg\",\"width\":259,\"height\":194},{\"@type\":\"BreadcrumbList\",\"@id\":\"https:\/\/elmawkie.dz\/fr\/hadj-2025-lancement-de-la-programmation-des-vols-via-le-portail-bawabet-el-hadj-dz-et-rakb-al-hadjij\/#breadcrumb\",\"itemListElement\":[{\"@type\":\"ListItem\",\"position\":1,\"name\":\"Home\",\"item\":\"https:\/\/elmawkie.dz\/fr\/\"},{\"@type\":\"ListItem\",\"position\":2,\"name\":\"Hadj 2025 : lancement de la programmation des vols via le portail Bawabet El Hadj Dz et Rakb Al-Hadjij\"}]},{\"@type\":\"WebSite\",\"@id\":\"https:\/\/elmawkie.dz\/fr\/#website\",\"url\":\"https:\/\/elmawkie.dz\/fr\/\",\"name\":\"EL MAWKIE\",\"description\":\"Journal \u00c9lectronique Alg\u00e9rien\",\"publisher\":{\"@id\":\"https:\/\/elmawkie.dz\/fr\/#organization\"},\"potentialAction\":[{\"@type\":\"SearchAction\",\"target\":{\"@type\":\"EntryPoint\",\"urlTemplate\":\"https:\/\/elmawkie.dz\/fr\/?s={search_term_string}\"},\"query-input\":\"required name=search_term_string\"}],\"inLanguage\":\"fr-FR\"},{\"@type\":\"Organization\",\"@id\":\"https:\/\/elmawkie.dz\/fr\/#organization\",\"name\":\"EL MAWKIE\",\"url\":\"https:\/\/elmawkie.dz\/fr\/\",\"logo\":{\"@type\":\"ImageObject\",\"inLanguage\":\"fr-FR\",\"@id\":\"https:\/\/elmawkie.dz\/fr\/#\/schema\/logo\/image\/\",\"url\":\"https:\/\/elmawkie.dz\/fr\/wp-content\/uploads\/2024\/05\/logo1.png\",\"contentUrl\":\"https:\/\/elmawkie.dz\/fr\/wp-content\/uploads\/2024\/05\/logo1.png\",\"width\":1648,\"height\":652,\"caption\":\"EL MAWKIE\"},\"image\":{\"@id\":\"https:\/\/elmawkie.dz\/fr\/#\/schema\/logo\/image\/\"},\"sameAs\":[\"https:\/\/www.facebook.com\/profile.php?id=100088407094989&locale=fr_FR\"]},{\"@type\":\"Person\",\"@id\":\"https:\/\/elmawkie.dz\/fr\/#\/schema\/person\/e7bd59d6467874ba5c4723d8a9f0a63c\",\"name\":\"R\u00e9daction\",\"image\":{\"@type\":\"ImageObject\",\"inLanguage\":\"fr-FR\",\"@id\":\"https:\/\/elmawkie.dz\/fr\/#\/schema\/person\/image\/\",\"url\":\"https:\/\/secure.gravatar.com\/avatar\/f0f773456344da4d2788c054a3d30a0c?s=96&d=mm&r=g\",\"contentUrl\":\"https:\/\/secure.gravatar.com\/avatar\/f0f773456344da4d2788c054a3d30a0c?s=96&d=mm&r=g\",\"caption\":\"R\u00e9daction\"},\"url\":\"https:\/\/elmawkie.dz\/fr\/author\/redaction\/\"}]}<\/script>\n<!-- \/ Yoast SEO Premium plugin. -->","yoast_head_json":{"title":"Hadj 2025 : lancement de la programmation des vols via le portail Bawabet El Hadj Dz et Rakb Al-Hadjij - El Mawkie","robots":{"index":"index","follow":"follow","max-snippet":"max-snippet:-1","max-image-preview":"max-image-preview:large","max-video-preview":"max-video-preview:-1"},"canonical":"https:\/\/elmawkie.dz\/fr\/hadj-2025-lancement-de-la-programmation-des-vols-via-le-portail-bawabet-el-hadj-dz-et-rakb-al-hadjij\/","og_locale":"fr_FR","og_type":"article","og_title":"Hadj 2025 : lancement de la programmation des vols via le portail Bawabet El Hadj Dz et Rakb Al-Hadjij","og_description":"L&rsquo;Office national du P\u00e8lerinage et de la Omra (ONPO) a annonc\u00e9 la programmation de l&rsquo;ouverture des vols via le portail +Bawabet El Hadj Dz+ et l&rsquo;application +Rakb Al-Hadjij+\u00a0\u00bb au titre de la saison du hadj 1446\/2025, indique, mercredi, un communiqu\u00e9 de l&rsquo;office. \u00ab\u00a0L&rsquo;ONPO, en coordination avec Air Alg\u00e9rie, informe les hadjis que l&rsquo;ouverture des vols &hellip;","og_url":"https:\/\/elmawkie.dz\/fr\/hadj-2025-lancement-de-la-programmation-des-vols-via-le-portail-bawabet-el-hadj-dz-et-rakb-al-hadjij\/","og_site_name":"El Mawkie","article_publisher":"https:\/\/www.facebook.com\/profile.php?id=100088407094989&locale=fr_FR","article_published_time":"2025-04-23T19:26:04+00:00","article_modified_time":"2025-04-23T19:26:05+00:00","og_image":[{"width":259,"height":194,"url":"https:\/\/elmawkie.dz\/fr\/wp-content\/uploads\/2025\/04\/IMG_3723.jpeg","type":"image\/jpeg"}],"author":"R\u00e9daction","twitter_card":"summary_large_image","twitter_misc":{"Written by":"R\u00e9daction","Est. reading time":"1 minute"},"schema":{"@context":"https:\/\/schema.org","@graph":[{"@type":"Article","@id":"https:\/\/elmawkie.dz\/fr\/hadj-2025-lancement-de-la-programmation-des-vols-via-le-portail-bawabet-el-hadj-dz-et-rakb-al-hadjij\/#article","isPartOf":{"@id":"https:\/\/elmawkie.dz\/fr\/hadj-2025-lancement-de-la-programmation-des-vols-via-le-portail-bawabet-el-hadj-dz-et-rakb-al-hadjij\/"},"author":{"name":"R\u00e9daction","@id":"https:\/\/elmawkie.dz\/fr\/#\/schema\/person\/e7bd59d6467874ba5c4723d8a9f0a63c"},"headline":"Hadj 2025 : lancement de la programmation des vols via le portail Bawabet El Hadj Dz et Rakb Al-Hadjij","datePublished":"2025-04-23T19:26:04+00:00","dateModified":"2025-04-23T19:26:05+00:00","mainEntityOfPage":{"@id":"https:\/\/elmawkie.dz\/fr\/hadj-2025-lancement-de-la-programmation-des-vols-via-le-portail-bawabet-el-hadj-dz-et-rakb-al-hadjij\/"},"wordCount":189,"commentCount":0,"publisher":{"@id":"https:\/\/elmawkie.dz\/fr\/#organization"},"image":{"@id":"https:\/\/elmawkie.dz\/fr\/hadj-2025-lancement-de-la-programmation-des-vols-via-le-portail-bawabet-el-hadj-dz-et-rakb-al-hadjij\/#primaryimage"},"thumbnailUrl":"https:\/\/elmawkie.dz\/fr\/wp-content\/uploads\/2025\/04\/IMG_3723.jpeg","keywords":["Hadj 2025"],"articleSection":["National"],"inLanguage":"fr-FR","potentialAction":[{"@type":"CommentAction","name":"Comment","target":["https:\/\/elmawkie.dz\/fr\/hadj-2025-lancement-de-la-programmation-des-vols-via-le-portail-bawabet-el-hadj-dz-et-rakb-al-hadjij\/#respond"]}]},{"@type":"WebPage","@id":"https:\/\/elmawkie.dz\/fr\/hadj-2025-lancement-de-la-programmation-des-vols-via-le-portail-bawabet-el-hadj-dz-et-rakb-al-hadjij\/","url":"https:\/\/elmawkie.dz\/fr\/hadj-2025-lancement-de-la-programmation-des-vols-via-le-portail-bawabet-el-hadj-dz-et-rakb-al-hadjij\/","name":"Hadj 2025 : lancement de la programmation des vols via le portail Bawabet El Hadj Dz et Rakb Al-Hadjij - El Mawkie","isPartOf":{"@id":"https:\/\/elmawkie.dz\/fr\/#website"},"primaryImageOfPage":{"@id":"https:\/\/elmawkie.dz\/fr\/hadj-2025-lancement-de-la-programmation-des-vols-via-le-portail-bawabet-el-hadj-dz-et-rakb-al-hadjij\/#primaryimage"},"image":{"@id":"https:\/\/elmawkie.dz\/fr\/hadj-2025-lancement-de-la-programmation-des-vols-via-le-portail-bawabet-el-hadj-dz-et-rakb-al-hadjij\/#primaryimage"},"thumbnailUrl":"https:\/\/elmawkie.dz\/fr\/wp-content\/uploads\/2025\/04\/IMG_3723.jpeg","datePublished":"2025-04-23T19:26:04+00:00","dateModified":"2025-04-23T19:26:05+00:00","breadcrumb":{"@id":"https:\/\/elmawkie.dz\/fr\/hadj-2025-lancement-de-la-programmation-des-vols-via-le-portail-bawabet-el-hadj-dz-et-rakb-al-hadjij\/#breadcrumb"},"inLanguage":"fr-FR","potentialAction":[{"@type":"ReadAction","target":["https:\/\/elmawkie.dz\/fr\/hadj-2025-lancement-de-la-programmation-des-vols-via-le-portail-bawabet-el-hadj-dz-et-rakb-al-hadjij\/"]}]},{"@type":"ImageObject","inLanguage":"fr-FR","@id":"https:\/\/elmawkie.dz\/fr\/hadj-2025-lancement-de-la-programmation-des-vols-via-le-portail-bawabet-el-hadj-dz-et-rakb-al-hadjij\/#primaryimage","url":"https:\/\/elmawkie.dz\/fr\/wp-content\/uploads\/2025\/04\/IMG_3723.jpeg","contentUrl":"https:\/\/elmawkie.dz\/fr\/wp-content\/uploads\/2025\/04\/IMG_3723.jpeg","width":259,"height":194},{"@type":"BreadcrumbList","@id":"https:\/\/elmawkie.dz\/fr\/hadj-2025-lancement-de-la-programmation-des-vols-via-le-portail-bawabet-el-hadj-dz-et-rakb-al-hadjij\/#breadcrumb","itemListElement":[{"@type":"ListItem","position":1,"name":"Home","item":"https:\/\/elmawkie.dz\/fr\/"},{"@type":"ListItem","position":2,"name":"Hadj 2025 : lancement de la programmation des vols via le portail Bawabet El Hadj Dz et Rakb Al-Hadjij"}]},{"@type":"WebSite","@id":"https:\/\/elmawkie.dz\/fr\/#website","url":"https:\/\/elmawkie.dz\/fr\/","name":"EL MAWKIE","description":"Journal \u00c9lectronique Alg\u00e9rien","publisher":{"@id":"https:\/\/elmawkie.dz\/fr\/#organization"},"potentialAction":[{"@type":"SearchAction","target":{"@type":"EntryPoint","urlTemplate":"https:\/\/elmawkie.dz\/fr\/?s={search_term_string}"},"query-input":"required name=search_term_string"}],"inLanguage":"fr-FR"},{"@type":"Organization","@id":"https:\/\/elmawkie.dz\/fr\/#organization","name":"EL MAWKIE","url":"https:\/\/elmawkie.dz\/fr\/","logo":{"@type":"ImageObject","inLanguage":"fr-FR","@id":"https:\/\/elmawkie.dz\/fr\/#\/schema\/logo\/image\/","url":"https:\/\/elmawkie.dz\/fr\/wp-content\/uploads\/2024\/05\/logo1.png","contentUrl":"https:\/\/elmawkie.dz\/fr\/wp-content\/uploads\/2024\/05\/logo1.png","width":1648,"height":652,"caption":"EL MAWKIE"},"image":{"@id":"https:\/\/elmawkie.dz\/fr\/#\/schema\/logo\/image\/"},"sameAs":["https:\/\/www.facebook.com\/profile.php?id=100088407094989&locale=fr_FR"]},{"@type":"Person","@id":"https:\/\/elmawkie.dz\/fr\/#\/schema\/person\/e7bd59d6467874ba5c4723d8a9f0a63c","name":"R\u00e9daction","image":{"@type":"ImageObject","inLanguage":"fr-FR","@id":"https:\/\/elmawkie.dz\/fr\/#\/schema\/person\/image\/","url":"https:\/\/secure.gravatar.com\/avatar\/f0f773456344da4d2788c054a3d30a0c?s=96&d=mm&r=g","contentUrl":"https:\/\/secure.gravatar.com\/avatar\/f0f773456344da4d2788c054a3d30a0c?s=96&d=mm&r=g","caption":"R\u00e9daction"},"url":"https:\/\/elmawkie.dz\/fr\/author\/redaction\/"}]}},"_links":{"self":[{"href":"https:\/\/elmawkie.dz\/fr\/wp-json\/wp\/v2\/posts\/50267","targetHints":{"allow":["GET"]}}],"collection":[{"href":"https:\/\/elmawkie.dz\/fr\/wp-json\/wp\/v2\/posts"}],"about":[{"href":"https:\/\/elmawkie.dz\/fr\/wp-json\/wp\/v2\/types\/post"}],"author":[{"embeddable":true,"href":"https:\/\/elmawkie.dz\/fr\/wp-json\/wp\/v2\/users\/9"}],"replies":[{"embeddable":true,"href":"https:\/\/elmawkie.dz\/fr\/wp-json\/wp\/v2\/comments?post=50267"}],"version-history":[{"count":1,"href":"https:\/\/elmawkie.dz\/fr\/wp-json\/wp\/v2\/posts\/50267\/revisions"}],"predecessor-version":[{"id":50270,"href":"https:\/\/elmawkie.dz\/fr\/wp-json\/wp\/v2\/posts\/50267\/revisions\/50270"}],"wp:featuredmedia":[{"embeddable":true,"href":"https:\/\/elmawkie.dz\/fr\/wp-json\/wp\/v2\/media\/50269"}],"wp:attachment":[{"href":"https:\/\/elmawkie.dz\/fr\/wp-json\/wp\/v2\/media?parent=50267"}],"wp:term":[{"taxonomy":"category","embeddable":true,"href":"https:\/\/elmawkie.dz\/fr\/wp-json\/wp\/v2\/categories?post=50267"},{"taxonomy":"post_tag","embeddable":true,"href":"https:\/\/elmawkie.dz\/fr\/wp-json\/wp\/v2\/tags?post=50267"}],"curies":[{"name":"wp","href":"https:\/\/api.w.org\/{rel}","templated":true}]}}