{"id":50246,"date":"2025-04-23T15:58:48","date_gmt":"2025-04-23T14:58:48","guid":{"rendered":"https:\/\/elmawkie.dz\/fr\/?p=50246"},"modified":"2025-04-23T15:58:49","modified_gmt":"2025-04-23T14:58:49","slug":"le-ministere-de-linterieur-pilote-la-coordination-nationale-pour-limportation-des-moutons","status":"publish","type":"post","link":"https:\/\/elmawkie.dz\/fr\/le-ministere-de-linterieur-pilote-la-coordination-nationale-pour-limportation-des-moutons\/","title":{"rendered":"Le minist\u00e8re de l\u2019Int\u00e9rieur pilote la coordination nationale pour l\u2019importation des moutons"},"content":{"rendered":"\n<p>Dans le cadre des pr\u00e9paratifs li\u00e9s \u00e0 l\u2019importation, la distribution et la commercialisation du b\u00e9tail en pr\u00e9vision de l\u2019A\u00efd al-Adha, un important comit\u00e9 de coordination multisectoriel s\u2019est r\u00e9uni sous la pr\u00e9sidence de M. Mohamed Charef Eddine Boudiaf, charg\u00e9 de la gestion du secr\u00e9tariat g\u00e9n\u00e9ral du minist\u00e8re de l\u2019Int\u00e9rieur, des Collectivit\u00e9s locales et de l\u2019Am\u00e9nagement du territoire, en pr\u00e9sence du secr\u00e9taire g\u00e9n\u00e9ral du minist\u00e8re de l\u2019Agriculture, du D\u00e9veloppement rural et de la P\u00eache.<\/p>\n\n\n\n<p>Cette r\u00e9union, tenue par visioconf\u00e9rence avec la participation des walis ainsi que des repr\u00e9sentants des institutions et services concern\u00e9s, avait pour principal objectif de faire le point sur les dispositifs logistiques et organisationnels mis en place pour garantir un approvisionnement fluide et s\u00e9curis\u00e9 du march\u00e9 national en b\u00e9tail.<\/p>\n\n\n\n<p>Les \u00e9changes ont port\u00e9 sur les modalit\u00e9s pratiques de l\u2019op\u00e9ration : encadrement sur le terrain, importation, regroupement, transport et vente des b\u00eates \u00e0 travers les diff\u00e9rentes wilayas du pays. Les repr\u00e9sentants locaux ont \u00e9galement \u00e9t\u00e9 invit\u00e9s \u00e0 faire part de leurs pr\u00e9occupations et \u00e0 soumettre des propositions, afin d\u2019adapter les mesures aux r\u00e9alit\u00e9s sp\u00e9cifiques de chaque r\u00e9gion.<\/p>\n\n\n\n<p>\u00c0 l\u2019issue des travaux, plusieurs d\u00e9cisions ont \u00e9t\u00e9 prises pour renforcer l&rsquo;efficacit\u00e9 et la transparence de l\u2019op\u00e9ration. Les autorit\u00e9s ont r\u00e9affirm\u00e9 leur engagement \u00e0 r\u00e9pondre aux attentes des citoyens et \u00e0 leur permettre de c\u00e9l\u00e9brer cette f\u00eate religieuse dans les meilleures conditions. Le maintien d\u2019une coordination \u00e9troite entre tous les acteurs concern\u00e9s a \u00e9galement \u00e9t\u00e9 convenu, dans le but d\u2019assurer le succ\u00e8s de cette d\u00e9marche d\u2019envergure nationale.<\/p>\n","protected":false},"excerpt":{"rendered":"<p>Dans le cadre des pr\u00e9paratifs li\u00e9s \u00e0 l\u2019importation, la distribution et la commercialisation du b\u00e9tail en pr\u00e9vision de l\u2019A\u00efd al-Adha, un important comit\u00e9 de coordination multisectoriel s\u2019est r\u00e9uni sous la pr\u00e9sidence de M. Mohamed Charef Eddine Boudiaf, charg\u00e9 de la gestion du secr\u00e9tariat g\u00e9n\u00e9ral du minist\u00e8re de l\u2019Int\u00e9rieur, des Collectivit\u00e9s locales et de l\u2019Am\u00e9nagement du &hellip;<\/p>\n","protected":false},"author":8,"featured_media":50250,"comment_status":"open","ping_status":"open","sticky":false,"template":"","format":"standard","meta":{"footnotes":""},"categories":[47],"tags":[3250,428,109,2970],"class_list":["post-50246","post","type-post","status-publish","format-standard","has-post-thumbnail","hentry","category-national","tag-aid-adha","tag-importation","tag-ministere-de-linterieur","tag-moutons"],"yoast_head":"<!-- This site is optimized with the Yoast SEO Premium plugin v22.6 (Yoast SEO v22.6) - https:\/\/yoast.com\/wordpress\/plugins\/seo\/ -->\n<title>Le minist\u00e8re de l\u2019Int\u00e9rieur pilote la coordination nationale pour l\u2019importation des moutons - El Mawkie<\/title>\n<meta name=\"robots\" content=\"index, follow, max-snippet:-1, max-image-preview:large, max-video-preview:-1\" \/>\n<link rel=\"canonical\" href=\"https:\/\/elmawkie.dz\/fr\/le-ministere-de-linterieur-pilote-la-coordination-nationale-pour-limportation-des-moutons\/\" \/>\n<meta property=\"og:locale\" content=\"fr_FR\" \/>\n<meta property=\"og:type\" content=\"article\" \/>\n<meta property=\"og:title\" content=\"Le minist\u00e8re de l\u2019Int\u00e9rieur pilote la coordination nationale pour l\u2019importation des moutons\" \/>\n<meta property=\"og:description\" content=\"Dans le cadre des pr\u00e9paratifs li\u00e9s \u00e0 l\u2019importation, la distribution et la commercialisation du b\u00e9tail en pr\u00e9vision de l\u2019A\u00efd al-Adha, un important comit\u00e9 de coordination multisectoriel s\u2019est r\u00e9uni sous la pr\u00e9sidence de M. Mohamed Charef Eddine Boudiaf, charg\u00e9 de la gestion du secr\u00e9tariat g\u00e9n\u00e9ral du minist\u00e8re de l\u2019Int\u00e9rieur, des Collectivit\u00e9s locales et de l\u2019Am\u00e9nagement du &hellip;\" \/>\n<meta property=\"og:url\" content=\"https:\/\/elmawkie.dz\/fr\/le-ministere-de-linterieur-pilote-la-coordination-nationale-pour-limportation-des-moutons\/\" \/>\n<meta property=\"og:site_name\" content=\"El Mawkie\" \/>\n<meta property=\"article:publisher\" content=\"https:\/\/www.facebook.com\/profile.php?id=100088407094989&amp;locale=fr_FR\" \/>\n<meta property=\"article:published_time\" content=\"2025-04-23T14:58:48+00:00\" \/>\n<meta property=\"article:modified_time\" content=\"2025-04-23T14:58:49+00:00\" \/>\n<meta property=\"og:image\" content=\"https:\/\/elmawkie.dz\/fr\/wp-content\/uploads\/2025\/04\/859979fc-d133-4b80-b3f9-78afdae224db.jpeg\" \/>\n\t<meta property=\"og:image:width\" content=\"1600\" \/>\n\t<meta property=\"og:image:height\" content=\"1065\" \/>\n\t<meta property=\"og:image:type\" content=\"image\/jpeg\" \/>\n<meta name=\"author\" content=\"khayro\" \/>\n<meta name=\"twitter:card\" content=\"summary_large_image\" \/>\n<meta name=\"twitter:label1\" content=\"Written by\" \/>\n\t<meta name=\"twitter:data1\" content=\"khayro\" \/>\n\t<meta name=\"twitter:label2\" content=\"Est. reading time\" \/>\n\t<meta name=\"twitter:data2\" content=\"2 minutes\" \/>\n<script type=\"application\/ld+json\" class=\"yoast-schema-graph\">{\"@context\":\"https:\/\/schema.org\",\"@graph\":[{\"@type\":\"Article\",\"@id\":\"https:\/\/elmawkie.dz\/fr\/le-ministere-de-linterieur-pilote-la-coordination-nationale-pour-limportation-des-moutons\/#article\",\"isPartOf\":{\"@id\":\"https:\/\/elmawkie.dz\/fr\/le-ministere-de-linterieur-pilote-la-coordination-nationale-pour-limportation-des-moutons\/\"},\"author\":{\"name\":\"khayro\",\"@id\":\"https:\/\/elmawkie.dz\/fr\/#\/schema\/person\/15cb7eba76e08e2d2d0ad4b4c4fbb6cb\"},\"headline\":\"Le minist\u00e8re de l\u2019Int\u00e9rieur pilote la coordination nationale pour l\u2019importation des moutons\",\"datePublished\":\"2025-04-23T14:58:48+00:00\",\"dateModified\":\"2025-04-23T14:58:49+00:00\",\"mainEntityOfPage\":{\"@id\":\"https:\/\/elmawkie.dz\/fr\/le-ministere-de-linterieur-pilote-la-coordination-nationale-pour-limportation-des-moutons\/\"},\"wordCount\":315,\"commentCount\":0,\"publisher\":{\"@id\":\"https:\/\/elmawkie.dz\/fr\/#organization\"},\"image\":{\"@id\":\"https:\/\/elmawkie.dz\/fr\/le-ministere-de-linterieur-pilote-la-coordination-nationale-pour-limportation-des-moutons\/#primaryimage\"},\"thumbnailUrl\":\"https:\/\/elmawkie.dz\/fr\/wp-content\/uploads\/2025\/04\/859979fc-d133-4b80-b3f9-78afdae224db.jpeg\",\"keywords\":[\"aid adha\",\"importation\",\"minist\u00e8re de l'int\u00e9rieur\",\"moutons\"],\"articleSection\":[\"National\"],\"inLanguage\":\"fr-FR\",\"potentialAction\":[{\"@type\":\"CommentAction\",\"name\":\"Comment\",\"target\":[\"https:\/\/elmawkie.dz\/fr\/le-ministere-de-linterieur-pilote-la-coordination-nationale-pour-limportation-des-moutons\/#respond\"]}]},{\"@type\":\"WebPage\",\"@id\":\"https:\/\/elmawkie.dz\/fr\/le-ministere-de-linterieur-pilote-la-coordination-nationale-pour-limportation-des-moutons\/\",\"url\":\"https:\/\/elmawkie.dz\/fr\/le-ministere-de-linterieur-pilote-la-coordination-nationale-pour-limportation-des-moutons\/\",\"name\":\"Le minist\u00e8re de l\u2019Int\u00e9rieur pilote la coordination nationale pour l\u2019importation des moutons - El Mawkie\",\"isPartOf\":{\"@id\":\"https:\/\/elmawkie.dz\/fr\/#website\"},\"primaryImageOfPage\":{\"@id\":\"https:\/\/elmawkie.dz\/fr\/le-ministere-de-linterieur-pilote-la-coordination-nationale-pour-limportation-des-moutons\/#primaryimage\"},\"image\":{\"@id\":\"https:\/\/elmawkie.dz\/fr\/le-ministere-de-linterieur-pilote-la-coordination-nationale-pour-limportation-des-moutons\/#primaryimage\"},\"thumbnailUrl\":\"https:\/\/elmawkie.dz\/fr\/wp-content\/uploads\/2025\/04\/859979fc-d133-4b80-b3f9-78afdae224db.jpeg\",\"datePublished\":\"2025-04-23T14:58:48+00:00\",\"dateModified\":\"2025-04-23T14:58:49+00:00\",\"breadcrumb\":{\"@id\":\"https:\/\/elmawkie.dz\/fr\/le-ministere-de-linterieur-pilote-la-coordination-nationale-pour-limportation-des-moutons\/#breadcrumb\"},\"inLanguage\":\"fr-FR\",\"potentialAction\":[{\"@type\":\"ReadAction\",\"target\":[\"https:\/\/elmawkie.dz\/fr\/le-ministere-de-linterieur-pilote-la-coordination-nationale-pour-limportation-des-moutons\/\"]}]},{\"@type\":\"ImageObject\",\"inLanguage\":\"fr-FR\",\"@id\":\"https:\/\/elmawkie.dz\/fr\/le-ministere-de-linterieur-pilote-la-coordination-nationale-pour-limportation-des-moutons\/#primaryimage\",\"url\":\"https:\/\/elmawkie.dz\/fr\/wp-content\/uploads\/2025\/04\/859979fc-d133-4b80-b3f9-78afdae224db.jpeg\",\"contentUrl\":\"https:\/\/elmawkie.dz\/fr\/wp-content\/uploads\/2025\/04\/859979fc-d133-4b80-b3f9-78afdae224db.jpeg\",\"width\":1600,\"height\":1065},{\"@type\":\"BreadcrumbList\",\"@id\":\"https:\/\/elmawkie.dz\/fr\/le-ministere-de-linterieur-pilote-la-coordination-nationale-pour-limportation-des-moutons\/#breadcrumb\",\"itemListElement\":[{\"@type\":\"ListItem\",\"position\":1,\"name\":\"Home\",\"item\":\"https:\/\/elmawkie.dz\/fr\/\"},{\"@type\":\"ListItem\",\"position\":2,\"name\":\"Le minist\u00e8re de l\u2019Int\u00e9rieur pilote la coordination nationale pour l\u2019importation des moutons\"}]},{\"@type\":\"WebSite\",\"@id\":\"https:\/\/elmawkie.dz\/fr\/#website\",\"url\":\"https:\/\/elmawkie.dz\/fr\/\",\"name\":\"EL MAWKIE\",\"description\":\"Journal \u00c9lectronique Alg\u00e9rien\",\"publisher\":{\"@id\":\"https:\/\/elmawkie.dz\/fr\/#organization\"},\"potentialAction\":[{\"@type\":\"SearchAction\",\"target\":{\"@type\":\"EntryPoint\",\"urlTemplate\":\"https:\/\/elmawkie.dz\/fr\/?s={search_term_string}\"},\"query-input\":\"required name=search_term_string\"}],\"inLanguage\":\"fr-FR\"},{\"@type\":\"Organization\",\"@id\":\"https:\/\/elmawkie.dz\/fr\/#organization\",\"name\":\"EL MAWKIE\",\"url\":\"https:\/\/elmawkie.dz\/fr\/\",\"logo\":{\"@type\":\"ImageObject\",\"inLanguage\":\"fr-FR\",\"@id\":\"https:\/\/elmawkie.dz\/fr\/#\/schema\/logo\/image\/\",\"url\":\"https:\/\/elmawkie.dz\/fr\/wp-content\/uploads\/2024\/05\/logo1.png\",\"contentUrl\":\"https:\/\/elmawkie.dz\/fr\/wp-content\/uploads\/2024\/05\/logo1.png\",\"width\":1648,\"height\":652,\"caption\":\"EL MAWKIE\"},\"image\":{\"@id\":\"https:\/\/elmawkie.dz\/fr\/#\/schema\/logo\/image\/\"},\"sameAs\":[\"https:\/\/www.facebook.com\/profile.php?id=100088407094989&locale=fr_FR\"]},{\"@type\":\"Person\",\"@id\":\"https:\/\/elmawkie.dz\/fr\/#\/schema\/person\/15cb7eba76e08e2d2d0ad4b4c4fbb6cb\",\"name\":\"khayro\",\"image\":{\"@type\":\"ImageObject\",\"inLanguage\":\"fr-FR\",\"@id\":\"https:\/\/elmawkie.dz\/fr\/#\/schema\/person\/image\/\",\"url\":\"https:\/\/secure.gravatar.com\/avatar\/5d609f726f02f77f0ff2a1483fc81992?s=96&d=mm&r=g\",\"contentUrl\":\"https:\/\/secure.gravatar.com\/avatar\/5d609f726f02f77f0ff2a1483fc81992?s=96&d=mm&r=g\",\"caption\":\"khayro\"},\"url\":\"https:\/\/elmawkie.dz\/fr\/author\/khayro\/\"}]}<\/script>\n<!-- \/ Yoast SEO Premium plugin. -->","yoast_head_json":{"title":"Le minist\u00e8re de l\u2019Int\u00e9rieur pilote la coordination nationale pour l\u2019importation des moutons - El Mawkie","robots":{"index":"index","follow":"follow","max-snippet":"max-snippet:-1","max-image-preview":"max-image-preview:large","max-video-preview":"max-video-preview:-1"},"canonical":"https:\/\/elmawkie.dz\/fr\/le-ministere-de-linterieur-pilote-la-coordination-nationale-pour-limportation-des-moutons\/","og_locale":"fr_FR","og_type":"article","og_title":"Le minist\u00e8re de l\u2019Int\u00e9rieur pilote la coordination nationale pour l\u2019importation des moutons","og_description":"Dans le cadre des pr\u00e9paratifs li\u00e9s \u00e0 l\u2019importation, la distribution et la commercialisation du b\u00e9tail en pr\u00e9vision de l\u2019A\u00efd al-Adha, un important comit\u00e9 de coordination multisectoriel s\u2019est r\u00e9uni sous la pr\u00e9sidence de M. Mohamed Charef Eddine Boudiaf, charg\u00e9 de la gestion du secr\u00e9tariat g\u00e9n\u00e9ral du minist\u00e8re de l\u2019Int\u00e9rieur, des Collectivit\u00e9s locales et de l\u2019Am\u00e9nagement du &hellip;","og_url":"https:\/\/elmawkie.dz\/fr\/le-ministere-de-linterieur-pilote-la-coordination-nationale-pour-limportation-des-moutons\/","og_site_name":"El Mawkie","article_publisher":"https:\/\/www.facebook.com\/profile.php?id=100088407094989&locale=fr_FR","article_published_time":"2025-04-23T14:58:48+00:00","article_modified_time":"2025-04-23T14:58:49+00:00","og_image":[{"width":1600,"height":1065,"url":"https:\/\/elmawkie.dz\/fr\/wp-content\/uploads\/2025\/04\/859979fc-d133-4b80-b3f9-78afdae224db.jpeg","type":"image\/jpeg"}],"author":"khayro","twitter_card":"summary_large_image","twitter_misc":{"Written by":"khayro","Est. reading time":"2 minutes"},"schema":{"@context":"https:\/\/schema.org","@graph":[{"@type":"Article","@id":"https:\/\/elmawkie.dz\/fr\/le-ministere-de-linterieur-pilote-la-coordination-nationale-pour-limportation-des-moutons\/#article","isPartOf":{"@id":"https:\/\/elmawkie.dz\/fr\/le-ministere-de-linterieur-pilote-la-coordination-nationale-pour-limportation-des-moutons\/"},"author":{"name":"khayro","@id":"https:\/\/elmawkie.dz\/fr\/#\/schema\/person\/15cb7eba76e08e2d2d0ad4b4c4fbb6cb"},"headline":"Le minist\u00e8re de l\u2019Int\u00e9rieur pilote la coordination nationale pour l\u2019importation des moutons","datePublished":"2025-04-23T14:58:48+00:00","dateModified":"2025-04-23T14:58:49+00:00","mainEntityOfPage":{"@id":"https:\/\/elmawkie.dz\/fr\/le-ministere-de-linterieur-pilote-la-coordination-nationale-pour-limportation-des-moutons\/"},"wordCount":315,"commentCount":0,"publisher":{"@id":"https:\/\/elmawkie.dz\/fr\/#organization"},"image":{"@id":"https:\/\/elmawkie.dz\/fr\/le-ministere-de-linterieur-pilote-la-coordination-nationale-pour-limportation-des-moutons\/#primaryimage"},"thumbnailUrl":"https:\/\/elmawkie.dz\/fr\/wp-content\/uploads\/2025\/04\/859979fc-d133-4b80-b3f9-78afdae224db.jpeg","keywords":["aid adha","importation","minist\u00e8re de l'int\u00e9rieur","moutons"],"articleSection":["National"],"inLanguage":"fr-FR","potentialAction":[{"@type":"CommentAction","name":"Comment","target":["https:\/\/elmawkie.dz\/fr\/le-ministere-de-linterieur-pilote-la-coordination-nationale-pour-limportation-des-moutons\/#respond"]}]},{"@type":"WebPage","@id":"https:\/\/elmawkie.dz\/fr\/le-ministere-de-linterieur-pilote-la-coordination-nationale-pour-limportation-des-moutons\/","url":"https:\/\/elmawkie.dz\/fr\/le-ministere-de-linterieur-pilote-la-coordination-nationale-pour-limportation-des-moutons\/","name":"Le minist\u00e8re de l\u2019Int\u00e9rieur pilote la coordination nationale pour l\u2019importation des moutons - El Mawkie","isPartOf":{"@id":"https:\/\/elmawkie.dz\/fr\/#website"},"primaryImageOfPage":{"@id":"https:\/\/elmawkie.dz\/fr\/le-ministere-de-linterieur-pilote-la-coordination-nationale-pour-limportation-des-moutons\/#primaryimage"},"image":{"@id":"https:\/\/elmawkie.dz\/fr\/le-ministere-de-linterieur-pilote-la-coordination-nationale-pour-limportation-des-moutons\/#primaryimage"},"thumbnailUrl":"https:\/\/elmawkie.dz\/fr\/wp-content\/uploads\/2025\/04\/859979fc-d133-4b80-b3f9-78afdae224db.jpeg","datePublished":"2025-04-23T14:58:48+00:00","dateModified":"2025-04-23T14:58:49+00:00","breadcrumb":{"@id":"https:\/\/elmawkie.dz\/fr\/le-ministere-de-linterieur-pilote-la-coordination-nationale-pour-limportation-des-moutons\/#breadcrumb"},"inLanguage":"fr-FR","potentialAction":[{"@type":"ReadAction","target":["https:\/\/elmawkie.dz\/fr\/le-ministere-de-linterieur-pilote-la-coordination-nationale-pour-limportation-des-moutons\/"]}]},{"@type":"ImageObject","inLanguage":"fr-FR","@id":"https:\/\/elmawkie.dz\/fr\/le-ministere-de-linterieur-pilote-la-coordination-nationale-pour-limportation-des-moutons\/#primaryimage","url":"https:\/\/elmawkie.dz\/fr\/wp-content\/uploads\/2025\/04\/859979fc-d133-4b80-b3f9-78afdae224db.jpeg","contentUrl":"https:\/\/elmawkie.dz\/fr\/wp-content\/uploads\/2025\/04\/859979fc-d133-4b80-b3f9-78afdae224db.jpeg","width":1600,"height":1065},{"@type":"BreadcrumbList","@id":"https:\/\/elmawkie.dz\/fr\/le-ministere-de-linterieur-pilote-la-coordination-nationale-pour-limportation-des-moutons\/#breadcrumb","itemListElement":[{"@type":"ListItem","position":1,"name":"Home","item":"https:\/\/elmawkie.dz\/fr\/"},{"@type":"ListItem","position":2,"name":"Le minist\u00e8re de l\u2019Int\u00e9rieur pilote la coordination nationale pour l\u2019importation des moutons"}]},{"@type":"WebSite","@id":"https:\/\/elmawkie.dz\/fr\/#website","url":"https:\/\/elmawkie.dz\/fr\/","name":"EL MAWKIE","description":"Journal \u00c9lectronique Alg\u00e9rien","publisher":{"@id":"https:\/\/elmawkie.dz\/fr\/#organization"},"potentialAction":[{"@type":"SearchAction","target":{"@type":"EntryPoint","urlTemplate":"https:\/\/elmawkie.dz\/fr\/?s={search_term_string}"},"query-input":"required name=search_term_string"}],"inLanguage":"fr-FR"},{"@type":"Organization","@id":"https:\/\/elmawkie.dz\/fr\/#organization","name":"EL MAWKIE","url":"https:\/\/elmawkie.dz\/fr\/","logo":{"@type":"ImageObject","inLanguage":"fr-FR","@id":"https:\/\/elmawkie.dz\/fr\/#\/schema\/logo\/image\/","url":"https:\/\/elmawkie.dz\/fr\/wp-content\/uploads\/2024\/05\/logo1.png","contentUrl":"https:\/\/elmawkie.dz\/fr\/wp-content\/uploads\/2024\/05\/logo1.png","width":1648,"height":652,"caption":"EL MAWKIE"},"image":{"@id":"https:\/\/elmawkie.dz\/fr\/#\/schema\/logo\/image\/"},"sameAs":["https:\/\/www.facebook.com\/profile.php?id=100088407094989&locale=fr_FR"]},{"@type":"Person","@id":"https:\/\/elmawkie.dz\/fr\/#\/schema\/person\/15cb7eba76e08e2d2d0ad4b4c4fbb6cb","name":"khayro","image":{"@type":"ImageObject","inLanguage":"fr-FR","@id":"https:\/\/elmawkie.dz\/fr\/#\/schema\/person\/image\/","url":"https:\/\/secure.gravatar.com\/avatar\/5d609f726f02f77f0ff2a1483fc81992?s=96&d=mm&r=g","contentUrl":"https:\/\/secure.gravatar.com\/avatar\/5d609f726f02f77f0ff2a1483fc81992?s=96&d=mm&r=g","caption":"khayro"},"url":"https:\/\/elmawkie.dz\/fr\/author\/khayro\/"}]}},"_links":{"self":[{"href":"https:\/\/elmawkie.dz\/fr\/wp-json\/wp\/v2\/posts\/50246","targetHints":{"allow":["GET"]}}],"collection":[{"href":"https:\/\/elmawkie.dz\/fr\/wp-json\/wp\/v2\/posts"}],"about":[{"href":"https:\/\/elmawkie.dz\/fr\/wp-json\/wp\/v2\/types\/post"}],"author":[{"embeddable":true,"href":"https:\/\/elmawkie.dz\/fr\/wp-json\/wp\/v2\/users\/8"}],"replies":[{"embeddable":true,"href":"https:\/\/elmawkie.dz\/fr\/wp-json\/wp\/v2\/comments?post=50246"}],"version-history":[{"count":1,"href":"https:\/\/elmawkie.dz\/fr\/wp-json\/wp\/v2\/posts\/50246\/revisions"}],"predecessor-version":[{"id":50248,"href":"https:\/\/elmawkie.dz\/fr\/wp-json\/wp\/v2\/posts\/50246\/revisions\/50248"}],"wp:featuredmedia":[{"embeddable":true,"href":"https:\/\/elmawkie.dz\/fr\/wp-json\/wp\/v2\/media\/50250"}],"wp:attachment":[{"href":"https:\/\/elmawkie.dz\/fr\/wp-json\/wp\/v2\/media?parent=50246"}],"wp:term":[{"taxonomy":"category","embeddable":true,"href":"https:\/\/elmawkie.dz\/fr\/wp-json\/wp\/v2\/categories?post=50246"},{"taxonomy":"post_tag","embeddable":true,"href":"https:\/\/elmawkie.dz\/fr\/wp-json\/wp\/v2\/tags?post=50246"}],"curies":[{"name":"wp","href":"https:\/\/api.w.org\/{rel}","templated":true}]}}