{"id":50178,"date":"2025-04-21T23:26:02","date_gmt":"2025-04-21T22:26:02","guid":{"rendered":"https:\/\/elmawkie.dz\/fr\/?p=50178"},"modified":"2025-04-21T23:26:03","modified_gmt":"2025-04-21T22:26:03","slug":"tribunal-din-amenas-ouverture-dune-enquete-preliminaire-sur-les-circonstances-du-deces-dune-personne-a-debdab","status":"publish","type":"post","link":"https:\/\/elmawkie.dz\/fr\/tribunal-din-amenas-ouverture-dune-enquete-preliminaire-sur-les-circonstances-du-deces-dune-personne-a-debdab\/","title":{"rendered":"Tribunal d&rsquo;In Amenas: ouverture d&rsquo;une enqu\u00eate pr\u00e9liminaire sur les circonstances du d\u00e9c\u00e8s d&rsquo;une personne \u00e0 Debdab"},"content":{"rendered":"\n<p>Le parquet pr\u00e8s le tribunal d&rsquo;In Amenas a ordonn\u00e9 l&rsquo;ouverture d&rsquo;une enqu\u00eate pr\u00e9liminaire pour d\u00e9terminer les circonstances du d\u00e9c\u00e8s d&rsquo;une personne dont le corps a \u00e9t\u00e9 d\u00e9couvert devant l&rsquo;Etablissement public de Sant\u00e9 de proximit\u00e9 (EPSP) de Debdab, et identifier les auteurs, indique, lundi, un communiqu\u00e9 du parquet pr\u00e8s le m\u00eame tribunal. \u00ab\u00a0En application des dispositions de l&rsquo;article 11 du Code de proc\u00e9dure p\u00e9nale, le procureur de la R\u00e9publique pr\u00e8s le tribunal d&rsquo;In Amenas informe l&rsquo;opinion publique que les services de la Gendarmerie Nationale d&rsquo;In Debdab ont re\u00e7u, dans la matin\u00e9e du 16 avril 2025, un signalement des services de l&rsquo;EPSP de Debdab, faisant \u00e9tat de la d\u00e9couverte d&rsquo;un corps devant l&rsquo;entr\u00e9e de l&rsquo;\u00e9tablissement\u00a0\u00bb, pr\u00e9cise le communiqu\u00e9. Les investigations men\u00e9es par les services de la Gendarmerie nationale ont permis d&rsquo;identifier la victime. Il s\u2019agit du d\u00e9nomm\u00e9 (A.I), \u00e2g\u00e9 de 23 ans\u00a0\u00bb, ajoute la m\u00eame source. \u00ab\u00a0Le parquet pr\u00e8s le tribunal d&rsquo;In Amenas a ordonn\u00e9 l&rsquo;ouverture d&rsquo;une enqu\u00eate pr\u00e9liminaire pour d\u00e9terminer les circonstances du d\u00e9c\u00e8s et identifier les auteurs, avec autopsie du corps de la victime\u00a0\u00bb, poursuit la m\u00eame source, relevant que \u00ab\u00a0le rapport du m\u00e9decin l\u00e9giste, a d\u00e9montr\u00e9 que le d\u00e9c\u00e8s est d\u00fb \u00e0 un traumatisme cr\u00e2nien caus\u00e9 par un objet contondant non tranchant, et non par une arme \u00e0 feu ou tout autre moyen\u00a0\u00bb. \u00ab\u00a0Les investigations se poursuivent pour identifier le ou les auteurs et les traduire en justice\u00a0\u00bb, conclut la m\u00eame source.<\/p>\n","protected":false},"excerpt":{"rendered":"<p>Le parquet pr\u00e8s le tribunal d&rsquo;In Amenas a ordonn\u00e9 l&rsquo;ouverture d&rsquo;une enqu\u00eate pr\u00e9liminaire pour d\u00e9terminer les circonstances du d\u00e9c\u00e8s d&rsquo;une personne dont le corps a \u00e9t\u00e9 d\u00e9couvert devant l&rsquo;Etablissement public de Sant\u00e9 de proximit\u00e9 (EPSP) de Debdab, et identifier les auteurs, indique, lundi, un communiqu\u00e9 du parquet pr\u00e8s le m\u00eame tribunal. \u00ab\u00a0En application des dispositions &hellip;<\/p>\n","protected":false},"author":9,"featured_media":50180,"comment_status":"open","ping_status":"open","sticky":false,"template":"","format":"standard","meta":{"footnotes":""},"categories":[50],"tags":[3523,3522],"class_list":["post-50178","post","type-post","status-publish","format-standard","has-post-thumbnail","hentry","category-region","tag-debdab","tag-tribunal-din-amenas"],"yoast_head":"<!-- This site is optimized with the Yoast SEO Premium plugin v22.6 (Yoast SEO v22.6) - https:\/\/yoast.com\/wordpress\/plugins\/seo\/ -->\n<title>Tribunal d&#039;In Amenas: ouverture d&#039;une enqu\u00eate pr\u00e9liminaire sur les circonstances du d\u00e9c\u00e8s d&#039;une personne \u00e0 Debdab - El Mawkie<\/title>\n<meta name=\"robots\" content=\"index, follow, max-snippet:-1, max-image-preview:large, max-video-preview:-1\" \/>\n<link rel=\"canonical\" href=\"https:\/\/elmawkie.dz\/fr\/tribunal-din-amenas-ouverture-dune-enquete-preliminaire-sur-les-circonstances-du-deces-dune-personne-a-debdab\/\" \/>\n<meta property=\"og:locale\" content=\"fr_FR\" \/>\n<meta property=\"og:type\" content=\"article\" \/>\n<meta property=\"og:title\" content=\"Tribunal d&#039;In Amenas: ouverture d&#039;une enqu\u00eate pr\u00e9liminaire sur les circonstances du d\u00e9c\u00e8s d&#039;une personne \u00e0 Debdab\" \/>\n<meta property=\"og:description\" content=\"Le parquet pr\u00e8s le tribunal d&rsquo;In Amenas a ordonn\u00e9 l&rsquo;ouverture d&rsquo;une enqu\u00eate pr\u00e9liminaire pour d\u00e9terminer les circonstances du d\u00e9c\u00e8s d&rsquo;une personne dont le corps a \u00e9t\u00e9 d\u00e9couvert devant l&rsquo;Etablissement public de Sant\u00e9 de proximit\u00e9 (EPSP) de Debdab, et identifier les auteurs, indique, lundi, un communiqu\u00e9 du parquet pr\u00e8s le m\u00eame tribunal. \u00ab\u00a0En application des dispositions &hellip;\" \/>\n<meta property=\"og:url\" content=\"https:\/\/elmawkie.dz\/fr\/tribunal-din-amenas-ouverture-dune-enquete-preliminaire-sur-les-circonstances-du-deces-dune-personne-a-debdab\/\" \/>\n<meta property=\"og:site_name\" content=\"El Mawkie\" \/>\n<meta property=\"article:publisher\" content=\"https:\/\/www.facebook.com\/profile.php?id=100088407094989&amp;locale=fr_FR\" \/>\n<meta property=\"article:published_time\" content=\"2025-04-21T22:26:02+00:00\" \/>\n<meta property=\"article:modified_time\" content=\"2025-04-21T22:26:03+00:00\" \/>\n<meta property=\"og:image\" content=\"https:\/\/elmawkie.dz\/fr\/wp-content\/uploads\/2025\/04\/IMG_3600.jpeg\" \/>\n\t<meta property=\"og:image:width\" content=\"373\" \/>\n\t<meta property=\"og:image:height\" content=\"373\" \/>\n\t<meta property=\"og:image:type\" content=\"image\/jpeg\" \/>\n<meta name=\"author\" content=\"R\u00e9daction\" \/>\n<meta name=\"twitter:card\" content=\"summary_large_image\" \/>\n<meta name=\"twitter:label1\" content=\"Written by\" \/>\n\t<meta name=\"twitter:data1\" content=\"R\u00e9daction\" \/>\n\t<meta name=\"twitter:label2\" content=\"Est. reading time\" \/>\n\t<meta name=\"twitter:data2\" content=\"2 minutes\" \/>\n<script type=\"application\/ld+json\" class=\"yoast-schema-graph\">{\"@context\":\"https:\/\/schema.org\",\"@graph\":[{\"@type\":\"Article\",\"@id\":\"https:\/\/elmawkie.dz\/fr\/tribunal-din-amenas-ouverture-dune-enquete-preliminaire-sur-les-circonstances-du-deces-dune-personne-a-debdab\/#article\",\"isPartOf\":{\"@id\":\"https:\/\/elmawkie.dz\/fr\/tribunal-din-amenas-ouverture-dune-enquete-preliminaire-sur-les-circonstances-du-deces-dune-personne-a-debdab\/\"},\"author\":{\"name\":\"R\u00e9daction\",\"@id\":\"https:\/\/elmawkie.dz\/fr\/#\/schema\/person\/e7bd59d6467874ba5c4723d8a9f0a63c\"},\"headline\":\"Tribunal d&rsquo;In Amenas: ouverture d&rsquo;une enqu\u00eate pr\u00e9liminaire sur les circonstances du d\u00e9c\u00e8s d&rsquo;une personne \u00e0 Debdab\",\"datePublished\":\"2025-04-21T22:26:02+00:00\",\"dateModified\":\"2025-04-21T22:26:03+00:00\",\"mainEntityOfPage\":{\"@id\":\"https:\/\/elmawkie.dz\/fr\/tribunal-din-amenas-ouverture-dune-enquete-preliminaire-sur-les-circonstances-du-deces-dune-personne-a-debdab\/\"},\"wordCount\":303,\"commentCount\":0,\"publisher\":{\"@id\":\"https:\/\/elmawkie.dz\/fr\/#organization\"},\"image\":{\"@id\":\"https:\/\/elmawkie.dz\/fr\/tribunal-din-amenas-ouverture-dune-enquete-preliminaire-sur-les-circonstances-du-deces-dune-personne-a-debdab\/#primaryimage\"},\"thumbnailUrl\":\"https:\/\/elmawkie.dz\/fr\/wp-content\/uploads\/2025\/04\/IMG_3600.jpeg\",\"keywords\":[\"Debdab\",\"Tribunal d\u2019In Amenas\"],\"articleSection\":[\"R\u00e9gion\"],\"inLanguage\":\"fr-FR\",\"potentialAction\":[{\"@type\":\"CommentAction\",\"name\":\"Comment\",\"target\":[\"https:\/\/elmawkie.dz\/fr\/tribunal-din-amenas-ouverture-dune-enquete-preliminaire-sur-les-circonstances-du-deces-dune-personne-a-debdab\/#respond\"]}]},{\"@type\":\"WebPage\",\"@id\":\"https:\/\/elmawkie.dz\/fr\/tribunal-din-amenas-ouverture-dune-enquete-preliminaire-sur-les-circonstances-du-deces-dune-personne-a-debdab\/\",\"url\":\"https:\/\/elmawkie.dz\/fr\/tribunal-din-amenas-ouverture-dune-enquete-preliminaire-sur-les-circonstances-du-deces-dune-personne-a-debdab\/\",\"name\":\"Tribunal d'In Amenas: ouverture d'une enqu\u00eate pr\u00e9liminaire sur les circonstances du d\u00e9c\u00e8s d'une personne \u00e0 Debdab - El Mawkie\",\"isPartOf\":{\"@id\":\"https:\/\/elmawkie.dz\/fr\/#website\"},\"primaryImageOfPage\":{\"@id\":\"https:\/\/elmawkie.dz\/fr\/tribunal-din-amenas-ouverture-dune-enquete-preliminaire-sur-les-circonstances-du-deces-dune-personne-a-debdab\/#primaryimage\"},\"image\":{\"@id\":\"https:\/\/elmawkie.dz\/fr\/tribunal-din-amenas-ouverture-dune-enquete-preliminaire-sur-les-circonstances-du-deces-dune-personne-a-debdab\/#primaryimage\"},\"thumbnailUrl\":\"https:\/\/elmawkie.dz\/fr\/wp-content\/uploads\/2025\/04\/IMG_3600.jpeg\",\"datePublished\":\"2025-04-21T22:26:02+00:00\",\"dateModified\":\"2025-04-21T22:26:03+00:00\",\"breadcrumb\":{\"@id\":\"https:\/\/elmawkie.dz\/fr\/tribunal-din-amenas-ouverture-dune-enquete-preliminaire-sur-les-circonstances-du-deces-dune-personne-a-debdab\/#breadcrumb\"},\"inLanguage\":\"fr-FR\",\"potentialAction\":[{\"@type\":\"ReadAction\",\"target\":[\"https:\/\/elmawkie.dz\/fr\/tribunal-din-amenas-ouverture-dune-enquete-preliminaire-sur-les-circonstances-du-deces-dune-personne-a-debdab\/\"]}]},{\"@type\":\"ImageObject\",\"inLanguage\":\"fr-FR\",\"@id\":\"https:\/\/elmawkie.dz\/fr\/tribunal-din-amenas-ouverture-dune-enquete-preliminaire-sur-les-circonstances-du-deces-dune-personne-a-debdab\/#primaryimage\",\"url\":\"https:\/\/elmawkie.dz\/fr\/wp-content\/uploads\/2025\/04\/IMG_3600.jpeg\",\"contentUrl\":\"https:\/\/elmawkie.dz\/fr\/wp-content\/uploads\/2025\/04\/IMG_3600.jpeg\",\"width\":373,\"height\":373},{\"@type\":\"BreadcrumbList\",\"@id\":\"https:\/\/elmawkie.dz\/fr\/tribunal-din-amenas-ouverture-dune-enquete-preliminaire-sur-les-circonstances-du-deces-dune-personne-a-debdab\/#breadcrumb\",\"itemListElement\":[{\"@type\":\"ListItem\",\"position\":1,\"name\":\"Home\",\"item\":\"https:\/\/elmawkie.dz\/fr\/\"},{\"@type\":\"ListItem\",\"position\":2,\"name\":\"Tribunal d&rsquo;In Amenas: ouverture d&rsquo;une enqu\u00eate pr\u00e9liminaire sur les circonstances du d\u00e9c\u00e8s d&rsquo;une personne \u00e0 Debdab\"}]},{\"@type\":\"WebSite\",\"@id\":\"https:\/\/elmawkie.dz\/fr\/#website\",\"url\":\"https:\/\/elmawkie.dz\/fr\/\",\"name\":\"EL MAWKIE\",\"description\":\"Journal \u00c9lectronique Alg\u00e9rien\",\"publisher\":{\"@id\":\"https:\/\/elmawkie.dz\/fr\/#organization\"},\"potentialAction\":[{\"@type\":\"SearchAction\",\"target\":{\"@type\":\"EntryPoint\",\"urlTemplate\":\"https:\/\/elmawkie.dz\/fr\/?s={search_term_string}\"},\"query-input\":\"required name=search_term_string\"}],\"inLanguage\":\"fr-FR\"},{\"@type\":\"Organization\",\"@id\":\"https:\/\/elmawkie.dz\/fr\/#organization\",\"name\":\"EL MAWKIE\",\"url\":\"https:\/\/elmawkie.dz\/fr\/\",\"logo\":{\"@type\":\"ImageObject\",\"inLanguage\":\"fr-FR\",\"@id\":\"https:\/\/elmawkie.dz\/fr\/#\/schema\/logo\/image\/\",\"url\":\"https:\/\/elmawkie.dz\/fr\/wp-content\/uploads\/2024\/05\/logo1.png\",\"contentUrl\":\"https:\/\/elmawkie.dz\/fr\/wp-content\/uploads\/2024\/05\/logo1.png\",\"width\":1648,\"height\":652,\"caption\":\"EL MAWKIE\"},\"image\":{\"@id\":\"https:\/\/elmawkie.dz\/fr\/#\/schema\/logo\/image\/\"},\"sameAs\":[\"https:\/\/www.facebook.com\/profile.php?id=100088407094989&locale=fr_FR\"]},{\"@type\":\"Person\",\"@id\":\"https:\/\/elmawkie.dz\/fr\/#\/schema\/person\/e7bd59d6467874ba5c4723d8a9f0a63c\",\"name\":\"R\u00e9daction\",\"image\":{\"@type\":\"ImageObject\",\"inLanguage\":\"fr-FR\",\"@id\":\"https:\/\/elmawkie.dz\/fr\/#\/schema\/person\/image\/\",\"url\":\"https:\/\/secure.gravatar.com\/avatar\/f0f773456344da4d2788c054a3d30a0c?s=96&d=mm&r=g\",\"contentUrl\":\"https:\/\/secure.gravatar.com\/avatar\/f0f773456344da4d2788c054a3d30a0c?s=96&d=mm&r=g\",\"caption\":\"R\u00e9daction\"},\"url\":\"https:\/\/elmawkie.dz\/fr\/author\/redaction\/\"}]}<\/script>\n<!-- \/ Yoast SEO Premium plugin. -->","yoast_head_json":{"title":"Tribunal d'In Amenas: ouverture d'une enqu\u00eate pr\u00e9liminaire sur les circonstances du d\u00e9c\u00e8s d'une personne \u00e0 Debdab - El Mawkie","robots":{"index":"index","follow":"follow","max-snippet":"max-snippet:-1","max-image-preview":"max-image-preview:large","max-video-preview":"max-video-preview:-1"},"canonical":"https:\/\/elmawkie.dz\/fr\/tribunal-din-amenas-ouverture-dune-enquete-preliminaire-sur-les-circonstances-du-deces-dune-personne-a-debdab\/","og_locale":"fr_FR","og_type":"article","og_title":"Tribunal d'In Amenas: ouverture d'une enqu\u00eate pr\u00e9liminaire sur les circonstances du d\u00e9c\u00e8s d'une personne \u00e0 Debdab","og_description":"Le parquet pr\u00e8s le tribunal d&rsquo;In Amenas a ordonn\u00e9 l&rsquo;ouverture d&rsquo;une enqu\u00eate pr\u00e9liminaire pour d\u00e9terminer les circonstances du d\u00e9c\u00e8s d&rsquo;une personne dont le corps a \u00e9t\u00e9 d\u00e9couvert devant l&rsquo;Etablissement public de Sant\u00e9 de proximit\u00e9 (EPSP) de Debdab, et identifier les auteurs, indique, lundi, un communiqu\u00e9 du parquet pr\u00e8s le m\u00eame tribunal. \u00ab\u00a0En application des dispositions &hellip;","og_url":"https:\/\/elmawkie.dz\/fr\/tribunal-din-amenas-ouverture-dune-enquete-preliminaire-sur-les-circonstances-du-deces-dune-personne-a-debdab\/","og_site_name":"El Mawkie","article_publisher":"https:\/\/www.facebook.com\/profile.php?id=100088407094989&locale=fr_FR","article_published_time":"2025-04-21T22:26:02+00:00","article_modified_time":"2025-04-21T22:26:03+00:00","og_image":[{"width":373,"height":373,"url":"https:\/\/elmawkie.dz\/fr\/wp-content\/uploads\/2025\/04\/IMG_3600.jpeg","type":"image\/jpeg"}],"author":"R\u00e9daction","twitter_card":"summary_large_image","twitter_misc":{"Written by":"R\u00e9daction","Est. reading time":"2 minutes"},"schema":{"@context":"https:\/\/schema.org","@graph":[{"@type":"Article","@id":"https:\/\/elmawkie.dz\/fr\/tribunal-din-amenas-ouverture-dune-enquete-preliminaire-sur-les-circonstances-du-deces-dune-personne-a-debdab\/#article","isPartOf":{"@id":"https:\/\/elmawkie.dz\/fr\/tribunal-din-amenas-ouverture-dune-enquete-preliminaire-sur-les-circonstances-du-deces-dune-personne-a-debdab\/"},"author":{"name":"R\u00e9daction","@id":"https:\/\/elmawkie.dz\/fr\/#\/schema\/person\/e7bd59d6467874ba5c4723d8a9f0a63c"},"headline":"Tribunal d&rsquo;In Amenas: ouverture d&rsquo;une enqu\u00eate pr\u00e9liminaire sur les circonstances du d\u00e9c\u00e8s d&rsquo;une personne \u00e0 Debdab","datePublished":"2025-04-21T22:26:02+00:00","dateModified":"2025-04-21T22:26:03+00:00","mainEntityOfPage":{"@id":"https:\/\/elmawkie.dz\/fr\/tribunal-din-amenas-ouverture-dune-enquete-preliminaire-sur-les-circonstances-du-deces-dune-personne-a-debdab\/"},"wordCount":303,"commentCount":0,"publisher":{"@id":"https:\/\/elmawkie.dz\/fr\/#organization"},"image":{"@id":"https:\/\/elmawkie.dz\/fr\/tribunal-din-amenas-ouverture-dune-enquete-preliminaire-sur-les-circonstances-du-deces-dune-personne-a-debdab\/#primaryimage"},"thumbnailUrl":"https:\/\/elmawkie.dz\/fr\/wp-content\/uploads\/2025\/04\/IMG_3600.jpeg","keywords":["Debdab","Tribunal d\u2019In Amenas"],"articleSection":["R\u00e9gion"],"inLanguage":"fr-FR","potentialAction":[{"@type":"CommentAction","name":"Comment","target":["https:\/\/elmawkie.dz\/fr\/tribunal-din-amenas-ouverture-dune-enquete-preliminaire-sur-les-circonstances-du-deces-dune-personne-a-debdab\/#respond"]}]},{"@type":"WebPage","@id":"https:\/\/elmawkie.dz\/fr\/tribunal-din-amenas-ouverture-dune-enquete-preliminaire-sur-les-circonstances-du-deces-dune-personne-a-debdab\/","url":"https:\/\/elmawkie.dz\/fr\/tribunal-din-amenas-ouverture-dune-enquete-preliminaire-sur-les-circonstances-du-deces-dune-personne-a-debdab\/","name":"Tribunal d'In Amenas: ouverture d'une enqu\u00eate pr\u00e9liminaire sur les circonstances du d\u00e9c\u00e8s d'une personne \u00e0 Debdab - El Mawkie","isPartOf":{"@id":"https:\/\/elmawkie.dz\/fr\/#website"},"primaryImageOfPage":{"@id":"https:\/\/elmawkie.dz\/fr\/tribunal-din-amenas-ouverture-dune-enquete-preliminaire-sur-les-circonstances-du-deces-dune-personne-a-debdab\/#primaryimage"},"image":{"@id":"https:\/\/elmawkie.dz\/fr\/tribunal-din-amenas-ouverture-dune-enquete-preliminaire-sur-les-circonstances-du-deces-dune-personne-a-debdab\/#primaryimage"},"thumbnailUrl":"https:\/\/elmawkie.dz\/fr\/wp-content\/uploads\/2025\/04\/IMG_3600.jpeg","datePublished":"2025-04-21T22:26:02+00:00","dateModified":"2025-04-21T22:26:03+00:00","breadcrumb":{"@id":"https:\/\/elmawkie.dz\/fr\/tribunal-din-amenas-ouverture-dune-enquete-preliminaire-sur-les-circonstances-du-deces-dune-personne-a-debdab\/#breadcrumb"},"inLanguage":"fr-FR","potentialAction":[{"@type":"ReadAction","target":["https:\/\/elmawkie.dz\/fr\/tribunal-din-amenas-ouverture-dune-enquete-preliminaire-sur-les-circonstances-du-deces-dune-personne-a-debdab\/"]}]},{"@type":"ImageObject","inLanguage":"fr-FR","@id":"https:\/\/elmawkie.dz\/fr\/tribunal-din-amenas-ouverture-dune-enquete-preliminaire-sur-les-circonstances-du-deces-dune-personne-a-debdab\/#primaryimage","url":"https:\/\/elmawkie.dz\/fr\/wp-content\/uploads\/2025\/04\/IMG_3600.jpeg","contentUrl":"https:\/\/elmawkie.dz\/fr\/wp-content\/uploads\/2025\/04\/IMG_3600.jpeg","width":373,"height":373},{"@type":"BreadcrumbList","@id":"https:\/\/elmawkie.dz\/fr\/tribunal-din-amenas-ouverture-dune-enquete-preliminaire-sur-les-circonstances-du-deces-dune-personne-a-debdab\/#breadcrumb","itemListElement":[{"@type":"ListItem","position":1,"name":"Home","item":"https:\/\/elmawkie.dz\/fr\/"},{"@type":"ListItem","position":2,"name":"Tribunal d&rsquo;In Amenas: ouverture d&rsquo;une enqu\u00eate pr\u00e9liminaire sur les circonstances du d\u00e9c\u00e8s d&rsquo;une personne \u00e0 Debdab"}]},{"@type":"WebSite","@id":"https:\/\/elmawkie.dz\/fr\/#website","url":"https:\/\/elmawkie.dz\/fr\/","name":"EL MAWKIE","description":"Journal \u00c9lectronique Alg\u00e9rien","publisher":{"@id":"https:\/\/elmawkie.dz\/fr\/#organization"},"potentialAction":[{"@type":"SearchAction","target":{"@type":"EntryPoint","urlTemplate":"https:\/\/elmawkie.dz\/fr\/?s={search_term_string}"},"query-input":"required name=search_term_string"}],"inLanguage":"fr-FR"},{"@type":"Organization","@id":"https:\/\/elmawkie.dz\/fr\/#organization","name":"EL MAWKIE","url":"https:\/\/elmawkie.dz\/fr\/","logo":{"@type":"ImageObject","inLanguage":"fr-FR","@id":"https:\/\/elmawkie.dz\/fr\/#\/schema\/logo\/image\/","url":"https:\/\/elmawkie.dz\/fr\/wp-content\/uploads\/2024\/05\/logo1.png","contentUrl":"https:\/\/elmawkie.dz\/fr\/wp-content\/uploads\/2024\/05\/logo1.png","width":1648,"height":652,"caption":"EL MAWKIE"},"image":{"@id":"https:\/\/elmawkie.dz\/fr\/#\/schema\/logo\/image\/"},"sameAs":["https:\/\/www.facebook.com\/profile.php?id=100088407094989&locale=fr_FR"]},{"@type":"Person","@id":"https:\/\/elmawkie.dz\/fr\/#\/schema\/person\/e7bd59d6467874ba5c4723d8a9f0a63c","name":"R\u00e9daction","image":{"@type":"ImageObject","inLanguage":"fr-FR","@id":"https:\/\/elmawkie.dz\/fr\/#\/schema\/person\/image\/","url":"https:\/\/secure.gravatar.com\/avatar\/f0f773456344da4d2788c054a3d30a0c?s=96&d=mm&r=g","contentUrl":"https:\/\/secure.gravatar.com\/avatar\/f0f773456344da4d2788c054a3d30a0c?s=96&d=mm&r=g","caption":"R\u00e9daction"},"url":"https:\/\/elmawkie.dz\/fr\/author\/redaction\/"}]}},"_links":{"self":[{"href":"https:\/\/elmawkie.dz\/fr\/wp-json\/wp\/v2\/posts\/50178","targetHints":{"allow":["GET"]}}],"collection":[{"href":"https:\/\/elmawkie.dz\/fr\/wp-json\/wp\/v2\/posts"}],"about":[{"href":"https:\/\/elmawkie.dz\/fr\/wp-json\/wp\/v2\/types\/post"}],"author":[{"embeddable":true,"href":"https:\/\/elmawkie.dz\/fr\/wp-json\/wp\/v2\/users\/9"}],"replies":[{"embeddable":true,"href":"https:\/\/elmawkie.dz\/fr\/wp-json\/wp\/v2\/comments?post=50178"}],"version-history":[{"count":1,"href":"https:\/\/elmawkie.dz\/fr\/wp-json\/wp\/v2\/posts\/50178\/revisions"}],"predecessor-version":[{"id":50181,"href":"https:\/\/elmawkie.dz\/fr\/wp-json\/wp\/v2\/posts\/50178\/revisions\/50181"}],"wp:featuredmedia":[{"embeddable":true,"href":"https:\/\/elmawkie.dz\/fr\/wp-json\/wp\/v2\/media\/50180"}],"wp:attachment":[{"href":"https:\/\/elmawkie.dz\/fr\/wp-json\/wp\/v2\/media?parent=50178"}],"wp:term":[{"taxonomy":"category","embeddable":true,"href":"https:\/\/elmawkie.dz\/fr\/wp-json\/wp\/v2\/categories?post=50178"},{"taxonomy":"post_tag","embeddable":true,"href":"https:\/\/elmawkie.dz\/fr\/wp-json\/wp\/v2\/tags?post=50178"}],"curies":[{"name":"wp","href":"https:\/\/api.w.org\/{rel}","templated":true}]}}