{"id":50174,"date":"2025-04-21T23:21:06","date_gmt":"2025-04-21T22:21:06","guid":{"rendered":"https:\/\/elmawkie.dz\/fr\/?p=50174"},"modified":"2025-04-21T23:21:07","modified_gmt":"2025-04-21T22:21:07","slug":"m-chaib-rencontre-a-la-haye-la-diaspora-algerienne-etablie-au-royaume-des-pays-bas","status":"publish","type":"post","link":"https:\/\/elmawkie.dz\/fr\/m-chaib-rencontre-a-la-haye-la-diaspora-algerienne-etablie-au-royaume-des-pays-bas\/","title":{"rendered":"M.Chaib rencontre \u00e0 La Haye la diaspora alg\u00e9rienne \u00e9tablie au Royaume des Pays-Bas"},"content":{"rendered":"\n<p>Le secr\u00e9taire d&rsquo;Etat aupr\u00e8s du ministre des Affaires \u00e9trang\u00e8res, charg\u00e9 de la Communaut\u00e9 nationale \u00e0 l&rsquo;\u00e9tranger, M. Sofiane Chaib, a effectu\u00e9, lundi, une visite au Royaume des Pays-Bas, o\u00f9 il a rencontr\u00e9 \u00e0 La Haye des membres de la communaut\u00e9 nationale \u00e9tablie dans ce pays, a indiqu\u00e9 un communiqu\u00e9 du minist\u00e8re des Affaires \u00e9trang\u00e8res, de la Communaut\u00e9 nationale \u00e0 l\u2019\u00e9tranger et des Affaires africaines. Cette activit\u00e9 s\u2019inscrit dans le cadre de la volont\u00e9 de l\u2019Etat de maintenir une communication constante avec cette importante cat\u00e9gorie de citoyens. La visite a ainsi \u00e9t\u00e9 l\u2019occasion d\u2019assister \u00e0 l\u2019annonce officielle de la cr\u00e9ation d\u2019une nouvelle association d&rsquo;Alg\u00e9riens \u00e9tablis dans ce pays et d&rsquo;encourager l&rsquo;organisation du mouvement associatif au sein de la communaut\u00e9, selon le communiqu\u00e9. Dans le m\u00eame contexte, \u00ab\u00a0le secr\u00e9taire d\u2019Etat a mis en avant les efforts consentis, sur instruction des hautes autorit\u00e9s du pays, pour renforcer les liens entre la communaut\u00e9 et la patrie, et l\u2019impliquer dans tous les aspects li\u00e9s au d\u00e9veloppement national. Il a salu\u00e9 les initiatives port\u00e9es par les comp\u00e9tences alg\u00e9riennes \u00e9tablies dans ce pays ainsi que le r\u00f4le concret qu\u2019elles sont appel\u00e9es \u00e0 jouer dans le renforcement de la coop\u00e9ration bilat\u00e9rale entre l\u2019Alg\u00e9rie et les Pays-Bas\u00a0\u00bb, ajoute la m\u00eame source. \u00ab\u00a0Ce cadre interactif a permis d\u2019aborder les diff\u00e9rentes initiatives et mesures concr\u00e8tes prises en faveur de notre communaut\u00e9 \u00e9tablie \u00e0 l\u2019\u00e9tranger, lesquelles ont \u00e9t\u00e9 accueillies favorablement. Il a \u00e9galement \u00e9t\u00e9 l\u2019occasion d\u2019\u00e9couter les avis et pr\u00e9occupations, en vue d\u2019en examiner les solutions afin de r\u00e9pondre aux besoins exprim\u00e9s par notre diaspora\u00a0\u00bb, selon la m\u00eame source.<\/p>\n","protected":false},"excerpt":{"rendered":"<p>Le secr\u00e9taire d&rsquo;Etat aupr\u00e8s du ministre des Affaires \u00e9trang\u00e8res, charg\u00e9 de la Communaut\u00e9 nationale \u00e0 l&rsquo;\u00e9tranger, M. Sofiane Chaib, a effectu\u00e9, lundi, une visite au Royaume des Pays-Bas, o\u00f9 il a rencontr\u00e9 \u00e0 La Haye des membres de la communaut\u00e9 nationale \u00e9tablie dans ce pays, a indiqu\u00e9 un communiqu\u00e9 du minist\u00e8re des Affaires \u00e9trang\u00e8res, de &hellip;<\/p>\n","protected":false},"author":9,"featured_media":50176,"comment_status":"open","ping_status":"open","sticky":false,"template":"","format":"standard","meta":{"footnotes":""},"categories":[35,47],"tags":[3520,1947,3521],"class_list":["post-50174","post","type-post","status-publish","format-standard","has-post-thumbnail","hentry","category-diplomatie","category-national","tag-la-diaspora-algerienne","tag-m-chaib","tag-royaume-des-pays-bas"],"yoast_head":"<!-- This site is optimized with the Yoast SEO Premium plugin v22.6 (Yoast SEO v22.6) - https:\/\/yoast.com\/wordpress\/plugins\/seo\/ -->\n<title>M.Chaib rencontre \u00e0 La Haye la diaspora alg\u00e9rienne \u00e9tablie au Royaume des Pays-Bas - El Mawkie<\/title>\n<meta name=\"robots\" content=\"index, follow, max-snippet:-1, max-image-preview:large, max-video-preview:-1\" \/>\n<link rel=\"canonical\" href=\"https:\/\/elmawkie.dz\/fr\/m-chaib-rencontre-a-la-haye-la-diaspora-algerienne-etablie-au-royaume-des-pays-bas\/\" \/>\n<meta property=\"og:locale\" content=\"fr_FR\" \/>\n<meta property=\"og:type\" content=\"article\" \/>\n<meta property=\"og:title\" content=\"M.Chaib rencontre \u00e0 La Haye la diaspora alg\u00e9rienne \u00e9tablie au Royaume des Pays-Bas\" \/>\n<meta property=\"og:description\" content=\"Le secr\u00e9taire d&rsquo;Etat aupr\u00e8s du ministre des Affaires \u00e9trang\u00e8res, charg\u00e9 de la Communaut\u00e9 nationale \u00e0 l&rsquo;\u00e9tranger, M. Sofiane Chaib, a effectu\u00e9, lundi, une visite au Royaume des Pays-Bas, o\u00f9 il a rencontr\u00e9 \u00e0 La Haye des membres de la communaut\u00e9 nationale \u00e9tablie dans ce pays, a indiqu\u00e9 un communiqu\u00e9 du minist\u00e8re des Affaires \u00e9trang\u00e8res, de &hellip;\" \/>\n<meta property=\"og:url\" content=\"https:\/\/elmawkie.dz\/fr\/m-chaib-rencontre-a-la-haye-la-diaspora-algerienne-etablie-au-royaume-des-pays-bas\/\" \/>\n<meta property=\"og:site_name\" content=\"El Mawkie\" \/>\n<meta property=\"article:publisher\" content=\"https:\/\/www.facebook.com\/profile.php?id=100088407094989&amp;locale=fr_FR\" \/>\n<meta property=\"article:published_time\" content=\"2025-04-21T22:21:06+00:00\" \/>\n<meta property=\"article:modified_time\" content=\"2025-04-21T22:21:07+00:00\" \/>\n<meta property=\"og:image\" content=\"https:\/\/elmawkie.dz\/fr\/wp-content\/uploads\/2025\/04\/IMG_3595.jpeg\" \/>\n\t<meta property=\"og:image:width\" content=\"1600\" \/>\n\t<meta property=\"og:image:height\" content=\"900\" \/>\n\t<meta property=\"og:image:type\" content=\"image\/jpeg\" \/>\n<meta name=\"author\" content=\"R\u00e9daction\" \/>\n<meta name=\"twitter:card\" content=\"summary_large_image\" \/>\n<meta name=\"twitter:label1\" content=\"Written by\" \/>\n\t<meta name=\"twitter:data1\" content=\"R\u00e9daction\" \/>\n\t<meta name=\"twitter:label2\" content=\"Est. reading time\" \/>\n\t<meta name=\"twitter:data2\" content=\"2 minutes\" \/>\n<script type=\"application\/ld+json\" class=\"yoast-schema-graph\">{\"@context\":\"https:\/\/schema.org\",\"@graph\":[{\"@type\":\"Article\",\"@id\":\"https:\/\/elmawkie.dz\/fr\/m-chaib-rencontre-a-la-haye-la-diaspora-algerienne-etablie-au-royaume-des-pays-bas\/#article\",\"isPartOf\":{\"@id\":\"https:\/\/elmawkie.dz\/fr\/m-chaib-rencontre-a-la-haye-la-diaspora-algerienne-etablie-au-royaume-des-pays-bas\/\"},\"author\":{\"name\":\"R\u00e9daction\",\"@id\":\"https:\/\/elmawkie.dz\/fr\/#\/schema\/person\/e7bd59d6467874ba5c4723d8a9f0a63c\"},\"headline\":\"M.Chaib rencontre \u00e0 La Haye la diaspora alg\u00e9rienne \u00e9tablie au Royaume des Pays-Bas\",\"datePublished\":\"2025-04-21T22:21:06+00:00\",\"dateModified\":\"2025-04-21T22:21:07+00:00\",\"mainEntityOfPage\":{\"@id\":\"https:\/\/elmawkie.dz\/fr\/m-chaib-rencontre-a-la-haye-la-diaspora-algerienne-etablie-au-royaume-des-pays-bas\/\"},\"wordCount\":314,\"commentCount\":0,\"publisher\":{\"@id\":\"https:\/\/elmawkie.dz\/fr\/#organization\"},\"image\":{\"@id\":\"https:\/\/elmawkie.dz\/fr\/m-chaib-rencontre-a-la-haye-la-diaspora-algerienne-etablie-au-royaume-des-pays-bas\/#primaryimage\"},\"thumbnailUrl\":\"https:\/\/elmawkie.dz\/fr\/wp-content\/uploads\/2025\/04\/IMG_3595.jpeg\",\"keywords\":[\"La diaspora alg\u00e9rienne\",\"M. Chaib\",\"Royaume des pays bas\"],\"articleSection\":[\"Diplomatie\",\"National\"],\"inLanguage\":\"fr-FR\",\"potentialAction\":[{\"@type\":\"CommentAction\",\"name\":\"Comment\",\"target\":[\"https:\/\/elmawkie.dz\/fr\/m-chaib-rencontre-a-la-haye-la-diaspora-algerienne-etablie-au-royaume-des-pays-bas\/#respond\"]}]},{\"@type\":\"WebPage\",\"@id\":\"https:\/\/elmawkie.dz\/fr\/m-chaib-rencontre-a-la-haye-la-diaspora-algerienne-etablie-au-royaume-des-pays-bas\/\",\"url\":\"https:\/\/elmawkie.dz\/fr\/m-chaib-rencontre-a-la-haye-la-diaspora-algerienne-etablie-au-royaume-des-pays-bas\/\",\"name\":\"M.Chaib rencontre \u00e0 La Haye la diaspora alg\u00e9rienne \u00e9tablie au Royaume des Pays-Bas - El Mawkie\",\"isPartOf\":{\"@id\":\"https:\/\/elmawkie.dz\/fr\/#website\"},\"primaryImageOfPage\":{\"@id\":\"https:\/\/elmawkie.dz\/fr\/m-chaib-rencontre-a-la-haye-la-diaspora-algerienne-etablie-au-royaume-des-pays-bas\/#primaryimage\"},\"image\":{\"@id\":\"https:\/\/elmawkie.dz\/fr\/m-chaib-rencontre-a-la-haye-la-diaspora-algerienne-etablie-au-royaume-des-pays-bas\/#primaryimage\"},\"thumbnailUrl\":\"https:\/\/elmawkie.dz\/fr\/wp-content\/uploads\/2025\/04\/IMG_3595.jpeg\",\"datePublished\":\"2025-04-21T22:21:06+00:00\",\"dateModified\":\"2025-04-21T22:21:07+00:00\",\"breadcrumb\":{\"@id\":\"https:\/\/elmawkie.dz\/fr\/m-chaib-rencontre-a-la-haye-la-diaspora-algerienne-etablie-au-royaume-des-pays-bas\/#breadcrumb\"},\"inLanguage\":\"fr-FR\",\"potentialAction\":[{\"@type\":\"ReadAction\",\"target\":[\"https:\/\/elmawkie.dz\/fr\/m-chaib-rencontre-a-la-haye-la-diaspora-algerienne-etablie-au-royaume-des-pays-bas\/\"]}]},{\"@type\":\"ImageObject\",\"inLanguage\":\"fr-FR\",\"@id\":\"https:\/\/elmawkie.dz\/fr\/m-chaib-rencontre-a-la-haye-la-diaspora-algerienne-etablie-au-royaume-des-pays-bas\/#primaryimage\",\"url\":\"https:\/\/elmawkie.dz\/fr\/wp-content\/uploads\/2025\/04\/IMG_3595.jpeg\",\"contentUrl\":\"https:\/\/elmawkie.dz\/fr\/wp-content\/uploads\/2025\/04\/IMG_3595.jpeg\",\"width\":1600,\"height\":900},{\"@type\":\"BreadcrumbList\",\"@id\":\"https:\/\/elmawkie.dz\/fr\/m-chaib-rencontre-a-la-haye-la-diaspora-algerienne-etablie-au-royaume-des-pays-bas\/#breadcrumb\",\"itemListElement\":[{\"@type\":\"ListItem\",\"position\":1,\"name\":\"Home\",\"item\":\"https:\/\/elmawkie.dz\/fr\/\"},{\"@type\":\"ListItem\",\"position\":2,\"name\":\"M.Chaib rencontre \u00e0 La Haye la diaspora alg\u00e9rienne \u00e9tablie au Royaume des Pays-Bas\"}]},{\"@type\":\"WebSite\",\"@id\":\"https:\/\/elmawkie.dz\/fr\/#website\",\"url\":\"https:\/\/elmawkie.dz\/fr\/\",\"name\":\"EL MAWKIE\",\"description\":\"Journal \u00c9lectronique Alg\u00e9rien\",\"publisher\":{\"@id\":\"https:\/\/elmawkie.dz\/fr\/#organization\"},\"potentialAction\":[{\"@type\":\"SearchAction\",\"target\":{\"@type\":\"EntryPoint\",\"urlTemplate\":\"https:\/\/elmawkie.dz\/fr\/?s={search_term_string}\"},\"query-input\":\"required name=search_term_string\"}],\"inLanguage\":\"fr-FR\"},{\"@type\":\"Organization\",\"@id\":\"https:\/\/elmawkie.dz\/fr\/#organization\",\"name\":\"EL MAWKIE\",\"url\":\"https:\/\/elmawkie.dz\/fr\/\",\"logo\":{\"@type\":\"ImageObject\",\"inLanguage\":\"fr-FR\",\"@id\":\"https:\/\/elmawkie.dz\/fr\/#\/schema\/logo\/image\/\",\"url\":\"https:\/\/elmawkie.dz\/fr\/wp-content\/uploads\/2024\/05\/logo1.png\",\"contentUrl\":\"https:\/\/elmawkie.dz\/fr\/wp-content\/uploads\/2024\/05\/logo1.png\",\"width\":1648,\"height\":652,\"caption\":\"EL MAWKIE\"},\"image\":{\"@id\":\"https:\/\/elmawkie.dz\/fr\/#\/schema\/logo\/image\/\"},\"sameAs\":[\"https:\/\/www.facebook.com\/profile.php?id=100088407094989&locale=fr_FR\"]},{\"@type\":\"Person\",\"@id\":\"https:\/\/elmawkie.dz\/fr\/#\/schema\/person\/e7bd59d6467874ba5c4723d8a9f0a63c\",\"name\":\"R\u00e9daction\",\"image\":{\"@type\":\"ImageObject\",\"inLanguage\":\"fr-FR\",\"@id\":\"https:\/\/elmawkie.dz\/fr\/#\/schema\/person\/image\/\",\"url\":\"https:\/\/secure.gravatar.com\/avatar\/f0f773456344da4d2788c054a3d30a0c?s=96&d=mm&r=g\",\"contentUrl\":\"https:\/\/secure.gravatar.com\/avatar\/f0f773456344da4d2788c054a3d30a0c?s=96&d=mm&r=g\",\"caption\":\"R\u00e9daction\"},\"url\":\"https:\/\/elmawkie.dz\/fr\/author\/redaction\/\"}]}<\/script>\n<!-- \/ Yoast SEO Premium plugin. -->","yoast_head_json":{"title":"M.Chaib rencontre \u00e0 La Haye la diaspora alg\u00e9rienne \u00e9tablie au Royaume des Pays-Bas - El Mawkie","robots":{"index":"index","follow":"follow","max-snippet":"max-snippet:-1","max-image-preview":"max-image-preview:large","max-video-preview":"max-video-preview:-1"},"canonical":"https:\/\/elmawkie.dz\/fr\/m-chaib-rencontre-a-la-haye-la-diaspora-algerienne-etablie-au-royaume-des-pays-bas\/","og_locale":"fr_FR","og_type":"article","og_title":"M.Chaib rencontre \u00e0 La Haye la diaspora alg\u00e9rienne \u00e9tablie au Royaume des Pays-Bas","og_description":"Le secr\u00e9taire d&rsquo;Etat aupr\u00e8s du ministre des Affaires \u00e9trang\u00e8res, charg\u00e9 de la Communaut\u00e9 nationale \u00e0 l&rsquo;\u00e9tranger, M. Sofiane Chaib, a effectu\u00e9, lundi, une visite au Royaume des Pays-Bas, o\u00f9 il a rencontr\u00e9 \u00e0 La Haye des membres de la communaut\u00e9 nationale \u00e9tablie dans ce pays, a indiqu\u00e9 un communiqu\u00e9 du minist\u00e8re des Affaires \u00e9trang\u00e8res, de &hellip;","og_url":"https:\/\/elmawkie.dz\/fr\/m-chaib-rencontre-a-la-haye-la-diaspora-algerienne-etablie-au-royaume-des-pays-bas\/","og_site_name":"El Mawkie","article_publisher":"https:\/\/www.facebook.com\/profile.php?id=100088407094989&locale=fr_FR","article_published_time":"2025-04-21T22:21:06+00:00","article_modified_time":"2025-04-21T22:21:07+00:00","og_image":[{"width":1600,"height":900,"url":"https:\/\/elmawkie.dz\/fr\/wp-content\/uploads\/2025\/04\/IMG_3595.jpeg","type":"image\/jpeg"}],"author":"R\u00e9daction","twitter_card":"summary_large_image","twitter_misc":{"Written by":"R\u00e9daction","Est. reading time":"2 minutes"},"schema":{"@context":"https:\/\/schema.org","@graph":[{"@type":"Article","@id":"https:\/\/elmawkie.dz\/fr\/m-chaib-rencontre-a-la-haye-la-diaspora-algerienne-etablie-au-royaume-des-pays-bas\/#article","isPartOf":{"@id":"https:\/\/elmawkie.dz\/fr\/m-chaib-rencontre-a-la-haye-la-diaspora-algerienne-etablie-au-royaume-des-pays-bas\/"},"author":{"name":"R\u00e9daction","@id":"https:\/\/elmawkie.dz\/fr\/#\/schema\/person\/e7bd59d6467874ba5c4723d8a9f0a63c"},"headline":"M.Chaib rencontre \u00e0 La Haye la diaspora alg\u00e9rienne \u00e9tablie au Royaume des Pays-Bas","datePublished":"2025-04-21T22:21:06+00:00","dateModified":"2025-04-21T22:21:07+00:00","mainEntityOfPage":{"@id":"https:\/\/elmawkie.dz\/fr\/m-chaib-rencontre-a-la-haye-la-diaspora-algerienne-etablie-au-royaume-des-pays-bas\/"},"wordCount":314,"commentCount":0,"publisher":{"@id":"https:\/\/elmawkie.dz\/fr\/#organization"},"image":{"@id":"https:\/\/elmawkie.dz\/fr\/m-chaib-rencontre-a-la-haye-la-diaspora-algerienne-etablie-au-royaume-des-pays-bas\/#primaryimage"},"thumbnailUrl":"https:\/\/elmawkie.dz\/fr\/wp-content\/uploads\/2025\/04\/IMG_3595.jpeg","keywords":["La diaspora alg\u00e9rienne","M. Chaib","Royaume des pays bas"],"articleSection":["Diplomatie","National"],"inLanguage":"fr-FR","potentialAction":[{"@type":"CommentAction","name":"Comment","target":["https:\/\/elmawkie.dz\/fr\/m-chaib-rencontre-a-la-haye-la-diaspora-algerienne-etablie-au-royaume-des-pays-bas\/#respond"]}]},{"@type":"WebPage","@id":"https:\/\/elmawkie.dz\/fr\/m-chaib-rencontre-a-la-haye-la-diaspora-algerienne-etablie-au-royaume-des-pays-bas\/","url":"https:\/\/elmawkie.dz\/fr\/m-chaib-rencontre-a-la-haye-la-diaspora-algerienne-etablie-au-royaume-des-pays-bas\/","name":"M.Chaib rencontre \u00e0 La Haye la diaspora alg\u00e9rienne \u00e9tablie au Royaume des Pays-Bas - El Mawkie","isPartOf":{"@id":"https:\/\/elmawkie.dz\/fr\/#website"},"primaryImageOfPage":{"@id":"https:\/\/elmawkie.dz\/fr\/m-chaib-rencontre-a-la-haye-la-diaspora-algerienne-etablie-au-royaume-des-pays-bas\/#primaryimage"},"image":{"@id":"https:\/\/elmawkie.dz\/fr\/m-chaib-rencontre-a-la-haye-la-diaspora-algerienne-etablie-au-royaume-des-pays-bas\/#primaryimage"},"thumbnailUrl":"https:\/\/elmawkie.dz\/fr\/wp-content\/uploads\/2025\/04\/IMG_3595.jpeg","datePublished":"2025-04-21T22:21:06+00:00","dateModified":"2025-04-21T22:21:07+00:00","breadcrumb":{"@id":"https:\/\/elmawkie.dz\/fr\/m-chaib-rencontre-a-la-haye-la-diaspora-algerienne-etablie-au-royaume-des-pays-bas\/#breadcrumb"},"inLanguage":"fr-FR","potentialAction":[{"@type":"ReadAction","target":["https:\/\/elmawkie.dz\/fr\/m-chaib-rencontre-a-la-haye-la-diaspora-algerienne-etablie-au-royaume-des-pays-bas\/"]}]},{"@type":"ImageObject","inLanguage":"fr-FR","@id":"https:\/\/elmawkie.dz\/fr\/m-chaib-rencontre-a-la-haye-la-diaspora-algerienne-etablie-au-royaume-des-pays-bas\/#primaryimage","url":"https:\/\/elmawkie.dz\/fr\/wp-content\/uploads\/2025\/04\/IMG_3595.jpeg","contentUrl":"https:\/\/elmawkie.dz\/fr\/wp-content\/uploads\/2025\/04\/IMG_3595.jpeg","width":1600,"height":900},{"@type":"BreadcrumbList","@id":"https:\/\/elmawkie.dz\/fr\/m-chaib-rencontre-a-la-haye-la-diaspora-algerienne-etablie-au-royaume-des-pays-bas\/#breadcrumb","itemListElement":[{"@type":"ListItem","position":1,"name":"Home","item":"https:\/\/elmawkie.dz\/fr\/"},{"@type":"ListItem","position":2,"name":"M.Chaib rencontre \u00e0 La Haye la diaspora alg\u00e9rienne \u00e9tablie au Royaume des Pays-Bas"}]},{"@type":"WebSite","@id":"https:\/\/elmawkie.dz\/fr\/#website","url":"https:\/\/elmawkie.dz\/fr\/","name":"EL MAWKIE","description":"Journal \u00c9lectronique Alg\u00e9rien","publisher":{"@id":"https:\/\/elmawkie.dz\/fr\/#organization"},"potentialAction":[{"@type":"SearchAction","target":{"@type":"EntryPoint","urlTemplate":"https:\/\/elmawkie.dz\/fr\/?s={search_term_string}"},"query-input":"required name=search_term_string"}],"inLanguage":"fr-FR"},{"@type":"Organization","@id":"https:\/\/elmawkie.dz\/fr\/#organization","name":"EL MAWKIE","url":"https:\/\/elmawkie.dz\/fr\/","logo":{"@type":"ImageObject","inLanguage":"fr-FR","@id":"https:\/\/elmawkie.dz\/fr\/#\/schema\/logo\/image\/","url":"https:\/\/elmawkie.dz\/fr\/wp-content\/uploads\/2024\/05\/logo1.png","contentUrl":"https:\/\/elmawkie.dz\/fr\/wp-content\/uploads\/2024\/05\/logo1.png","width":1648,"height":652,"caption":"EL MAWKIE"},"image":{"@id":"https:\/\/elmawkie.dz\/fr\/#\/schema\/logo\/image\/"},"sameAs":["https:\/\/www.facebook.com\/profile.php?id=100088407094989&locale=fr_FR"]},{"@type":"Person","@id":"https:\/\/elmawkie.dz\/fr\/#\/schema\/person\/e7bd59d6467874ba5c4723d8a9f0a63c","name":"R\u00e9daction","image":{"@type":"ImageObject","inLanguage":"fr-FR","@id":"https:\/\/elmawkie.dz\/fr\/#\/schema\/person\/image\/","url":"https:\/\/secure.gravatar.com\/avatar\/f0f773456344da4d2788c054a3d30a0c?s=96&d=mm&r=g","contentUrl":"https:\/\/secure.gravatar.com\/avatar\/f0f773456344da4d2788c054a3d30a0c?s=96&d=mm&r=g","caption":"R\u00e9daction"},"url":"https:\/\/elmawkie.dz\/fr\/author\/redaction\/"}]}},"_links":{"self":[{"href":"https:\/\/elmawkie.dz\/fr\/wp-json\/wp\/v2\/posts\/50174","targetHints":{"allow":["GET"]}}],"collection":[{"href":"https:\/\/elmawkie.dz\/fr\/wp-json\/wp\/v2\/posts"}],"about":[{"href":"https:\/\/elmawkie.dz\/fr\/wp-json\/wp\/v2\/types\/post"}],"author":[{"embeddable":true,"href":"https:\/\/elmawkie.dz\/fr\/wp-json\/wp\/v2\/users\/9"}],"replies":[{"embeddable":true,"href":"https:\/\/elmawkie.dz\/fr\/wp-json\/wp\/v2\/comments?post=50174"}],"version-history":[{"count":1,"href":"https:\/\/elmawkie.dz\/fr\/wp-json\/wp\/v2\/posts\/50174\/revisions"}],"predecessor-version":[{"id":50177,"href":"https:\/\/elmawkie.dz\/fr\/wp-json\/wp\/v2\/posts\/50174\/revisions\/50177"}],"wp:featuredmedia":[{"embeddable":true,"href":"https:\/\/elmawkie.dz\/fr\/wp-json\/wp\/v2\/media\/50176"}],"wp:attachment":[{"href":"https:\/\/elmawkie.dz\/fr\/wp-json\/wp\/v2\/media?parent=50174"}],"wp:term":[{"taxonomy":"category","embeddable":true,"href":"https:\/\/elmawkie.dz\/fr\/wp-json\/wp\/v2\/categories?post=50174"},{"taxonomy":"post_tag","embeddable":true,"href":"https:\/\/elmawkie.dz\/fr\/wp-json\/wp\/v2\/tags?post=50174"}],"curies":[{"name":"wp","href":"https:\/\/api.w.org\/{rel}","templated":true}]}}