{"id":50170,"date":"2025-04-21T23:14:00","date_gmt":"2025-04-21T22:14:00","guid":{"rendered":"https:\/\/elmawkie.dz\/fr\/?p=50170"},"modified":"2025-04-21T23:14:01","modified_gmt":"2025-04-21T22:14:01","slug":"alger-conference-des-parlementaires-algeriens-en-soutien-a-la-cause-palestinienne","status":"publish","type":"post","link":"https:\/\/elmawkie.dz\/fr\/alger-conference-des-parlementaires-algeriens-en-soutien-a-la-cause-palestinienne\/","title":{"rendered":"Alger : conf\u00e9rence des parlementaires alg\u00e9riens en soutien \u00e0 la cause palestinienne"},"content":{"rendered":"\n<p>Des parlementaire alg\u00e9riens ont organis\u00e9, lundi \u00e0 Alger, une conf\u00e9rence en soutien \u00e0 la cause palestinienne et au peuple palestinien dans la bande de Ghaza en proie aux crimes odieux auxquels se livre l&rsquo;occupation sioniste. Lors de cette conf\u00e9rence organis\u00e9e au si\u00e8ge de l&rsquo;Assembl\u00e9e populaire de wilaya d&rsquo;Alger, le pr\u00e9sident du Conseil de la nation, M. Salah Goudjil, a mis en avant, dans une allocution prononc\u00e9e en son nom par le pr\u00e9sident du groupe parlementaire du tiers pr\u00e9sidentiel, Saad Arous, les principes constants de l&rsquo;Alg\u00e9rie dans la lutte contre le colonialisme et son soutien au droit des peuples \u00e0 la libert\u00e9, \u00e0 l&rsquo;autod\u00e9termination et \u00e0 l&rsquo;ind\u00e9pendance, soulignant que \u00ab\u00a0ces principes non n\u00e9gociables sont vaillamment et brillamment incarn\u00e9s, aujourd&rsquo;hui, par notre diplomatie, sous la direction \u00e9clair\u00e9e du pr\u00e9sident de la R\u00e9publique, M. Abdelmadjid Tebboune, notamment depuis l&rsquo;accession de notre pays au Conseil de s\u00e9curit\u00e9 des Nations Unies en qualit\u00e9 de membre non permanent\u00a0\u00bb. Dans ce cadre, le pr\u00e9sident de la chambre haute du Parlement a salu\u00e9 l&rsquo;action commune men\u00e9e par les d\u00e9l\u00e9gations du Parlement alg\u00e9rien dans les diff\u00e9rents fora r\u00e9gionaux et internationaux \u00ab\u00a0en soutien \u00e0 la cause palestinienne et pour mettre fin au g\u00e9nocide et \u00e0 l&rsquo;impunit\u00e9 de l&rsquo;occupant sioniste\u00a0\u00bb. Lors de cette conf\u00e9rence, les participants ont r\u00e9affirm\u00e9 leur soutien au peuple palestinien et \u00e0 son droit \u00e0 la r\u00e9sistance pour arracher la libert\u00e9, appelant la communaut\u00e9 internationale \u00e0 sortir de son mutisme pour prot\u00e9ger les Palestiniens.<\/p>\n","protected":false},"excerpt":{"rendered":"<p>Des parlementaire alg\u00e9riens ont organis\u00e9, lundi \u00e0 Alger, une conf\u00e9rence en soutien \u00e0 la cause palestinienne et au peuple palestinien dans la bande de Ghaza en proie aux crimes odieux auxquels se livre l&rsquo;occupation sioniste. Lors de cette conf\u00e9rence organis\u00e9e au si\u00e8ge de l&rsquo;Assembl\u00e9e populaire de wilaya d&rsquo;Alger, le pr\u00e9sident du Conseil de la nation, &hellip;<\/p>\n","protected":false},"author":9,"featured_media":50172,"comment_status":"open","ping_status":"open","sticky":false,"template":"","format":"standard","meta":{"footnotes":""},"categories":[47],"tags":[450,3518,3519],"class_list":["post-50170","post","type-post","status-publish","format-standard","has-post-thumbnail","hentry","category-national","tag-alger","tag-des-parlementaires-algeriens","tag-la-cause-palestinienne"],"yoast_head":"<!-- This site is optimized with the Yoast SEO Premium plugin v22.6 (Yoast SEO v22.6) - https:\/\/yoast.com\/wordpress\/plugins\/seo\/ -->\n<title>Alger : conf\u00e9rence des parlementaires alg\u00e9riens en soutien \u00e0 la cause palestinienne - El Mawkie<\/title>\n<meta name=\"robots\" content=\"index, follow, max-snippet:-1, max-image-preview:large, max-video-preview:-1\" \/>\n<link rel=\"canonical\" href=\"https:\/\/elmawkie.dz\/fr\/alger-conference-des-parlementaires-algeriens-en-soutien-a-la-cause-palestinienne\/\" \/>\n<meta property=\"og:locale\" content=\"fr_FR\" \/>\n<meta property=\"og:type\" content=\"article\" \/>\n<meta property=\"og:title\" content=\"Alger : conf\u00e9rence des parlementaires alg\u00e9riens en soutien \u00e0 la cause palestinienne\" \/>\n<meta property=\"og:description\" content=\"Des parlementaire alg\u00e9riens ont organis\u00e9, lundi \u00e0 Alger, une conf\u00e9rence en soutien \u00e0 la cause palestinienne et au peuple palestinien dans la bande de Ghaza en proie aux crimes odieux auxquels se livre l&rsquo;occupation sioniste. Lors de cette conf\u00e9rence organis\u00e9e au si\u00e8ge de l&rsquo;Assembl\u00e9e populaire de wilaya d&rsquo;Alger, le pr\u00e9sident du Conseil de la nation, &hellip;\" \/>\n<meta property=\"og:url\" content=\"https:\/\/elmawkie.dz\/fr\/alger-conference-des-parlementaires-algeriens-en-soutien-a-la-cause-palestinienne\/\" \/>\n<meta property=\"og:site_name\" content=\"El Mawkie\" \/>\n<meta property=\"article:publisher\" content=\"https:\/\/www.facebook.com\/profile.php?id=100088407094989&amp;locale=fr_FR\" \/>\n<meta property=\"article:published_time\" content=\"2025-04-21T22:14:00+00:00\" \/>\n<meta property=\"article:modified_time\" content=\"2025-04-21T22:14:01+00:00\" \/>\n<meta property=\"og:image\" content=\"https:\/\/elmawkie.dz\/fr\/wp-content\/uploads\/2025\/04\/IMG_3599.jpeg\" \/>\n\t<meta property=\"og:image:width\" content=\"2048\" \/>\n\t<meta property=\"og:image:height\" content=\"1365\" \/>\n\t<meta property=\"og:image:type\" content=\"image\/jpeg\" \/>\n<meta name=\"author\" content=\"R\u00e9daction\" \/>\n<meta name=\"twitter:card\" content=\"summary_large_image\" \/>\n<meta name=\"twitter:label1\" content=\"Written by\" \/>\n\t<meta name=\"twitter:data1\" content=\"R\u00e9daction\" \/>\n\t<meta name=\"twitter:label2\" content=\"Est. reading time\" \/>\n\t<meta name=\"twitter:data2\" content=\"2 minutes\" \/>\n<script type=\"application\/ld+json\" class=\"yoast-schema-graph\">{\"@context\":\"https:\/\/schema.org\",\"@graph\":[{\"@type\":\"Article\",\"@id\":\"https:\/\/elmawkie.dz\/fr\/alger-conference-des-parlementaires-algeriens-en-soutien-a-la-cause-palestinienne\/#article\",\"isPartOf\":{\"@id\":\"https:\/\/elmawkie.dz\/fr\/alger-conference-des-parlementaires-algeriens-en-soutien-a-la-cause-palestinienne\/\"},\"author\":{\"name\":\"R\u00e9daction\",\"@id\":\"https:\/\/elmawkie.dz\/fr\/#\/schema\/person\/e7bd59d6467874ba5c4723d8a9f0a63c\"},\"headline\":\"Alger : conf\u00e9rence des parlementaires alg\u00e9riens en soutien \u00e0 la cause palestinienne\",\"datePublished\":\"2025-04-21T22:14:00+00:00\",\"dateModified\":\"2025-04-21T22:14:01+00:00\",\"mainEntityOfPage\":{\"@id\":\"https:\/\/elmawkie.dz\/fr\/alger-conference-des-parlementaires-algeriens-en-soutien-a-la-cause-palestinienne\/\"},\"wordCount\":280,\"commentCount\":0,\"publisher\":{\"@id\":\"https:\/\/elmawkie.dz\/fr\/#organization\"},\"image\":{\"@id\":\"https:\/\/elmawkie.dz\/fr\/alger-conference-des-parlementaires-algeriens-en-soutien-a-la-cause-palestinienne\/#primaryimage\"},\"thumbnailUrl\":\"https:\/\/elmawkie.dz\/fr\/wp-content\/uploads\/2025\/04\/IMG_3599.jpeg\",\"keywords\":[\"alger\",\"Des parlementaires alg\u00e9riens\",\"La cause palestinienne\"],\"articleSection\":[\"National\"],\"inLanguage\":\"fr-FR\",\"potentialAction\":[{\"@type\":\"CommentAction\",\"name\":\"Comment\",\"target\":[\"https:\/\/elmawkie.dz\/fr\/alger-conference-des-parlementaires-algeriens-en-soutien-a-la-cause-palestinienne\/#respond\"]}]},{\"@type\":\"WebPage\",\"@id\":\"https:\/\/elmawkie.dz\/fr\/alger-conference-des-parlementaires-algeriens-en-soutien-a-la-cause-palestinienne\/\",\"url\":\"https:\/\/elmawkie.dz\/fr\/alger-conference-des-parlementaires-algeriens-en-soutien-a-la-cause-palestinienne\/\",\"name\":\"Alger : conf\u00e9rence des parlementaires alg\u00e9riens en soutien \u00e0 la cause palestinienne - El Mawkie\",\"isPartOf\":{\"@id\":\"https:\/\/elmawkie.dz\/fr\/#website\"},\"primaryImageOfPage\":{\"@id\":\"https:\/\/elmawkie.dz\/fr\/alger-conference-des-parlementaires-algeriens-en-soutien-a-la-cause-palestinienne\/#primaryimage\"},\"image\":{\"@id\":\"https:\/\/elmawkie.dz\/fr\/alger-conference-des-parlementaires-algeriens-en-soutien-a-la-cause-palestinienne\/#primaryimage\"},\"thumbnailUrl\":\"https:\/\/elmawkie.dz\/fr\/wp-content\/uploads\/2025\/04\/IMG_3599.jpeg\",\"datePublished\":\"2025-04-21T22:14:00+00:00\",\"dateModified\":\"2025-04-21T22:14:01+00:00\",\"breadcrumb\":{\"@id\":\"https:\/\/elmawkie.dz\/fr\/alger-conference-des-parlementaires-algeriens-en-soutien-a-la-cause-palestinienne\/#breadcrumb\"},\"inLanguage\":\"fr-FR\",\"potentialAction\":[{\"@type\":\"ReadAction\",\"target\":[\"https:\/\/elmawkie.dz\/fr\/alger-conference-des-parlementaires-algeriens-en-soutien-a-la-cause-palestinienne\/\"]}]},{\"@type\":\"ImageObject\",\"inLanguage\":\"fr-FR\",\"@id\":\"https:\/\/elmawkie.dz\/fr\/alger-conference-des-parlementaires-algeriens-en-soutien-a-la-cause-palestinienne\/#primaryimage\",\"url\":\"https:\/\/elmawkie.dz\/fr\/wp-content\/uploads\/2025\/04\/IMG_3599.jpeg\",\"contentUrl\":\"https:\/\/elmawkie.dz\/fr\/wp-content\/uploads\/2025\/04\/IMG_3599.jpeg\",\"width\":2048,\"height\":1365},{\"@type\":\"BreadcrumbList\",\"@id\":\"https:\/\/elmawkie.dz\/fr\/alger-conference-des-parlementaires-algeriens-en-soutien-a-la-cause-palestinienne\/#breadcrumb\",\"itemListElement\":[{\"@type\":\"ListItem\",\"position\":1,\"name\":\"Home\",\"item\":\"https:\/\/elmawkie.dz\/fr\/\"},{\"@type\":\"ListItem\",\"position\":2,\"name\":\"Alger : conf\u00e9rence des parlementaires alg\u00e9riens en soutien \u00e0 la cause palestinienne\"}]},{\"@type\":\"WebSite\",\"@id\":\"https:\/\/elmawkie.dz\/fr\/#website\",\"url\":\"https:\/\/elmawkie.dz\/fr\/\",\"name\":\"EL MAWKIE\",\"description\":\"Journal \u00c9lectronique Alg\u00e9rien\",\"publisher\":{\"@id\":\"https:\/\/elmawkie.dz\/fr\/#organization\"},\"potentialAction\":[{\"@type\":\"SearchAction\",\"target\":{\"@type\":\"EntryPoint\",\"urlTemplate\":\"https:\/\/elmawkie.dz\/fr\/?s={search_term_string}\"},\"query-input\":\"required name=search_term_string\"}],\"inLanguage\":\"fr-FR\"},{\"@type\":\"Organization\",\"@id\":\"https:\/\/elmawkie.dz\/fr\/#organization\",\"name\":\"EL MAWKIE\",\"url\":\"https:\/\/elmawkie.dz\/fr\/\",\"logo\":{\"@type\":\"ImageObject\",\"inLanguage\":\"fr-FR\",\"@id\":\"https:\/\/elmawkie.dz\/fr\/#\/schema\/logo\/image\/\",\"url\":\"https:\/\/elmawkie.dz\/fr\/wp-content\/uploads\/2024\/05\/logo1.png\",\"contentUrl\":\"https:\/\/elmawkie.dz\/fr\/wp-content\/uploads\/2024\/05\/logo1.png\",\"width\":1648,\"height\":652,\"caption\":\"EL MAWKIE\"},\"image\":{\"@id\":\"https:\/\/elmawkie.dz\/fr\/#\/schema\/logo\/image\/\"},\"sameAs\":[\"https:\/\/www.facebook.com\/profile.php?id=100088407094989&locale=fr_FR\"]},{\"@type\":\"Person\",\"@id\":\"https:\/\/elmawkie.dz\/fr\/#\/schema\/person\/e7bd59d6467874ba5c4723d8a9f0a63c\",\"name\":\"R\u00e9daction\",\"image\":{\"@type\":\"ImageObject\",\"inLanguage\":\"fr-FR\",\"@id\":\"https:\/\/elmawkie.dz\/fr\/#\/schema\/person\/image\/\",\"url\":\"https:\/\/secure.gravatar.com\/avatar\/f0f773456344da4d2788c054a3d30a0c?s=96&d=mm&r=g\",\"contentUrl\":\"https:\/\/secure.gravatar.com\/avatar\/f0f773456344da4d2788c054a3d30a0c?s=96&d=mm&r=g\",\"caption\":\"R\u00e9daction\"},\"url\":\"https:\/\/elmawkie.dz\/fr\/author\/redaction\/\"}]}<\/script>\n<!-- \/ Yoast SEO Premium plugin. -->","yoast_head_json":{"title":"Alger : conf\u00e9rence des parlementaires alg\u00e9riens en soutien \u00e0 la cause palestinienne - El Mawkie","robots":{"index":"index","follow":"follow","max-snippet":"max-snippet:-1","max-image-preview":"max-image-preview:large","max-video-preview":"max-video-preview:-1"},"canonical":"https:\/\/elmawkie.dz\/fr\/alger-conference-des-parlementaires-algeriens-en-soutien-a-la-cause-palestinienne\/","og_locale":"fr_FR","og_type":"article","og_title":"Alger : conf\u00e9rence des parlementaires alg\u00e9riens en soutien \u00e0 la cause palestinienne","og_description":"Des parlementaire alg\u00e9riens ont organis\u00e9, lundi \u00e0 Alger, une conf\u00e9rence en soutien \u00e0 la cause palestinienne et au peuple palestinien dans la bande de Ghaza en proie aux crimes odieux auxquels se livre l&rsquo;occupation sioniste. Lors de cette conf\u00e9rence organis\u00e9e au si\u00e8ge de l&rsquo;Assembl\u00e9e populaire de wilaya d&rsquo;Alger, le pr\u00e9sident du Conseil de la nation, &hellip;","og_url":"https:\/\/elmawkie.dz\/fr\/alger-conference-des-parlementaires-algeriens-en-soutien-a-la-cause-palestinienne\/","og_site_name":"El Mawkie","article_publisher":"https:\/\/www.facebook.com\/profile.php?id=100088407094989&locale=fr_FR","article_published_time":"2025-04-21T22:14:00+00:00","article_modified_time":"2025-04-21T22:14:01+00:00","og_image":[{"width":2048,"height":1365,"url":"https:\/\/elmawkie.dz\/fr\/wp-content\/uploads\/2025\/04\/IMG_3599.jpeg","type":"image\/jpeg"}],"author":"R\u00e9daction","twitter_card":"summary_large_image","twitter_misc":{"Written by":"R\u00e9daction","Est. reading time":"2 minutes"},"schema":{"@context":"https:\/\/schema.org","@graph":[{"@type":"Article","@id":"https:\/\/elmawkie.dz\/fr\/alger-conference-des-parlementaires-algeriens-en-soutien-a-la-cause-palestinienne\/#article","isPartOf":{"@id":"https:\/\/elmawkie.dz\/fr\/alger-conference-des-parlementaires-algeriens-en-soutien-a-la-cause-palestinienne\/"},"author":{"name":"R\u00e9daction","@id":"https:\/\/elmawkie.dz\/fr\/#\/schema\/person\/e7bd59d6467874ba5c4723d8a9f0a63c"},"headline":"Alger : conf\u00e9rence des parlementaires alg\u00e9riens en soutien \u00e0 la cause palestinienne","datePublished":"2025-04-21T22:14:00+00:00","dateModified":"2025-04-21T22:14:01+00:00","mainEntityOfPage":{"@id":"https:\/\/elmawkie.dz\/fr\/alger-conference-des-parlementaires-algeriens-en-soutien-a-la-cause-palestinienne\/"},"wordCount":280,"commentCount":0,"publisher":{"@id":"https:\/\/elmawkie.dz\/fr\/#organization"},"image":{"@id":"https:\/\/elmawkie.dz\/fr\/alger-conference-des-parlementaires-algeriens-en-soutien-a-la-cause-palestinienne\/#primaryimage"},"thumbnailUrl":"https:\/\/elmawkie.dz\/fr\/wp-content\/uploads\/2025\/04\/IMG_3599.jpeg","keywords":["alger","Des parlementaires alg\u00e9riens","La cause palestinienne"],"articleSection":["National"],"inLanguage":"fr-FR","potentialAction":[{"@type":"CommentAction","name":"Comment","target":["https:\/\/elmawkie.dz\/fr\/alger-conference-des-parlementaires-algeriens-en-soutien-a-la-cause-palestinienne\/#respond"]}]},{"@type":"WebPage","@id":"https:\/\/elmawkie.dz\/fr\/alger-conference-des-parlementaires-algeriens-en-soutien-a-la-cause-palestinienne\/","url":"https:\/\/elmawkie.dz\/fr\/alger-conference-des-parlementaires-algeriens-en-soutien-a-la-cause-palestinienne\/","name":"Alger : conf\u00e9rence des parlementaires alg\u00e9riens en soutien \u00e0 la cause palestinienne - El Mawkie","isPartOf":{"@id":"https:\/\/elmawkie.dz\/fr\/#website"},"primaryImageOfPage":{"@id":"https:\/\/elmawkie.dz\/fr\/alger-conference-des-parlementaires-algeriens-en-soutien-a-la-cause-palestinienne\/#primaryimage"},"image":{"@id":"https:\/\/elmawkie.dz\/fr\/alger-conference-des-parlementaires-algeriens-en-soutien-a-la-cause-palestinienne\/#primaryimage"},"thumbnailUrl":"https:\/\/elmawkie.dz\/fr\/wp-content\/uploads\/2025\/04\/IMG_3599.jpeg","datePublished":"2025-04-21T22:14:00+00:00","dateModified":"2025-04-21T22:14:01+00:00","breadcrumb":{"@id":"https:\/\/elmawkie.dz\/fr\/alger-conference-des-parlementaires-algeriens-en-soutien-a-la-cause-palestinienne\/#breadcrumb"},"inLanguage":"fr-FR","potentialAction":[{"@type":"ReadAction","target":["https:\/\/elmawkie.dz\/fr\/alger-conference-des-parlementaires-algeriens-en-soutien-a-la-cause-palestinienne\/"]}]},{"@type":"ImageObject","inLanguage":"fr-FR","@id":"https:\/\/elmawkie.dz\/fr\/alger-conference-des-parlementaires-algeriens-en-soutien-a-la-cause-palestinienne\/#primaryimage","url":"https:\/\/elmawkie.dz\/fr\/wp-content\/uploads\/2025\/04\/IMG_3599.jpeg","contentUrl":"https:\/\/elmawkie.dz\/fr\/wp-content\/uploads\/2025\/04\/IMG_3599.jpeg","width":2048,"height":1365},{"@type":"BreadcrumbList","@id":"https:\/\/elmawkie.dz\/fr\/alger-conference-des-parlementaires-algeriens-en-soutien-a-la-cause-palestinienne\/#breadcrumb","itemListElement":[{"@type":"ListItem","position":1,"name":"Home","item":"https:\/\/elmawkie.dz\/fr\/"},{"@type":"ListItem","position":2,"name":"Alger : conf\u00e9rence des parlementaires alg\u00e9riens en soutien \u00e0 la cause palestinienne"}]},{"@type":"WebSite","@id":"https:\/\/elmawkie.dz\/fr\/#website","url":"https:\/\/elmawkie.dz\/fr\/","name":"EL MAWKIE","description":"Journal \u00c9lectronique Alg\u00e9rien","publisher":{"@id":"https:\/\/elmawkie.dz\/fr\/#organization"},"potentialAction":[{"@type":"SearchAction","target":{"@type":"EntryPoint","urlTemplate":"https:\/\/elmawkie.dz\/fr\/?s={search_term_string}"},"query-input":"required name=search_term_string"}],"inLanguage":"fr-FR"},{"@type":"Organization","@id":"https:\/\/elmawkie.dz\/fr\/#organization","name":"EL MAWKIE","url":"https:\/\/elmawkie.dz\/fr\/","logo":{"@type":"ImageObject","inLanguage":"fr-FR","@id":"https:\/\/elmawkie.dz\/fr\/#\/schema\/logo\/image\/","url":"https:\/\/elmawkie.dz\/fr\/wp-content\/uploads\/2024\/05\/logo1.png","contentUrl":"https:\/\/elmawkie.dz\/fr\/wp-content\/uploads\/2024\/05\/logo1.png","width":1648,"height":652,"caption":"EL MAWKIE"},"image":{"@id":"https:\/\/elmawkie.dz\/fr\/#\/schema\/logo\/image\/"},"sameAs":["https:\/\/www.facebook.com\/profile.php?id=100088407094989&locale=fr_FR"]},{"@type":"Person","@id":"https:\/\/elmawkie.dz\/fr\/#\/schema\/person\/e7bd59d6467874ba5c4723d8a9f0a63c","name":"R\u00e9daction","image":{"@type":"ImageObject","inLanguage":"fr-FR","@id":"https:\/\/elmawkie.dz\/fr\/#\/schema\/person\/image\/","url":"https:\/\/secure.gravatar.com\/avatar\/f0f773456344da4d2788c054a3d30a0c?s=96&d=mm&r=g","contentUrl":"https:\/\/secure.gravatar.com\/avatar\/f0f773456344da4d2788c054a3d30a0c?s=96&d=mm&r=g","caption":"R\u00e9daction"},"url":"https:\/\/elmawkie.dz\/fr\/author\/redaction\/"}]}},"_links":{"self":[{"href":"https:\/\/elmawkie.dz\/fr\/wp-json\/wp\/v2\/posts\/50170","targetHints":{"allow":["GET"]}}],"collection":[{"href":"https:\/\/elmawkie.dz\/fr\/wp-json\/wp\/v2\/posts"}],"about":[{"href":"https:\/\/elmawkie.dz\/fr\/wp-json\/wp\/v2\/types\/post"}],"author":[{"embeddable":true,"href":"https:\/\/elmawkie.dz\/fr\/wp-json\/wp\/v2\/users\/9"}],"replies":[{"embeddable":true,"href":"https:\/\/elmawkie.dz\/fr\/wp-json\/wp\/v2\/comments?post=50170"}],"version-history":[{"count":1,"href":"https:\/\/elmawkie.dz\/fr\/wp-json\/wp\/v2\/posts\/50170\/revisions"}],"predecessor-version":[{"id":50173,"href":"https:\/\/elmawkie.dz\/fr\/wp-json\/wp\/v2\/posts\/50170\/revisions\/50173"}],"wp:featuredmedia":[{"embeddable":true,"href":"https:\/\/elmawkie.dz\/fr\/wp-json\/wp\/v2\/media\/50172"}],"wp:attachment":[{"href":"https:\/\/elmawkie.dz\/fr\/wp-json\/wp\/v2\/media?parent=50170"}],"wp:term":[{"taxonomy":"category","embeddable":true,"href":"https:\/\/elmawkie.dz\/fr\/wp-json\/wp\/v2\/categories?post=50170"},{"taxonomy":"post_tag","embeddable":true,"href":"https:\/\/elmawkie.dz\/fr\/wp-json\/wp\/v2\/tags?post=50170"}],"curies":[{"name":"wp","href":"https:\/\/api.w.org\/{rel}","templated":true}]}}