{"id":50134,"date":"2025-04-20T20:18:23","date_gmt":"2025-04-20T19:18:23","guid":{"rendered":"https:\/\/elmawkie.dz\/fr\/?p=50134"},"modified":"2025-04-20T20:18:24","modified_gmt":"2025-04-20T19:18:24","slug":"veronica-mente-la-communaute-internationale-est-dans-lobligation-de-proteger-le-peuple-sahraoui","status":"publish","type":"post","link":"https:\/\/elmawkie.dz\/fr\/veronica-mente-la-communaute-internationale-est-dans-lobligation-de-proteger-le-peuple-sahraoui\/","title":{"rendered":"Veronica Mente: La communaut\u00e9 internationale est dans l&rsquo;obligation de prot\u00e9ger le peuple sahraoui"},"content":{"rendered":"\n<p>L&rsquo;occupation marocaine repr\u00e9sente une pr\u00e9occupation de dimension mondiale qui implique l&rsquo;intervention de la communaut\u00e9 internationale en vue de prot\u00e9ger le peuple sahraoui, a affirm\u00e9 Veronica Mente, membre du Parlement sud-africain. Dans une tribune publi\u00e9e dans la presse, Mme Mente, d\u00e9put\u00e9e du parti des Combattants pour la libert\u00e9 \u00e9conomique (EFF) a assur\u00e9 que \u00ab\u00a0l&rsquo;occupation du Sahara occidental n&rsquo;est pas seulement un probl\u00e8me r\u00e9gional, c&rsquo;est une pr\u00e9occupation mondiale. La communaut\u00e9 internationale a la responsabilit\u00e9 de faire respecter le droit international et de prot\u00e9ger les droits du peuple sahraoui\u00a0\u00bb, a-t-elle soutenu. \u00ab\u00a0L&rsquo;occupation continue du Sahara occidental par le Maroc constitue une violation flagrante et durable du droit international, un m\u00e9pris flagrant des droits humains et une profonde trahison des principes fondateurs de l&rsquo;Union africaine\u00a0\u00bb. Cette injustice, dira-t-elle, \u00ab\u00a0exige une r\u00e9ponse d\u00e9cisive de la communaut\u00e9 internationale\u00a0\u00bb. \u00ab\u00a0Dans les territoires occup\u00e9s, la population sahraouie est confront\u00e9e \u00e0 des violations syst\u00e9matiques des droits humains. Les rapports des organisations internationales font \u00e9tat de restrictions \u00e0 la libert\u00e9 d&rsquo;expression et de r\u00e9union, d&rsquo;arrestations et de d\u00e9tentions arbitraires, et de tortures\u00a0\u00bb, a-t-elle signal\u00e9. Mme Mente a rappel\u00e9, par ailleurs, que les autorit\u00e9s marocaines contr\u00f4laient \u00ab\u00a0\u00e9troitement l&rsquo;information, ce qui complique la t\u00e2che des observateurs ind\u00e9pendants pour documenter l&rsquo;ampleur de la r\u00e9pression\u00a0\u00bb, pr\u00e9cisant que ce climat de peur et d&rsquo;intimidation visait \u00e0 museler le peuple sahraoui et \u00e0 perp\u00e9tuer l&rsquo;occupation. Elle a estim\u00e9, en outre, que \u00ab\u00a0la dimension \u00e9conomique du conflit complique encore plus la situation\u00a0\u00bb au Sahara occidental. La d\u00e9put\u00e9e a rappel\u00e9, \u00e0 ce propos, que le Maroc a \u00ab\u00a0investi massivement dans l&rsquo;exploitation des ressources naturelles du Sahara occidental, notamment le phosphate et les ressources halieutiques\u00a0\u00bb, notant que \u00ab\u00a0ces ressources, qui appartiennent au peuple sahraoui, sont utilis\u00e9es pour soutenir l&rsquo;\u00e9conomie marocaine et consolider l&rsquo;occupation. Cette exploitation \u00e9conomique ajoute une nouvelle injustice au conflit et souligne la n\u00e9cessit\u00e9 d&rsquo;une pression internationale pour que le Maroc rende des comptes\u00a0\u00bb.<\/p>\n","protected":false},"excerpt":{"rendered":"<p>L&rsquo;occupation marocaine repr\u00e9sente une pr\u00e9occupation de dimension mondiale qui implique l&rsquo;intervention de la communaut\u00e9 internationale en vue de prot\u00e9ger le peuple sahraoui, a affirm\u00e9 Veronica Mente, membre du Parlement sud-africain. Dans une tribune publi\u00e9e dans la presse, Mme Mente, d\u00e9put\u00e9e du parti des Combattants pour la libert\u00e9 \u00e9conomique (EFF) a assur\u00e9 que \u00ab\u00a0l&rsquo;occupation du Sahara &hellip;<\/p>\n","protected":false},"author":9,"featured_media":50136,"comment_status":"open","ping_status":"open","sticky":false,"template":"","format":"standard","meta":{"footnotes":""},"categories":[44],"tags":[3510,922,3509],"class_list":["post-50134","post","type-post","status-publish","format-standard","has-post-thumbnail","hentry","category-international","tag-la-communaute-internationale","tag-le-peuple-sahraoui","tag-veronica-mente"],"yoast_head":"<!-- This site is optimized with the Yoast SEO Premium plugin v22.6 (Yoast SEO v22.6) - https:\/\/yoast.com\/wordpress\/plugins\/seo\/ -->\n<title>Veronica Mente: La communaut\u00e9 internationale est dans l&#039;obligation de prot\u00e9ger le peuple sahraoui - El Mawkie<\/title>\n<meta name=\"robots\" content=\"index, follow, max-snippet:-1, max-image-preview:large, max-video-preview:-1\" \/>\n<link rel=\"canonical\" href=\"https:\/\/elmawkie.dz\/fr\/veronica-mente-la-communaute-internationale-est-dans-lobligation-de-proteger-le-peuple-sahraoui\/\" \/>\n<meta property=\"og:locale\" content=\"fr_FR\" \/>\n<meta property=\"og:type\" content=\"article\" \/>\n<meta property=\"og:title\" content=\"Veronica Mente: La communaut\u00e9 internationale est dans l&#039;obligation de prot\u00e9ger le peuple sahraoui\" \/>\n<meta property=\"og:description\" content=\"L&rsquo;occupation marocaine repr\u00e9sente une pr\u00e9occupation de dimension mondiale qui implique l&rsquo;intervention de la communaut\u00e9 internationale en vue de prot\u00e9ger le peuple sahraoui, a affirm\u00e9 Veronica Mente, membre du Parlement sud-africain. Dans une tribune publi\u00e9e dans la presse, Mme Mente, d\u00e9put\u00e9e du parti des Combattants pour la libert\u00e9 \u00e9conomique (EFF) a assur\u00e9 que \u00ab\u00a0l&rsquo;occupation du Sahara &hellip;\" \/>\n<meta property=\"og:url\" content=\"https:\/\/elmawkie.dz\/fr\/veronica-mente-la-communaute-internationale-est-dans-lobligation-de-proteger-le-peuple-sahraoui\/\" \/>\n<meta property=\"og:site_name\" content=\"El Mawkie\" \/>\n<meta property=\"article:publisher\" content=\"https:\/\/www.facebook.com\/profile.php?id=100088407094989&amp;locale=fr_FR\" \/>\n<meta property=\"article:published_time\" content=\"2025-04-20T19:18:23+00:00\" \/>\n<meta property=\"article:modified_time\" content=\"2025-04-20T19:18:24+00:00\" \/>\n<meta property=\"og:image\" content=\"https:\/\/elmawkie.dz\/fr\/wp-content\/uploads\/2025\/04\/IMG_3573.jpeg\" \/>\n\t<meta property=\"og:image:width\" content=\"640\" \/>\n\t<meta property=\"og:image:height\" content=\"427\" \/>\n\t<meta property=\"og:image:type\" content=\"image\/jpeg\" \/>\n<meta name=\"author\" content=\"R\u00e9daction\" \/>\n<meta name=\"twitter:card\" content=\"summary_large_image\" \/>\n<meta name=\"twitter:label1\" content=\"Written by\" \/>\n\t<meta name=\"twitter:data1\" content=\"R\u00e9daction\" \/>\n\t<meta name=\"twitter:label2\" content=\"Est. reading time\" \/>\n\t<meta name=\"twitter:data2\" content=\"2 minutes\" \/>\n<script type=\"application\/ld+json\" class=\"yoast-schema-graph\">{\"@context\":\"https:\/\/schema.org\",\"@graph\":[{\"@type\":\"Article\",\"@id\":\"https:\/\/elmawkie.dz\/fr\/veronica-mente-la-communaute-internationale-est-dans-lobligation-de-proteger-le-peuple-sahraoui\/#article\",\"isPartOf\":{\"@id\":\"https:\/\/elmawkie.dz\/fr\/veronica-mente-la-communaute-internationale-est-dans-lobligation-de-proteger-le-peuple-sahraoui\/\"},\"author\":{\"name\":\"R\u00e9daction\",\"@id\":\"https:\/\/elmawkie.dz\/fr\/#\/schema\/person\/e7bd59d6467874ba5c4723d8a9f0a63c\"},\"headline\":\"Veronica Mente: La communaut\u00e9 internationale est dans l&rsquo;obligation de prot\u00e9ger le peuple sahraoui\",\"datePublished\":\"2025-04-20T19:18:23+00:00\",\"dateModified\":\"2025-04-20T19:18:24+00:00\",\"mainEntityOfPage\":{\"@id\":\"https:\/\/elmawkie.dz\/fr\/veronica-mente-la-communaute-internationale-est-dans-lobligation-de-proteger-le-peuple-sahraoui\/\"},\"wordCount\":363,\"commentCount\":0,\"publisher\":{\"@id\":\"https:\/\/elmawkie.dz\/fr\/#organization\"},\"image\":{\"@id\":\"https:\/\/elmawkie.dz\/fr\/veronica-mente-la-communaute-internationale-est-dans-lobligation-de-proteger-le-peuple-sahraoui\/#primaryimage\"},\"thumbnailUrl\":\"https:\/\/elmawkie.dz\/fr\/wp-content\/uploads\/2025\/04\/IMG_3573.jpeg\",\"keywords\":[\"La communaut\u00e9 internationale\",\"Le peuple sahraoui\",\"Veronica Mente\"],\"articleSection\":[\"International\"],\"inLanguage\":\"fr-FR\",\"potentialAction\":[{\"@type\":\"CommentAction\",\"name\":\"Comment\",\"target\":[\"https:\/\/elmawkie.dz\/fr\/veronica-mente-la-communaute-internationale-est-dans-lobligation-de-proteger-le-peuple-sahraoui\/#respond\"]}]},{\"@type\":\"WebPage\",\"@id\":\"https:\/\/elmawkie.dz\/fr\/veronica-mente-la-communaute-internationale-est-dans-lobligation-de-proteger-le-peuple-sahraoui\/\",\"url\":\"https:\/\/elmawkie.dz\/fr\/veronica-mente-la-communaute-internationale-est-dans-lobligation-de-proteger-le-peuple-sahraoui\/\",\"name\":\"Veronica Mente: La communaut\u00e9 internationale est dans l'obligation de prot\u00e9ger le peuple sahraoui - El Mawkie\",\"isPartOf\":{\"@id\":\"https:\/\/elmawkie.dz\/fr\/#website\"},\"primaryImageOfPage\":{\"@id\":\"https:\/\/elmawkie.dz\/fr\/veronica-mente-la-communaute-internationale-est-dans-lobligation-de-proteger-le-peuple-sahraoui\/#primaryimage\"},\"image\":{\"@id\":\"https:\/\/elmawkie.dz\/fr\/veronica-mente-la-communaute-internationale-est-dans-lobligation-de-proteger-le-peuple-sahraoui\/#primaryimage\"},\"thumbnailUrl\":\"https:\/\/elmawkie.dz\/fr\/wp-content\/uploads\/2025\/04\/IMG_3573.jpeg\",\"datePublished\":\"2025-04-20T19:18:23+00:00\",\"dateModified\":\"2025-04-20T19:18:24+00:00\",\"breadcrumb\":{\"@id\":\"https:\/\/elmawkie.dz\/fr\/veronica-mente-la-communaute-internationale-est-dans-lobligation-de-proteger-le-peuple-sahraoui\/#breadcrumb\"},\"inLanguage\":\"fr-FR\",\"potentialAction\":[{\"@type\":\"ReadAction\",\"target\":[\"https:\/\/elmawkie.dz\/fr\/veronica-mente-la-communaute-internationale-est-dans-lobligation-de-proteger-le-peuple-sahraoui\/\"]}]},{\"@type\":\"ImageObject\",\"inLanguage\":\"fr-FR\",\"@id\":\"https:\/\/elmawkie.dz\/fr\/veronica-mente-la-communaute-internationale-est-dans-lobligation-de-proteger-le-peuple-sahraoui\/#primaryimage\",\"url\":\"https:\/\/elmawkie.dz\/fr\/wp-content\/uploads\/2025\/04\/IMG_3573.jpeg\",\"contentUrl\":\"https:\/\/elmawkie.dz\/fr\/wp-content\/uploads\/2025\/04\/IMG_3573.jpeg\",\"width\":640,\"height\":427},{\"@type\":\"BreadcrumbList\",\"@id\":\"https:\/\/elmawkie.dz\/fr\/veronica-mente-la-communaute-internationale-est-dans-lobligation-de-proteger-le-peuple-sahraoui\/#breadcrumb\",\"itemListElement\":[{\"@type\":\"ListItem\",\"position\":1,\"name\":\"Home\",\"item\":\"https:\/\/elmawkie.dz\/fr\/\"},{\"@type\":\"ListItem\",\"position\":2,\"name\":\"Veronica Mente: La communaut\u00e9 internationale est dans l&rsquo;obligation de prot\u00e9ger le peuple sahraoui\"}]},{\"@type\":\"WebSite\",\"@id\":\"https:\/\/elmawkie.dz\/fr\/#website\",\"url\":\"https:\/\/elmawkie.dz\/fr\/\",\"name\":\"EL MAWKIE\",\"description\":\"Journal \u00c9lectronique Alg\u00e9rien\",\"publisher\":{\"@id\":\"https:\/\/elmawkie.dz\/fr\/#organization\"},\"potentialAction\":[{\"@type\":\"SearchAction\",\"target\":{\"@type\":\"EntryPoint\",\"urlTemplate\":\"https:\/\/elmawkie.dz\/fr\/?s={search_term_string}\"},\"query-input\":\"required name=search_term_string\"}],\"inLanguage\":\"fr-FR\"},{\"@type\":\"Organization\",\"@id\":\"https:\/\/elmawkie.dz\/fr\/#organization\",\"name\":\"EL MAWKIE\",\"url\":\"https:\/\/elmawkie.dz\/fr\/\",\"logo\":{\"@type\":\"ImageObject\",\"inLanguage\":\"fr-FR\",\"@id\":\"https:\/\/elmawkie.dz\/fr\/#\/schema\/logo\/image\/\",\"url\":\"https:\/\/elmawkie.dz\/fr\/wp-content\/uploads\/2024\/05\/logo1.png\",\"contentUrl\":\"https:\/\/elmawkie.dz\/fr\/wp-content\/uploads\/2024\/05\/logo1.png\",\"width\":1648,\"height\":652,\"caption\":\"EL MAWKIE\"},\"image\":{\"@id\":\"https:\/\/elmawkie.dz\/fr\/#\/schema\/logo\/image\/\"},\"sameAs\":[\"https:\/\/www.facebook.com\/profile.php?id=100088407094989&locale=fr_FR\"]},{\"@type\":\"Person\",\"@id\":\"https:\/\/elmawkie.dz\/fr\/#\/schema\/person\/e7bd59d6467874ba5c4723d8a9f0a63c\",\"name\":\"R\u00e9daction\",\"image\":{\"@type\":\"ImageObject\",\"inLanguage\":\"fr-FR\",\"@id\":\"https:\/\/elmawkie.dz\/fr\/#\/schema\/person\/image\/\",\"url\":\"https:\/\/secure.gravatar.com\/avatar\/f0f773456344da4d2788c054a3d30a0c?s=96&d=mm&r=g\",\"contentUrl\":\"https:\/\/secure.gravatar.com\/avatar\/f0f773456344da4d2788c054a3d30a0c?s=96&d=mm&r=g\",\"caption\":\"R\u00e9daction\"},\"url\":\"https:\/\/elmawkie.dz\/fr\/author\/redaction\/\"}]}<\/script>\n<!-- \/ Yoast SEO Premium plugin. -->","yoast_head_json":{"title":"Veronica Mente: La communaut\u00e9 internationale est dans l'obligation de prot\u00e9ger le peuple sahraoui - El Mawkie","robots":{"index":"index","follow":"follow","max-snippet":"max-snippet:-1","max-image-preview":"max-image-preview:large","max-video-preview":"max-video-preview:-1"},"canonical":"https:\/\/elmawkie.dz\/fr\/veronica-mente-la-communaute-internationale-est-dans-lobligation-de-proteger-le-peuple-sahraoui\/","og_locale":"fr_FR","og_type":"article","og_title":"Veronica Mente: La communaut\u00e9 internationale est dans l'obligation de prot\u00e9ger le peuple sahraoui","og_description":"L&rsquo;occupation marocaine repr\u00e9sente une pr\u00e9occupation de dimension mondiale qui implique l&rsquo;intervention de la communaut\u00e9 internationale en vue de prot\u00e9ger le peuple sahraoui, a affirm\u00e9 Veronica Mente, membre du Parlement sud-africain. Dans une tribune publi\u00e9e dans la presse, Mme Mente, d\u00e9put\u00e9e du parti des Combattants pour la libert\u00e9 \u00e9conomique (EFF) a assur\u00e9 que \u00ab\u00a0l&rsquo;occupation du Sahara &hellip;","og_url":"https:\/\/elmawkie.dz\/fr\/veronica-mente-la-communaute-internationale-est-dans-lobligation-de-proteger-le-peuple-sahraoui\/","og_site_name":"El Mawkie","article_publisher":"https:\/\/www.facebook.com\/profile.php?id=100088407094989&locale=fr_FR","article_published_time":"2025-04-20T19:18:23+00:00","article_modified_time":"2025-04-20T19:18:24+00:00","og_image":[{"width":640,"height":427,"url":"https:\/\/elmawkie.dz\/fr\/wp-content\/uploads\/2025\/04\/IMG_3573.jpeg","type":"image\/jpeg"}],"author":"R\u00e9daction","twitter_card":"summary_large_image","twitter_misc":{"Written by":"R\u00e9daction","Est. reading time":"2 minutes"},"schema":{"@context":"https:\/\/schema.org","@graph":[{"@type":"Article","@id":"https:\/\/elmawkie.dz\/fr\/veronica-mente-la-communaute-internationale-est-dans-lobligation-de-proteger-le-peuple-sahraoui\/#article","isPartOf":{"@id":"https:\/\/elmawkie.dz\/fr\/veronica-mente-la-communaute-internationale-est-dans-lobligation-de-proteger-le-peuple-sahraoui\/"},"author":{"name":"R\u00e9daction","@id":"https:\/\/elmawkie.dz\/fr\/#\/schema\/person\/e7bd59d6467874ba5c4723d8a9f0a63c"},"headline":"Veronica Mente: La communaut\u00e9 internationale est dans l&rsquo;obligation de prot\u00e9ger le peuple sahraoui","datePublished":"2025-04-20T19:18:23+00:00","dateModified":"2025-04-20T19:18:24+00:00","mainEntityOfPage":{"@id":"https:\/\/elmawkie.dz\/fr\/veronica-mente-la-communaute-internationale-est-dans-lobligation-de-proteger-le-peuple-sahraoui\/"},"wordCount":363,"commentCount":0,"publisher":{"@id":"https:\/\/elmawkie.dz\/fr\/#organization"},"image":{"@id":"https:\/\/elmawkie.dz\/fr\/veronica-mente-la-communaute-internationale-est-dans-lobligation-de-proteger-le-peuple-sahraoui\/#primaryimage"},"thumbnailUrl":"https:\/\/elmawkie.dz\/fr\/wp-content\/uploads\/2025\/04\/IMG_3573.jpeg","keywords":["La communaut\u00e9 internationale","Le peuple sahraoui","Veronica Mente"],"articleSection":["International"],"inLanguage":"fr-FR","potentialAction":[{"@type":"CommentAction","name":"Comment","target":["https:\/\/elmawkie.dz\/fr\/veronica-mente-la-communaute-internationale-est-dans-lobligation-de-proteger-le-peuple-sahraoui\/#respond"]}]},{"@type":"WebPage","@id":"https:\/\/elmawkie.dz\/fr\/veronica-mente-la-communaute-internationale-est-dans-lobligation-de-proteger-le-peuple-sahraoui\/","url":"https:\/\/elmawkie.dz\/fr\/veronica-mente-la-communaute-internationale-est-dans-lobligation-de-proteger-le-peuple-sahraoui\/","name":"Veronica Mente: La communaut\u00e9 internationale est dans l'obligation de prot\u00e9ger le peuple sahraoui - El Mawkie","isPartOf":{"@id":"https:\/\/elmawkie.dz\/fr\/#website"},"primaryImageOfPage":{"@id":"https:\/\/elmawkie.dz\/fr\/veronica-mente-la-communaute-internationale-est-dans-lobligation-de-proteger-le-peuple-sahraoui\/#primaryimage"},"image":{"@id":"https:\/\/elmawkie.dz\/fr\/veronica-mente-la-communaute-internationale-est-dans-lobligation-de-proteger-le-peuple-sahraoui\/#primaryimage"},"thumbnailUrl":"https:\/\/elmawkie.dz\/fr\/wp-content\/uploads\/2025\/04\/IMG_3573.jpeg","datePublished":"2025-04-20T19:18:23+00:00","dateModified":"2025-04-20T19:18:24+00:00","breadcrumb":{"@id":"https:\/\/elmawkie.dz\/fr\/veronica-mente-la-communaute-internationale-est-dans-lobligation-de-proteger-le-peuple-sahraoui\/#breadcrumb"},"inLanguage":"fr-FR","potentialAction":[{"@type":"ReadAction","target":["https:\/\/elmawkie.dz\/fr\/veronica-mente-la-communaute-internationale-est-dans-lobligation-de-proteger-le-peuple-sahraoui\/"]}]},{"@type":"ImageObject","inLanguage":"fr-FR","@id":"https:\/\/elmawkie.dz\/fr\/veronica-mente-la-communaute-internationale-est-dans-lobligation-de-proteger-le-peuple-sahraoui\/#primaryimage","url":"https:\/\/elmawkie.dz\/fr\/wp-content\/uploads\/2025\/04\/IMG_3573.jpeg","contentUrl":"https:\/\/elmawkie.dz\/fr\/wp-content\/uploads\/2025\/04\/IMG_3573.jpeg","width":640,"height":427},{"@type":"BreadcrumbList","@id":"https:\/\/elmawkie.dz\/fr\/veronica-mente-la-communaute-internationale-est-dans-lobligation-de-proteger-le-peuple-sahraoui\/#breadcrumb","itemListElement":[{"@type":"ListItem","position":1,"name":"Home","item":"https:\/\/elmawkie.dz\/fr\/"},{"@type":"ListItem","position":2,"name":"Veronica Mente: La communaut\u00e9 internationale est dans l&rsquo;obligation de prot\u00e9ger le peuple sahraoui"}]},{"@type":"WebSite","@id":"https:\/\/elmawkie.dz\/fr\/#website","url":"https:\/\/elmawkie.dz\/fr\/","name":"EL MAWKIE","description":"Journal \u00c9lectronique Alg\u00e9rien","publisher":{"@id":"https:\/\/elmawkie.dz\/fr\/#organization"},"potentialAction":[{"@type":"SearchAction","target":{"@type":"EntryPoint","urlTemplate":"https:\/\/elmawkie.dz\/fr\/?s={search_term_string}"},"query-input":"required name=search_term_string"}],"inLanguage":"fr-FR"},{"@type":"Organization","@id":"https:\/\/elmawkie.dz\/fr\/#organization","name":"EL MAWKIE","url":"https:\/\/elmawkie.dz\/fr\/","logo":{"@type":"ImageObject","inLanguage":"fr-FR","@id":"https:\/\/elmawkie.dz\/fr\/#\/schema\/logo\/image\/","url":"https:\/\/elmawkie.dz\/fr\/wp-content\/uploads\/2024\/05\/logo1.png","contentUrl":"https:\/\/elmawkie.dz\/fr\/wp-content\/uploads\/2024\/05\/logo1.png","width":1648,"height":652,"caption":"EL MAWKIE"},"image":{"@id":"https:\/\/elmawkie.dz\/fr\/#\/schema\/logo\/image\/"},"sameAs":["https:\/\/www.facebook.com\/profile.php?id=100088407094989&locale=fr_FR"]},{"@type":"Person","@id":"https:\/\/elmawkie.dz\/fr\/#\/schema\/person\/e7bd59d6467874ba5c4723d8a9f0a63c","name":"R\u00e9daction","image":{"@type":"ImageObject","inLanguage":"fr-FR","@id":"https:\/\/elmawkie.dz\/fr\/#\/schema\/person\/image\/","url":"https:\/\/secure.gravatar.com\/avatar\/f0f773456344da4d2788c054a3d30a0c?s=96&d=mm&r=g","contentUrl":"https:\/\/secure.gravatar.com\/avatar\/f0f773456344da4d2788c054a3d30a0c?s=96&d=mm&r=g","caption":"R\u00e9daction"},"url":"https:\/\/elmawkie.dz\/fr\/author\/redaction\/"}]}},"_links":{"self":[{"href":"https:\/\/elmawkie.dz\/fr\/wp-json\/wp\/v2\/posts\/50134","targetHints":{"allow":["GET"]}}],"collection":[{"href":"https:\/\/elmawkie.dz\/fr\/wp-json\/wp\/v2\/posts"}],"about":[{"href":"https:\/\/elmawkie.dz\/fr\/wp-json\/wp\/v2\/types\/post"}],"author":[{"embeddable":true,"href":"https:\/\/elmawkie.dz\/fr\/wp-json\/wp\/v2\/users\/9"}],"replies":[{"embeddable":true,"href":"https:\/\/elmawkie.dz\/fr\/wp-json\/wp\/v2\/comments?post=50134"}],"version-history":[{"count":1,"href":"https:\/\/elmawkie.dz\/fr\/wp-json\/wp\/v2\/posts\/50134\/revisions"}],"predecessor-version":[{"id":50137,"href":"https:\/\/elmawkie.dz\/fr\/wp-json\/wp\/v2\/posts\/50134\/revisions\/50137"}],"wp:featuredmedia":[{"embeddable":true,"href":"https:\/\/elmawkie.dz\/fr\/wp-json\/wp\/v2\/media\/50136"}],"wp:attachment":[{"href":"https:\/\/elmawkie.dz\/fr\/wp-json\/wp\/v2\/media?parent=50134"}],"wp:term":[{"taxonomy":"category","embeddable":true,"href":"https:\/\/elmawkie.dz\/fr\/wp-json\/wp\/v2\/categories?post=50134"},{"taxonomy":"post_tag","embeddable":true,"href":"https:\/\/elmawkie.dz\/fr\/wp-json\/wp\/v2\/tags?post=50134"}],"curies":[{"name":"wp","href":"https:\/\/api.w.org\/{rel}","templated":true}]}}