{"id":50082,"date":"2025-04-19T17:21:25","date_gmt":"2025-04-19T16:21:25","guid":{"rendered":"https:\/\/elmawkie.dz\/fr\/?p=50082"},"modified":"2025-04-19T17:21:25","modified_gmt":"2025-04-19T16:21:25","slug":"tissemsilt-inhumation-de-la-moudjahida-mahmoudi-fatma","status":"publish","type":"post","link":"https:\/\/elmawkie.dz\/fr\/tissemsilt-inhumation-de-la-moudjahida-mahmoudi-fatma\/","title":{"rendered":"Tissemsilt : inhumation de la Moudjahida Mahmoudi Fatma"},"content":{"rendered":"\n<p>La Moudjahida Mahmoudi Fatma a \u00e9t\u00e9 inhum\u00e9e, samedi apr\u00e8s-midi au cimeti\u00e8re de la commune de Lardjem (wilaya de Tissemsilt), a-t-on appris aupr\u00e8s de la direction des Moudjahidine et Ayants-droit de la wilaya. Selon la m\u00eame source, la d\u00e9funte, d\u00e9c\u00e9d\u00e9e dans la nuit de vendredi \u00e0 l\u2019\u00e2ge de 105 ans, est n\u00e9e en 1920 au village El Messous, commune de Lardjem. Elle avait rejoint la glorieuse Guerre de lib\u00e9ration nationale dans la premi\u00e8re zone de la troisi\u00e8me r\u00e9gion de la wilaya IV historique. Suite \u00e0 cette perte douloureuse, le wali de Tissemsilt, Fethi Bouzaid, a adress\u00e9 ses condol\u00e9ances les plus sinc\u00e8res \u00e0 la famille de la d\u00e9funte, ainsi qu\u2019\u00e0 tous ses compagnons de lutte contre le colonisateur fran\u00e7ais oppresseur.<\/p>\n","protected":false},"excerpt":{"rendered":"<p>La Moudjahida Mahmoudi Fatma a \u00e9t\u00e9 inhum\u00e9e, samedi apr\u00e8s-midi au cimeti\u00e8re de la commune de Lardjem (wilaya de Tissemsilt), a-t-on appris aupr\u00e8s de la direction des Moudjahidine et Ayants-droit de la wilaya. Selon la m\u00eame source, la d\u00e9funte, d\u00e9c\u00e9d\u00e9e dans la nuit de vendredi \u00e0 l\u2019\u00e2ge de 105 ans, est n\u00e9e en 1920 au village &hellip;<\/p>\n","protected":false},"author":9,"featured_media":50084,"comment_status":"open","ping_status":"open","sticky":false,"template":"","format":"standard","meta":{"footnotes":""},"categories":[51],"tags":[],"class_list":["post-50082","post","type-post","status-publish","format-standard","has-post-thumbnail","hentry","category-societe"],"yoast_head":"<!-- This site is optimized with the Yoast SEO Premium plugin v22.6 (Yoast SEO v22.6) - https:\/\/yoast.com\/wordpress\/plugins\/seo\/ -->\n<title>Tissemsilt : inhumation de la Moudjahida Mahmoudi Fatma - El Mawkie<\/title>\n<meta name=\"robots\" content=\"index, follow, max-snippet:-1, max-image-preview:large, max-video-preview:-1\" \/>\n<link rel=\"canonical\" href=\"https:\/\/elmawkie.dz\/fr\/tissemsilt-inhumation-de-la-moudjahida-mahmoudi-fatma\/\" \/>\n<meta property=\"og:locale\" content=\"fr_FR\" \/>\n<meta property=\"og:type\" content=\"article\" \/>\n<meta property=\"og:title\" content=\"Tissemsilt : inhumation de la Moudjahida Mahmoudi Fatma\" \/>\n<meta property=\"og:description\" content=\"La Moudjahida Mahmoudi Fatma a \u00e9t\u00e9 inhum\u00e9e, samedi apr\u00e8s-midi au cimeti\u00e8re de la commune de Lardjem (wilaya de Tissemsilt), a-t-on appris aupr\u00e8s de la direction des Moudjahidine et Ayants-droit de la wilaya. Selon la m\u00eame source, la d\u00e9funte, d\u00e9c\u00e9d\u00e9e dans la nuit de vendredi \u00e0 l\u2019\u00e2ge de 105 ans, est n\u00e9e en 1920 au village &hellip;\" \/>\n<meta property=\"og:url\" content=\"https:\/\/elmawkie.dz\/fr\/tissemsilt-inhumation-de-la-moudjahida-mahmoudi-fatma\/\" \/>\n<meta property=\"og:site_name\" content=\"El Mawkie\" \/>\n<meta property=\"article:publisher\" content=\"https:\/\/www.facebook.com\/profile.php?id=100088407094989&amp;locale=fr_FR\" \/>\n<meta property=\"article:published_time\" content=\"2025-04-19T16:21:25+00:00\" \/>\n<meta property=\"og:image\" content=\"https:\/\/elmawkie.dz\/fr\/wp-content\/uploads\/2025\/04\/IMG_3493.jpeg\" \/>\n\t<meta property=\"og:image:width\" content=\"570\" \/>\n\t<meta property=\"og:image:height\" content=\"469\" \/>\n\t<meta property=\"og:image:type\" content=\"image\/jpeg\" \/>\n<meta name=\"author\" content=\"R\u00e9daction\" \/>\n<meta name=\"twitter:card\" content=\"summary_large_image\" \/>\n<meta name=\"twitter:label1\" content=\"Written by\" \/>\n\t<meta name=\"twitter:data1\" content=\"R\u00e9daction\" \/>\n\t<meta name=\"twitter:label2\" content=\"Est. reading time\" \/>\n\t<meta name=\"twitter:data2\" content=\"1 minute\" \/>\n<script type=\"application\/ld+json\" class=\"yoast-schema-graph\">{\"@context\":\"https:\/\/schema.org\",\"@graph\":[{\"@type\":\"Article\",\"@id\":\"https:\/\/elmawkie.dz\/fr\/tissemsilt-inhumation-de-la-moudjahida-mahmoudi-fatma\/#article\",\"isPartOf\":{\"@id\":\"https:\/\/elmawkie.dz\/fr\/tissemsilt-inhumation-de-la-moudjahida-mahmoudi-fatma\/\"},\"author\":{\"name\":\"R\u00e9daction\",\"@id\":\"https:\/\/elmawkie.dz\/fr\/#\/schema\/person\/e7bd59d6467874ba5c4723d8a9f0a63c\"},\"headline\":\"Tissemsilt : inhumation de la Moudjahida Mahmoudi Fatma\",\"datePublished\":\"2025-04-19T16:21:25+00:00\",\"dateModified\":\"2025-04-19T16:21:25+00:00\",\"mainEntityOfPage\":{\"@id\":\"https:\/\/elmawkie.dz\/fr\/tissemsilt-inhumation-de-la-moudjahida-mahmoudi-fatma\/\"},\"wordCount\":139,\"commentCount\":0,\"publisher\":{\"@id\":\"https:\/\/elmawkie.dz\/fr\/#organization\"},\"image\":{\"@id\":\"https:\/\/elmawkie.dz\/fr\/tissemsilt-inhumation-de-la-moudjahida-mahmoudi-fatma\/#primaryimage\"},\"thumbnailUrl\":\"https:\/\/elmawkie.dz\/fr\/wp-content\/uploads\/2025\/04\/IMG_3493.jpeg\",\"articleSection\":[\"Soci\u00e9t\u00e9\"],\"inLanguage\":\"fr-FR\",\"potentialAction\":[{\"@type\":\"CommentAction\",\"name\":\"Comment\",\"target\":[\"https:\/\/elmawkie.dz\/fr\/tissemsilt-inhumation-de-la-moudjahida-mahmoudi-fatma\/#respond\"]}]},{\"@type\":\"WebPage\",\"@id\":\"https:\/\/elmawkie.dz\/fr\/tissemsilt-inhumation-de-la-moudjahida-mahmoudi-fatma\/\",\"url\":\"https:\/\/elmawkie.dz\/fr\/tissemsilt-inhumation-de-la-moudjahida-mahmoudi-fatma\/\",\"name\":\"Tissemsilt : inhumation de la Moudjahida Mahmoudi Fatma - El Mawkie\",\"isPartOf\":{\"@id\":\"https:\/\/elmawkie.dz\/fr\/#website\"},\"primaryImageOfPage\":{\"@id\":\"https:\/\/elmawkie.dz\/fr\/tissemsilt-inhumation-de-la-moudjahida-mahmoudi-fatma\/#primaryimage\"},\"image\":{\"@id\":\"https:\/\/elmawkie.dz\/fr\/tissemsilt-inhumation-de-la-moudjahida-mahmoudi-fatma\/#primaryimage\"},\"thumbnailUrl\":\"https:\/\/elmawkie.dz\/fr\/wp-content\/uploads\/2025\/04\/IMG_3493.jpeg\",\"datePublished\":\"2025-04-19T16:21:25+00:00\",\"dateModified\":\"2025-04-19T16:21:25+00:00\",\"breadcrumb\":{\"@id\":\"https:\/\/elmawkie.dz\/fr\/tissemsilt-inhumation-de-la-moudjahida-mahmoudi-fatma\/#breadcrumb\"},\"inLanguage\":\"fr-FR\",\"potentialAction\":[{\"@type\":\"ReadAction\",\"target\":[\"https:\/\/elmawkie.dz\/fr\/tissemsilt-inhumation-de-la-moudjahida-mahmoudi-fatma\/\"]}]},{\"@type\":\"ImageObject\",\"inLanguage\":\"fr-FR\",\"@id\":\"https:\/\/elmawkie.dz\/fr\/tissemsilt-inhumation-de-la-moudjahida-mahmoudi-fatma\/#primaryimage\",\"url\":\"https:\/\/elmawkie.dz\/fr\/wp-content\/uploads\/2025\/04\/IMG_3493.jpeg\",\"contentUrl\":\"https:\/\/elmawkie.dz\/fr\/wp-content\/uploads\/2025\/04\/IMG_3493.jpeg\",\"width\":570,\"height\":469},{\"@type\":\"BreadcrumbList\",\"@id\":\"https:\/\/elmawkie.dz\/fr\/tissemsilt-inhumation-de-la-moudjahida-mahmoudi-fatma\/#breadcrumb\",\"itemListElement\":[{\"@type\":\"ListItem\",\"position\":1,\"name\":\"Home\",\"item\":\"https:\/\/elmawkie.dz\/fr\/\"},{\"@type\":\"ListItem\",\"position\":2,\"name\":\"Tissemsilt : inhumation de la Moudjahida Mahmoudi Fatma\"}]},{\"@type\":\"WebSite\",\"@id\":\"https:\/\/elmawkie.dz\/fr\/#website\",\"url\":\"https:\/\/elmawkie.dz\/fr\/\",\"name\":\"EL MAWKIE\",\"description\":\"Journal \u00c9lectronique Alg\u00e9rien\",\"publisher\":{\"@id\":\"https:\/\/elmawkie.dz\/fr\/#organization\"},\"potentialAction\":[{\"@type\":\"SearchAction\",\"target\":{\"@type\":\"EntryPoint\",\"urlTemplate\":\"https:\/\/elmawkie.dz\/fr\/?s={search_term_string}\"},\"query-input\":\"required name=search_term_string\"}],\"inLanguage\":\"fr-FR\"},{\"@type\":\"Organization\",\"@id\":\"https:\/\/elmawkie.dz\/fr\/#organization\",\"name\":\"EL MAWKIE\",\"url\":\"https:\/\/elmawkie.dz\/fr\/\",\"logo\":{\"@type\":\"ImageObject\",\"inLanguage\":\"fr-FR\",\"@id\":\"https:\/\/elmawkie.dz\/fr\/#\/schema\/logo\/image\/\",\"url\":\"https:\/\/elmawkie.dz\/fr\/wp-content\/uploads\/2024\/05\/logo1.png\",\"contentUrl\":\"https:\/\/elmawkie.dz\/fr\/wp-content\/uploads\/2024\/05\/logo1.png\",\"width\":1648,\"height\":652,\"caption\":\"EL MAWKIE\"},\"image\":{\"@id\":\"https:\/\/elmawkie.dz\/fr\/#\/schema\/logo\/image\/\"},\"sameAs\":[\"https:\/\/www.facebook.com\/profile.php?id=100088407094989&locale=fr_FR\"]},{\"@type\":\"Person\",\"@id\":\"https:\/\/elmawkie.dz\/fr\/#\/schema\/person\/e7bd59d6467874ba5c4723d8a9f0a63c\",\"name\":\"R\u00e9daction\",\"image\":{\"@type\":\"ImageObject\",\"inLanguage\":\"fr-FR\",\"@id\":\"https:\/\/elmawkie.dz\/fr\/#\/schema\/person\/image\/\",\"url\":\"https:\/\/secure.gravatar.com\/avatar\/f0f773456344da4d2788c054a3d30a0c?s=96&d=mm&r=g\",\"contentUrl\":\"https:\/\/secure.gravatar.com\/avatar\/f0f773456344da4d2788c054a3d30a0c?s=96&d=mm&r=g\",\"caption\":\"R\u00e9daction\"},\"url\":\"https:\/\/elmawkie.dz\/fr\/author\/redaction\/\"}]}<\/script>\n<!-- \/ Yoast SEO Premium plugin. -->","yoast_head_json":{"title":"Tissemsilt : inhumation de la Moudjahida Mahmoudi Fatma - El Mawkie","robots":{"index":"index","follow":"follow","max-snippet":"max-snippet:-1","max-image-preview":"max-image-preview:large","max-video-preview":"max-video-preview:-1"},"canonical":"https:\/\/elmawkie.dz\/fr\/tissemsilt-inhumation-de-la-moudjahida-mahmoudi-fatma\/","og_locale":"fr_FR","og_type":"article","og_title":"Tissemsilt : inhumation de la Moudjahida Mahmoudi Fatma","og_description":"La Moudjahida Mahmoudi Fatma a \u00e9t\u00e9 inhum\u00e9e, samedi apr\u00e8s-midi au cimeti\u00e8re de la commune de Lardjem (wilaya de Tissemsilt), a-t-on appris aupr\u00e8s de la direction des Moudjahidine et Ayants-droit de la wilaya. Selon la m\u00eame source, la d\u00e9funte, d\u00e9c\u00e9d\u00e9e dans la nuit de vendredi \u00e0 l\u2019\u00e2ge de 105 ans, est n\u00e9e en 1920 au village &hellip;","og_url":"https:\/\/elmawkie.dz\/fr\/tissemsilt-inhumation-de-la-moudjahida-mahmoudi-fatma\/","og_site_name":"El Mawkie","article_publisher":"https:\/\/www.facebook.com\/profile.php?id=100088407094989&locale=fr_FR","article_published_time":"2025-04-19T16:21:25+00:00","og_image":[{"width":570,"height":469,"url":"https:\/\/elmawkie.dz\/fr\/wp-content\/uploads\/2025\/04\/IMG_3493.jpeg","type":"image\/jpeg"}],"author":"R\u00e9daction","twitter_card":"summary_large_image","twitter_misc":{"Written by":"R\u00e9daction","Est. reading time":"1 minute"},"schema":{"@context":"https:\/\/schema.org","@graph":[{"@type":"Article","@id":"https:\/\/elmawkie.dz\/fr\/tissemsilt-inhumation-de-la-moudjahida-mahmoudi-fatma\/#article","isPartOf":{"@id":"https:\/\/elmawkie.dz\/fr\/tissemsilt-inhumation-de-la-moudjahida-mahmoudi-fatma\/"},"author":{"name":"R\u00e9daction","@id":"https:\/\/elmawkie.dz\/fr\/#\/schema\/person\/e7bd59d6467874ba5c4723d8a9f0a63c"},"headline":"Tissemsilt : inhumation de la Moudjahida Mahmoudi Fatma","datePublished":"2025-04-19T16:21:25+00:00","dateModified":"2025-04-19T16:21:25+00:00","mainEntityOfPage":{"@id":"https:\/\/elmawkie.dz\/fr\/tissemsilt-inhumation-de-la-moudjahida-mahmoudi-fatma\/"},"wordCount":139,"commentCount":0,"publisher":{"@id":"https:\/\/elmawkie.dz\/fr\/#organization"},"image":{"@id":"https:\/\/elmawkie.dz\/fr\/tissemsilt-inhumation-de-la-moudjahida-mahmoudi-fatma\/#primaryimage"},"thumbnailUrl":"https:\/\/elmawkie.dz\/fr\/wp-content\/uploads\/2025\/04\/IMG_3493.jpeg","articleSection":["Soci\u00e9t\u00e9"],"inLanguage":"fr-FR","potentialAction":[{"@type":"CommentAction","name":"Comment","target":["https:\/\/elmawkie.dz\/fr\/tissemsilt-inhumation-de-la-moudjahida-mahmoudi-fatma\/#respond"]}]},{"@type":"WebPage","@id":"https:\/\/elmawkie.dz\/fr\/tissemsilt-inhumation-de-la-moudjahida-mahmoudi-fatma\/","url":"https:\/\/elmawkie.dz\/fr\/tissemsilt-inhumation-de-la-moudjahida-mahmoudi-fatma\/","name":"Tissemsilt : inhumation de la Moudjahida Mahmoudi Fatma - El Mawkie","isPartOf":{"@id":"https:\/\/elmawkie.dz\/fr\/#website"},"primaryImageOfPage":{"@id":"https:\/\/elmawkie.dz\/fr\/tissemsilt-inhumation-de-la-moudjahida-mahmoudi-fatma\/#primaryimage"},"image":{"@id":"https:\/\/elmawkie.dz\/fr\/tissemsilt-inhumation-de-la-moudjahida-mahmoudi-fatma\/#primaryimage"},"thumbnailUrl":"https:\/\/elmawkie.dz\/fr\/wp-content\/uploads\/2025\/04\/IMG_3493.jpeg","datePublished":"2025-04-19T16:21:25+00:00","dateModified":"2025-04-19T16:21:25+00:00","breadcrumb":{"@id":"https:\/\/elmawkie.dz\/fr\/tissemsilt-inhumation-de-la-moudjahida-mahmoudi-fatma\/#breadcrumb"},"inLanguage":"fr-FR","potentialAction":[{"@type":"ReadAction","target":["https:\/\/elmawkie.dz\/fr\/tissemsilt-inhumation-de-la-moudjahida-mahmoudi-fatma\/"]}]},{"@type":"ImageObject","inLanguage":"fr-FR","@id":"https:\/\/elmawkie.dz\/fr\/tissemsilt-inhumation-de-la-moudjahida-mahmoudi-fatma\/#primaryimage","url":"https:\/\/elmawkie.dz\/fr\/wp-content\/uploads\/2025\/04\/IMG_3493.jpeg","contentUrl":"https:\/\/elmawkie.dz\/fr\/wp-content\/uploads\/2025\/04\/IMG_3493.jpeg","width":570,"height":469},{"@type":"BreadcrumbList","@id":"https:\/\/elmawkie.dz\/fr\/tissemsilt-inhumation-de-la-moudjahida-mahmoudi-fatma\/#breadcrumb","itemListElement":[{"@type":"ListItem","position":1,"name":"Home","item":"https:\/\/elmawkie.dz\/fr\/"},{"@type":"ListItem","position":2,"name":"Tissemsilt : inhumation de la Moudjahida Mahmoudi Fatma"}]},{"@type":"WebSite","@id":"https:\/\/elmawkie.dz\/fr\/#website","url":"https:\/\/elmawkie.dz\/fr\/","name":"EL MAWKIE","description":"Journal \u00c9lectronique Alg\u00e9rien","publisher":{"@id":"https:\/\/elmawkie.dz\/fr\/#organization"},"potentialAction":[{"@type":"SearchAction","target":{"@type":"EntryPoint","urlTemplate":"https:\/\/elmawkie.dz\/fr\/?s={search_term_string}"},"query-input":"required name=search_term_string"}],"inLanguage":"fr-FR"},{"@type":"Organization","@id":"https:\/\/elmawkie.dz\/fr\/#organization","name":"EL MAWKIE","url":"https:\/\/elmawkie.dz\/fr\/","logo":{"@type":"ImageObject","inLanguage":"fr-FR","@id":"https:\/\/elmawkie.dz\/fr\/#\/schema\/logo\/image\/","url":"https:\/\/elmawkie.dz\/fr\/wp-content\/uploads\/2024\/05\/logo1.png","contentUrl":"https:\/\/elmawkie.dz\/fr\/wp-content\/uploads\/2024\/05\/logo1.png","width":1648,"height":652,"caption":"EL MAWKIE"},"image":{"@id":"https:\/\/elmawkie.dz\/fr\/#\/schema\/logo\/image\/"},"sameAs":["https:\/\/www.facebook.com\/profile.php?id=100088407094989&locale=fr_FR"]},{"@type":"Person","@id":"https:\/\/elmawkie.dz\/fr\/#\/schema\/person\/e7bd59d6467874ba5c4723d8a9f0a63c","name":"R\u00e9daction","image":{"@type":"ImageObject","inLanguage":"fr-FR","@id":"https:\/\/elmawkie.dz\/fr\/#\/schema\/person\/image\/","url":"https:\/\/secure.gravatar.com\/avatar\/f0f773456344da4d2788c054a3d30a0c?s=96&d=mm&r=g","contentUrl":"https:\/\/secure.gravatar.com\/avatar\/f0f773456344da4d2788c054a3d30a0c?s=96&d=mm&r=g","caption":"R\u00e9daction"},"url":"https:\/\/elmawkie.dz\/fr\/author\/redaction\/"}]}},"_links":{"self":[{"href":"https:\/\/elmawkie.dz\/fr\/wp-json\/wp\/v2\/posts\/50082","targetHints":{"allow":["GET"]}}],"collection":[{"href":"https:\/\/elmawkie.dz\/fr\/wp-json\/wp\/v2\/posts"}],"about":[{"href":"https:\/\/elmawkie.dz\/fr\/wp-json\/wp\/v2\/types\/post"}],"author":[{"embeddable":true,"href":"https:\/\/elmawkie.dz\/fr\/wp-json\/wp\/v2\/users\/9"}],"replies":[{"embeddable":true,"href":"https:\/\/elmawkie.dz\/fr\/wp-json\/wp\/v2\/comments?post=50082"}],"version-history":[{"count":1,"href":"https:\/\/elmawkie.dz\/fr\/wp-json\/wp\/v2\/posts\/50082\/revisions"}],"predecessor-version":[{"id":50085,"href":"https:\/\/elmawkie.dz\/fr\/wp-json\/wp\/v2\/posts\/50082\/revisions\/50085"}],"wp:featuredmedia":[{"embeddable":true,"href":"https:\/\/elmawkie.dz\/fr\/wp-json\/wp\/v2\/media\/50084"}],"wp:attachment":[{"href":"https:\/\/elmawkie.dz\/fr\/wp-json\/wp\/v2\/media?parent=50082"}],"wp:term":[{"taxonomy":"category","embeddable":true,"href":"https:\/\/elmawkie.dz\/fr\/wp-json\/wp\/v2\/categories?post=50082"},{"taxonomy":"post_tag","embeddable":true,"href":"https:\/\/elmawkie.dz\/fr\/wp-json\/wp\/v2\/tags?post=50082"}],"curies":[{"name":"wp","href":"https:\/\/api.w.org\/{rel}","templated":true}]}}