{"id":50074,"date":"2025-04-19T15:37:23","date_gmt":"2025-04-19T14:37:23","guid":{"rendered":"https:\/\/elmawkie.dz\/fr\/?p=50074"},"modified":"2025-04-19T15:37:24","modified_gmt":"2025-04-19T14:37:24","slug":"msila-lancement-des-travaux-de-realisation-dun-club-des-avocats","status":"publish","type":"post","link":"https:\/\/elmawkie.dz\/fr\/msila-lancement-des-travaux-de-realisation-dun-club-des-avocats\/","title":{"rendered":"M\u2019sila : lancement des travaux de r\u00e9alisation d&rsquo;un club des avocats"},"content":{"rendered":"\n<p>Les travaux de r\u00e9alisation d\u2019un club des avocats ont \u00e9t\u00e9 lanc\u00e9s samedi \u00e0 M\u2019sila en pr\u00e9sence du pr\u00e9sident de l&rsquo;Union nationale des Ordres des avocats (UNOA), le b\u00e2tonnier Brahim Tairi, et de membres de l\u2019ordre des avocats de S\u00e9tif et de M\u2019sila. M. Tairi a indiqu\u00e9 \u00e0 cette occasion, dans une d\u00e9claration \u00e0 la presse, que cette nouvelle structure qui couvre une superficie de 10.000 m2 comprendra une salle de conf\u00e9rences d&rsquo;une capacit\u00e9 de 1.150 places, un h\u00f4tel de 25 chambres, une salle des f\u00eates, une salle de sport et d&rsquo;autres \u00e9quipements, pour un co\u00fbt de 260 millions de dinars. Selon le pr\u00e9sident de l\u2019UNOA, l\u2019\u00e9difice sera en mesure de promouvoir la fonction d&rsquo;avocat \u00e0 travers des forums nationaux et internationaux et des rencontres p\u00e9riodiques. La mise en service du futur club des avocats de M\u2019sila est pr\u00e9vue \u00e0 l\u2019issue de 18 mois de travaux, selon la fiche technique du projet.<\/p>\n","protected":false},"excerpt":{"rendered":"<p>Les travaux de r\u00e9alisation d\u2019un club des avocats ont \u00e9t\u00e9 lanc\u00e9s samedi \u00e0 M\u2019sila en pr\u00e9sence du pr\u00e9sident de l&rsquo;Union nationale des Ordres des avocats (UNOA), le b\u00e2tonnier Brahim Tairi, et de membres de l\u2019ordre des avocats de S\u00e9tif et de M\u2019sila. M. Tairi a indiqu\u00e9 \u00e0 cette occasion, dans une d\u00e9claration \u00e0 la presse, &hellip;<\/p>\n","protected":false},"author":9,"featured_media":50076,"comment_status":"open","ping_status":"open","sticky":false,"template":"","format":"standard","meta":{"footnotes":""},"categories":[50],"tags":[3494,3115],"class_list":["post-50074","post","type-post","status-publish","format-standard","has-post-thumbnail","hentry","category-region","tag-club-des-avocats","tag-msila"],"yoast_head":"<!-- This site is optimized with the Yoast SEO Premium plugin v22.6 (Yoast SEO v22.6) - https:\/\/yoast.com\/wordpress\/plugins\/seo\/ -->\n<title>M\u2019sila : lancement des travaux de r\u00e9alisation d&#039;un club des avocats - El Mawkie<\/title>\n<meta name=\"robots\" content=\"index, follow, max-snippet:-1, max-image-preview:large, max-video-preview:-1\" \/>\n<link rel=\"canonical\" href=\"https:\/\/elmawkie.dz\/fr\/msila-lancement-des-travaux-de-realisation-dun-club-des-avocats\/\" \/>\n<meta property=\"og:locale\" content=\"fr_FR\" \/>\n<meta property=\"og:type\" content=\"article\" \/>\n<meta property=\"og:title\" content=\"M\u2019sila : lancement des travaux de r\u00e9alisation d&#039;un club des avocats\" \/>\n<meta property=\"og:description\" content=\"Les travaux de r\u00e9alisation d\u2019un club des avocats ont \u00e9t\u00e9 lanc\u00e9s samedi \u00e0 M\u2019sila en pr\u00e9sence du pr\u00e9sident de l&rsquo;Union nationale des Ordres des avocats (UNOA), le b\u00e2tonnier Brahim Tairi, et de membres de l\u2019ordre des avocats de S\u00e9tif et de M\u2019sila. M. Tairi a indiqu\u00e9 \u00e0 cette occasion, dans une d\u00e9claration \u00e0 la presse, &hellip;\" \/>\n<meta property=\"og:url\" content=\"https:\/\/elmawkie.dz\/fr\/msila-lancement-des-travaux-de-realisation-dun-club-des-avocats\/\" \/>\n<meta property=\"og:site_name\" content=\"El Mawkie\" \/>\n<meta property=\"article:publisher\" content=\"https:\/\/www.facebook.com\/profile.php?id=100088407094989&amp;locale=fr_FR\" \/>\n<meta property=\"article:published_time\" content=\"2025-04-19T14:37:23+00:00\" \/>\n<meta property=\"article:modified_time\" content=\"2025-04-19T14:37:24+00:00\" \/>\n<meta property=\"og:image\" content=\"https:\/\/elmawkie.dz\/fr\/wp-content\/uploads\/2025\/04\/IMG_3486.jpeg\" \/>\n\t<meta property=\"og:image:width\" content=\"1006\" \/>\n\t<meta property=\"og:image:height\" content=\"570\" \/>\n\t<meta property=\"og:image:type\" content=\"image\/jpeg\" \/>\n<meta name=\"author\" content=\"R\u00e9daction\" \/>\n<meta name=\"twitter:card\" content=\"summary_large_image\" \/>\n<meta name=\"twitter:label1\" content=\"Written by\" \/>\n\t<meta name=\"twitter:data1\" content=\"R\u00e9daction\" \/>\n\t<meta name=\"twitter:label2\" content=\"Est. reading time\" \/>\n\t<meta name=\"twitter:data2\" content=\"1 minute\" \/>\n<script type=\"application\/ld+json\" class=\"yoast-schema-graph\">{\"@context\":\"https:\/\/schema.org\",\"@graph\":[{\"@type\":\"Article\",\"@id\":\"https:\/\/elmawkie.dz\/fr\/msila-lancement-des-travaux-de-realisation-dun-club-des-avocats\/#article\",\"isPartOf\":{\"@id\":\"https:\/\/elmawkie.dz\/fr\/msila-lancement-des-travaux-de-realisation-dun-club-des-avocats\/\"},\"author\":{\"name\":\"R\u00e9daction\",\"@id\":\"https:\/\/elmawkie.dz\/fr\/#\/schema\/person\/e7bd59d6467874ba5c4723d8a9f0a63c\"},\"headline\":\"M\u2019sila : lancement des travaux de r\u00e9alisation d&rsquo;un club des avocats\",\"datePublished\":\"2025-04-19T14:37:23+00:00\",\"dateModified\":\"2025-04-19T14:37:24+00:00\",\"mainEntityOfPage\":{\"@id\":\"https:\/\/elmawkie.dz\/fr\/msila-lancement-des-travaux-de-realisation-dun-club-des-avocats\/\"},\"wordCount\":180,\"commentCount\":0,\"publisher\":{\"@id\":\"https:\/\/elmawkie.dz\/fr\/#organization\"},\"image\":{\"@id\":\"https:\/\/elmawkie.dz\/fr\/msila-lancement-des-travaux-de-realisation-dun-club-des-avocats\/#primaryimage\"},\"thumbnailUrl\":\"https:\/\/elmawkie.dz\/fr\/wp-content\/uploads\/2025\/04\/IMG_3486.jpeg\",\"keywords\":[\"Club des avocats\",\"M\u2019Sila\"],\"articleSection\":[\"R\u00e9gion\"],\"inLanguage\":\"fr-FR\",\"potentialAction\":[{\"@type\":\"CommentAction\",\"name\":\"Comment\",\"target\":[\"https:\/\/elmawkie.dz\/fr\/msila-lancement-des-travaux-de-realisation-dun-club-des-avocats\/#respond\"]}]},{\"@type\":\"WebPage\",\"@id\":\"https:\/\/elmawkie.dz\/fr\/msila-lancement-des-travaux-de-realisation-dun-club-des-avocats\/\",\"url\":\"https:\/\/elmawkie.dz\/fr\/msila-lancement-des-travaux-de-realisation-dun-club-des-avocats\/\",\"name\":\"M\u2019sila : lancement des travaux de r\u00e9alisation d'un club des avocats - El Mawkie\",\"isPartOf\":{\"@id\":\"https:\/\/elmawkie.dz\/fr\/#website\"},\"primaryImageOfPage\":{\"@id\":\"https:\/\/elmawkie.dz\/fr\/msila-lancement-des-travaux-de-realisation-dun-club-des-avocats\/#primaryimage\"},\"image\":{\"@id\":\"https:\/\/elmawkie.dz\/fr\/msila-lancement-des-travaux-de-realisation-dun-club-des-avocats\/#primaryimage\"},\"thumbnailUrl\":\"https:\/\/elmawkie.dz\/fr\/wp-content\/uploads\/2025\/04\/IMG_3486.jpeg\",\"datePublished\":\"2025-04-19T14:37:23+00:00\",\"dateModified\":\"2025-04-19T14:37:24+00:00\",\"breadcrumb\":{\"@id\":\"https:\/\/elmawkie.dz\/fr\/msila-lancement-des-travaux-de-realisation-dun-club-des-avocats\/#breadcrumb\"},\"inLanguage\":\"fr-FR\",\"potentialAction\":[{\"@type\":\"ReadAction\",\"target\":[\"https:\/\/elmawkie.dz\/fr\/msila-lancement-des-travaux-de-realisation-dun-club-des-avocats\/\"]}]},{\"@type\":\"ImageObject\",\"inLanguage\":\"fr-FR\",\"@id\":\"https:\/\/elmawkie.dz\/fr\/msila-lancement-des-travaux-de-realisation-dun-club-des-avocats\/#primaryimage\",\"url\":\"https:\/\/elmawkie.dz\/fr\/wp-content\/uploads\/2025\/04\/IMG_3486.jpeg\",\"contentUrl\":\"https:\/\/elmawkie.dz\/fr\/wp-content\/uploads\/2025\/04\/IMG_3486.jpeg\",\"width\":1006,\"height\":570,\"caption\":\"Screenshot\"},{\"@type\":\"BreadcrumbList\",\"@id\":\"https:\/\/elmawkie.dz\/fr\/msila-lancement-des-travaux-de-realisation-dun-club-des-avocats\/#breadcrumb\",\"itemListElement\":[{\"@type\":\"ListItem\",\"position\":1,\"name\":\"Home\",\"item\":\"https:\/\/elmawkie.dz\/fr\/\"},{\"@type\":\"ListItem\",\"position\":2,\"name\":\"M\u2019sila : lancement des travaux de r\u00e9alisation d&rsquo;un club des avocats\"}]},{\"@type\":\"WebSite\",\"@id\":\"https:\/\/elmawkie.dz\/fr\/#website\",\"url\":\"https:\/\/elmawkie.dz\/fr\/\",\"name\":\"EL MAWKIE\",\"description\":\"Journal \u00c9lectronique Alg\u00e9rien\",\"publisher\":{\"@id\":\"https:\/\/elmawkie.dz\/fr\/#organization\"},\"potentialAction\":[{\"@type\":\"SearchAction\",\"target\":{\"@type\":\"EntryPoint\",\"urlTemplate\":\"https:\/\/elmawkie.dz\/fr\/?s={search_term_string}\"},\"query-input\":\"required name=search_term_string\"}],\"inLanguage\":\"fr-FR\"},{\"@type\":\"Organization\",\"@id\":\"https:\/\/elmawkie.dz\/fr\/#organization\",\"name\":\"EL MAWKIE\",\"url\":\"https:\/\/elmawkie.dz\/fr\/\",\"logo\":{\"@type\":\"ImageObject\",\"inLanguage\":\"fr-FR\",\"@id\":\"https:\/\/elmawkie.dz\/fr\/#\/schema\/logo\/image\/\",\"url\":\"https:\/\/elmawkie.dz\/fr\/wp-content\/uploads\/2024\/05\/logo1.png\",\"contentUrl\":\"https:\/\/elmawkie.dz\/fr\/wp-content\/uploads\/2024\/05\/logo1.png\",\"width\":1648,\"height\":652,\"caption\":\"EL MAWKIE\"},\"image\":{\"@id\":\"https:\/\/elmawkie.dz\/fr\/#\/schema\/logo\/image\/\"},\"sameAs\":[\"https:\/\/www.facebook.com\/profile.php?id=100088407094989&locale=fr_FR\"]},{\"@type\":\"Person\",\"@id\":\"https:\/\/elmawkie.dz\/fr\/#\/schema\/person\/e7bd59d6467874ba5c4723d8a9f0a63c\",\"name\":\"R\u00e9daction\",\"image\":{\"@type\":\"ImageObject\",\"inLanguage\":\"fr-FR\",\"@id\":\"https:\/\/elmawkie.dz\/fr\/#\/schema\/person\/image\/\",\"url\":\"https:\/\/secure.gravatar.com\/avatar\/f0f773456344da4d2788c054a3d30a0c?s=96&d=mm&r=g\",\"contentUrl\":\"https:\/\/secure.gravatar.com\/avatar\/f0f773456344da4d2788c054a3d30a0c?s=96&d=mm&r=g\",\"caption\":\"R\u00e9daction\"},\"url\":\"https:\/\/elmawkie.dz\/fr\/author\/redaction\/\"}]}<\/script>\n<!-- \/ Yoast SEO Premium plugin. -->","yoast_head_json":{"title":"M\u2019sila : lancement des travaux de r\u00e9alisation d'un club des avocats - El Mawkie","robots":{"index":"index","follow":"follow","max-snippet":"max-snippet:-1","max-image-preview":"max-image-preview:large","max-video-preview":"max-video-preview:-1"},"canonical":"https:\/\/elmawkie.dz\/fr\/msila-lancement-des-travaux-de-realisation-dun-club-des-avocats\/","og_locale":"fr_FR","og_type":"article","og_title":"M\u2019sila : lancement des travaux de r\u00e9alisation d'un club des avocats","og_description":"Les travaux de r\u00e9alisation d\u2019un club des avocats ont \u00e9t\u00e9 lanc\u00e9s samedi \u00e0 M\u2019sila en pr\u00e9sence du pr\u00e9sident de l&rsquo;Union nationale des Ordres des avocats (UNOA), le b\u00e2tonnier Brahim Tairi, et de membres de l\u2019ordre des avocats de S\u00e9tif et de M\u2019sila. M. Tairi a indiqu\u00e9 \u00e0 cette occasion, dans une d\u00e9claration \u00e0 la presse, &hellip;","og_url":"https:\/\/elmawkie.dz\/fr\/msila-lancement-des-travaux-de-realisation-dun-club-des-avocats\/","og_site_name":"El Mawkie","article_publisher":"https:\/\/www.facebook.com\/profile.php?id=100088407094989&locale=fr_FR","article_published_time":"2025-04-19T14:37:23+00:00","article_modified_time":"2025-04-19T14:37:24+00:00","og_image":[{"width":1006,"height":570,"url":"https:\/\/elmawkie.dz\/fr\/wp-content\/uploads\/2025\/04\/IMG_3486.jpeg","type":"image\/jpeg"}],"author":"R\u00e9daction","twitter_card":"summary_large_image","twitter_misc":{"Written by":"R\u00e9daction","Est. reading time":"1 minute"},"schema":{"@context":"https:\/\/schema.org","@graph":[{"@type":"Article","@id":"https:\/\/elmawkie.dz\/fr\/msila-lancement-des-travaux-de-realisation-dun-club-des-avocats\/#article","isPartOf":{"@id":"https:\/\/elmawkie.dz\/fr\/msila-lancement-des-travaux-de-realisation-dun-club-des-avocats\/"},"author":{"name":"R\u00e9daction","@id":"https:\/\/elmawkie.dz\/fr\/#\/schema\/person\/e7bd59d6467874ba5c4723d8a9f0a63c"},"headline":"M\u2019sila : lancement des travaux de r\u00e9alisation d&rsquo;un club des avocats","datePublished":"2025-04-19T14:37:23+00:00","dateModified":"2025-04-19T14:37:24+00:00","mainEntityOfPage":{"@id":"https:\/\/elmawkie.dz\/fr\/msila-lancement-des-travaux-de-realisation-dun-club-des-avocats\/"},"wordCount":180,"commentCount":0,"publisher":{"@id":"https:\/\/elmawkie.dz\/fr\/#organization"},"image":{"@id":"https:\/\/elmawkie.dz\/fr\/msila-lancement-des-travaux-de-realisation-dun-club-des-avocats\/#primaryimage"},"thumbnailUrl":"https:\/\/elmawkie.dz\/fr\/wp-content\/uploads\/2025\/04\/IMG_3486.jpeg","keywords":["Club des avocats","M\u2019Sila"],"articleSection":["R\u00e9gion"],"inLanguage":"fr-FR","potentialAction":[{"@type":"CommentAction","name":"Comment","target":["https:\/\/elmawkie.dz\/fr\/msila-lancement-des-travaux-de-realisation-dun-club-des-avocats\/#respond"]}]},{"@type":"WebPage","@id":"https:\/\/elmawkie.dz\/fr\/msila-lancement-des-travaux-de-realisation-dun-club-des-avocats\/","url":"https:\/\/elmawkie.dz\/fr\/msila-lancement-des-travaux-de-realisation-dun-club-des-avocats\/","name":"M\u2019sila : lancement des travaux de r\u00e9alisation d'un club des avocats - El Mawkie","isPartOf":{"@id":"https:\/\/elmawkie.dz\/fr\/#website"},"primaryImageOfPage":{"@id":"https:\/\/elmawkie.dz\/fr\/msila-lancement-des-travaux-de-realisation-dun-club-des-avocats\/#primaryimage"},"image":{"@id":"https:\/\/elmawkie.dz\/fr\/msila-lancement-des-travaux-de-realisation-dun-club-des-avocats\/#primaryimage"},"thumbnailUrl":"https:\/\/elmawkie.dz\/fr\/wp-content\/uploads\/2025\/04\/IMG_3486.jpeg","datePublished":"2025-04-19T14:37:23+00:00","dateModified":"2025-04-19T14:37:24+00:00","breadcrumb":{"@id":"https:\/\/elmawkie.dz\/fr\/msila-lancement-des-travaux-de-realisation-dun-club-des-avocats\/#breadcrumb"},"inLanguage":"fr-FR","potentialAction":[{"@type":"ReadAction","target":["https:\/\/elmawkie.dz\/fr\/msila-lancement-des-travaux-de-realisation-dun-club-des-avocats\/"]}]},{"@type":"ImageObject","inLanguage":"fr-FR","@id":"https:\/\/elmawkie.dz\/fr\/msila-lancement-des-travaux-de-realisation-dun-club-des-avocats\/#primaryimage","url":"https:\/\/elmawkie.dz\/fr\/wp-content\/uploads\/2025\/04\/IMG_3486.jpeg","contentUrl":"https:\/\/elmawkie.dz\/fr\/wp-content\/uploads\/2025\/04\/IMG_3486.jpeg","width":1006,"height":570,"caption":"Screenshot"},{"@type":"BreadcrumbList","@id":"https:\/\/elmawkie.dz\/fr\/msila-lancement-des-travaux-de-realisation-dun-club-des-avocats\/#breadcrumb","itemListElement":[{"@type":"ListItem","position":1,"name":"Home","item":"https:\/\/elmawkie.dz\/fr\/"},{"@type":"ListItem","position":2,"name":"M\u2019sila : lancement des travaux de r\u00e9alisation d&rsquo;un club des avocats"}]},{"@type":"WebSite","@id":"https:\/\/elmawkie.dz\/fr\/#website","url":"https:\/\/elmawkie.dz\/fr\/","name":"EL MAWKIE","description":"Journal \u00c9lectronique Alg\u00e9rien","publisher":{"@id":"https:\/\/elmawkie.dz\/fr\/#organization"},"potentialAction":[{"@type":"SearchAction","target":{"@type":"EntryPoint","urlTemplate":"https:\/\/elmawkie.dz\/fr\/?s={search_term_string}"},"query-input":"required name=search_term_string"}],"inLanguage":"fr-FR"},{"@type":"Organization","@id":"https:\/\/elmawkie.dz\/fr\/#organization","name":"EL MAWKIE","url":"https:\/\/elmawkie.dz\/fr\/","logo":{"@type":"ImageObject","inLanguage":"fr-FR","@id":"https:\/\/elmawkie.dz\/fr\/#\/schema\/logo\/image\/","url":"https:\/\/elmawkie.dz\/fr\/wp-content\/uploads\/2024\/05\/logo1.png","contentUrl":"https:\/\/elmawkie.dz\/fr\/wp-content\/uploads\/2024\/05\/logo1.png","width":1648,"height":652,"caption":"EL MAWKIE"},"image":{"@id":"https:\/\/elmawkie.dz\/fr\/#\/schema\/logo\/image\/"},"sameAs":["https:\/\/www.facebook.com\/profile.php?id=100088407094989&locale=fr_FR"]},{"@type":"Person","@id":"https:\/\/elmawkie.dz\/fr\/#\/schema\/person\/e7bd59d6467874ba5c4723d8a9f0a63c","name":"R\u00e9daction","image":{"@type":"ImageObject","inLanguage":"fr-FR","@id":"https:\/\/elmawkie.dz\/fr\/#\/schema\/person\/image\/","url":"https:\/\/secure.gravatar.com\/avatar\/f0f773456344da4d2788c054a3d30a0c?s=96&d=mm&r=g","contentUrl":"https:\/\/secure.gravatar.com\/avatar\/f0f773456344da4d2788c054a3d30a0c?s=96&d=mm&r=g","caption":"R\u00e9daction"},"url":"https:\/\/elmawkie.dz\/fr\/author\/redaction\/"}]}},"_links":{"self":[{"href":"https:\/\/elmawkie.dz\/fr\/wp-json\/wp\/v2\/posts\/50074","targetHints":{"allow":["GET"]}}],"collection":[{"href":"https:\/\/elmawkie.dz\/fr\/wp-json\/wp\/v2\/posts"}],"about":[{"href":"https:\/\/elmawkie.dz\/fr\/wp-json\/wp\/v2\/types\/post"}],"author":[{"embeddable":true,"href":"https:\/\/elmawkie.dz\/fr\/wp-json\/wp\/v2\/users\/9"}],"replies":[{"embeddable":true,"href":"https:\/\/elmawkie.dz\/fr\/wp-json\/wp\/v2\/comments?post=50074"}],"version-history":[{"count":1,"href":"https:\/\/elmawkie.dz\/fr\/wp-json\/wp\/v2\/posts\/50074\/revisions"}],"predecessor-version":[{"id":50077,"href":"https:\/\/elmawkie.dz\/fr\/wp-json\/wp\/v2\/posts\/50074\/revisions\/50077"}],"wp:featuredmedia":[{"embeddable":true,"href":"https:\/\/elmawkie.dz\/fr\/wp-json\/wp\/v2\/media\/50076"}],"wp:attachment":[{"href":"https:\/\/elmawkie.dz\/fr\/wp-json\/wp\/v2\/media?parent=50074"}],"wp:term":[{"taxonomy":"category","embeddable":true,"href":"https:\/\/elmawkie.dz\/fr\/wp-json\/wp\/v2\/categories?post=50074"},{"taxonomy":"post_tag","embeddable":true,"href":"https:\/\/elmawkie.dz\/fr\/wp-json\/wp\/v2\/tags?post=50074"}],"curies":[{"name":"wp","href":"https:\/\/api.w.org\/{rel}","templated":true}]}}