{"id":50050,"date":"2025-04-18T17:53:17","date_gmt":"2025-04-18T16:53:17","guid":{"rendered":"https:\/\/elmawkie.dz\/fr\/?p=50050"},"modified":"2025-04-18T17:53:18","modified_gmt":"2025-04-18T16:53:18","slug":"le-president-du-msp-appelle-a-la-mobilisation-generale-face-aux-defis-auxquels-le-pays-est-confronte","status":"publish","type":"post","link":"https:\/\/elmawkie.dz\/fr\/le-president-du-msp-appelle-a-la-mobilisation-generale-face-aux-defis-auxquels-le-pays-est-confronte\/","title":{"rendered":"Le pr\u00e9sident du MSP Appelle \u00e0 la mobilisation g\u00e9n\u00e9rale face aux d\u00e9fis auxquels le pays est confront\u00e9"},"content":{"rendered":"\n<p>Le pr\u00e9sident du Mouvement de la soci\u00e9t\u00e9 pour la paix (MSP), Abdelaali Hassani Cherif, a appel\u00e9, vendredi \u00e0 Alger, \u00e0 la coordination, au dialogue et \u00e0 la solidarit\u00e9 pour faire face aux diff\u00e9rents d\u00e9fis auxquels le pays est confront\u00e9. Pr\u00e9sidant l&rsquo;ouverture de la Rencontre nationale des Secr\u00e9taires charg\u00e9s des questions politiques et de l&rsquo;information, M. Hassani Ch\u00e9rif a soulign\u00e9 la n\u00e9cessit\u00e9 d&rsquo;unifier les positions sur les grandes questions qui requi\u00e8rent de nous tous, a-t-il dit, \u00ab\u00a0la coordination, le dialogue et la solidarit\u00e9\u00a0\u00bb, notamment au niveau du Parlement et des partis politiques, en vue de faire face aux diff\u00e9rents d\u00e9fis que conna\u00eet le pays. Il a, \u00e0 cet \u00e9gard, mis en avant l&rsquo;importance de \u00ab\u00a0contrer tous les d\u00e9fis et les parties qui tentent de d\u00e9stabiliser le pays\u00a0\u00bb, appelant \u00e0 la n\u00e9cessit\u00e9 de prot\u00e9ger \u00ab\u00a0l&rsquo;opinion politique de toute forme de d\u00e9sinformation (&#8230;)\u00a0\u00bb. Apr\u00e8s avoir rappel\u00e9 que sa formation politique est \u00ab\u00a0un mouvement inclusif\u00a0\u00bb, qui \u0153uvre \u00e0 unifier tous les efforts et les positions des Alg\u00e9riens et \u00e0 prot\u00e9ger le pays, le pr\u00e9sident du MSP a insist\u00e9 sur l&rsquo;imp\u00e9ratif de \u00ab\u00a0b\u00e2tir un consensus national, de poursuivre le renforcement du front int\u00e9rieur et d&rsquo;unifier les positions, notamment sur les questions strat\u00e9giques\u00a0\u00bb. Il a, en outre, affirm\u00e9 que sa formation politique se f\u00e9licite des principes immuables de la diplomatie alg\u00e9rienne et de l&rsquo;unit\u00e9 du peuple alg\u00e9rien \u00e0 l&rsquo;\u00e9gard des positions internationales de l&rsquo;Alg\u00e9rie notamment \u00e0 travers son soutien \u00e0 la cause palestinienne juste, d\u00e9non\u00e7ant par la m\u00eame les projets de l&rsquo;entit\u00e9 sioniste visant \u00e0 \u00e9liminer le peuple palestinien et \u00e0 s&rsquo;accaparer ses terres.<\/p>\n","protected":false},"excerpt":{"rendered":"<p>Le pr\u00e9sident du Mouvement de la soci\u00e9t\u00e9 pour la paix (MSP), Abdelaali Hassani Cherif, a appel\u00e9, vendredi \u00e0 Alger, \u00e0 la coordination, au dialogue et \u00e0 la solidarit\u00e9 pour faire face aux diff\u00e9rents d\u00e9fis auxquels le pays est confront\u00e9. Pr\u00e9sidant l&rsquo;ouverture de la Rencontre nationale des Secr\u00e9taires charg\u00e9s des questions politiques et de l&rsquo;information, M. &hellip;<\/p>\n","protected":false},"author":9,"featured_media":50052,"comment_status":"open","ping_status":"open","sticky":false,"template":"","format":"standard","meta":{"footnotes":""},"categories":[47],"tags":[3485],"class_list":["post-50050","post","type-post","status-publish","format-standard","has-post-thumbnail","hentry","category-national","tag-le-president-du-msp"],"yoast_head":"<!-- This site is optimized with the Yoast SEO Premium plugin v22.6 (Yoast SEO v22.6) - https:\/\/yoast.com\/wordpress\/plugins\/seo\/ -->\n<title>Le pr\u00e9sident du MSP Appelle \u00e0 la mobilisation g\u00e9n\u00e9rale face aux d\u00e9fis auxquels le pays est confront\u00e9 - El Mawkie<\/title>\n<meta name=\"robots\" content=\"index, follow, max-snippet:-1, max-image-preview:large, max-video-preview:-1\" \/>\n<link rel=\"canonical\" href=\"https:\/\/elmawkie.dz\/fr\/le-president-du-msp-appelle-a-la-mobilisation-generale-face-aux-defis-auxquels-le-pays-est-confronte\/\" \/>\n<meta property=\"og:locale\" content=\"fr_FR\" \/>\n<meta property=\"og:type\" content=\"article\" \/>\n<meta property=\"og:title\" content=\"Le pr\u00e9sident du MSP Appelle \u00e0 la mobilisation g\u00e9n\u00e9rale face aux d\u00e9fis auxquels le pays est confront\u00e9\" \/>\n<meta property=\"og:description\" content=\"Le pr\u00e9sident du Mouvement de la soci\u00e9t\u00e9 pour la paix (MSP), Abdelaali Hassani Cherif, a appel\u00e9, vendredi \u00e0 Alger, \u00e0 la coordination, au dialogue et \u00e0 la solidarit\u00e9 pour faire face aux diff\u00e9rents d\u00e9fis auxquels le pays est confront\u00e9. Pr\u00e9sidant l&rsquo;ouverture de la Rencontre nationale des Secr\u00e9taires charg\u00e9s des questions politiques et de l&rsquo;information, M. &hellip;\" \/>\n<meta property=\"og:url\" content=\"https:\/\/elmawkie.dz\/fr\/le-president-du-msp-appelle-a-la-mobilisation-generale-face-aux-defis-auxquels-le-pays-est-confronte\/\" \/>\n<meta property=\"og:site_name\" content=\"El Mawkie\" \/>\n<meta property=\"article:publisher\" content=\"https:\/\/www.facebook.com\/profile.php?id=100088407094989&amp;locale=fr_FR\" \/>\n<meta property=\"article:published_time\" content=\"2025-04-18T16:53:17+00:00\" \/>\n<meta property=\"article:modified_time\" content=\"2025-04-18T16:53:18+00:00\" \/>\n<meta property=\"og:image\" content=\"https:\/\/elmawkie.dz\/fr\/wp-content\/uploads\/2025\/04\/IMG_3399.jpeg\" \/>\n\t<meta property=\"og:image:width\" content=\"2048\" \/>\n\t<meta property=\"og:image:height\" content=\"1365\" \/>\n\t<meta property=\"og:image:type\" content=\"image\/jpeg\" \/>\n<meta name=\"author\" content=\"R\u00e9daction\" \/>\n<meta name=\"twitter:card\" content=\"summary_large_image\" \/>\n<meta name=\"twitter:label1\" content=\"Written by\" \/>\n\t<meta name=\"twitter:data1\" content=\"R\u00e9daction\" \/>\n\t<meta name=\"twitter:label2\" content=\"Est. reading time\" \/>\n\t<meta name=\"twitter:data2\" content=\"2 minutes\" \/>\n<script type=\"application\/ld+json\" class=\"yoast-schema-graph\">{\"@context\":\"https:\/\/schema.org\",\"@graph\":[{\"@type\":\"Article\",\"@id\":\"https:\/\/elmawkie.dz\/fr\/le-president-du-msp-appelle-a-la-mobilisation-generale-face-aux-defis-auxquels-le-pays-est-confronte\/#article\",\"isPartOf\":{\"@id\":\"https:\/\/elmawkie.dz\/fr\/le-president-du-msp-appelle-a-la-mobilisation-generale-face-aux-defis-auxquels-le-pays-est-confronte\/\"},\"author\":{\"name\":\"R\u00e9daction\",\"@id\":\"https:\/\/elmawkie.dz\/fr\/#\/schema\/person\/e7bd59d6467874ba5c4723d8a9f0a63c\"},\"headline\":\"Le pr\u00e9sident du MSP Appelle \u00e0 la mobilisation g\u00e9n\u00e9rale face aux d\u00e9fis auxquels le pays est confront\u00e9\",\"datePublished\":\"2025-04-18T16:53:17+00:00\",\"dateModified\":\"2025-04-18T16:53:18+00:00\",\"mainEntityOfPage\":{\"@id\":\"https:\/\/elmawkie.dz\/fr\/le-president-du-msp-appelle-a-la-mobilisation-generale-face-aux-defis-auxquels-le-pays-est-confronte\/\"},\"wordCount\":310,\"commentCount\":0,\"publisher\":{\"@id\":\"https:\/\/elmawkie.dz\/fr\/#organization\"},\"image\":{\"@id\":\"https:\/\/elmawkie.dz\/fr\/le-president-du-msp-appelle-a-la-mobilisation-generale-face-aux-defis-auxquels-le-pays-est-confronte\/#primaryimage\"},\"thumbnailUrl\":\"https:\/\/elmawkie.dz\/fr\/wp-content\/uploads\/2025\/04\/IMG_3399.jpeg\",\"keywords\":[\"Le pr\u00e9sident du MSP\"],\"articleSection\":[\"National\"],\"inLanguage\":\"fr-FR\",\"potentialAction\":[{\"@type\":\"CommentAction\",\"name\":\"Comment\",\"target\":[\"https:\/\/elmawkie.dz\/fr\/le-president-du-msp-appelle-a-la-mobilisation-generale-face-aux-defis-auxquels-le-pays-est-confronte\/#respond\"]}]},{\"@type\":\"WebPage\",\"@id\":\"https:\/\/elmawkie.dz\/fr\/le-president-du-msp-appelle-a-la-mobilisation-generale-face-aux-defis-auxquels-le-pays-est-confronte\/\",\"url\":\"https:\/\/elmawkie.dz\/fr\/le-president-du-msp-appelle-a-la-mobilisation-generale-face-aux-defis-auxquels-le-pays-est-confronte\/\",\"name\":\"Le pr\u00e9sident du MSP Appelle \u00e0 la mobilisation g\u00e9n\u00e9rale face aux d\u00e9fis auxquels le pays est confront\u00e9 - El Mawkie\",\"isPartOf\":{\"@id\":\"https:\/\/elmawkie.dz\/fr\/#website\"},\"primaryImageOfPage\":{\"@id\":\"https:\/\/elmawkie.dz\/fr\/le-president-du-msp-appelle-a-la-mobilisation-generale-face-aux-defis-auxquels-le-pays-est-confronte\/#primaryimage\"},\"image\":{\"@id\":\"https:\/\/elmawkie.dz\/fr\/le-president-du-msp-appelle-a-la-mobilisation-generale-face-aux-defis-auxquels-le-pays-est-confronte\/#primaryimage\"},\"thumbnailUrl\":\"https:\/\/elmawkie.dz\/fr\/wp-content\/uploads\/2025\/04\/IMG_3399.jpeg\",\"datePublished\":\"2025-04-18T16:53:17+00:00\",\"dateModified\":\"2025-04-18T16:53:18+00:00\",\"breadcrumb\":{\"@id\":\"https:\/\/elmawkie.dz\/fr\/le-president-du-msp-appelle-a-la-mobilisation-generale-face-aux-defis-auxquels-le-pays-est-confronte\/#breadcrumb\"},\"inLanguage\":\"fr-FR\",\"potentialAction\":[{\"@type\":\"ReadAction\",\"target\":[\"https:\/\/elmawkie.dz\/fr\/le-president-du-msp-appelle-a-la-mobilisation-generale-face-aux-defis-auxquels-le-pays-est-confronte\/\"]}]},{\"@type\":\"ImageObject\",\"inLanguage\":\"fr-FR\",\"@id\":\"https:\/\/elmawkie.dz\/fr\/le-president-du-msp-appelle-a-la-mobilisation-generale-face-aux-defis-auxquels-le-pays-est-confronte\/#primaryimage\",\"url\":\"https:\/\/elmawkie.dz\/fr\/wp-content\/uploads\/2025\/04\/IMG_3399.jpeg\",\"contentUrl\":\"https:\/\/elmawkie.dz\/fr\/wp-content\/uploads\/2025\/04\/IMG_3399.jpeg\",\"width\":2048,\"height\":1365},{\"@type\":\"BreadcrumbList\",\"@id\":\"https:\/\/elmawkie.dz\/fr\/le-president-du-msp-appelle-a-la-mobilisation-generale-face-aux-defis-auxquels-le-pays-est-confronte\/#breadcrumb\",\"itemListElement\":[{\"@type\":\"ListItem\",\"position\":1,\"name\":\"Home\",\"item\":\"https:\/\/elmawkie.dz\/fr\/\"},{\"@type\":\"ListItem\",\"position\":2,\"name\":\"Le pr\u00e9sident du MSP Appelle \u00e0 la mobilisation g\u00e9n\u00e9rale face aux d\u00e9fis auxquels le pays est confront\u00e9\"}]},{\"@type\":\"WebSite\",\"@id\":\"https:\/\/elmawkie.dz\/fr\/#website\",\"url\":\"https:\/\/elmawkie.dz\/fr\/\",\"name\":\"EL MAWKIE\",\"description\":\"Journal \u00c9lectronique Alg\u00e9rien\",\"publisher\":{\"@id\":\"https:\/\/elmawkie.dz\/fr\/#organization\"},\"potentialAction\":[{\"@type\":\"SearchAction\",\"target\":{\"@type\":\"EntryPoint\",\"urlTemplate\":\"https:\/\/elmawkie.dz\/fr\/?s={search_term_string}\"},\"query-input\":\"required name=search_term_string\"}],\"inLanguage\":\"fr-FR\"},{\"@type\":\"Organization\",\"@id\":\"https:\/\/elmawkie.dz\/fr\/#organization\",\"name\":\"EL MAWKIE\",\"url\":\"https:\/\/elmawkie.dz\/fr\/\",\"logo\":{\"@type\":\"ImageObject\",\"inLanguage\":\"fr-FR\",\"@id\":\"https:\/\/elmawkie.dz\/fr\/#\/schema\/logo\/image\/\",\"url\":\"https:\/\/elmawkie.dz\/fr\/wp-content\/uploads\/2024\/05\/logo1.png\",\"contentUrl\":\"https:\/\/elmawkie.dz\/fr\/wp-content\/uploads\/2024\/05\/logo1.png\",\"width\":1648,\"height\":652,\"caption\":\"EL MAWKIE\"},\"image\":{\"@id\":\"https:\/\/elmawkie.dz\/fr\/#\/schema\/logo\/image\/\"},\"sameAs\":[\"https:\/\/www.facebook.com\/profile.php?id=100088407094989&locale=fr_FR\"]},{\"@type\":\"Person\",\"@id\":\"https:\/\/elmawkie.dz\/fr\/#\/schema\/person\/e7bd59d6467874ba5c4723d8a9f0a63c\",\"name\":\"R\u00e9daction\",\"image\":{\"@type\":\"ImageObject\",\"inLanguage\":\"fr-FR\",\"@id\":\"https:\/\/elmawkie.dz\/fr\/#\/schema\/person\/image\/\",\"url\":\"https:\/\/secure.gravatar.com\/avatar\/f0f773456344da4d2788c054a3d30a0c?s=96&d=mm&r=g\",\"contentUrl\":\"https:\/\/secure.gravatar.com\/avatar\/f0f773456344da4d2788c054a3d30a0c?s=96&d=mm&r=g\",\"caption\":\"R\u00e9daction\"},\"url\":\"https:\/\/elmawkie.dz\/fr\/author\/redaction\/\"}]}<\/script>\n<!-- \/ Yoast SEO Premium plugin. -->","yoast_head_json":{"title":"Le pr\u00e9sident du MSP Appelle \u00e0 la mobilisation g\u00e9n\u00e9rale face aux d\u00e9fis auxquels le pays est confront\u00e9 - El Mawkie","robots":{"index":"index","follow":"follow","max-snippet":"max-snippet:-1","max-image-preview":"max-image-preview:large","max-video-preview":"max-video-preview:-1"},"canonical":"https:\/\/elmawkie.dz\/fr\/le-president-du-msp-appelle-a-la-mobilisation-generale-face-aux-defis-auxquels-le-pays-est-confronte\/","og_locale":"fr_FR","og_type":"article","og_title":"Le pr\u00e9sident du MSP Appelle \u00e0 la mobilisation g\u00e9n\u00e9rale face aux d\u00e9fis auxquels le pays est confront\u00e9","og_description":"Le pr\u00e9sident du Mouvement de la soci\u00e9t\u00e9 pour la paix (MSP), Abdelaali Hassani Cherif, a appel\u00e9, vendredi \u00e0 Alger, \u00e0 la coordination, au dialogue et \u00e0 la solidarit\u00e9 pour faire face aux diff\u00e9rents d\u00e9fis auxquels le pays est confront\u00e9. Pr\u00e9sidant l&rsquo;ouverture de la Rencontre nationale des Secr\u00e9taires charg\u00e9s des questions politiques et de l&rsquo;information, M. &hellip;","og_url":"https:\/\/elmawkie.dz\/fr\/le-president-du-msp-appelle-a-la-mobilisation-generale-face-aux-defis-auxquels-le-pays-est-confronte\/","og_site_name":"El Mawkie","article_publisher":"https:\/\/www.facebook.com\/profile.php?id=100088407094989&locale=fr_FR","article_published_time":"2025-04-18T16:53:17+00:00","article_modified_time":"2025-04-18T16:53:18+00:00","og_image":[{"width":2048,"height":1365,"url":"https:\/\/elmawkie.dz\/fr\/wp-content\/uploads\/2025\/04\/IMG_3399.jpeg","type":"image\/jpeg"}],"author":"R\u00e9daction","twitter_card":"summary_large_image","twitter_misc":{"Written by":"R\u00e9daction","Est. reading time":"2 minutes"},"schema":{"@context":"https:\/\/schema.org","@graph":[{"@type":"Article","@id":"https:\/\/elmawkie.dz\/fr\/le-president-du-msp-appelle-a-la-mobilisation-generale-face-aux-defis-auxquels-le-pays-est-confronte\/#article","isPartOf":{"@id":"https:\/\/elmawkie.dz\/fr\/le-president-du-msp-appelle-a-la-mobilisation-generale-face-aux-defis-auxquels-le-pays-est-confronte\/"},"author":{"name":"R\u00e9daction","@id":"https:\/\/elmawkie.dz\/fr\/#\/schema\/person\/e7bd59d6467874ba5c4723d8a9f0a63c"},"headline":"Le pr\u00e9sident du MSP Appelle \u00e0 la mobilisation g\u00e9n\u00e9rale face aux d\u00e9fis auxquels le pays est confront\u00e9","datePublished":"2025-04-18T16:53:17+00:00","dateModified":"2025-04-18T16:53:18+00:00","mainEntityOfPage":{"@id":"https:\/\/elmawkie.dz\/fr\/le-president-du-msp-appelle-a-la-mobilisation-generale-face-aux-defis-auxquels-le-pays-est-confronte\/"},"wordCount":310,"commentCount":0,"publisher":{"@id":"https:\/\/elmawkie.dz\/fr\/#organization"},"image":{"@id":"https:\/\/elmawkie.dz\/fr\/le-president-du-msp-appelle-a-la-mobilisation-generale-face-aux-defis-auxquels-le-pays-est-confronte\/#primaryimage"},"thumbnailUrl":"https:\/\/elmawkie.dz\/fr\/wp-content\/uploads\/2025\/04\/IMG_3399.jpeg","keywords":["Le pr\u00e9sident du MSP"],"articleSection":["National"],"inLanguage":"fr-FR","potentialAction":[{"@type":"CommentAction","name":"Comment","target":["https:\/\/elmawkie.dz\/fr\/le-president-du-msp-appelle-a-la-mobilisation-generale-face-aux-defis-auxquels-le-pays-est-confronte\/#respond"]}]},{"@type":"WebPage","@id":"https:\/\/elmawkie.dz\/fr\/le-president-du-msp-appelle-a-la-mobilisation-generale-face-aux-defis-auxquels-le-pays-est-confronte\/","url":"https:\/\/elmawkie.dz\/fr\/le-president-du-msp-appelle-a-la-mobilisation-generale-face-aux-defis-auxquels-le-pays-est-confronte\/","name":"Le pr\u00e9sident du MSP Appelle \u00e0 la mobilisation g\u00e9n\u00e9rale face aux d\u00e9fis auxquels le pays est confront\u00e9 - El Mawkie","isPartOf":{"@id":"https:\/\/elmawkie.dz\/fr\/#website"},"primaryImageOfPage":{"@id":"https:\/\/elmawkie.dz\/fr\/le-president-du-msp-appelle-a-la-mobilisation-generale-face-aux-defis-auxquels-le-pays-est-confronte\/#primaryimage"},"image":{"@id":"https:\/\/elmawkie.dz\/fr\/le-president-du-msp-appelle-a-la-mobilisation-generale-face-aux-defis-auxquels-le-pays-est-confronte\/#primaryimage"},"thumbnailUrl":"https:\/\/elmawkie.dz\/fr\/wp-content\/uploads\/2025\/04\/IMG_3399.jpeg","datePublished":"2025-04-18T16:53:17+00:00","dateModified":"2025-04-18T16:53:18+00:00","breadcrumb":{"@id":"https:\/\/elmawkie.dz\/fr\/le-president-du-msp-appelle-a-la-mobilisation-generale-face-aux-defis-auxquels-le-pays-est-confronte\/#breadcrumb"},"inLanguage":"fr-FR","potentialAction":[{"@type":"ReadAction","target":["https:\/\/elmawkie.dz\/fr\/le-president-du-msp-appelle-a-la-mobilisation-generale-face-aux-defis-auxquels-le-pays-est-confronte\/"]}]},{"@type":"ImageObject","inLanguage":"fr-FR","@id":"https:\/\/elmawkie.dz\/fr\/le-president-du-msp-appelle-a-la-mobilisation-generale-face-aux-defis-auxquels-le-pays-est-confronte\/#primaryimage","url":"https:\/\/elmawkie.dz\/fr\/wp-content\/uploads\/2025\/04\/IMG_3399.jpeg","contentUrl":"https:\/\/elmawkie.dz\/fr\/wp-content\/uploads\/2025\/04\/IMG_3399.jpeg","width":2048,"height":1365},{"@type":"BreadcrumbList","@id":"https:\/\/elmawkie.dz\/fr\/le-president-du-msp-appelle-a-la-mobilisation-generale-face-aux-defis-auxquels-le-pays-est-confronte\/#breadcrumb","itemListElement":[{"@type":"ListItem","position":1,"name":"Home","item":"https:\/\/elmawkie.dz\/fr\/"},{"@type":"ListItem","position":2,"name":"Le pr\u00e9sident du MSP Appelle \u00e0 la mobilisation g\u00e9n\u00e9rale face aux d\u00e9fis auxquels le pays est confront\u00e9"}]},{"@type":"WebSite","@id":"https:\/\/elmawkie.dz\/fr\/#website","url":"https:\/\/elmawkie.dz\/fr\/","name":"EL MAWKIE","description":"Journal \u00c9lectronique Alg\u00e9rien","publisher":{"@id":"https:\/\/elmawkie.dz\/fr\/#organization"},"potentialAction":[{"@type":"SearchAction","target":{"@type":"EntryPoint","urlTemplate":"https:\/\/elmawkie.dz\/fr\/?s={search_term_string}"},"query-input":"required name=search_term_string"}],"inLanguage":"fr-FR"},{"@type":"Organization","@id":"https:\/\/elmawkie.dz\/fr\/#organization","name":"EL MAWKIE","url":"https:\/\/elmawkie.dz\/fr\/","logo":{"@type":"ImageObject","inLanguage":"fr-FR","@id":"https:\/\/elmawkie.dz\/fr\/#\/schema\/logo\/image\/","url":"https:\/\/elmawkie.dz\/fr\/wp-content\/uploads\/2024\/05\/logo1.png","contentUrl":"https:\/\/elmawkie.dz\/fr\/wp-content\/uploads\/2024\/05\/logo1.png","width":1648,"height":652,"caption":"EL MAWKIE"},"image":{"@id":"https:\/\/elmawkie.dz\/fr\/#\/schema\/logo\/image\/"},"sameAs":["https:\/\/www.facebook.com\/profile.php?id=100088407094989&locale=fr_FR"]},{"@type":"Person","@id":"https:\/\/elmawkie.dz\/fr\/#\/schema\/person\/e7bd59d6467874ba5c4723d8a9f0a63c","name":"R\u00e9daction","image":{"@type":"ImageObject","inLanguage":"fr-FR","@id":"https:\/\/elmawkie.dz\/fr\/#\/schema\/person\/image\/","url":"https:\/\/secure.gravatar.com\/avatar\/f0f773456344da4d2788c054a3d30a0c?s=96&d=mm&r=g","contentUrl":"https:\/\/secure.gravatar.com\/avatar\/f0f773456344da4d2788c054a3d30a0c?s=96&d=mm&r=g","caption":"R\u00e9daction"},"url":"https:\/\/elmawkie.dz\/fr\/author\/redaction\/"}]}},"_links":{"self":[{"href":"https:\/\/elmawkie.dz\/fr\/wp-json\/wp\/v2\/posts\/50050","targetHints":{"allow":["GET"]}}],"collection":[{"href":"https:\/\/elmawkie.dz\/fr\/wp-json\/wp\/v2\/posts"}],"about":[{"href":"https:\/\/elmawkie.dz\/fr\/wp-json\/wp\/v2\/types\/post"}],"author":[{"embeddable":true,"href":"https:\/\/elmawkie.dz\/fr\/wp-json\/wp\/v2\/users\/9"}],"replies":[{"embeddable":true,"href":"https:\/\/elmawkie.dz\/fr\/wp-json\/wp\/v2\/comments?post=50050"}],"version-history":[{"count":1,"href":"https:\/\/elmawkie.dz\/fr\/wp-json\/wp\/v2\/posts\/50050\/revisions"}],"predecessor-version":[{"id":50053,"href":"https:\/\/elmawkie.dz\/fr\/wp-json\/wp\/v2\/posts\/50050\/revisions\/50053"}],"wp:featuredmedia":[{"embeddable":true,"href":"https:\/\/elmawkie.dz\/fr\/wp-json\/wp\/v2\/media\/50052"}],"wp:attachment":[{"href":"https:\/\/elmawkie.dz\/fr\/wp-json\/wp\/v2\/media?parent=50050"}],"wp:term":[{"taxonomy":"category","embeddable":true,"href":"https:\/\/elmawkie.dz\/fr\/wp-json\/wp\/v2\/categories?post=50050"},{"taxonomy":"post_tag","embeddable":true,"href":"https:\/\/elmawkie.dz\/fr\/wp-json\/wp\/v2\/tags?post=50050"}],"curies":[{"name":"wp","href":"https:\/\/api.w.org\/{rel}","templated":true}]}}