{"id":49676,"date":"2025-04-10T16:03:18","date_gmt":"2025-04-10T15:03:18","guid":{"rendered":"https:\/\/elmawkie.dz\/fr\/?p=49676"},"modified":"2025-04-10T16:03:18","modified_gmt":"2025-04-10T15:03:18","slug":"le-ministre-de-la-justice-declare-la-guerre-a-la-speculation-automobile-autour-du-fiat-doblo","status":"publish","type":"post","link":"https:\/\/elmawkie.dz\/fr\/le-ministre-de-la-justice-declare-la-guerre-a-la-speculation-automobile-autour-du-fiat-doblo\/","title":{"rendered":"Le Ministre de la Justice d\u00e9clare la guerre \u00e0 la sp\u00e9culation automobile autour du FIAT Doblo"},"content":{"rendered":"\n<p>Dans une volont\u00e9 ferme de mettre fin aux d\u00e9rives sp\u00e9culatives dans le secteur automobile, le ministre de la Justice, garde des sceaux, Lotfi Boujemaa, a annonc\u00e9 ce jeudi une s\u00e9rie de mesures rigoureuses destin\u00e9es \u00e0 contrer les abus qui gangr\u00e8nent le march\u00e9, avec un focus particulier sur les v\u00e9hicules de la marque FIAT, notamment le tr\u00e8s pris\u00e9 mod\u00e8le Doblo.<\/p>\n\n\n\n<p>En effet, intervenant au Parlement lors d\u2019une s\u00e9ance de questions orales, le ministre a d\u00e9nonc\u00e9 les pratiques illicites de revente \u00e0 des prix exorbitants, orchestr\u00e9es par des r\u00e9seaux de sp\u00e9culateurs. Ces derniers ciblent principalement le FIAT Doblo, dont la demande a explos\u00e9 depuis l\u2019ouverture des commandes par FIAT Alg\u00e9rie.<\/p>\n\n\n\n<p>Le ministre a expliqu\u00e9 que so nd\u00e9partement frapepra d\u2019une main de fer tous ceux qui s\u2019adonnent \u00e0 la sp\u00e9culation automobile, en particulier autour du mod\u00e8le Doblo, tout en soulignant que ses services ont d\u00e9j\u00e0 \u00e9t\u00e9 instruits pour adresser une note officielle renfor\u00e7ant le dispositif de lutte contre ces pratiques frauduleuses.<\/p>\n\n\n\n<p>Cette d\u00e9claration intervient dans un contexte tendu o\u00f9 l\u2019euphorie suscit\u00e9e par la commercialisation du Doblo, assembl\u00e9 localement dans l\u2019usine de FIAT en Alg\u00e9rie, a rapidement vir\u00e9 \u00e0 l\u2019anarchie. D\u00e8s les premiers jours, des dizaines d\u2019annonces de revente sont apparues sur les plateformes en ligne, affichant des prix largement au-dessus de ceux pratiqu\u00e9s par le constructeur.<\/p>\n\n\n\n<p>Face \u00e0 cette flamb\u00e9e artificielle, les autorit\u00e9s entendent restaurer la transparence et l\u2019\u00e9quit\u00e9 dans l\u2019acc\u00e8s au v\u00e9hicule, et surtout prot\u00e9ger les consommateurs contre les abus de certains interm\u00e9diaires sans scrupules.<\/p>\n","protected":false},"excerpt":{"rendered":"<p>Dans une volont\u00e9 ferme de mettre fin aux d\u00e9rives sp\u00e9culatives dans le secteur automobile, le ministre de la Justice, garde des sceaux, Lotfi Boujemaa, a annonc\u00e9 ce jeudi une s\u00e9rie de mesures rigoureuses destin\u00e9es \u00e0 contrer les abus qui gangr\u00e8nent le march\u00e9, avec un focus particulier sur les v\u00e9hicules de la marque FIAT, notamment le &hellip;<\/p>\n","protected":false},"author":8,"featured_media":49679,"comment_status":"open","ping_status":"open","sticky":false,"template":"","format":"standard","meta":{"footnotes":""},"categories":[47],"tags":[3395,570,2382,3396],"class_list":["post-49676","post","type-post","status-publish","format-standard","has-post-thumbnail","hentry","category-national","tag-doblo","tag-lusine-fiat","tag-le-ministre-de-la-justice","tag-speculation"],"yoast_head":"<!-- This site is optimized with the Yoast SEO Premium plugin v22.6 (Yoast SEO v22.6) - https:\/\/yoast.com\/wordpress\/plugins\/seo\/ -->\n<title>Le Ministre de la Justice d\u00e9clare la guerre \u00e0 la sp\u00e9culation automobile autour du FIAT Doblo - El Mawkie<\/title>\n<meta name=\"robots\" content=\"index, follow, max-snippet:-1, max-image-preview:large, max-video-preview:-1\" \/>\n<link rel=\"canonical\" href=\"https:\/\/elmawkie.dz\/fr\/le-ministre-de-la-justice-declare-la-guerre-a-la-speculation-automobile-autour-du-fiat-doblo\/\" \/>\n<meta property=\"og:locale\" content=\"fr_FR\" \/>\n<meta property=\"og:type\" content=\"article\" \/>\n<meta property=\"og:title\" content=\"Le Ministre de la Justice d\u00e9clare la guerre \u00e0 la sp\u00e9culation automobile autour du FIAT Doblo\" \/>\n<meta property=\"og:description\" content=\"Dans une volont\u00e9 ferme de mettre fin aux d\u00e9rives sp\u00e9culatives dans le secteur automobile, le ministre de la Justice, garde des sceaux, Lotfi Boujemaa, a annonc\u00e9 ce jeudi une s\u00e9rie de mesures rigoureuses destin\u00e9es \u00e0 contrer les abus qui gangr\u00e8nent le march\u00e9, avec un focus particulier sur les v\u00e9hicules de la marque FIAT, notamment le &hellip;\" \/>\n<meta property=\"og:url\" content=\"https:\/\/elmawkie.dz\/fr\/le-ministre-de-la-justice-declare-la-guerre-a-la-speculation-automobile-autour-du-fiat-doblo\/\" \/>\n<meta property=\"og:site_name\" content=\"El Mawkie\" \/>\n<meta property=\"article:publisher\" content=\"https:\/\/www.facebook.com\/profile.php?id=100088407094989&amp;locale=fr_FR\" \/>\n<meta property=\"article:published_time\" content=\"2025-04-10T15:03:18+00:00\" \/>\n<meta property=\"og:image\" content=\"https:\/\/elmawkie.dz\/fr\/wp-content\/uploads\/2025\/04\/IMG_2857.jpeg\" \/>\n\t<meta property=\"og:image:width\" content=\"299\" \/>\n\t<meta property=\"og:image:height\" content=\"168\" \/>\n\t<meta property=\"og:image:type\" content=\"image\/jpeg\" \/>\n<meta name=\"author\" content=\"khayro\" \/>\n<meta name=\"twitter:card\" content=\"summary_large_image\" \/>\n<meta name=\"twitter:label1\" content=\"Written by\" \/>\n\t<meta name=\"twitter:data1\" content=\"khayro\" \/>\n\t<meta name=\"twitter:label2\" content=\"Est. reading time\" \/>\n\t<meta name=\"twitter:data2\" content=\"2 minutes\" \/>\n<script type=\"application\/ld+json\" class=\"yoast-schema-graph\">{\"@context\":\"https:\/\/schema.org\",\"@graph\":[{\"@type\":\"Article\",\"@id\":\"https:\/\/elmawkie.dz\/fr\/le-ministre-de-la-justice-declare-la-guerre-a-la-speculation-automobile-autour-du-fiat-doblo\/#article\",\"isPartOf\":{\"@id\":\"https:\/\/elmawkie.dz\/fr\/le-ministre-de-la-justice-declare-la-guerre-a-la-speculation-automobile-autour-du-fiat-doblo\/\"},\"author\":{\"name\":\"khayro\",\"@id\":\"https:\/\/elmawkie.dz\/fr\/#\/schema\/person\/15cb7eba76e08e2d2d0ad4b4c4fbb6cb\"},\"headline\":\"Le Ministre de la Justice d\u00e9clare la guerre \u00e0 la sp\u00e9culation automobile autour du FIAT Doblo\",\"datePublished\":\"2025-04-10T15:03:18+00:00\",\"dateModified\":\"2025-04-10T15:03:18+00:00\",\"mainEntityOfPage\":{\"@id\":\"https:\/\/elmawkie.dz\/fr\/le-ministre-de-la-justice-declare-la-guerre-a-la-speculation-automobile-autour-du-fiat-doblo\/\"},\"wordCount\":295,\"commentCount\":0,\"publisher\":{\"@id\":\"https:\/\/elmawkie.dz\/fr\/#organization\"},\"image\":{\"@id\":\"https:\/\/elmawkie.dz\/fr\/le-ministre-de-la-justice-declare-la-guerre-a-la-speculation-automobile-autour-du-fiat-doblo\/#primaryimage\"},\"thumbnailUrl\":\"https:\/\/elmawkie.dz\/fr\/wp-content\/uploads\/2025\/04\/IMG_2857.jpeg\",\"keywords\":[\"Doblo\",\"l\u2019usine Fiat\",\"Le ministre de la Justice\",\"sp\u00e9culation\"],\"articleSection\":[\"National\"],\"inLanguage\":\"fr-FR\",\"potentialAction\":[{\"@type\":\"CommentAction\",\"name\":\"Comment\",\"target\":[\"https:\/\/elmawkie.dz\/fr\/le-ministre-de-la-justice-declare-la-guerre-a-la-speculation-automobile-autour-du-fiat-doblo\/#respond\"]}]},{\"@type\":\"WebPage\",\"@id\":\"https:\/\/elmawkie.dz\/fr\/le-ministre-de-la-justice-declare-la-guerre-a-la-speculation-automobile-autour-du-fiat-doblo\/\",\"url\":\"https:\/\/elmawkie.dz\/fr\/le-ministre-de-la-justice-declare-la-guerre-a-la-speculation-automobile-autour-du-fiat-doblo\/\",\"name\":\"Le Ministre de la Justice d\u00e9clare la guerre \u00e0 la sp\u00e9culation automobile autour du FIAT Doblo - El Mawkie\",\"isPartOf\":{\"@id\":\"https:\/\/elmawkie.dz\/fr\/#website\"},\"primaryImageOfPage\":{\"@id\":\"https:\/\/elmawkie.dz\/fr\/le-ministre-de-la-justice-declare-la-guerre-a-la-speculation-automobile-autour-du-fiat-doblo\/#primaryimage\"},\"image\":{\"@id\":\"https:\/\/elmawkie.dz\/fr\/le-ministre-de-la-justice-declare-la-guerre-a-la-speculation-automobile-autour-du-fiat-doblo\/#primaryimage\"},\"thumbnailUrl\":\"https:\/\/elmawkie.dz\/fr\/wp-content\/uploads\/2025\/04\/IMG_2857.jpeg\",\"datePublished\":\"2025-04-10T15:03:18+00:00\",\"dateModified\":\"2025-04-10T15:03:18+00:00\",\"breadcrumb\":{\"@id\":\"https:\/\/elmawkie.dz\/fr\/le-ministre-de-la-justice-declare-la-guerre-a-la-speculation-automobile-autour-du-fiat-doblo\/#breadcrumb\"},\"inLanguage\":\"fr-FR\",\"potentialAction\":[{\"@type\":\"ReadAction\",\"target\":[\"https:\/\/elmawkie.dz\/fr\/le-ministre-de-la-justice-declare-la-guerre-a-la-speculation-automobile-autour-du-fiat-doblo\/\"]}]},{\"@type\":\"ImageObject\",\"inLanguage\":\"fr-FR\",\"@id\":\"https:\/\/elmawkie.dz\/fr\/le-ministre-de-la-justice-declare-la-guerre-a-la-speculation-automobile-autour-du-fiat-doblo\/#primaryimage\",\"url\":\"https:\/\/elmawkie.dz\/fr\/wp-content\/uploads\/2025\/04\/IMG_2857.jpeg\",\"contentUrl\":\"https:\/\/elmawkie.dz\/fr\/wp-content\/uploads\/2025\/04\/IMG_2857.jpeg\",\"width\":299,\"height\":168},{\"@type\":\"BreadcrumbList\",\"@id\":\"https:\/\/elmawkie.dz\/fr\/le-ministre-de-la-justice-declare-la-guerre-a-la-speculation-automobile-autour-du-fiat-doblo\/#breadcrumb\",\"itemListElement\":[{\"@type\":\"ListItem\",\"position\":1,\"name\":\"Home\",\"item\":\"https:\/\/elmawkie.dz\/fr\/\"},{\"@type\":\"ListItem\",\"position\":2,\"name\":\"Le Ministre de la Justice d\u00e9clare la guerre \u00e0 la sp\u00e9culation automobile autour du FIAT Doblo\"}]},{\"@type\":\"WebSite\",\"@id\":\"https:\/\/elmawkie.dz\/fr\/#website\",\"url\":\"https:\/\/elmawkie.dz\/fr\/\",\"name\":\"EL MAWKIE\",\"description\":\"Journal \u00c9lectronique Alg\u00e9rien\",\"publisher\":{\"@id\":\"https:\/\/elmawkie.dz\/fr\/#organization\"},\"potentialAction\":[{\"@type\":\"SearchAction\",\"target\":{\"@type\":\"EntryPoint\",\"urlTemplate\":\"https:\/\/elmawkie.dz\/fr\/?s={search_term_string}\"},\"query-input\":\"required name=search_term_string\"}],\"inLanguage\":\"fr-FR\"},{\"@type\":\"Organization\",\"@id\":\"https:\/\/elmawkie.dz\/fr\/#organization\",\"name\":\"EL MAWKIE\",\"url\":\"https:\/\/elmawkie.dz\/fr\/\",\"logo\":{\"@type\":\"ImageObject\",\"inLanguage\":\"fr-FR\",\"@id\":\"https:\/\/elmawkie.dz\/fr\/#\/schema\/logo\/image\/\",\"url\":\"https:\/\/elmawkie.dz\/fr\/wp-content\/uploads\/2024\/05\/logo1.png\",\"contentUrl\":\"https:\/\/elmawkie.dz\/fr\/wp-content\/uploads\/2024\/05\/logo1.png\",\"width\":1648,\"height\":652,\"caption\":\"EL MAWKIE\"},\"image\":{\"@id\":\"https:\/\/elmawkie.dz\/fr\/#\/schema\/logo\/image\/\"},\"sameAs\":[\"https:\/\/www.facebook.com\/profile.php?id=100088407094989&locale=fr_FR\"]},{\"@type\":\"Person\",\"@id\":\"https:\/\/elmawkie.dz\/fr\/#\/schema\/person\/15cb7eba76e08e2d2d0ad4b4c4fbb6cb\",\"name\":\"khayro\",\"image\":{\"@type\":\"ImageObject\",\"inLanguage\":\"fr-FR\",\"@id\":\"https:\/\/elmawkie.dz\/fr\/#\/schema\/person\/image\/\",\"url\":\"https:\/\/secure.gravatar.com\/avatar\/5d609f726f02f77f0ff2a1483fc81992?s=96&d=mm&r=g\",\"contentUrl\":\"https:\/\/secure.gravatar.com\/avatar\/5d609f726f02f77f0ff2a1483fc81992?s=96&d=mm&r=g\",\"caption\":\"khayro\"},\"url\":\"https:\/\/elmawkie.dz\/fr\/author\/khayro\/\"}]}<\/script>\n<!-- \/ Yoast SEO Premium plugin. -->","yoast_head_json":{"title":"Le Ministre de la Justice d\u00e9clare la guerre \u00e0 la sp\u00e9culation automobile autour du FIAT Doblo - El Mawkie","robots":{"index":"index","follow":"follow","max-snippet":"max-snippet:-1","max-image-preview":"max-image-preview:large","max-video-preview":"max-video-preview:-1"},"canonical":"https:\/\/elmawkie.dz\/fr\/le-ministre-de-la-justice-declare-la-guerre-a-la-speculation-automobile-autour-du-fiat-doblo\/","og_locale":"fr_FR","og_type":"article","og_title":"Le Ministre de la Justice d\u00e9clare la guerre \u00e0 la sp\u00e9culation automobile autour du FIAT Doblo","og_description":"Dans une volont\u00e9 ferme de mettre fin aux d\u00e9rives sp\u00e9culatives dans le secteur automobile, le ministre de la Justice, garde des sceaux, Lotfi Boujemaa, a annonc\u00e9 ce jeudi une s\u00e9rie de mesures rigoureuses destin\u00e9es \u00e0 contrer les abus qui gangr\u00e8nent le march\u00e9, avec un focus particulier sur les v\u00e9hicules de la marque FIAT, notamment le &hellip;","og_url":"https:\/\/elmawkie.dz\/fr\/le-ministre-de-la-justice-declare-la-guerre-a-la-speculation-automobile-autour-du-fiat-doblo\/","og_site_name":"El Mawkie","article_publisher":"https:\/\/www.facebook.com\/profile.php?id=100088407094989&locale=fr_FR","article_published_time":"2025-04-10T15:03:18+00:00","og_image":[{"width":299,"height":168,"url":"https:\/\/elmawkie.dz\/fr\/wp-content\/uploads\/2025\/04\/IMG_2857.jpeg","type":"image\/jpeg"}],"author":"khayro","twitter_card":"summary_large_image","twitter_misc":{"Written by":"khayro","Est. reading time":"2 minutes"},"schema":{"@context":"https:\/\/schema.org","@graph":[{"@type":"Article","@id":"https:\/\/elmawkie.dz\/fr\/le-ministre-de-la-justice-declare-la-guerre-a-la-speculation-automobile-autour-du-fiat-doblo\/#article","isPartOf":{"@id":"https:\/\/elmawkie.dz\/fr\/le-ministre-de-la-justice-declare-la-guerre-a-la-speculation-automobile-autour-du-fiat-doblo\/"},"author":{"name":"khayro","@id":"https:\/\/elmawkie.dz\/fr\/#\/schema\/person\/15cb7eba76e08e2d2d0ad4b4c4fbb6cb"},"headline":"Le Ministre de la Justice d\u00e9clare la guerre \u00e0 la sp\u00e9culation automobile autour du FIAT Doblo","datePublished":"2025-04-10T15:03:18+00:00","dateModified":"2025-04-10T15:03:18+00:00","mainEntityOfPage":{"@id":"https:\/\/elmawkie.dz\/fr\/le-ministre-de-la-justice-declare-la-guerre-a-la-speculation-automobile-autour-du-fiat-doblo\/"},"wordCount":295,"commentCount":0,"publisher":{"@id":"https:\/\/elmawkie.dz\/fr\/#organization"},"image":{"@id":"https:\/\/elmawkie.dz\/fr\/le-ministre-de-la-justice-declare-la-guerre-a-la-speculation-automobile-autour-du-fiat-doblo\/#primaryimage"},"thumbnailUrl":"https:\/\/elmawkie.dz\/fr\/wp-content\/uploads\/2025\/04\/IMG_2857.jpeg","keywords":["Doblo","l\u2019usine Fiat","Le ministre de la Justice","sp\u00e9culation"],"articleSection":["National"],"inLanguage":"fr-FR","potentialAction":[{"@type":"CommentAction","name":"Comment","target":["https:\/\/elmawkie.dz\/fr\/le-ministre-de-la-justice-declare-la-guerre-a-la-speculation-automobile-autour-du-fiat-doblo\/#respond"]}]},{"@type":"WebPage","@id":"https:\/\/elmawkie.dz\/fr\/le-ministre-de-la-justice-declare-la-guerre-a-la-speculation-automobile-autour-du-fiat-doblo\/","url":"https:\/\/elmawkie.dz\/fr\/le-ministre-de-la-justice-declare-la-guerre-a-la-speculation-automobile-autour-du-fiat-doblo\/","name":"Le Ministre de la Justice d\u00e9clare la guerre \u00e0 la sp\u00e9culation automobile autour du FIAT Doblo - El Mawkie","isPartOf":{"@id":"https:\/\/elmawkie.dz\/fr\/#website"},"primaryImageOfPage":{"@id":"https:\/\/elmawkie.dz\/fr\/le-ministre-de-la-justice-declare-la-guerre-a-la-speculation-automobile-autour-du-fiat-doblo\/#primaryimage"},"image":{"@id":"https:\/\/elmawkie.dz\/fr\/le-ministre-de-la-justice-declare-la-guerre-a-la-speculation-automobile-autour-du-fiat-doblo\/#primaryimage"},"thumbnailUrl":"https:\/\/elmawkie.dz\/fr\/wp-content\/uploads\/2025\/04\/IMG_2857.jpeg","datePublished":"2025-04-10T15:03:18+00:00","dateModified":"2025-04-10T15:03:18+00:00","breadcrumb":{"@id":"https:\/\/elmawkie.dz\/fr\/le-ministre-de-la-justice-declare-la-guerre-a-la-speculation-automobile-autour-du-fiat-doblo\/#breadcrumb"},"inLanguage":"fr-FR","potentialAction":[{"@type":"ReadAction","target":["https:\/\/elmawkie.dz\/fr\/le-ministre-de-la-justice-declare-la-guerre-a-la-speculation-automobile-autour-du-fiat-doblo\/"]}]},{"@type":"ImageObject","inLanguage":"fr-FR","@id":"https:\/\/elmawkie.dz\/fr\/le-ministre-de-la-justice-declare-la-guerre-a-la-speculation-automobile-autour-du-fiat-doblo\/#primaryimage","url":"https:\/\/elmawkie.dz\/fr\/wp-content\/uploads\/2025\/04\/IMG_2857.jpeg","contentUrl":"https:\/\/elmawkie.dz\/fr\/wp-content\/uploads\/2025\/04\/IMG_2857.jpeg","width":299,"height":168},{"@type":"BreadcrumbList","@id":"https:\/\/elmawkie.dz\/fr\/le-ministre-de-la-justice-declare-la-guerre-a-la-speculation-automobile-autour-du-fiat-doblo\/#breadcrumb","itemListElement":[{"@type":"ListItem","position":1,"name":"Home","item":"https:\/\/elmawkie.dz\/fr\/"},{"@type":"ListItem","position":2,"name":"Le Ministre de la Justice d\u00e9clare la guerre \u00e0 la sp\u00e9culation automobile autour du FIAT Doblo"}]},{"@type":"WebSite","@id":"https:\/\/elmawkie.dz\/fr\/#website","url":"https:\/\/elmawkie.dz\/fr\/","name":"EL MAWKIE","description":"Journal \u00c9lectronique Alg\u00e9rien","publisher":{"@id":"https:\/\/elmawkie.dz\/fr\/#organization"},"potentialAction":[{"@type":"SearchAction","target":{"@type":"EntryPoint","urlTemplate":"https:\/\/elmawkie.dz\/fr\/?s={search_term_string}"},"query-input":"required name=search_term_string"}],"inLanguage":"fr-FR"},{"@type":"Organization","@id":"https:\/\/elmawkie.dz\/fr\/#organization","name":"EL MAWKIE","url":"https:\/\/elmawkie.dz\/fr\/","logo":{"@type":"ImageObject","inLanguage":"fr-FR","@id":"https:\/\/elmawkie.dz\/fr\/#\/schema\/logo\/image\/","url":"https:\/\/elmawkie.dz\/fr\/wp-content\/uploads\/2024\/05\/logo1.png","contentUrl":"https:\/\/elmawkie.dz\/fr\/wp-content\/uploads\/2024\/05\/logo1.png","width":1648,"height":652,"caption":"EL MAWKIE"},"image":{"@id":"https:\/\/elmawkie.dz\/fr\/#\/schema\/logo\/image\/"},"sameAs":["https:\/\/www.facebook.com\/profile.php?id=100088407094989&locale=fr_FR"]},{"@type":"Person","@id":"https:\/\/elmawkie.dz\/fr\/#\/schema\/person\/15cb7eba76e08e2d2d0ad4b4c4fbb6cb","name":"khayro","image":{"@type":"ImageObject","inLanguage":"fr-FR","@id":"https:\/\/elmawkie.dz\/fr\/#\/schema\/person\/image\/","url":"https:\/\/secure.gravatar.com\/avatar\/5d609f726f02f77f0ff2a1483fc81992?s=96&d=mm&r=g","contentUrl":"https:\/\/secure.gravatar.com\/avatar\/5d609f726f02f77f0ff2a1483fc81992?s=96&d=mm&r=g","caption":"khayro"},"url":"https:\/\/elmawkie.dz\/fr\/author\/khayro\/"}]}},"_links":{"self":[{"href":"https:\/\/elmawkie.dz\/fr\/wp-json\/wp\/v2\/posts\/49676","targetHints":{"allow":["GET"]}}],"collection":[{"href":"https:\/\/elmawkie.dz\/fr\/wp-json\/wp\/v2\/posts"}],"about":[{"href":"https:\/\/elmawkie.dz\/fr\/wp-json\/wp\/v2\/types\/post"}],"author":[{"embeddable":true,"href":"https:\/\/elmawkie.dz\/fr\/wp-json\/wp\/v2\/users\/8"}],"replies":[{"embeddable":true,"href":"https:\/\/elmawkie.dz\/fr\/wp-json\/wp\/v2\/comments?post=49676"}],"version-history":[{"count":1,"href":"https:\/\/elmawkie.dz\/fr\/wp-json\/wp\/v2\/posts\/49676\/revisions"}],"predecessor-version":[{"id":49678,"href":"https:\/\/elmawkie.dz\/fr\/wp-json\/wp\/v2\/posts\/49676\/revisions\/49678"}],"wp:featuredmedia":[{"embeddable":true,"href":"https:\/\/elmawkie.dz\/fr\/wp-json\/wp\/v2\/media\/49679"}],"wp:attachment":[{"href":"https:\/\/elmawkie.dz\/fr\/wp-json\/wp\/v2\/media?parent=49676"}],"wp:term":[{"taxonomy":"category","embeddable":true,"href":"https:\/\/elmawkie.dz\/fr\/wp-json\/wp\/v2\/categories?post=49676"},{"taxonomy":"post_tag","embeddable":true,"href":"https:\/\/elmawkie.dz\/fr\/wp-json\/wp\/v2\/tags?post=49676"}],"curies":[{"name":"wp","href":"https:\/\/api.w.org\/{rel}","templated":true}]}}