{"id":49669,"date":"2025-04-09T21:24:54","date_gmt":"2025-04-09T20:24:54","guid":{"rendered":"https:\/\/elmawkie.dz\/fr\/?p=49669"},"modified":"2025-04-09T21:24:54","modified_gmt":"2025-04-09T20:24:54","slug":"m-attaf-affirme-depuis-tunis-que-les-relations-algero-tunisiennes-vivent-leur-plus-belle-epoque","status":"publish","type":"post","link":"https:\/\/elmawkie.dz\/fr\/m-attaf-affirme-depuis-tunis-que-les-relations-algero-tunisiennes-vivent-leur-plus-belle-epoque\/","title":{"rendered":"M. Attaf affirme depuis Tunis que les relations alg\u00e9ro-tunisiennes vivent \u00ab\u00a0leur plus belle \u00e9poque\u00a0\u00bb"},"content":{"rendered":"\n<p>Le ministre d&rsquo;Etat, ministre des Affaires \u00e9trang\u00e8res, de la Communaut\u00e9 nationale \u00e0 l&rsquo;\u00e9tranger et des Affaires africaines, Ahmed Attaf a affirm\u00e9, mercredi \u00e0 Tunis, que les relations alg\u00e9ro-tunisiennes vivaient \u00ab\u00a0leur plus belle \u00e9poque\u00a0\u00bb, \u00e0 la faveur de l&rsquo;attention constante et particuli\u00e8re qui leur a \u00e9t\u00e9 accord\u00e9e par les deux dirigeants des deux pays, le pr\u00e9sident de la R\u00e9publique, M. Abdelmadjid Tebboune et son homologue tunisien, M. Kais Saied. Dans une d\u00e9claration \u00e0 l&rsquo;issue de l&rsquo;audience que lui a accord\u00e9e le Pr\u00e9sident Kais Saied, M. Attaf a affirm\u00e9 que sa visite officielle en Tunisie, en qualit\u00e9 d&rsquo;envoy\u00e9 sp\u00e9cial du pr\u00e9sident de la R\u00e9publique, \u00ab\u00a0s&rsquo;inscrit dans le cadre de la volont\u00e9 de consolider les traditions de concertation et de coordination bilat\u00e9rales, qui unissent depuis toujours les deux dirigeants de nos deux pays fr\u00e8res\u00a0\u00bb. \u00ab\u00a0Je crois sinc\u00e8rement que cette communication permanente repr\u00e9sente le caract\u00e8re privil\u00e9gi\u00e9 des relations alg\u00e9ro-tunisiennes, des relations qui lient un seul peuple des deux pays tel que affirm\u00e9 pr\u00e9c\u00e9demment par le Pr\u00e9sident Kais Saied\u00a0\u00bb, a-t-il dit. \u00ab\u00a0Je suis ravi d&rsquo;avoir \u00e9voquer aujourd&rsquo;hui avec le Pr\u00e9sident Ka\u00efs Sa\u00efed la dynamique caract\u00e9risant ces relations dans tous les domaines. Les relations alg\u00e9ro-tunisiennes vivent aujourd\u2019hui leur plus belle \u00e9poque, \u00e0 la faveur de l&rsquo;attention constante et particuli\u00e8re qui leur a \u00e9t\u00e9 accord\u00e9e par les deux dirigeants de nos deux pays fr\u00e8res\u00a0\u00bb, s&rsquo;est r\u00e9jouit M. Attaf. Le ministre a fait \u00e9tat de la tenue d&rsquo;une s\u00e9ance de travail avec son homologue, M. Mohamed Ali Nafti, \u00ab\u00a0pour \u00e9voquer tous les dossiers relatifs \u00e0 la coop\u00e9ration bilat\u00e9rale et examiner les moyens de mettre en \u0153uvre les hautes instructions relatives au renforcement des relations alg\u00e9ro-tunisiennes et \u00e0 la r\u00e9alisation davantage d&rsquo;acquis au mieux des int\u00e9r\u00eats de nos deux peuples fr\u00e8res\u00a0\u00bb. \u00ab\u00a0Nonobstant les relations alg\u00e9ro-tunisiennes, la situation aux niveaux r\u00e9gional, continental et international n&rsquo;augure rien de bon\u00a0\u00bb, a d\u00e9plor\u00e9 le ministre, et d&rsquo;ajouter :\u00a0\u00bble syst\u00e8me des relations internationales contemporaines, dans ses volets politique et \u00e9conomique, conna\u00eet un d\u00e9litement pr\u00e9occupant, devant le m\u00e9pris croissant des r\u00e8gles et lois internationales, la neutralisation du r\u00f4le des organisations internationales dont les Nations unies et les coups subis par le multilat\u00e9ralisme face \u00e0 la recrudescence de l&rsquo;unilat\u00e9ralisme, de la loi du plus fort et du non-droit\u00a0\u00bb. \u00ab\u00a0Face \u00e0 ces d\u00e9veloppements, le Moyen-Orient, \u00e0 l&rsquo;instar de notre continent africain, a \u00e9t\u00e9 et demeure la r\u00e9gion la plus durement touch\u00e9e. D&rsquo;ailleurs, la cause palestinienne traverse aujourd&rsquo;hui une p\u00e9riode critique dans son histoire et fait face \u00e0 un d\u00e9fi existentiel par excellence, o\u00f9 l&rsquo;on assiste \u00e0 des tentatives de liquider cette cause au lieu de chercher les moyens de la r\u00e9soudre conform\u00e9ment \u00e0 la l\u00e9galit\u00e9 internationale\u00a0\u00bb, a martel\u00e9 le ministre. Concernant la situation sur le continent africain, M. Attaf a soulign\u00e9 que cette r\u00e9gion \u00ab\u00a0est elle aussi en proie \u00e0 une r\u00e9gression pr\u00e9occupante \u00e0 tous les \u00e9gards, notamment sur les plans s\u00e9curitaire, politique et \u00e9conomique. Il suffit de rappeler le nombre inqui\u00e9tant des foyers de conflits, de crises et de guerres qui secouent tous les coins et recoins du continent, notamment dans la r\u00e9gion sahelo-saharienne\u00a0\u00bb. A la lumi\u00e8re de ces circonstances, la coordination alg\u00e9ro-tunisienne s&rsquo;impose comme une n\u00e9cessit\u00e9 absolue, a soutenu le ministre, affirmant que cette coordination n&rsquo;a jamais \u00e9t\u00e9 interrompue avec nos fr\u00e8res tunisiens, en t\u00e9moigne \u00ab\u00a0la convergence de nos positions tant en ce qui concerne la cause palestinienne que des d\u00e9veloppements de la situation dans notre voisinage r\u00e9gional et dans les espaces de notre appartenance commune\u00a0\u00bb.<\/p>\n","protected":false},"excerpt":{"rendered":"<p>Le ministre d&rsquo;Etat, ministre des Affaires \u00e9trang\u00e8res, de la Communaut\u00e9 nationale \u00e0 l&rsquo;\u00e9tranger et des Affaires africaines, Ahmed Attaf a affirm\u00e9, mercredi \u00e0 Tunis, que les relations alg\u00e9ro-tunisiennes vivaient \u00ab\u00a0leur plus belle \u00e9poque\u00a0\u00bb, \u00e0 la faveur de l&rsquo;attention constante et particuli\u00e8re qui leur a \u00e9t\u00e9 accord\u00e9e par les deux dirigeants des deux pays, le pr\u00e9sident &hellip;<\/p>\n","protected":false},"author":9,"featured_media":49671,"comment_status":"open","ping_status":"open","sticky":false,"template":"","format":"standard","meta":{"footnotes":""},"categories":[35,47],"tags":[213,88,1066,596,2209,3393],"class_list":["post-49669","post","type-post","status-publish","format-standard","has-post-thumbnail","hentry","category-diplomatie","category-national","tag-abdelmadjid-tebboune","tag-algerie","tag-kais-saied","tag-le-president-de-la-republique","tag-m-attaf-2","tag-tunis"],"yoast_head":"<!-- This site is optimized with the Yoast SEO Premium plugin v22.6 (Yoast SEO v22.6) - https:\/\/yoast.com\/wordpress\/plugins\/seo\/ -->\n<title>M. Attaf affirme depuis Tunis que les relations alg\u00e9ro-tunisiennes vivent &quot;leur plus belle \u00e9poque&quot; - El Mawkie<\/title>\n<meta name=\"robots\" content=\"index, follow, max-snippet:-1, max-image-preview:large, max-video-preview:-1\" \/>\n<link rel=\"canonical\" href=\"https:\/\/elmawkie.dz\/fr\/m-attaf-affirme-depuis-tunis-que-les-relations-algero-tunisiennes-vivent-leur-plus-belle-epoque\/\" \/>\n<meta property=\"og:locale\" content=\"fr_FR\" \/>\n<meta property=\"og:type\" content=\"article\" \/>\n<meta property=\"og:title\" content=\"M. Attaf affirme depuis Tunis que les relations alg\u00e9ro-tunisiennes vivent &quot;leur plus belle \u00e9poque&quot;\" \/>\n<meta property=\"og:description\" content=\"Le ministre d&rsquo;Etat, ministre des Affaires \u00e9trang\u00e8res, de la Communaut\u00e9 nationale \u00e0 l&rsquo;\u00e9tranger et des Affaires africaines, Ahmed Attaf a affirm\u00e9, mercredi \u00e0 Tunis, que les relations alg\u00e9ro-tunisiennes vivaient \u00ab\u00a0leur plus belle \u00e9poque\u00a0\u00bb, \u00e0 la faveur de l&rsquo;attention constante et particuli\u00e8re qui leur a \u00e9t\u00e9 accord\u00e9e par les deux dirigeants des deux pays, le pr\u00e9sident &hellip;\" \/>\n<meta property=\"og:url\" content=\"https:\/\/elmawkie.dz\/fr\/m-attaf-affirme-depuis-tunis-que-les-relations-algero-tunisiennes-vivent-leur-plus-belle-epoque\/\" \/>\n<meta property=\"og:site_name\" content=\"El Mawkie\" \/>\n<meta property=\"article:publisher\" content=\"https:\/\/www.facebook.com\/profile.php?id=100088407094989&amp;locale=fr_FR\" \/>\n<meta property=\"article:published_time\" content=\"2025-04-09T20:24:54+00:00\" \/>\n<meta property=\"og:image\" content=\"https:\/\/elmawkie.dz\/fr\/wp-content\/uploads\/2025\/04\/IMG_2827.jpeg\" \/>\n\t<meta property=\"og:image:width\" content=\"1090\" \/>\n\t<meta property=\"og:image:height\" content=\"595\" \/>\n\t<meta property=\"og:image:type\" content=\"image\/jpeg\" \/>\n<meta name=\"author\" content=\"R\u00e9daction\" \/>\n<meta name=\"twitter:card\" content=\"summary_large_image\" \/>\n<meta name=\"twitter:label1\" content=\"Written by\" \/>\n\t<meta name=\"twitter:data1\" content=\"R\u00e9daction\" \/>\n\t<meta name=\"twitter:label2\" content=\"Est. reading time\" \/>\n\t<meta name=\"twitter:data2\" content=\"4 minutes\" \/>\n<script type=\"application\/ld+json\" class=\"yoast-schema-graph\">{\"@context\":\"https:\/\/schema.org\",\"@graph\":[{\"@type\":\"Article\",\"@id\":\"https:\/\/elmawkie.dz\/fr\/m-attaf-affirme-depuis-tunis-que-les-relations-algero-tunisiennes-vivent-leur-plus-belle-epoque\/#article\",\"isPartOf\":{\"@id\":\"https:\/\/elmawkie.dz\/fr\/m-attaf-affirme-depuis-tunis-que-les-relations-algero-tunisiennes-vivent-leur-plus-belle-epoque\/\"},\"author\":{\"name\":\"R\u00e9daction\",\"@id\":\"https:\/\/elmawkie.dz\/fr\/#\/schema\/person\/e7bd59d6467874ba5c4723d8a9f0a63c\"},\"headline\":\"M. Attaf affirme depuis Tunis que les relations alg\u00e9ro-tunisiennes vivent \u00ab\u00a0leur plus belle \u00e9poque\u00a0\u00bb\",\"datePublished\":\"2025-04-09T20:24:54+00:00\",\"dateModified\":\"2025-04-09T20:24:54+00:00\",\"mainEntityOfPage\":{\"@id\":\"https:\/\/elmawkie.dz\/fr\/m-attaf-affirme-depuis-tunis-que-les-relations-algero-tunisiennes-vivent-leur-plus-belle-epoque\/\"},\"wordCount\":656,\"commentCount\":0,\"publisher\":{\"@id\":\"https:\/\/elmawkie.dz\/fr\/#organization\"},\"image\":{\"@id\":\"https:\/\/elmawkie.dz\/fr\/m-attaf-affirme-depuis-tunis-que-les-relations-algero-tunisiennes-vivent-leur-plus-belle-epoque\/#primaryimage\"},\"thumbnailUrl\":\"https:\/\/elmawkie.dz\/fr\/wp-content\/uploads\/2025\/04\/IMG_2827.jpeg\",\"keywords\":[\"Abdelmadjid Tebboune\",\"Alg\u00e9rie\",\"Ka\u00efs Sa\u00efed\",\"le pr\u00e9sident de la R\u00e9publique\",\"M.Attaf\",\"Tunis\"],\"articleSection\":[\"Diplomatie\",\"National\"],\"inLanguage\":\"fr-FR\",\"potentialAction\":[{\"@type\":\"CommentAction\",\"name\":\"Comment\",\"target\":[\"https:\/\/elmawkie.dz\/fr\/m-attaf-affirme-depuis-tunis-que-les-relations-algero-tunisiennes-vivent-leur-plus-belle-epoque\/#respond\"]}]},{\"@type\":\"WebPage\",\"@id\":\"https:\/\/elmawkie.dz\/fr\/m-attaf-affirme-depuis-tunis-que-les-relations-algero-tunisiennes-vivent-leur-plus-belle-epoque\/\",\"url\":\"https:\/\/elmawkie.dz\/fr\/m-attaf-affirme-depuis-tunis-que-les-relations-algero-tunisiennes-vivent-leur-plus-belle-epoque\/\",\"name\":\"M. Attaf affirme depuis Tunis que les relations alg\u00e9ro-tunisiennes vivent \\\"leur plus belle \u00e9poque\\\" - El Mawkie\",\"isPartOf\":{\"@id\":\"https:\/\/elmawkie.dz\/fr\/#website\"},\"primaryImageOfPage\":{\"@id\":\"https:\/\/elmawkie.dz\/fr\/m-attaf-affirme-depuis-tunis-que-les-relations-algero-tunisiennes-vivent-leur-plus-belle-epoque\/#primaryimage\"},\"image\":{\"@id\":\"https:\/\/elmawkie.dz\/fr\/m-attaf-affirme-depuis-tunis-que-les-relations-algero-tunisiennes-vivent-leur-plus-belle-epoque\/#primaryimage\"},\"thumbnailUrl\":\"https:\/\/elmawkie.dz\/fr\/wp-content\/uploads\/2025\/04\/IMG_2827.jpeg\",\"datePublished\":\"2025-04-09T20:24:54+00:00\",\"dateModified\":\"2025-04-09T20:24:54+00:00\",\"breadcrumb\":{\"@id\":\"https:\/\/elmawkie.dz\/fr\/m-attaf-affirme-depuis-tunis-que-les-relations-algero-tunisiennes-vivent-leur-plus-belle-epoque\/#breadcrumb\"},\"inLanguage\":\"fr-FR\",\"potentialAction\":[{\"@type\":\"ReadAction\",\"target\":[\"https:\/\/elmawkie.dz\/fr\/m-attaf-affirme-depuis-tunis-que-les-relations-algero-tunisiennes-vivent-leur-plus-belle-epoque\/\"]}]},{\"@type\":\"ImageObject\",\"inLanguage\":\"fr-FR\",\"@id\":\"https:\/\/elmawkie.dz\/fr\/m-attaf-affirme-depuis-tunis-que-les-relations-algero-tunisiennes-vivent-leur-plus-belle-epoque\/#primaryimage\",\"url\":\"https:\/\/elmawkie.dz\/fr\/wp-content\/uploads\/2025\/04\/IMG_2827.jpeg\",\"contentUrl\":\"https:\/\/elmawkie.dz\/fr\/wp-content\/uploads\/2025\/04\/IMG_2827.jpeg\",\"width\":1090,\"height\":595},{\"@type\":\"BreadcrumbList\",\"@id\":\"https:\/\/elmawkie.dz\/fr\/m-attaf-affirme-depuis-tunis-que-les-relations-algero-tunisiennes-vivent-leur-plus-belle-epoque\/#breadcrumb\",\"itemListElement\":[{\"@type\":\"ListItem\",\"position\":1,\"name\":\"Home\",\"item\":\"https:\/\/elmawkie.dz\/fr\/\"},{\"@type\":\"ListItem\",\"position\":2,\"name\":\"M. Attaf affirme depuis Tunis que les relations alg\u00e9ro-tunisiennes vivent \u00ab\u00a0leur plus belle \u00e9poque\u00a0\u00bb\"}]},{\"@type\":\"WebSite\",\"@id\":\"https:\/\/elmawkie.dz\/fr\/#website\",\"url\":\"https:\/\/elmawkie.dz\/fr\/\",\"name\":\"EL MAWKIE\",\"description\":\"Journal \u00c9lectronique Alg\u00e9rien\",\"publisher\":{\"@id\":\"https:\/\/elmawkie.dz\/fr\/#organization\"},\"potentialAction\":[{\"@type\":\"SearchAction\",\"target\":{\"@type\":\"EntryPoint\",\"urlTemplate\":\"https:\/\/elmawkie.dz\/fr\/?s={search_term_string}\"},\"query-input\":\"required name=search_term_string\"}],\"inLanguage\":\"fr-FR\"},{\"@type\":\"Organization\",\"@id\":\"https:\/\/elmawkie.dz\/fr\/#organization\",\"name\":\"EL MAWKIE\",\"url\":\"https:\/\/elmawkie.dz\/fr\/\",\"logo\":{\"@type\":\"ImageObject\",\"inLanguage\":\"fr-FR\",\"@id\":\"https:\/\/elmawkie.dz\/fr\/#\/schema\/logo\/image\/\",\"url\":\"https:\/\/elmawkie.dz\/fr\/wp-content\/uploads\/2024\/05\/logo1.png\",\"contentUrl\":\"https:\/\/elmawkie.dz\/fr\/wp-content\/uploads\/2024\/05\/logo1.png\",\"width\":1648,\"height\":652,\"caption\":\"EL MAWKIE\"},\"image\":{\"@id\":\"https:\/\/elmawkie.dz\/fr\/#\/schema\/logo\/image\/\"},\"sameAs\":[\"https:\/\/www.facebook.com\/profile.php?id=100088407094989&locale=fr_FR\"]},{\"@type\":\"Person\",\"@id\":\"https:\/\/elmawkie.dz\/fr\/#\/schema\/person\/e7bd59d6467874ba5c4723d8a9f0a63c\",\"name\":\"R\u00e9daction\",\"image\":{\"@type\":\"ImageObject\",\"inLanguage\":\"fr-FR\",\"@id\":\"https:\/\/elmawkie.dz\/fr\/#\/schema\/person\/image\/\",\"url\":\"https:\/\/secure.gravatar.com\/avatar\/f0f773456344da4d2788c054a3d30a0c?s=96&d=mm&r=g\",\"contentUrl\":\"https:\/\/secure.gravatar.com\/avatar\/f0f773456344da4d2788c054a3d30a0c?s=96&d=mm&r=g\",\"caption\":\"R\u00e9daction\"},\"url\":\"https:\/\/elmawkie.dz\/fr\/author\/redaction\/\"}]}<\/script>\n<!-- \/ Yoast SEO Premium plugin. -->","yoast_head_json":{"title":"M. Attaf affirme depuis Tunis que les relations alg\u00e9ro-tunisiennes vivent \"leur plus belle \u00e9poque\" - El Mawkie","robots":{"index":"index","follow":"follow","max-snippet":"max-snippet:-1","max-image-preview":"max-image-preview:large","max-video-preview":"max-video-preview:-1"},"canonical":"https:\/\/elmawkie.dz\/fr\/m-attaf-affirme-depuis-tunis-que-les-relations-algero-tunisiennes-vivent-leur-plus-belle-epoque\/","og_locale":"fr_FR","og_type":"article","og_title":"M. Attaf affirme depuis Tunis que les relations alg\u00e9ro-tunisiennes vivent \"leur plus belle \u00e9poque\"","og_description":"Le ministre d&rsquo;Etat, ministre des Affaires \u00e9trang\u00e8res, de la Communaut\u00e9 nationale \u00e0 l&rsquo;\u00e9tranger et des Affaires africaines, Ahmed Attaf a affirm\u00e9, mercredi \u00e0 Tunis, que les relations alg\u00e9ro-tunisiennes vivaient \u00ab\u00a0leur plus belle \u00e9poque\u00a0\u00bb, \u00e0 la faveur de l&rsquo;attention constante et particuli\u00e8re qui leur a \u00e9t\u00e9 accord\u00e9e par les deux dirigeants des deux pays, le pr\u00e9sident &hellip;","og_url":"https:\/\/elmawkie.dz\/fr\/m-attaf-affirme-depuis-tunis-que-les-relations-algero-tunisiennes-vivent-leur-plus-belle-epoque\/","og_site_name":"El Mawkie","article_publisher":"https:\/\/www.facebook.com\/profile.php?id=100088407094989&locale=fr_FR","article_published_time":"2025-04-09T20:24:54+00:00","og_image":[{"width":1090,"height":595,"url":"https:\/\/elmawkie.dz\/fr\/wp-content\/uploads\/2025\/04\/IMG_2827.jpeg","type":"image\/jpeg"}],"author":"R\u00e9daction","twitter_card":"summary_large_image","twitter_misc":{"Written by":"R\u00e9daction","Est. reading time":"4 minutes"},"schema":{"@context":"https:\/\/schema.org","@graph":[{"@type":"Article","@id":"https:\/\/elmawkie.dz\/fr\/m-attaf-affirme-depuis-tunis-que-les-relations-algero-tunisiennes-vivent-leur-plus-belle-epoque\/#article","isPartOf":{"@id":"https:\/\/elmawkie.dz\/fr\/m-attaf-affirme-depuis-tunis-que-les-relations-algero-tunisiennes-vivent-leur-plus-belle-epoque\/"},"author":{"name":"R\u00e9daction","@id":"https:\/\/elmawkie.dz\/fr\/#\/schema\/person\/e7bd59d6467874ba5c4723d8a9f0a63c"},"headline":"M. Attaf affirme depuis Tunis que les relations alg\u00e9ro-tunisiennes vivent \u00ab\u00a0leur plus belle \u00e9poque\u00a0\u00bb","datePublished":"2025-04-09T20:24:54+00:00","dateModified":"2025-04-09T20:24:54+00:00","mainEntityOfPage":{"@id":"https:\/\/elmawkie.dz\/fr\/m-attaf-affirme-depuis-tunis-que-les-relations-algero-tunisiennes-vivent-leur-plus-belle-epoque\/"},"wordCount":656,"commentCount":0,"publisher":{"@id":"https:\/\/elmawkie.dz\/fr\/#organization"},"image":{"@id":"https:\/\/elmawkie.dz\/fr\/m-attaf-affirme-depuis-tunis-que-les-relations-algero-tunisiennes-vivent-leur-plus-belle-epoque\/#primaryimage"},"thumbnailUrl":"https:\/\/elmawkie.dz\/fr\/wp-content\/uploads\/2025\/04\/IMG_2827.jpeg","keywords":["Abdelmadjid Tebboune","Alg\u00e9rie","Ka\u00efs Sa\u00efed","le pr\u00e9sident de la R\u00e9publique","M.Attaf","Tunis"],"articleSection":["Diplomatie","National"],"inLanguage":"fr-FR","potentialAction":[{"@type":"CommentAction","name":"Comment","target":["https:\/\/elmawkie.dz\/fr\/m-attaf-affirme-depuis-tunis-que-les-relations-algero-tunisiennes-vivent-leur-plus-belle-epoque\/#respond"]}]},{"@type":"WebPage","@id":"https:\/\/elmawkie.dz\/fr\/m-attaf-affirme-depuis-tunis-que-les-relations-algero-tunisiennes-vivent-leur-plus-belle-epoque\/","url":"https:\/\/elmawkie.dz\/fr\/m-attaf-affirme-depuis-tunis-que-les-relations-algero-tunisiennes-vivent-leur-plus-belle-epoque\/","name":"M. Attaf affirme depuis Tunis que les relations alg\u00e9ro-tunisiennes vivent \"leur plus belle \u00e9poque\" - El Mawkie","isPartOf":{"@id":"https:\/\/elmawkie.dz\/fr\/#website"},"primaryImageOfPage":{"@id":"https:\/\/elmawkie.dz\/fr\/m-attaf-affirme-depuis-tunis-que-les-relations-algero-tunisiennes-vivent-leur-plus-belle-epoque\/#primaryimage"},"image":{"@id":"https:\/\/elmawkie.dz\/fr\/m-attaf-affirme-depuis-tunis-que-les-relations-algero-tunisiennes-vivent-leur-plus-belle-epoque\/#primaryimage"},"thumbnailUrl":"https:\/\/elmawkie.dz\/fr\/wp-content\/uploads\/2025\/04\/IMG_2827.jpeg","datePublished":"2025-04-09T20:24:54+00:00","dateModified":"2025-04-09T20:24:54+00:00","breadcrumb":{"@id":"https:\/\/elmawkie.dz\/fr\/m-attaf-affirme-depuis-tunis-que-les-relations-algero-tunisiennes-vivent-leur-plus-belle-epoque\/#breadcrumb"},"inLanguage":"fr-FR","potentialAction":[{"@type":"ReadAction","target":["https:\/\/elmawkie.dz\/fr\/m-attaf-affirme-depuis-tunis-que-les-relations-algero-tunisiennes-vivent-leur-plus-belle-epoque\/"]}]},{"@type":"ImageObject","inLanguage":"fr-FR","@id":"https:\/\/elmawkie.dz\/fr\/m-attaf-affirme-depuis-tunis-que-les-relations-algero-tunisiennes-vivent-leur-plus-belle-epoque\/#primaryimage","url":"https:\/\/elmawkie.dz\/fr\/wp-content\/uploads\/2025\/04\/IMG_2827.jpeg","contentUrl":"https:\/\/elmawkie.dz\/fr\/wp-content\/uploads\/2025\/04\/IMG_2827.jpeg","width":1090,"height":595},{"@type":"BreadcrumbList","@id":"https:\/\/elmawkie.dz\/fr\/m-attaf-affirme-depuis-tunis-que-les-relations-algero-tunisiennes-vivent-leur-plus-belle-epoque\/#breadcrumb","itemListElement":[{"@type":"ListItem","position":1,"name":"Home","item":"https:\/\/elmawkie.dz\/fr\/"},{"@type":"ListItem","position":2,"name":"M. Attaf affirme depuis Tunis que les relations alg\u00e9ro-tunisiennes vivent \u00ab\u00a0leur plus belle \u00e9poque\u00a0\u00bb"}]},{"@type":"WebSite","@id":"https:\/\/elmawkie.dz\/fr\/#website","url":"https:\/\/elmawkie.dz\/fr\/","name":"EL MAWKIE","description":"Journal \u00c9lectronique Alg\u00e9rien","publisher":{"@id":"https:\/\/elmawkie.dz\/fr\/#organization"},"potentialAction":[{"@type":"SearchAction","target":{"@type":"EntryPoint","urlTemplate":"https:\/\/elmawkie.dz\/fr\/?s={search_term_string}"},"query-input":"required name=search_term_string"}],"inLanguage":"fr-FR"},{"@type":"Organization","@id":"https:\/\/elmawkie.dz\/fr\/#organization","name":"EL MAWKIE","url":"https:\/\/elmawkie.dz\/fr\/","logo":{"@type":"ImageObject","inLanguage":"fr-FR","@id":"https:\/\/elmawkie.dz\/fr\/#\/schema\/logo\/image\/","url":"https:\/\/elmawkie.dz\/fr\/wp-content\/uploads\/2024\/05\/logo1.png","contentUrl":"https:\/\/elmawkie.dz\/fr\/wp-content\/uploads\/2024\/05\/logo1.png","width":1648,"height":652,"caption":"EL MAWKIE"},"image":{"@id":"https:\/\/elmawkie.dz\/fr\/#\/schema\/logo\/image\/"},"sameAs":["https:\/\/www.facebook.com\/profile.php?id=100088407094989&locale=fr_FR"]},{"@type":"Person","@id":"https:\/\/elmawkie.dz\/fr\/#\/schema\/person\/e7bd59d6467874ba5c4723d8a9f0a63c","name":"R\u00e9daction","image":{"@type":"ImageObject","inLanguage":"fr-FR","@id":"https:\/\/elmawkie.dz\/fr\/#\/schema\/person\/image\/","url":"https:\/\/secure.gravatar.com\/avatar\/f0f773456344da4d2788c054a3d30a0c?s=96&d=mm&r=g","contentUrl":"https:\/\/secure.gravatar.com\/avatar\/f0f773456344da4d2788c054a3d30a0c?s=96&d=mm&r=g","caption":"R\u00e9daction"},"url":"https:\/\/elmawkie.dz\/fr\/author\/redaction\/"}]}},"_links":{"self":[{"href":"https:\/\/elmawkie.dz\/fr\/wp-json\/wp\/v2\/posts\/49669","targetHints":{"allow":["GET"]}}],"collection":[{"href":"https:\/\/elmawkie.dz\/fr\/wp-json\/wp\/v2\/posts"}],"about":[{"href":"https:\/\/elmawkie.dz\/fr\/wp-json\/wp\/v2\/types\/post"}],"author":[{"embeddable":true,"href":"https:\/\/elmawkie.dz\/fr\/wp-json\/wp\/v2\/users\/9"}],"replies":[{"embeddable":true,"href":"https:\/\/elmawkie.dz\/fr\/wp-json\/wp\/v2\/comments?post=49669"}],"version-history":[{"count":1,"href":"https:\/\/elmawkie.dz\/fr\/wp-json\/wp\/v2\/posts\/49669\/revisions"}],"predecessor-version":[{"id":49672,"href":"https:\/\/elmawkie.dz\/fr\/wp-json\/wp\/v2\/posts\/49669\/revisions\/49672"}],"wp:featuredmedia":[{"embeddable":true,"href":"https:\/\/elmawkie.dz\/fr\/wp-json\/wp\/v2\/media\/49671"}],"wp:attachment":[{"href":"https:\/\/elmawkie.dz\/fr\/wp-json\/wp\/v2\/media?parent=49669"}],"wp:term":[{"taxonomy":"category","embeddable":true,"href":"https:\/\/elmawkie.dz\/fr\/wp-json\/wp\/v2\/categories?post=49669"},{"taxonomy":"post_tag","embeddable":true,"href":"https:\/\/elmawkie.dz\/fr\/wp-json\/wp\/v2\/tags?post=49669"}],"curies":[{"name":"wp","href":"https:\/\/api.w.org\/{rel}","templated":true}]}}