{"id":49665,"date":"2025-04-09T21:18:13","date_gmt":"2025-04-09T20:18:13","guid":{"rendered":"https:\/\/elmawkie.dz\/fr\/?p=49665"},"modified":"2025-04-09T21:18:14","modified_gmt":"2025-04-09T20:18:14","slug":"championnats-arabes-des-cadets-lalgerie-sacree-par-equipes-garcons-et-filles","status":"publish","type":"post","link":"https:\/\/elmawkie.dz\/fr\/championnats-arabes-des-cadets-lalgerie-sacree-par-equipes-garcons-et-filles\/","title":{"rendered":"Championnats arabes des cadets : l&rsquo;Alg\u00e9rie sacr\u00e9e par \u00e9quipes Gar\u00e7ons et Filles"},"content":{"rendered":"\n<p>Les s\u00e9lections alg\u00e9riennes (cadets et cadettes) de judo, 24 heures seulement apr\u00e8s avoir domin\u00e9 les \u00e9preuves individuelles des championnats arabes 2025 actuellement en cours \u00e0 Amman (Jordanie), ont remport\u00e9 les \u00e9preuves par \u00e9quipes, en battant respectivement le Kowe\u00eft et le Maroc en finale. Apr\u00e8s un parcours exceptionnel, marqu\u00e9 par un sans-faute, les deux s\u00e9lections alg\u00e9riennes ont brillamment atteint la finale. Les cadets ont domin\u00e9 leurs homologues kowe\u00eftiens (4-1), alors que les cadettes ont domin\u00e9 les marocaines (3-2). Mardi, les s\u00e9lections alg\u00e9riennes avaient outrageusement domin\u00e9 les \u00e9preuves individuelles, glanant un total de 11 m\u00e9dailles : six en or, deux en argent et trois en bronze, ce qui leur a permis de terminer devant le Maroc (2e : 3 or et 2 argent), au moment o\u00f9 le Kowe\u00eft a compl\u00e9t\u00e9 le podium, avec 2 or, 4 argent et 1 bronze. Les six m\u00e9dailles d&rsquo;or alg\u00e9riennes ont \u00e9t\u00e9 l&rsquo;\u0153uvre de Larbi Addad (-55 kg), Mohamed Amine Dekouah (-60 kg), Oussama La\u00efb (-73 kg) et Sohe\u00efb Zitouni (-81 kg) chez les gar\u00e7ons, ainsi que Roufa\u00efda Bouseba\u00e2 (-44 kg) et Dounia Berrahouel (-57 kg) chez les filles. Les deux m\u00e9dailles d&rsquo;argent, elles, ont \u00e9t\u00e9 remport\u00e9es par Dounia Adda (-70 kg) et Ranim Cha\u00efbi (-52 kg), alors que les trois m\u00e9dailles en bronze ont \u00e9t\u00e9 l&rsquo;\u0153uvre d&rsquo;Alae-Eddine Sahraoui (-50 kg), Mohamed Sadek Laoued (-66 kg) et Merouane Mohamed Anis Bettahar (-90 kg). La comp\u00e9tition se d\u00e9roule du 6 au 11 avril courant, dans la capitale jordanienne Amman. Elle a drain\u00e9 la participation d&rsquo;un total de 450 athl\u00e8tes (gar\u00e7ons et filles), repr\u00e9sentant 17 pays arabes. L&rsquo;Alg\u00e9rie y \u00e9tait repr\u00e9sent\u00e9e par sept gar\u00e7ons et quatre filles, engag\u00e9s dans diff\u00e9rentes cat\u00e9gories de poids, sous la conduite de l&rsquo;entra\u00eeneur Asma Bela\u00efdouche.<\/p>\n","protected":false},"excerpt":{"rendered":"<p>Les s\u00e9lections alg\u00e9riennes (cadets et cadettes) de judo, 24 heures seulement apr\u00e8s avoir domin\u00e9 les \u00e9preuves individuelles des championnats arabes 2025 actuellement en cours \u00e0 Amman (Jordanie), ont remport\u00e9 les \u00e9preuves par \u00e9quipes, en battant respectivement le Kowe\u00eft et le Maroc en finale. Apr\u00e8s un parcours exceptionnel, marqu\u00e9 par un sans-faute, les deux s\u00e9lections alg\u00e9riennes &hellip;<\/p>\n","protected":false},"author":9,"featured_media":49667,"comment_status":"open","ping_status":"open","sticky":false,"template":"","format":"standard","meta":{"footnotes":""},"categories":[57],"tags":[],"class_list":["post-49665","post","type-post","status-publish","format-standard","has-post-thumbnail","hentry","category-sport"],"yoast_head":"<!-- This site is optimized with the Yoast SEO Premium plugin v22.6 (Yoast SEO v22.6) - https:\/\/yoast.com\/wordpress\/plugins\/seo\/ -->\n<title>Championnats arabes des cadets : l&#039;Alg\u00e9rie sacr\u00e9e par \u00e9quipes Gar\u00e7ons et Filles - El Mawkie<\/title>\n<meta name=\"robots\" content=\"index, follow, max-snippet:-1, max-image-preview:large, max-video-preview:-1\" \/>\n<link rel=\"canonical\" href=\"https:\/\/elmawkie.dz\/fr\/championnats-arabes-des-cadets-lalgerie-sacree-par-equipes-garcons-et-filles\/\" \/>\n<meta property=\"og:locale\" content=\"fr_FR\" \/>\n<meta property=\"og:type\" content=\"article\" \/>\n<meta property=\"og:title\" content=\"Championnats arabes des cadets : l&#039;Alg\u00e9rie sacr\u00e9e par \u00e9quipes Gar\u00e7ons et Filles\" \/>\n<meta property=\"og:description\" content=\"Les s\u00e9lections alg\u00e9riennes (cadets et cadettes) de judo, 24 heures seulement apr\u00e8s avoir domin\u00e9 les \u00e9preuves individuelles des championnats arabes 2025 actuellement en cours \u00e0 Amman (Jordanie), ont remport\u00e9 les \u00e9preuves par \u00e9quipes, en battant respectivement le Kowe\u00eft et le Maroc en finale. Apr\u00e8s un parcours exceptionnel, marqu\u00e9 par un sans-faute, les deux s\u00e9lections alg\u00e9riennes &hellip;\" \/>\n<meta property=\"og:url\" content=\"https:\/\/elmawkie.dz\/fr\/championnats-arabes-des-cadets-lalgerie-sacree-par-equipes-garcons-et-filles\/\" \/>\n<meta property=\"og:site_name\" content=\"El Mawkie\" \/>\n<meta property=\"article:publisher\" content=\"https:\/\/www.facebook.com\/profile.php?id=100088407094989&amp;locale=fr_FR\" \/>\n<meta property=\"article:published_time\" content=\"2025-04-09T20:18:13+00:00\" \/>\n<meta property=\"article:modified_time\" content=\"2025-04-09T20:18:14+00:00\" \/>\n<meta property=\"og:image\" content=\"https:\/\/elmawkie.dz\/fr\/wp-content\/uploads\/2025\/04\/IMG_2816.jpeg\" \/>\n\t<meta property=\"og:image:width\" content=\"1152\" \/>\n\t<meta property=\"og:image:height\" content=\"864\" \/>\n\t<meta property=\"og:image:type\" content=\"image\/jpeg\" \/>\n<meta name=\"author\" content=\"R\u00e9daction\" \/>\n<meta name=\"twitter:card\" content=\"summary_large_image\" \/>\n<meta name=\"twitter:label1\" content=\"Written by\" \/>\n\t<meta name=\"twitter:data1\" content=\"R\u00e9daction\" \/>\n\t<meta name=\"twitter:label2\" content=\"Est. reading time\" \/>\n\t<meta name=\"twitter:data2\" content=\"2 minutes\" \/>\n<script type=\"application\/ld+json\" class=\"yoast-schema-graph\">{\"@context\":\"https:\/\/schema.org\",\"@graph\":[{\"@type\":\"Article\",\"@id\":\"https:\/\/elmawkie.dz\/fr\/championnats-arabes-des-cadets-lalgerie-sacree-par-equipes-garcons-et-filles\/#article\",\"isPartOf\":{\"@id\":\"https:\/\/elmawkie.dz\/fr\/championnats-arabes-des-cadets-lalgerie-sacree-par-equipes-garcons-et-filles\/\"},\"author\":{\"name\":\"R\u00e9daction\",\"@id\":\"https:\/\/elmawkie.dz\/fr\/#\/schema\/person\/e7bd59d6467874ba5c4723d8a9f0a63c\"},\"headline\":\"Championnats arabes des cadets : l&rsquo;Alg\u00e9rie sacr\u00e9e par \u00e9quipes Gar\u00e7ons et Filles\",\"datePublished\":\"2025-04-09T20:18:13+00:00\",\"dateModified\":\"2025-04-09T20:18:14+00:00\",\"mainEntityOfPage\":{\"@id\":\"https:\/\/elmawkie.dz\/fr\/championnats-arabes-des-cadets-lalgerie-sacree-par-equipes-garcons-et-filles\/\"},\"wordCount\":326,\"commentCount\":0,\"publisher\":{\"@id\":\"https:\/\/elmawkie.dz\/fr\/#organization\"},\"image\":{\"@id\":\"https:\/\/elmawkie.dz\/fr\/championnats-arabes-des-cadets-lalgerie-sacree-par-equipes-garcons-et-filles\/#primaryimage\"},\"thumbnailUrl\":\"https:\/\/elmawkie.dz\/fr\/wp-content\/uploads\/2025\/04\/IMG_2816.jpeg\",\"articleSection\":[\"Sport\"],\"inLanguage\":\"fr-FR\",\"potentialAction\":[{\"@type\":\"CommentAction\",\"name\":\"Comment\",\"target\":[\"https:\/\/elmawkie.dz\/fr\/championnats-arabes-des-cadets-lalgerie-sacree-par-equipes-garcons-et-filles\/#respond\"]}]},{\"@type\":\"WebPage\",\"@id\":\"https:\/\/elmawkie.dz\/fr\/championnats-arabes-des-cadets-lalgerie-sacree-par-equipes-garcons-et-filles\/\",\"url\":\"https:\/\/elmawkie.dz\/fr\/championnats-arabes-des-cadets-lalgerie-sacree-par-equipes-garcons-et-filles\/\",\"name\":\"Championnats arabes des cadets : l'Alg\u00e9rie sacr\u00e9e par \u00e9quipes Gar\u00e7ons et Filles - El Mawkie\",\"isPartOf\":{\"@id\":\"https:\/\/elmawkie.dz\/fr\/#website\"},\"primaryImageOfPage\":{\"@id\":\"https:\/\/elmawkie.dz\/fr\/championnats-arabes-des-cadets-lalgerie-sacree-par-equipes-garcons-et-filles\/#primaryimage\"},\"image\":{\"@id\":\"https:\/\/elmawkie.dz\/fr\/championnats-arabes-des-cadets-lalgerie-sacree-par-equipes-garcons-et-filles\/#primaryimage\"},\"thumbnailUrl\":\"https:\/\/elmawkie.dz\/fr\/wp-content\/uploads\/2025\/04\/IMG_2816.jpeg\",\"datePublished\":\"2025-04-09T20:18:13+00:00\",\"dateModified\":\"2025-04-09T20:18:14+00:00\",\"breadcrumb\":{\"@id\":\"https:\/\/elmawkie.dz\/fr\/championnats-arabes-des-cadets-lalgerie-sacree-par-equipes-garcons-et-filles\/#breadcrumb\"},\"inLanguage\":\"fr-FR\",\"potentialAction\":[{\"@type\":\"ReadAction\",\"target\":[\"https:\/\/elmawkie.dz\/fr\/championnats-arabes-des-cadets-lalgerie-sacree-par-equipes-garcons-et-filles\/\"]}]},{\"@type\":\"ImageObject\",\"inLanguage\":\"fr-FR\",\"@id\":\"https:\/\/elmawkie.dz\/fr\/championnats-arabes-des-cadets-lalgerie-sacree-par-equipes-garcons-et-filles\/#primaryimage\",\"url\":\"https:\/\/elmawkie.dz\/fr\/wp-content\/uploads\/2025\/04\/IMG_2816.jpeg\",\"contentUrl\":\"https:\/\/elmawkie.dz\/fr\/wp-content\/uploads\/2025\/04\/IMG_2816.jpeg\",\"width\":1152,\"height\":864},{\"@type\":\"BreadcrumbList\",\"@id\":\"https:\/\/elmawkie.dz\/fr\/championnats-arabes-des-cadets-lalgerie-sacree-par-equipes-garcons-et-filles\/#breadcrumb\",\"itemListElement\":[{\"@type\":\"ListItem\",\"position\":1,\"name\":\"Home\",\"item\":\"https:\/\/elmawkie.dz\/fr\/\"},{\"@type\":\"ListItem\",\"position\":2,\"name\":\"Championnats arabes des cadets : l&rsquo;Alg\u00e9rie sacr\u00e9e par \u00e9quipes Gar\u00e7ons et Filles\"}]},{\"@type\":\"WebSite\",\"@id\":\"https:\/\/elmawkie.dz\/fr\/#website\",\"url\":\"https:\/\/elmawkie.dz\/fr\/\",\"name\":\"EL MAWKIE\",\"description\":\"Journal \u00c9lectronique Alg\u00e9rien\",\"publisher\":{\"@id\":\"https:\/\/elmawkie.dz\/fr\/#organization\"},\"potentialAction\":[{\"@type\":\"SearchAction\",\"target\":{\"@type\":\"EntryPoint\",\"urlTemplate\":\"https:\/\/elmawkie.dz\/fr\/?s={search_term_string}\"},\"query-input\":\"required name=search_term_string\"}],\"inLanguage\":\"fr-FR\"},{\"@type\":\"Organization\",\"@id\":\"https:\/\/elmawkie.dz\/fr\/#organization\",\"name\":\"EL MAWKIE\",\"url\":\"https:\/\/elmawkie.dz\/fr\/\",\"logo\":{\"@type\":\"ImageObject\",\"inLanguage\":\"fr-FR\",\"@id\":\"https:\/\/elmawkie.dz\/fr\/#\/schema\/logo\/image\/\",\"url\":\"https:\/\/elmawkie.dz\/fr\/wp-content\/uploads\/2024\/05\/logo1.png\",\"contentUrl\":\"https:\/\/elmawkie.dz\/fr\/wp-content\/uploads\/2024\/05\/logo1.png\",\"width\":1648,\"height\":652,\"caption\":\"EL MAWKIE\"},\"image\":{\"@id\":\"https:\/\/elmawkie.dz\/fr\/#\/schema\/logo\/image\/\"},\"sameAs\":[\"https:\/\/www.facebook.com\/profile.php?id=100088407094989&locale=fr_FR\"]},{\"@type\":\"Person\",\"@id\":\"https:\/\/elmawkie.dz\/fr\/#\/schema\/person\/e7bd59d6467874ba5c4723d8a9f0a63c\",\"name\":\"R\u00e9daction\",\"image\":{\"@type\":\"ImageObject\",\"inLanguage\":\"fr-FR\",\"@id\":\"https:\/\/elmawkie.dz\/fr\/#\/schema\/person\/image\/\",\"url\":\"https:\/\/secure.gravatar.com\/avatar\/f0f773456344da4d2788c054a3d30a0c?s=96&d=mm&r=g\",\"contentUrl\":\"https:\/\/secure.gravatar.com\/avatar\/f0f773456344da4d2788c054a3d30a0c?s=96&d=mm&r=g\",\"caption\":\"R\u00e9daction\"},\"url\":\"https:\/\/elmawkie.dz\/fr\/author\/redaction\/\"}]}<\/script>\n<!-- \/ Yoast SEO Premium plugin. -->","yoast_head_json":{"title":"Championnats arabes des cadets : l'Alg\u00e9rie sacr\u00e9e par \u00e9quipes Gar\u00e7ons et Filles - El Mawkie","robots":{"index":"index","follow":"follow","max-snippet":"max-snippet:-1","max-image-preview":"max-image-preview:large","max-video-preview":"max-video-preview:-1"},"canonical":"https:\/\/elmawkie.dz\/fr\/championnats-arabes-des-cadets-lalgerie-sacree-par-equipes-garcons-et-filles\/","og_locale":"fr_FR","og_type":"article","og_title":"Championnats arabes des cadets : l'Alg\u00e9rie sacr\u00e9e par \u00e9quipes Gar\u00e7ons et Filles","og_description":"Les s\u00e9lections alg\u00e9riennes (cadets et cadettes) de judo, 24 heures seulement apr\u00e8s avoir domin\u00e9 les \u00e9preuves individuelles des championnats arabes 2025 actuellement en cours \u00e0 Amman (Jordanie), ont remport\u00e9 les \u00e9preuves par \u00e9quipes, en battant respectivement le Kowe\u00eft et le Maroc en finale. Apr\u00e8s un parcours exceptionnel, marqu\u00e9 par un sans-faute, les deux s\u00e9lections alg\u00e9riennes &hellip;","og_url":"https:\/\/elmawkie.dz\/fr\/championnats-arabes-des-cadets-lalgerie-sacree-par-equipes-garcons-et-filles\/","og_site_name":"El Mawkie","article_publisher":"https:\/\/www.facebook.com\/profile.php?id=100088407094989&locale=fr_FR","article_published_time":"2025-04-09T20:18:13+00:00","article_modified_time":"2025-04-09T20:18:14+00:00","og_image":[{"width":1152,"height":864,"url":"https:\/\/elmawkie.dz\/fr\/wp-content\/uploads\/2025\/04\/IMG_2816.jpeg","type":"image\/jpeg"}],"author":"R\u00e9daction","twitter_card":"summary_large_image","twitter_misc":{"Written by":"R\u00e9daction","Est. reading time":"2 minutes"},"schema":{"@context":"https:\/\/schema.org","@graph":[{"@type":"Article","@id":"https:\/\/elmawkie.dz\/fr\/championnats-arabes-des-cadets-lalgerie-sacree-par-equipes-garcons-et-filles\/#article","isPartOf":{"@id":"https:\/\/elmawkie.dz\/fr\/championnats-arabes-des-cadets-lalgerie-sacree-par-equipes-garcons-et-filles\/"},"author":{"name":"R\u00e9daction","@id":"https:\/\/elmawkie.dz\/fr\/#\/schema\/person\/e7bd59d6467874ba5c4723d8a9f0a63c"},"headline":"Championnats arabes des cadets : l&rsquo;Alg\u00e9rie sacr\u00e9e par \u00e9quipes Gar\u00e7ons et Filles","datePublished":"2025-04-09T20:18:13+00:00","dateModified":"2025-04-09T20:18:14+00:00","mainEntityOfPage":{"@id":"https:\/\/elmawkie.dz\/fr\/championnats-arabes-des-cadets-lalgerie-sacree-par-equipes-garcons-et-filles\/"},"wordCount":326,"commentCount":0,"publisher":{"@id":"https:\/\/elmawkie.dz\/fr\/#organization"},"image":{"@id":"https:\/\/elmawkie.dz\/fr\/championnats-arabes-des-cadets-lalgerie-sacree-par-equipes-garcons-et-filles\/#primaryimage"},"thumbnailUrl":"https:\/\/elmawkie.dz\/fr\/wp-content\/uploads\/2025\/04\/IMG_2816.jpeg","articleSection":["Sport"],"inLanguage":"fr-FR","potentialAction":[{"@type":"CommentAction","name":"Comment","target":["https:\/\/elmawkie.dz\/fr\/championnats-arabes-des-cadets-lalgerie-sacree-par-equipes-garcons-et-filles\/#respond"]}]},{"@type":"WebPage","@id":"https:\/\/elmawkie.dz\/fr\/championnats-arabes-des-cadets-lalgerie-sacree-par-equipes-garcons-et-filles\/","url":"https:\/\/elmawkie.dz\/fr\/championnats-arabes-des-cadets-lalgerie-sacree-par-equipes-garcons-et-filles\/","name":"Championnats arabes des cadets : l'Alg\u00e9rie sacr\u00e9e par \u00e9quipes Gar\u00e7ons et Filles - El Mawkie","isPartOf":{"@id":"https:\/\/elmawkie.dz\/fr\/#website"},"primaryImageOfPage":{"@id":"https:\/\/elmawkie.dz\/fr\/championnats-arabes-des-cadets-lalgerie-sacree-par-equipes-garcons-et-filles\/#primaryimage"},"image":{"@id":"https:\/\/elmawkie.dz\/fr\/championnats-arabes-des-cadets-lalgerie-sacree-par-equipes-garcons-et-filles\/#primaryimage"},"thumbnailUrl":"https:\/\/elmawkie.dz\/fr\/wp-content\/uploads\/2025\/04\/IMG_2816.jpeg","datePublished":"2025-04-09T20:18:13+00:00","dateModified":"2025-04-09T20:18:14+00:00","breadcrumb":{"@id":"https:\/\/elmawkie.dz\/fr\/championnats-arabes-des-cadets-lalgerie-sacree-par-equipes-garcons-et-filles\/#breadcrumb"},"inLanguage":"fr-FR","potentialAction":[{"@type":"ReadAction","target":["https:\/\/elmawkie.dz\/fr\/championnats-arabes-des-cadets-lalgerie-sacree-par-equipes-garcons-et-filles\/"]}]},{"@type":"ImageObject","inLanguage":"fr-FR","@id":"https:\/\/elmawkie.dz\/fr\/championnats-arabes-des-cadets-lalgerie-sacree-par-equipes-garcons-et-filles\/#primaryimage","url":"https:\/\/elmawkie.dz\/fr\/wp-content\/uploads\/2025\/04\/IMG_2816.jpeg","contentUrl":"https:\/\/elmawkie.dz\/fr\/wp-content\/uploads\/2025\/04\/IMG_2816.jpeg","width":1152,"height":864},{"@type":"BreadcrumbList","@id":"https:\/\/elmawkie.dz\/fr\/championnats-arabes-des-cadets-lalgerie-sacree-par-equipes-garcons-et-filles\/#breadcrumb","itemListElement":[{"@type":"ListItem","position":1,"name":"Home","item":"https:\/\/elmawkie.dz\/fr\/"},{"@type":"ListItem","position":2,"name":"Championnats arabes des cadets : l&rsquo;Alg\u00e9rie sacr\u00e9e par \u00e9quipes Gar\u00e7ons et Filles"}]},{"@type":"WebSite","@id":"https:\/\/elmawkie.dz\/fr\/#website","url":"https:\/\/elmawkie.dz\/fr\/","name":"EL MAWKIE","description":"Journal \u00c9lectronique Alg\u00e9rien","publisher":{"@id":"https:\/\/elmawkie.dz\/fr\/#organization"},"potentialAction":[{"@type":"SearchAction","target":{"@type":"EntryPoint","urlTemplate":"https:\/\/elmawkie.dz\/fr\/?s={search_term_string}"},"query-input":"required name=search_term_string"}],"inLanguage":"fr-FR"},{"@type":"Organization","@id":"https:\/\/elmawkie.dz\/fr\/#organization","name":"EL MAWKIE","url":"https:\/\/elmawkie.dz\/fr\/","logo":{"@type":"ImageObject","inLanguage":"fr-FR","@id":"https:\/\/elmawkie.dz\/fr\/#\/schema\/logo\/image\/","url":"https:\/\/elmawkie.dz\/fr\/wp-content\/uploads\/2024\/05\/logo1.png","contentUrl":"https:\/\/elmawkie.dz\/fr\/wp-content\/uploads\/2024\/05\/logo1.png","width":1648,"height":652,"caption":"EL MAWKIE"},"image":{"@id":"https:\/\/elmawkie.dz\/fr\/#\/schema\/logo\/image\/"},"sameAs":["https:\/\/www.facebook.com\/profile.php?id=100088407094989&locale=fr_FR"]},{"@type":"Person","@id":"https:\/\/elmawkie.dz\/fr\/#\/schema\/person\/e7bd59d6467874ba5c4723d8a9f0a63c","name":"R\u00e9daction","image":{"@type":"ImageObject","inLanguage":"fr-FR","@id":"https:\/\/elmawkie.dz\/fr\/#\/schema\/person\/image\/","url":"https:\/\/secure.gravatar.com\/avatar\/f0f773456344da4d2788c054a3d30a0c?s=96&d=mm&r=g","contentUrl":"https:\/\/secure.gravatar.com\/avatar\/f0f773456344da4d2788c054a3d30a0c?s=96&d=mm&r=g","caption":"R\u00e9daction"},"url":"https:\/\/elmawkie.dz\/fr\/author\/redaction\/"}]}},"_links":{"self":[{"href":"https:\/\/elmawkie.dz\/fr\/wp-json\/wp\/v2\/posts\/49665","targetHints":{"allow":["GET"]}}],"collection":[{"href":"https:\/\/elmawkie.dz\/fr\/wp-json\/wp\/v2\/posts"}],"about":[{"href":"https:\/\/elmawkie.dz\/fr\/wp-json\/wp\/v2\/types\/post"}],"author":[{"embeddable":true,"href":"https:\/\/elmawkie.dz\/fr\/wp-json\/wp\/v2\/users\/9"}],"replies":[{"embeddable":true,"href":"https:\/\/elmawkie.dz\/fr\/wp-json\/wp\/v2\/comments?post=49665"}],"version-history":[{"count":1,"href":"https:\/\/elmawkie.dz\/fr\/wp-json\/wp\/v2\/posts\/49665\/revisions"}],"predecessor-version":[{"id":49668,"href":"https:\/\/elmawkie.dz\/fr\/wp-json\/wp\/v2\/posts\/49665\/revisions\/49668"}],"wp:featuredmedia":[{"embeddable":true,"href":"https:\/\/elmawkie.dz\/fr\/wp-json\/wp\/v2\/media\/49667"}],"wp:attachment":[{"href":"https:\/\/elmawkie.dz\/fr\/wp-json\/wp\/v2\/media?parent=49665"}],"wp:term":[{"taxonomy":"category","embeddable":true,"href":"https:\/\/elmawkie.dz\/fr\/wp-json\/wp\/v2\/categories?post=49665"},{"taxonomy":"post_tag","embeddable":true,"href":"https:\/\/elmawkie.dz\/fr\/wp-json\/wp\/v2\/tags?post=49665"}],"curies":[{"name":"wp","href":"https:\/\/api.w.org\/{rel}","templated":true}]}}