{"id":49618,"date":"2025-04-08T20:57:17","date_gmt":"2025-04-08T19:57:17","guid":{"rendered":"https:\/\/elmawkie.dz\/fr\/?p=49618"},"modified":"2025-04-08T20:57:18","modified_gmt":"2025-04-08T19:57:18","slug":"ministere-des-relations-avec-le-parlement-journee-detude-sur-la-dimension-academique-de-la-consultation-legislative","status":"publish","type":"post","link":"https:\/\/elmawkie.dz\/fr\/ministere-des-relations-avec-le-parlement-journee-detude-sur-la-dimension-academique-de-la-consultation-legislative\/","title":{"rendered":"Minist\u00e8re des Relations avec le Parlement : Journ\u00e9e d&rsquo;\u00e9tude sur la dimension acad\u00e9mique de la consultation l\u00e9gislative"},"content":{"rendered":"\n<p>Le minist\u00e8re des Relations avec le Parlement a organis\u00e9, mardi \u00e0 Alger, une Journ\u00e9e d&rsquo;\u00e9tude sur \u00ab\u00a0La dimension acad\u00e9mique de la consultation l\u00e9gislative\u00a0\u00bb lors de laquelle l&rsquo;accent a \u00e9t\u00e9 mis sur les efforts consentis pour consacrer les fondements de la d\u00e9mocratie participative dans le pays. A cette occasion, la ministre des Relations avec le Parlement, Kaouter Krikou, a pr\u00e9cis\u00e9 que cette Journ\u00e9e d&rsquo;\u00e9tude visait \u00e0 mettre en exergue \u00ab\u00a0les principales traditions\u00a0\u00bb instaur\u00e9es par le pr\u00e9sident de la R\u00e9publique, M. Abdelmadjid Tebboune, pour consacrer les fondements de la d\u00e9mocratie participative qu&rsquo;incarne l&rsquo;Alg\u00e9rie victorieuse. Elle a, dans ce cadre, rappel\u00e9 le discours du pr\u00e9sident de la R\u00e9publique devant les deux chambres du Parlement et ses rencontres p\u00e9riodiques avec la presse nationale, soulignant l&rsquo;int\u00e9r\u00eat qu&rsquo;il porte aux pr\u00e9occupations des citoyens qu&rsquo;il veille \u00e0 associer en tant que \u00ab\u00a0partie agissante\u00a0\u00bb. Pour la ministre, le Conseil sup\u00e9rieur de la jeunesse (CSJ) est \u00ab\u00a0un v\u00e9ritable mod\u00e8le\u00a0\u00bb qui incarne la d\u00e9marche visant \u00e0 associer les jeunes \u00e0 \u00ab\u00a0la prise de d\u00e9cisions sur les dossiers qui les concernent\u00a0\u00bb. Pour sa part, le ministre de la Communication, Mohamed Meziane, est revenu sur l&rsquo;importance de la d\u00e9mocratie participative dans \u00ab\u00a0l&rsquo;interaction avec les questions pos\u00e9es\u00a0\u00bb, pr\u00e9cisant que le pr\u00e9sident de la R\u00e9publique, depuis son investiture \u00e0 la magistrature supr\u00eame du pays, \u00ab\u00a0s&rsquo;est inspir\u00e9 des valeurs de la glorieuse R\u00e9volution du 1er Novembre, qu&rsquo;il a \u00e9rig\u00e9es en source d&rsquo;interaction entre gouvernant et gouvern\u00e9\u00a0\u00bb. M. Meziane a \u00e9galement mis en avant le r\u00f4le des m\u00e9dias dans \u00ab\u00a0l&rsquo;explication des lois et des l\u00e9gislations\u00a0\u00bb, ce qui favorise, a-t-il dit, la participation et l&rsquo;interaction des citoyens. Le ministre de la Jeunesse, charg\u00e9 du CSJ, Mustapha Hidaoui, a rappel\u00e9, quant \u00e0 lui, que le pr\u00e9sident de la R\u00e9publique avait instaur\u00e9 de \u00ab\u00a0nouvelles traditions en mati\u00e8re de gestion de la chose publique\u00a0\u00bb, mettant en avant le r\u00f4le des instances comme le Conseil sup\u00e9rieur de la jeunesse et l&rsquo;Observatoire national de la soci\u00e9t\u00e9 civile (ONSC) dans la cons\u00e9cration de la d\u00e9mocratie participative.<\/p>\n","protected":false},"excerpt":{"rendered":"<p>Le minist\u00e8re des Relations avec le Parlement a organis\u00e9, mardi \u00e0 Alger, une Journ\u00e9e d&rsquo;\u00e9tude sur \u00ab\u00a0La dimension acad\u00e9mique de la consultation l\u00e9gislative\u00a0\u00bb lors de laquelle l&rsquo;accent a \u00e9t\u00e9 mis sur les efforts consentis pour consacrer les fondements de la d\u00e9mocratie participative dans le pays. A cette occasion, la ministre des Relations avec le Parlement, &hellip;<\/p>\n","protected":false},"author":9,"featured_media":49620,"comment_status":"open","ping_status":"open","sticky":false,"template":"","format":"standard","meta":{"footnotes":""},"categories":[47],"tags":[1519,3382],"class_list":["post-49618","post","type-post","status-publish","format-standard","has-post-thumbnail","hentry","category-national","tag-journee-detude","tag-ministere-des-relations-avec-le-parlement"],"yoast_head":"<!-- This site is optimized with the Yoast SEO Premium plugin v22.6 (Yoast SEO v22.6) - https:\/\/yoast.com\/wordpress\/plugins\/seo\/ -->\n<title>Minist\u00e8re des Relations avec le Parlement : Journ\u00e9e d&#039;\u00e9tude sur la dimension acad\u00e9mique de la consultation l\u00e9gislative - El Mawkie<\/title>\n<meta name=\"robots\" content=\"index, follow, max-snippet:-1, max-image-preview:large, max-video-preview:-1\" \/>\n<link rel=\"canonical\" href=\"https:\/\/elmawkie.dz\/fr\/ministere-des-relations-avec-le-parlement-journee-detude-sur-la-dimension-academique-de-la-consultation-legislative\/\" \/>\n<meta property=\"og:locale\" content=\"fr_FR\" \/>\n<meta property=\"og:type\" content=\"article\" \/>\n<meta property=\"og:title\" content=\"Minist\u00e8re des Relations avec le Parlement : Journ\u00e9e d&#039;\u00e9tude sur la dimension acad\u00e9mique de la consultation l\u00e9gislative\" \/>\n<meta property=\"og:description\" content=\"Le minist\u00e8re des Relations avec le Parlement a organis\u00e9, mardi \u00e0 Alger, une Journ\u00e9e d&rsquo;\u00e9tude sur \u00ab\u00a0La dimension acad\u00e9mique de la consultation l\u00e9gislative\u00a0\u00bb lors de laquelle l&rsquo;accent a \u00e9t\u00e9 mis sur les efforts consentis pour consacrer les fondements de la d\u00e9mocratie participative dans le pays. A cette occasion, la ministre des Relations avec le Parlement, &hellip;\" \/>\n<meta property=\"og:url\" content=\"https:\/\/elmawkie.dz\/fr\/ministere-des-relations-avec-le-parlement-journee-detude-sur-la-dimension-academique-de-la-consultation-legislative\/\" \/>\n<meta property=\"og:site_name\" content=\"El Mawkie\" \/>\n<meta property=\"article:publisher\" content=\"https:\/\/www.facebook.com\/profile.php?id=100088407094989&amp;locale=fr_FR\" \/>\n<meta property=\"article:published_time\" content=\"2025-04-08T19:57:17+00:00\" \/>\n<meta property=\"article:modified_time\" content=\"2025-04-08T19:57:18+00:00\" \/>\n<meta property=\"og:image\" content=\"https:\/\/elmawkie.dz\/fr\/wp-content\/uploads\/2025\/04\/IMG_2744.jpeg\" \/>\n\t<meta property=\"og:image:width\" content=\"1280\" \/>\n\t<meta property=\"og:image:height\" content=\"853\" \/>\n\t<meta property=\"og:image:type\" content=\"image\/jpeg\" \/>\n<meta name=\"author\" content=\"R\u00e9daction\" \/>\n<meta name=\"twitter:card\" content=\"summary_large_image\" \/>\n<meta name=\"twitter:label1\" content=\"Written by\" \/>\n\t<meta name=\"twitter:data1\" content=\"R\u00e9daction\" \/>\n\t<meta name=\"twitter:label2\" content=\"Est. reading time\" \/>\n\t<meta name=\"twitter:data2\" content=\"2 minutes\" \/>\n<script type=\"application\/ld+json\" class=\"yoast-schema-graph\">{\"@context\":\"https:\/\/schema.org\",\"@graph\":[{\"@type\":\"Article\",\"@id\":\"https:\/\/elmawkie.dz\/fr\/ministere-des-relations-avec-le-parlement-journee-detude-sur-la-dimension-academique-de-la-consultation-legislative\/#article\",\"isPartOf\":{\"@id\":\"https:\/\/elmawkie.dz\/fr\/ministere-des-relations-avec-le-parlement-journee-detude-sur-la-dimension-academique-de-la-consultation-legislative\/\"},\"author\":{\"name\":\"R\u00e9daction\",\"@id\":\"https:\/\/elmawkie.dz\/fr\/#\/schema\/person\/e7bd59d6467874ba5c4723d8a9f0a63c\"},\"headline\":\"Minist\u00e8re des Relations avec le Parlement : Journ\u00e9e d&rsquo;\u00e9tude sur la dimension acad\u00e9mique de la consultation l\u00e9gislative\",\"datePublished\":\"2025-04-08T19:57:17+00:00\",\"dateModified\":\"2025-04-08T19:57:18+00:00\",\"mainEntityOfPage\":{\"@id\":\"https:\/\/elmawkie.dz\/fr\/ministere-des-relations-avec-le-parlement-journee-detude-sur-la-dimension-academique-de-la-consultation-legislative\/\"},\"wordCount\":395,\"commentCount\":0,\"publisher\":{\"@id\":\"https:\/\/elmawkie.dz\/fr\/#organization\"},\"image\":{\"@id\":\"https:\/\/elmawkie.dz\/fr\/ministere-des-relations-avec-le-parlement-journee-detude-sur-la-dimension-academique-de-la-consultation-legislative\/#primaryimage\"},\"thumbnailUrl\":\"https:\/\/elmawkie.dz\/fr\/wp-content\/uploads\/2025\/04\/IMG_2744.jpeg\",\"keywords\":[\"Journ\u00e9e d'\u00e9tude\",\"Minist\u00e8re des relations avec le parlement\"],\"articleSection\":[\"National\"],\"inLanguage\":\"fr-FR\",\"potentialAction\":[{\"@type\":\"CommentAction\",\"name\":\"Comment\",\"target\":[\"https:\/\/elmawkie.dz\/fr\/ministere-des-relations-avec-le-parlement-journee-detude-sur-la-dimension-academique-de-la-consultation-legislative\/#respond\"]}]},{\"@type\":\"WebPage\",\"@id\":\"https:\/\/elmawkie.dz\/fr\/ministere-des-relations-avec-le-parlement-journee-detude-sur-la-dimension-academique-de-la-consultation-legislative\/\",\"url\":\"https:\/\/elmawkie.dz\/fr\/ministere-des-relations-avec-le-parlement-journee-detude-sur-la-dimension-academique-de-la-consultation-legislative\/\",\"name\":\"Minist\u00e8re des Relations avec le Parlement : Journ\u00e9e d'\u00e9tude sur la dimension acad\u00e9mique de la consultation l\u00e9gislative - El Mawkie\",\"isPartOf\":{\"@id\":\"https:\/\/elmawkie.dz\/fr\/#website\"},\"primaryImageOfPage\":{\"@id\":\"https:\/\/elmawkie.dz\/fr\/ministere-des-relations-avec-le-parlement-journee-detude-sur-la-dimension-academique-de-la-consultation-legislative\/#primaryimage\"},\"image\":{\"@id\":\"https:\/\/elmawkie.dz\/fr\/ministere-des-relations-avec-le-parlement-journee-detude-sur-la-dimension-academique-de-la-consultation-legislative\/#primaryimage\"},\"thumbnailUrl\":\"https:\/\/elmawkie.dz\/fr\/wp-content\/uploads\/2025\/04\/IMG_2744.jpeg\",\"datePublished\":\"2025-04-08T19:57:17+00:00\",\"dateModified\":\"2025-04-08T19:57:18+00:00\",\"breadcrumb\":{\"@id\":\"https:\/\/elmawkie.dz\/fr\/ministere-des-relations-avec-le-parlement-journee-detude-sur-la-dimension-academique-de-la-consultation-legislative\/#breadcrumb\"},\"inLanguage\":\"fr-FR\",\"potentialAction\":[{\"@type\":\"ReadAction\",\"target\":[\"https:\/\/elmawkie.dz\/fr\/ministere-des-relations-avec-le-parlement-journee-detude-sur-la-dimension-academique-de-la-consultation-legislative\/\"]}]},{\"@type\":\"ImageObject\",\"inLanguage\":\"fr-FR\",\"@id\":\"https:\/\/elmawkie.dz\/fr\/ministere-des-relations-avec-le-parlement-journee-detude-sur-la-dimension-academique-de-la-consultation-legislative\/#primaryimage\",\"url\":\"https:\/\/elmawkie.dz\/fr\/wp-content\/uploads\/2025\/04\/IMG_2744.jpeg\",\"contentUrl\":\"https:\/\/elmawkie.dz\/fr\/wp-content\/uploads\/2025\/04\/IMG_2744.jpeg\",\"width\":1280,\"height\":853},{\"@type\":\"BreadcrumbList\",\"@id\":\"https:\/\/elmawkie.dz\/fr\/ministere-des-relations-avec-le-parlement-journee-detude-sur-la-dimension-academique-de-la-consultation-legislative\/#breadcrumb\",\"itemListElement\":[{\"@type\":\"ListItem\",\"position\":1,\"name\":\"Home\",\"item\":\"https:\/\/elmawkie.dz\/fr\/\"},{\"@type\":\"ListItem\",\"position\":2,\"name\":\"Minist\u00e8re des Relations avec le Parlement : Journ\u00e9e d&rsquo;\u00e9tude sur la dimension acad\u00e9mique de la consultation l\u00e9gislative\"}]},{\"@type\":\"WebSite\",\"@id\":\"https:\/\/elmawkie.dz\/fr\/#website\",\"url\":\"https:\/\/elmawkie.dz\/fr\/\",\"name\":\"EL MAWKIE\",\"description\":\"Journal \u00c9lectronique Alg\u00e9rien\",\"publisher\":{\"@id\":\"https:\/\/elmawkie.dz\/fr\/#organization\"},\"potentialAction\":[{\"@type\":\"SearchAction\",\"target\":{\"@type\":\"EntryPoint\",\"urlTemplate\":\"https:\/\/elmawkie.dz\/fr\/?s={search_term_string}\"},\"query-input\":\"required name=search_term_string\"}],\"inLanguage\":\"fr-FR\"},{\"@type\":\"Organization\",\"@id\":\"https:\/\/elmawkie.dz\/fr\/#organization\",\"name\":\"EL MAWKIE\",\"url\":\"https:\/\/elmawkie.dz\/fr\/\",\"logo\":{\"@type\":\"ImageObject\",\"inLanguage\":\"fr-FR\",\"@id\":\"https:\/\/elmawkie.dz\/fr\/#\/schema\/logo\/image\/\",\"url\":\"https:\/\/elmawkie.dz\/fr\/wp-content\/uploads\/2024\/05\/logo1.png\",\"contentUrl\":\"https:\/\/elmawkie.dz\/fr\/wp-content\/uploads\/2024\/05\/logo1.png\",\"width\":1648,\"height\":652,\"caption\":\"EL MAWKIE\"},\"image\":{\"@id\":\"https:\/\/elmawkie.dz\/fr\/#\/schema\/logo\/image\/\"},\"sameAs\":[\"https:\/\/www.facebook.com\/profile.php?id=100088407094989&locale=fr_FR\"]},{\"@type\":\"Person\",\"@id\":\"https:\/\/elmawkie.dz\/fr\/#\/schema\/person\/e7bd59d6467874ba5c4723d8a9f0a63c\",\"name\":\"R\u00e9daction\",\"image\":{\"@type\":\"ImageObject\",\"inLanguage\":\"fr-FR\",\"@id\":\"https:\/\/elmawkie.dz\/fr\/#\/schema\/person\/image\/\",\"url\":\"https:\/\/secure.gravatar.com\/avatar\/f0f773456344da4d2788c054a3d30a0c?s=96&d=mm&r=g\",\"contentUrl\":\"https:\/\/secure.gravatar.com\/avatar\/f0f773456344da4d2788c054a3d30a0c?s=96&d=mm&r=g\",\"caption\":\"R\u00e9daction\"},\"url\":\"https:\/\/elmawkie.dz\/fr\/author\/redaction\/\"}]}<\/script>\n<!-- \/ Yoast SEO Premium plugin. -->","yoast_head_json":{"title":"Minist\u00e8re des Relations avec le Parlement : Journ\u00e9e d'\u00e9tude sur la dimension acad\u00e9mique de la consultation l\u00e9gislative - El Mawkie","robots":{"index":"index","follow":"follow","max-snippet":"max-snippet:-1","max-image-preview":"max-image-preview:large","max-video-preview":"max-video-preview:-1"},"canonical":"https:\/\/elmawkie.dz\/fr\/ministere-des-relations-avec-le-parlement-journee-detude-sur-la-dimension-academique-de-la-consultation-legislative\/","og_locale":"fr_FR","og_type":"article","og_title":"Minist\u00e8re des Relations avec le Parlement : Journ\u00e9e d'\u00e9tude sur la dimension acad\u00e9mique de la consultation l\u00e9gislative","og_description":"Le minist\u00e8re des Relations avec le Parlement a organis\u00e9, mardi \u00e0 Alger, une Journ\u00e9e d&rsquo;\u00e9tude sur \u00ab\u00a0La dimension acad\u00e9mique de la consultation l\u00e9gislative\u00a0\u00bb lors de laquelle l&rsquo;accent a \u00e9t\u00e9 mis sur les efforts consentis pour consacrer les fondements de la d\u00e9mocratie participative dans le pays. A cette occasion, la ministre des Relations avec le Parlement, &hellip;","og_url":"https:\/\/elmawkie.dz\/fr\/ministere-des-relations-avec-le-parlement-journee-detude-sur-la-dimension-academique-de-la-consultation-legislative\/","og_site_name":"El Mawkie","article_publisher":"https:\/\/www.facebook.com\/profile.php?id=100088407094989&locale=fr_FR","article_published_time":"2025-04-08T19:57:17+00:00","article_modified_time":"2025-04-08T19:57:18+00:00","og_image":[{"width":1280,"height":853,"url":"https:\/\/elmawkie.dz\/fr\/wp-content\/uploads\/2025\/04\/IMG_2744.jpeg","type":"image\/jpeg"}],"author":"R\u00e9daction","twitter_card":"summary_large_image","twitter_misc":{"Written by":"R\u00e9daction","Est. reading time":"2 minutes"},"schema":{"@context":"https:\/\/schema.org","@graph":[{"@type":"Article","@id":"https:\/\/elmawkie.dz\/fr\/ministere-des-relations-avec-le-parlement-journee-detude-sur-la-dimension-academique-de-la-consultation-legislative\/#article","isPartOf":{"@id":"https:\/\/elmawkie.dz\/fr\/ministere-des-relations-avec-le-parlement-journee-detude-sur-la-dimension-academique-de-la-consultation-legislative\/"},"author":{"name":"R\u00e9daction","@id":"https:\/\/elmawkie.dz\/fr\/#\/schema\/person\/e7bd59d6467874ba5c4723d8a9f0a63c"},"headline":"Minist\u00e8re des Relations avec le Parlement : Journ\u00e9e d&rsquo;\u00e9tude sur la dimension acad\u00e9mique de la consultation l\u00e9gislative","datePublished":"2025-04-08T19:57:17+00:00","dateModified":"2025-04-08T19:57:18+00:00","mainEntityOfPage":{"@id":"https:\/\/elmawkie.dz\/fr\/ministere-des-relations-avec-le-parlement-journee-detude-sur-la-dimension-academique-de-la-consultation-legislative\/"},"wordCount":395,"commentCount":0,"publisher":{"@id":"https:\/\/elmawkie.dz\/fr\/#organization"},"image":{"@id":"https:\/\/elmawkie.dz\/fr\/ministere-des-relations-avec-le-parlement-journee-detude-sur-la-dimension-academique-de-la-consultation-legislative\/#primaryimage"},"thumbnailUrl":"https:\/\/elmawkie.dz\/fr\/wp-content\/uploads\/2025\/04\/IMG_2744.jpeg","keywords":["Journ\u00e9e d'\u00e9tude","Minist\u00e8re des relations avec le parlement"],"articleSection":["National"],"inLanguage":"fr-FR","potentialAction":[{"@type":"CommentAction","name":"Comment","target":["https:\/\/elmawkie.dz\/fr\/ministere-des-relations-avec-le-parlement-journee-detude-sur-la-dimension-academique-de-la-consultation-legislative\/#respond"]}]},{"@type":"WebPage","@id":"https:\/\/elmawkie.dz\/fr\/ministere-des-relations-avec-le-parlement-journee-detude-sur-la-dimension-academique-de-la-consultation-legislative\/","url":"https:\/\/elmawkie.dz\/fr\/ministere-des-relations-avec-le-parlement-journee-detude-sur-la-dimension-academique-de-la-consultation-legislative\/","name":"Minist\u00e8re des Relations avec le Parlement : Journ\u00e9e d'\u00e9tude sur la dimension acad\u00e9mique de la consultation l\u00e9gislative - El Mawkie","isPartOf":{"@id":"https:\/\/elmawkie.dz\/fr\/#website"},"primaryImageOfPage":{"@id":"https:\/\/elmawkie.dz\/fr\/ministere-des-relations-avec-le-parlement-journee-detude-sur-la-dimension-academique-de-la-consultation-legislative\/#primaryimage"},"image":{"@id":"https:\/\/elmawkie.dz\/fr\/ministere-des-relations-avec-le-parlement-journee-detude-sur-la-dimension-academique-de-la-consultation-legislative\/#primaryimage"},"thumbnailUrl":"https:\/\/elmawkie.dz\/fr\/wp-content\/uploads\/2025\/04\/IMG_2744.jpeg","datePublished":"2025-04-08T19:57:17+00:00","dateModified":"2025-04-08T19:57:18+00:00","breadcrumb":{"@id":"https:\/\/elmawkie.dz\/fr\/ministere-des-relations-avec-le-parlement-journee-detude-sur-la-dimension-academique-de-la-consultation-legislative\/#breadcrumb"},"inLanguage":"fr-FR","potentialAction":[{"@type":"ReadAction","target":["https:\/\/elmawkie.dz\/fr\/ministere-des-relations-avec-le-parlement-journee-detude-sur-la-dimension-academique-de-la-consultation-legislative\/"]}]},{"@type":"ImageObject","inLanguage":"fr-FR","@id":"https:\/\/elmawkie.dz\/fr\/ministere-des-relations-avec-le-parlement-journee-detude-sur-la-dimension-academique-de-la-consultation-legislative\/#primaryimage","url":"https:\/\/elmawkie.dz\/fr\/wp-content\/uploads\/2025\/04\/IMG_2744.jpeg","contentUrl":"https:\/\/elmawkie.dz\/fr\/wp-content\/uploads\/2025\/04\/IMG_2744.jpeg","width":1280,"height":853},{"@type":"BreadcrumbList","@id":"https:\/\/elmawkie.dz\/fr\/ministere-des-relations-avec-le-parlement-journee-detude-sur-la-dimension-academique-de-la-consultation-legislative\/#breadcrumb","itemListElement":[{"@type":"ListItem","position":1,"name":"Home","item":"https:\/\/elmawkie.dz\/fr\/"},{"@type":"ListItem","position":2,"name":"Minist\u00e8re des Relations avec le Parlement : Journ\u00e9e d&rsquo;\u00e9tude sur la dimension acad\u00e9mique de la consultation l\u00e9gislative"}]},{"@type":"WebSite","@id":"https:\/\/elmawkie.dz\/fr\/#website","url":"https:\/\/elmawkie.dz\/fr\/","name":"EL MAWKIE","description":"Journal \u00c9lectronique Alg\u00e9rien","publisher":{"@id":"https:\/\/elmawkie.dz\/fr\/#organization"},"potentialAction":[{"@type":"SearchAction","target":{"@type":"EntryPoint","urlTemplate":"https:\/\/elmawkie.dz\/fr\/?s={search_term_string}"},"query-input":"required name=search_term_string"}],"inLanguage":"fr-FR"},{"@type":"Organization","@id":"https:\/\/elmawkie.dz\/fr\/#organization","name":"EL MAWKIE","url":"https:\/\/elmawkie.dz\/fr\/","logo":{"@type":"ImageObject","inLanguage":"fr-FR","@id":"https:\/\/elmawkie.dz\/fr\/#\/schema\/logo\/image\/","url":"https:\/\/elmawkie.dz\/fr\/wp-content\/uploads\/2024\/05\/logo1.png","contentUrl":"https:\/\/elmawkie.dz\/fr\/wp-content\/uploads\/2024\/05\/logo1.png","width":1648,"height":652,"caption":"EL MAWKIE"},"image":{"@id":"https:\/\/elmawkie.dz\/fr\/#\/schema\/logo\/image\/"},"sameAs":["https:\/\/www.facebook.com\/profile.php?id=100088407094989&locale=fr_FR"]},{"@type":"Person","@id":"https:\/\/elmawkie.dz\/fr\/#\/schema\/person\/e7bd59d6467874ba5c4723d8a9f0a63c","name":"R\u00e9daction","image":{"@type":"ImageObject","inLanguage":"fr-FR","@id":"https:\/\/elmawkie.dz\/fr\/#\/schema\/person\/image\/","url":"https:\/\/secure.gravatar.com\/avatar\/f0f773456344da4d2788c054a3d30a0c?s=96&d=mm&r=g","contentUrl":"https:\/\/secure.gravatar.com\/avatar\/f0f773456344da4d2788c054a3d30a0c?s=96&d=mm&r=g","caption":"R\u00e9daction"},"url":"https:\/\/elmawkie.dz\/fr\/author\/redaction\/"}]}},"_links":{"self":[{"href":"https:\/\/elmawkie.dz\/fr\/wp-json\/wp\/v2\/posts\/49618","targetHints":{"allow":["GET"]}}],"collection":[{"href":"https:\/\/elmawkie.dz\/fr\/wp-json\/wp\/v2\/posts"}],"about":[{"href":"https:\/\/elmawkie.dz\/fr\/wp-json\/wp\/v2\/types\/post"}],"author":[{"embeddable":true,"href":"https:\/\/elmawkie.dz\/fr\/wp-json\/wp\/v2\/users\/9"}],"replies":[{"embeddable":true,"href":"https:\/\/elmawkie.dz\/fr\/wp-json\/wp\/v2\/comments?post=49618"}],"version-history":[{"count":1,"href":"https:\/\/elmawkie.dz\/fr\/wp-json\/wp\/v2\/posts\/49618\/revisions"}],"predecessor-version":[{"id":49621,"href":"https:\/\/elmawkie.dz\/fr\/wp-json\/wp\/v2\/posts\/49618\/revisions\/49621"}],"wp:featuredmedia":[{"embeddable":true,"href":"https:\/\/elmawkie.dz\/fr\/wp-json\/wp\/v2\/media\/49620"}],"wp:attachment":[{"href":"https:\/\/elmawkie.dz\/fr\/wp-json\/wp\/v2\/media?parent=49618"}],"wp:term":[{"taxonomy":"category","embeddable":true,"href":"https:\/\/elmawkie.dz\/fr\/wp-json\/wp\/v2\/categories?post=49618"},{"taxonomy":"post_tag","embeddable":true,"href":"https:\/\/elmawkie.dz\/fr\/wp-json\/wp\/v2\/tags?post=49618"}],"curies":[{"name":"wp","href":"https:\/\/api.w.org\/{rel}","templated":true}]}}