{"id":49527,"date":"2025-04-07T17:00:33","date_gmt":"2025-04-07T16:00:33","guid":{"rendered":"https:\/\/elmawkie.dz\/fr\/?p=49527"},"modified":"2025-04-07T17:00:33","modified_gmt":"2025-04-07T16:00:33","slug":"oran-journees-dinformation-sur-les-activites-de-la-direction-centrale-des-carburants-de-lanp","status":"publish","type":"post","link":"https:\/\/elmawkie.dz\/fr\/oran-journees-dinformation-sur-les-activites-de-la-direction-centrale-des-carburants-de-lanp\/","title":{"rendered":"Oran: Journ\u00e9es d&rsquo;information sur les activit\u00e9s de la Direction centrale des carburants de l\u2019ANP"},"content":{"rendered":"\n<p>Les Journ\u00e9es d&rsquo;information sur les activit\u00e9s de la Direction centrale des carburants de l&rsquo;Arm\u00e9e nationale populaire (ANP) ont d\u00e9but\u00e9, lundi, au Centre de communication r\u00e9gional \u00ab\u00a0Chahid Boubernas Mohamed\u00a0\u00bb \u00e0 Oran, dans la 2\u00e8me R\u00e9gion Militaire. La c\u00e9r\u00e9monie d&rsquo;ouverture de cet \u00e9v\u00e9nement, qui se poursuit jusqu&rsquo;au 12 du mois en cours, a \u00e9t\u00e9 pr\u00e9sid\u00e9e par le Commandant de la Logistique de la 2\u00e8me R\u00e9gion Militaire, le G\u00e9n\u00e9ral-Major Merabet Djema\u00ef, au nom du Commandant de la 2\u00e8me RM, en pr\u00e9sence d&rsquo;officiers et de cadres de l&rsquo;Arm\u00e9e Nationale Populaire, de journalistes et d&rsquo;\u00e9tudiants universitaires. Dans son discours, le G\u00e9n\u00e9ral-Major Merabet Djema\u00ef a soulign\u00e9 que cette manifestation \u00ab\u00a0s&rsquo;inscrit dans le cadre de la politique de communication et d&rsquo;ouverture adopt\u00e9e par le haut commandement de l&rsquo;Arm\u00e9e Nationale Populaire, visant \u00e0 renforcer l&rsquo;interaction et la communication entre l&rsquo;institution militaire et la soci\u00e9t\u00e9 civile, tout en la sensibilisant aux \u00e9volutions technologiques dans le domaine militaire et en mettant en lumi\u00e8re les opportunit\u00e9s professionnelles \u00e0 travers la pr\u00e9sentation des sp\u00e9cialit\u00e9s et de la formation au sein de l&rsquo;arm\u00e9e, offrant ainsi l&rsquo;opportunit\u00e9 aux jeunes d\u00e9sireux de rejoindre l&rsquo;institution militaire\u00a0\u00bb. Il a ajout\u00e9 que ces journ\u00e9es permettent de \u00ab\u00a0d\u00e9couvrir les missions confi\u00e9es \u00e0 la Direction centrale des Carburants du minist\u00e8re de la D\u00e9fense nationale, qui joue un r\u00f4le essentiel et central dans le soutien logistique des diff\u00e9rentes forces arm\u00e9es \u00e0 travers le pays, en assurant les nombreuses et diverses exigences et en approvisionnant les unit\u00e9s de la base de combat, en \u00e9tant consciente des d\u00e9fis et en oeuvrant pour relever les enjeux, notamment face \u00e0 la situation g\u00e9opolitique mondiale et r\u00e9gionale actuelle\u00a0\u00bb. Le G\u00e9n\u00e9ral-Major Merabet Djema\u00ef a \u00e9galement soulign\u00e9 que \u00ab\u00a0les guerres ont toujours \u00e9t\u00e9, et restent, des guerres d&rsquo;approvisionnement et de ressources, et la victoire revient uniquement \u00e0 ceux qui savent organiser ces ressources et comment les acheminer en temps voulu aux diff\u00e9rentes unit\u00e9s, tout en rationalisant leur gestion et en les pr\u00e9servant pour les utiliser avec comp\u00e9tence et rationalit\u00e9\u00a0\u00bb. Il a pr\u00e9cis\u00e9 que \u00ab\u00a0les unit\u00e9s de soutien en carburants sont comme des art\u00e8res qui alimentent la base de combat de l&rsquo;Arm\u00e9e nationale populaire et que la capacit\u00e9 d&rsquo;un soldat, son moral, son niveau psychologique et sa combativit\u00e9 d\u00e9pendent largement de l&rsquo;efficacit\u00e9 des r\u00e9seaux de soutien en ce carburant vital et de la fiabilit\u00e9 de ses performances\u00a0\u00bb. Durant cet \u00e9v\u00e9nement, l&rsquo;accent est mis sur les diff\u00e9rents \u00e9quipements p\u00e9troliers et une s\u00e9rie de mat\u00e9riels techniques et \u00e9lectroniques utilis\u00e9s au sein du Corps des Carburants de l&rsquo;ANP, tels que les r\u00e9servoirs souples, les stations de carburant de campagne et les \u00e9quipements de distribution portables, entre autres. Sont \u00e9galement expos\u00e9es les d\u00e9p\u00f4ts de carburant de terrain, les unit\u00e9s de production des mat\u00e9riaux pour la lutte contre les incendies, ainsi que les \u00e9quipements \u00e9lectroniques modernes utilis\u00e9s dans les domaines de la mesure, du contr\u00f4le et de la surveillance des produits p\u00e9troliers.<\/p>\n\n\n\n<figure class=\"wp-block-video\"><\/figure>\n\n\n","protected":false},"excerpt":{"rendered":"<p>Les Journ\u00e9es d&rsquo;information sur les activit\u00e9s de la Direction centrale des carburants de l&rsquo;Arm\u00e9e nationale populaire (ANP) ont d\u00e9but\u00e9, lundi, au Centre de communication r\u00e9gional \u00ab\u00a0Chahid Boubernas Mohamed\u00a0\u00bb \u00e0 Oran, dans la 2\u00e8me R\u00e9gion Militaire. La c\u00e9r\u00e9monie d&rsquo;ouverture de cet \u00e9v\u00e9nement, qui se poursuit jusqu&rsquo;au 12 du mois en cours, a \u00e9t\u00e9 pr\u00e9sid\u00e9e par le &hellip;<\/p>\n","protected":false},"author":9,"featured_media":49529,"comment_status":"open","ping_status":"open","sticky":false,"template":"","format":"standard","meta":{"footnotes":""},"categories":[50],"tags":[664,75],"class_list":["post-49527","post","type-post","status-publish","format-standard","has-post-thumbnail","hentry","category-region","tag-lanp","tag-oran"],"yoast_head":"<!-- This site is optimized with the Yoast SEO Premium plugin v22.6 (Yoast SEO v22.6) - https:\/\/yoast.com\/wordpress\/plugins\/seo\/ -->\n<title>Oran: Journ\u00e9es d&#039;information sur les activit\u00e9s de la Direction centrale des carburants de l\u2019ANP - El Mawkie<\/title>\n<meta name=\"robots\" content=\"index, follow, max-snippet:-1, max-image-preview:large, max-video-preview:-1\" \/>\n<link rel=\"canonical\" href=\"https:\/\/elmawkie.dz\/fr\/oran-journees-dinformation-sur-les-activites-de-la-direction-centrale-des-carburants-de-lanp\/\" \/>\n<meta property=\"og:locale\" content=\"fr_FR\" \/>\n<meta property=\"og:type\" content=\"article\" \/>\n<meta property=\"og:title\" content=\"Oran: Journ\u00e9es d&#039;information sur les activit\u00e9s de la Direction centrale des carburants de l\u2019ANP\" \/>\n<meta property=\"og:description\" content=\"Les Journ\u00e9es d&rsquo;information sur les activit\u00e9s de la Direction centrale des carburants de l&rsquo;Arm\u00e9e nationale populaire (ANP) ont d\u00e9but\u00e9, lundi, au Centre de communication r\u00e9gional \u00ab\u00a0Chahid Boubernas Mohamed\u00a0\u00bb \u00e0 Oran, dans la 2\u00e8me R\u00e9gion Militaire. La c\u00e9r\u00e9monie d&rsquo;ouverture de cet \u00e9v\u00e9nement, qui se poursuit jusqu&rsquo;au 12 du mois en cours, a \u00e9t\u00e9 pr\u00e9sid\u00e9e par le &hellip;\" \/>\n<meta property=\"og:url\" content=\"https:\/\/elmawkie.dz\/fr\/oran-journees-dinformation-sur-les-activites-de-la-direction-centrale-des-carburants-de-lanp\/\" \/>\n<meta property=\"og:site_name\" content=\"El Mawkie\" \/>\n<meta property=\"article:publisher\" content=\"https:\/\/www.facebook.com\/profile.php?id=100088407094989&amp;locale=fr_FR\" \/>\n<meta property=\"article:published_time\" content=\"2025-04-07T16:00:33+00:00\" \/>\n<meta property=\"og:image\" content=\"https:\/\/elmawkie.dz\/fr\/wp-content\/uploads\/2025\/04\/055a67b0-dd62-4d8a-bb35-6ba6b2bb758f.jpeg\" \/>\n\t<meta property=\"og:image:width\" content=\"848\" \/>\n\t<meta property=\"og:image:height\" content=\"371\" \/>\n\t<meta property=\"og:image:type\" content=\"image\/jpeg\" \/>\n<meta name=\"author\" content=\"R\u00e9daction\" \/>\n<meta name=\"twitter:card\" content=\"summary_large_image\" \/>\n<meta name=\"twitter:label1\" content=\"Written by\" \/>\n\t<meta name=\"twitter:data1\" content=\"R\u00e9daction\" \/>\n\t<meta name=\"twitter:label2\" content=\"Est. reading time\" \/>\n\t<meta name=\"twitter:data2\" content=\"3 minutes\" \/>\n<script type=\"application\/ld+json\" class=\"yoast-schema-graph\">{\"@context\":\"https:\/\/schema.org\",\"@graph\":[{\"@type\":\"Article\",\"@id\":\"https:\/\/elmawkie.dz\/fr\/oran-journees-dinformation-sur-les-activites-de-la-direction-centrale-des-carburants-de-lanp\/#article\",\"isPartOf\":{\"@id\":\"https:\/\/elmawkie.dz\/fr\/oran-journees-dinformation-sur-les-activites-de-la-direction-centrale-des-carburants-de-lanp\/\"},\"author\":{\"name\":\"R\u00e9daction\",\"@id\":\"https:\/\/elmawkie.dz\/fr\/#\/schema\/person\/e7bd59d6467874ba5c4723d8a9f0a63c\"},\"headline\":\"Oran: Journ\u00e9es d&rsquo;information sur les activit\u00e9s de la Direction centrale des carburants de l\u2019ANP\",\"datePublished\":\"2025-04-07T16:00:33+00:00\",\"dateModified\":\"2025-04-07T16:00:33+00:00\",\"mainEntityOfPage\":{\"@id\":\"https:\/\/elmawkie.dz\/fr\/oran-journees-dinformation-sur-les-activites-de-la-direction-centrale-des-carburants-de-lanp\/\"},\"wordCount\":566,\"commentCount\":0,\"publisher\":{\"@id\":\"https:\/\/elmawkie.dz\/fr\/#organization\"},\"image\":{\"@id\":\"https:\/\/elmawkie.dz\/fr\/oran-journees-dinformation-sur-les-activites-de-la-direction-centrale-des-carburants-de-lanp\/#primaryimage\"},\"thumbnailUrl\":\"https:\/\/elmawkie.dz\/fr\/wp-content\/uploads\/2025\/04\/055a67b0-dd62-4d8a-bb35-6ba6b2bb758f.jpeg\",\"keywords\":[\"l\u2019ANP\",\"Oran\"],\"articleSection\":[\"R\u00e9gion\"],\"inLanguage\":\"fr-FR\",\"potentialAction\":[{\"@type\":\"CommentAction\",\"name\":\"Comment\",\"target\":[\"https:\/\/elmawkie.dz\/fr\/oran-journees-dinformation-sur-les-activites-de-la-direction-centrale-des-carburants-de-lanp\/#respond\"]}]},{\"@type\":\"WebPage\",\"@id\":\"https:\/\/elmawkie.dz\/fr\/oran-journees-dinformation-sur-les-activites-de-la-direction-centrale-des-carburants-de-lanp\/\",\"url\":\"https:\/\/elmawkie.dz\/fr\/oran-journees-dinformation-sur-les-activites-de-la-direction-centrale-des-carburants-de-lanp\/\",\"name\":\"Oran: Journ\u00e9es d'information sur les activit\u00e9s de la Direction centrale des carburants de l\u2019ANP - El Mawkie\",\"isPartOf\":{\"@id\":\"https:\/\/elmawkie.dz\/fr\/#website\"},\"primaryImageOfPage\":{\"@id\":\"https:\/\/elmawkie.dz\/fr\/oran-journees-dinformation-sur-les-activites-de-la-direction-centrale-des-carburants-de-lanp\/#primaryimage\"},\"image\":{\"@id\":\"https:\/\/elmawkie.dz\/fr\/oran-journees-dinformation-sur-les-activites-de-la-direction-centrale-des-carburants-de-lanp\/#primaryimage\"},\"thumbnailUrl\":\"https:\/\/elmawkie.dz\/fr\/wp-content\/uploads\/2025\/04\/055a67b0-dd62-4d8a-bb35-6ba6b2bb758f.jpeg\",\"datePublished\":\"2025-04-07T16:00:33+00:00\",\"dateModified\":\"2025-04-07T16:00:33+00:00\",\"breadcrumb\":{\"@id\":\"https:\/\/elmawkie.dz\/fr\/oran-journees-dinformation-sur-les-activites-de-la-direction-centrale-des-carburants-de-lanp\/#breadcrumb\"},\"inLanguage\":\"fr-FR\",\"potentialAction\":[{\"@type\":\"ReadAction\",\"target\":[\"https:\/\/elmawkie.dz\/fr\/oran-journees-dinformation-sur-les-activites-de-la-direction-centrale-des-carburants-de-lanp\/\"]}]},{\"@type\":\"ImageObject\",\"inLanguage\":\"fr-FR\",\"@id\":\"https:\/\/elmawkie.dz\/fr\/oran-journees-dinformation-sur-les-activites-de-la-direction-centrale-des-carburants-de-lanp\/#primaryimage\",\"url\":\"https:\/\/elmawkie.dz\/fr\/wp-content\/uploads\/2025\/04\/055a67b0-dd62-4d8a-bb35-6ba6b2bb758f.jpeg\",\"contentUrl\":\"https:\/\/elmawkie.dz\/fr\/wp-content\/uploads\/2025\/04\/055a67b0-dd62-4d8a-bb35-6ba6b2bb758f.jpeg\",\"width\":848,\"height\":371},{\"@type\":\"BreadcrumbList\",\"@id\":\"https:\/\/elmawkie.dz\/fr\/oran-journees-dinformation-sur-les-activites-de-la-direction-centrale-des-carburants-de-lanp\/#breadcrumb\",\"itemListElement\":[{\"@type\":\"ListItem\",\"position\":1,\"name\":\"Home\",\"item\":\"https:\/\/elmawkie.dz\/fr\/\"},{\"@type\":\"ListItem\",\"position\":2,\"name\":\"Oran: Journ\u00e9es d&rsquo;information sur les activit\u00e9s de la Direction centrale des carburants de l\u2019ANP\"}]},{\"@type\":\"WebSite\",\"@id\":\"https:\/\/elmawkie.dz\/fr\/#website\",\"url\":\"https:\/\/elmawkie.dz\/fr\/\",\"name\":\"EL MAWKIE\",\"description\":\"Journal \u00c9lectronique Alg\u00e9rien\",\"publisher\":{\"@id\":\"https:\/\/elmawkie.dz\/fr\/#organization\"},\"potentialAction\":[{\"@type\":\"SearchAction\",\"target\":{\"@type\":\"EntryPoint\",\"urlTemplate\":\"https:\/\/elmawkie.dz\/fr\/?s={search_term_string}\"},\"query-input\":\"required name=search_term_string\"}],\"inLanguage\":\"fr-FR\"},{\"@type\":\"Organization\",\"@id\":\"https:\/\/elmawkie.dz\/fr\/#organization\",\"name\":\"EL MAWKIE\",\"url\":\"https:\/\/elmawkie.dz\/fr\/\",\"logo\":{\"@type\":\"ImageObject\",\"inLanguage\":\"fr-FR\",\"@id\":\"https:\/\/elmawkie.dz\/fr\/#\/schema\/logo\/image\/\",\"url\":\"https:\/\/elmawkie.dz\/fr\/wp-content\/uploads\/2024\/05\/logo1.png\",\"contentUrl\":\"https:\/\/elmawkie.dz\/fr\/wp-content\/uploads\/2024\/05\/logo1.png\",\"width\":1648,\"height\":652,\"caption\":\"EL MAWKIE\"},\"image\":{\"@id\":\"https:\/\/elmawkie.dz\/fr\/#\/schema\/logo\/image\/\"},\"sameAs\":[\"https:\/\/www.facebook.com\/profile.php?id=100088407094989&locale=fr_FR\"]},{\"@type\":\"Person\",\"@id\":\"https:\/\/elmawkie.dz\/fr\/#\/schema\/person\/e7bd59d6467874ba5c4723d8a9f0a63c\",\"name\":\"R\u00e9daction\",\"image\":{\"@type\":\"ImageObject\",\"inLanguage\":\"fr-FR\",\"@id\":\"https:\/\/elmawkie.dz\/fr\/#\/schema\/person\/image\/\",\"url\":\"https:\/\/secure.gravatar.com\/avatar\/f0f773456344da4d2788c054a3d30a0c?s=96&d=mm&r=g\",\"contentUrl\":\"https:\/\/secure.gravatar.com\/avatar\/f0f773456344da4d2788c054a3d30a0c?s=96&d=mm&r=g\",\"caption\":\"R\u00e9daction\"},\"url\":\"https:\/\/elmawkie.dz\/fr\/author\/redaction\/\"}]}<\/script>\n<!-- \/ Yoast SEO Premium plugin. -->","yoast_head_json":{"title":"Oran: Journ\u00e9es d'information sur les activit\u00e9s de la Direction centrale des carburants de l\u2019ANP - El Mawkie","robots":{"index":"index","follow":"follow","max-snippet":"max-snippet:-1","max-image-preview":"max-image-preview:large","max-video-preview":"max-video-preview:-1"},"canonical":"https:\/\/elmawkie.dz\/fr\/oran-journees-dinformation-sur-les-activites-de-la-direction-centrale-des-carburants-de-lanp\/","og_locale":"fr_FR","og_type":"article","og_title":"Oran: Journ\u00e9es d'information sur les activit\u00e9s de la Direction centrale des carburants de l\u2019ANP","og_description":"Les Journ\u00e9es d&rsquo;information sur les activit\u00e9s de la Direction centrale des carburants de l&rsquo;Arm\u00e9e nationale populaire (ANP) ont d\u00e9but\u00e9, lundi, au Centre de communication r\u00e9gional \u00ab\u00a0Chahid Boubernas Mohamed\u00a0\u00bb \u00e0 Oran, dans la 2\u00e8me R\u00e9gion Militaire. La c\u00e9r\u00e9monie d&rsquo;ouverture de cet \u00e9v\u00e9nement, qui se poursuit jusqu&rsquo;au 12 du mois en cours, a \u00e9t\u00e9 pr\u00e9sid\u00e9e par le &hellip;","og_url":"https:\/\/elmawkie.dz\/fr\/oran-journees-dinformation-sur-les-activites-de-la-direction-centrale-des-carburants-de-lanp\/","og_site_name":"El Mawkie","article_publisher":"https:\/\/www.facebook.com\/profile.php?id=100088407094989&locale=fr_FR","article_published_time":"2025-04-07T16:00:33+00:00","og_image":[{"width":848,"height":371,"url":"https:\/\/elmawkie.dz\/fr\/wp-content\/uploads\/2025\/04\/055a67b0-dd62-4d8a-bb35-6ba6b2bb758f.jpeg","type":"image\/jpeg"}],"author":"R\u00e9daction","twitter_card":"summary_large_image","twitter_misc":{"Written by":"R\u00e9daction","Est. reading time":"3 minutes"},"schema":{"@context":"https:\/\/schema.org","@graph":[{"@type":"Article","@id":"https:\/\/elmawkie.dz\/fr\/oran-journees-dinformation-sur-les-activites-de-la-direction-centrale-des-carburants-de-lanp\/#article","isPartOf":{"@id":"https:\/\/elmawkie.dz\/fr\/oran-journees-dinformation-sur-les-activites-de-la-direction-centrale-des-carburants-de-lanp\/"},"author":{"name":"R\u00e9daction","@id":"https:\/\/elmawkie.dz\/fr\/#\/schema\/person\/e7bd59d6467874ba5c4723d8a9f0a63c"},"headline":"Oran: Journ\u00e9es d&rsquo;information sur les activit\u00e9s de la Direction centrale des carburants de l\u2019ANP","datePublished":"2025-04-07T16:00:33+00:00","dateModified":"2025-04-07T16:00:33+00:00","mainEntityOfPage":{"@id":"https:\/\/elmawkie.dz\/fr\/oran-journees-dinformation-sur-les-activites-de-la-direction-centrale-des-carburants-de-lanp\/"},"wordCount":566,"commentCount":0,"publisher":{"@id":"https:\/\/elmawkie.dz\/fr\/#organization"},"image":{"@id":"https:\/\/elmawkie.dz\/fr\/oran-journees-dinformation-sur-les-activites-de-la-direction-centrale-des-carburants-de-lanp\/#primaryimage"},"thumbnailUrl":"https:\/\/elmawkie.dz\/fr\/wp-content\/uploads\/2025\/04\/055a67b0-dd62-4d8a-bb35-6ba6b2bb758f.jpeg","keywords":["l\u2019ANP","Oran"],"articleSection":["R\u00e9gion"],"inLanguage":"fr-FR","potentialAction":[{"@type":"CommentAction","name":"Comment","target":["https:\/\/elmawkie.dz\/fr\/oran-journees-dinformation-sur-les-activites-de-la-direction-centrale-des-carburants-de-lanp\/#respond"]}]},{"@type":"WebPage","@id":"https:\/\/elmawkie.dz\/fr\/oran-journees-dinformation-sur-les-activites-de-la-direction-centrale-des-carburants-de-lanp\/","url":"https:\/\/elmawkie.dz\/fr\/oran-journees-dinformation-sur-les-activites-de-la-direction-centrale-des-carburants-de-lanp\/","name":"Oran: Journ\u00e9es d'information sur les activit\u00e9s de la Direction centrale des carburants de l\u2019ANP - El Mawkie","isPartOf":{"@id":"https:\/\/elmawkie.dz\/fr\/#website"},"primaryImageOfPage":{"@id":"https:\/\/elmawkie.dz\/fr\/oran-journees-dinformation-sur-les-activites-de-la-direction-centrale-des-carburants-de-lanp\/#primaryimage"},"image":{"@id":"https:\/\/elmawkie.dz\/fr\/oran-journees-dinformation-sur-les-activites-de-la-direction-centrale-des-carburants-de-lanp\/#primaryimage"},"thumbnailUrl":"https:\/\/elmawkie.dz\/fr\/wp-content\/uploads\/2025\/04\/055a67b0-dd62-4d8a-bb35-6ba6b2bb758f.jpeg","datePublished":"2025-04-07T16:00:33+00:00","dateModified":"2025-04-07T16:00:33+00:00","breadcrumb":{"@id":"https:\/\/elmawkie.dz\/fr\/oran-journees-dinformation-sur-les-activites-de-la-direction-centrale-des-carburants-de-lanp\/#breadcrumb"},"inLanguage":"fr-FR","potentialAction":[{"@type":"ReadAction","target":["https:\/\/elmawkie.dz\/fr\/oran-journees-dinformation-sur-les-activites-de-la-direction-centrale-des-carburants-de-lanp\/"]}]},{"@type":"ImageObject","inLanguage":"fr-FR","@id":"https:\/\/elmawkie.dz\/fr\/oran-journees-dinformation-sur-les-activites-de-la-direction-centrale-des-carburants-de-lanp\/#primaryimage","url":"https:\/\/elmawkie.dz\/fr\/wp-content\/uploads\/2025\/04\/055a67b0-dd62-4d8a-bb35-6ba6b2bb758f.jpeg","contentUrl":"https:\/\/elmawkie.dz\/fr\/wp-content\/uploads\/2025\/04\/055a67b0-dd62-4d8a-bb35-6ba6b2bb758f.jpeg","width":848,"height":371},{"@type":"BreadcrumbList","@id":"https:\/\/elmawkie.dz\/fr\/oran-journees-dinformation-sur-les-activites-de-la-direction-centrale-des-carburants-de-lanp\/#breadcrumb","itemListElement":[{"@type":"ListItem","position":1,"name":"Home","item":"https:\/\/elmawkie.dz\/fr\/"},{"@type":"ListItem","position":2,"name":"Oran: Journ\u00e9es d&rsquo;information sur les activit\u00e9s de la Direction centrale des carburants de l\u2019ANP"}]},{"@type":"WebSite","@id":"https:\/\/elmawkie.dz\/fr\/#website","url":"https:\/\/elmawkie.dz\/fr\/","name":"EL MAWKIE","description":"Journal \u00c9lectronique Alg\u00e9rien","publisher":{"@id":"https:\/\/elmawkie.dz\/fr\/#organization"},"potentialAction":[{"@type":"SearchAction","target":{"@type":"EntryPoint","urlTemplate":"https:\/\/elmawkie.dz\/fr\/?s={search_term_string}"},"query-input":"required name=search_term_string"}],"inLanguage":"fr-FR"},{"@type":"Organization","@id":"https:\/\/elmawkie.dz\/fr\/#organization","name":"EL MAWKIE","url":"https:\/\/elmawkie.dz\/fr\/","logo":{"@type":"ImageObject","inLanguage":"fr-FR","@id":"https:\/\/elmawkie.dz\/fr\/#\/schema\/logo\/image\/","url":"https:\/\/elmawkie.dz\/fr\/wp-content\/uploads\/2024\/05\/logo1.png","contentUrl":"https:\/\/elmawkie.dz\/fr\/wp-content\/uploads\/2024\/05\/logo1.png","width":1648,"height":652,"caption":"EL MAWKIE"},"image":{"@id":"https:\/\/elmawkie.dz\/fr\/#\/schema\/logo\/image\/"},"sameAs":["https:\/\/www.facebook.com\/profile.php?id=100088407094989&locale=fr_FR"]},{"@type":"Person","@id":"https:\/\/elmawkie.dz\/fr\/#\/schema\/person\/e7bd59d6467874ba5c4723d8a9f0a63c","name":"R\u00e9daction","image":{"@type":"ImageObject","inLanguage":"fr-FR","@id":"https:\/\/elmawkie.dz\/fr\/#\/schema\/person\/image\/","url":"https:\/\/secure.gravatar.com\/avatar\/f0f773456344da4d2788c054a3d30a0c?s=96&d=mm&r=g","contentUrl":"https:\/\/secure.gravatar.com\/avatar\/f0f773456344da4d2788c054a3d30a0c?s=96&d=mm&r=g","caption":"R\u00e9daction"},"url":"https:\/\/elmawkie.dz\/fr\/author\/redaction\/"}]}},"_links":{"self":[{"href":"https:\/\/elmawkie.dz\/fr\/wp-json\/wp\/v2\/posts\/49527","targetHints":{"allow":["GET"]}}],"collection":[{"href":"https:\/\/elmawkie.dz\/fr\/wp-json\/wp\/v2\/posts"}],"about":[{"href":"https:\/\/elmawkie.dz\/fr\/wp-json\/wp\/v2\/types\/post"}],"author":[{"embeddable":true,"href":"https:\/\/elmawkie.dz\/fr\/wp-json\/wp\/v2\/users\/9"}],"replies":[{"embeddable":true,"href":"https:\/\/elmawkie.dz\/fr\/wp-json\/wp\/v2\/comments?post=49527"}],"version-history":[{"count":1,"href":"https:\/\/elmawkie.dz\/fr\/wp-json\/wp\/v2\/posts\/49527\/revisions"}],"predecessor-version":[{"id":49530,"href":"https:\/\/elmawkie.dz\/fr\/wp-json\/wp\/v2\/posts\/49527\/revisions\/49530"}],"wp:featuredmedia":[{"embeddable":true,"href":"https:\/\/elmawkie.dz\/fr\/wp-json\/wp\/v2\/media\/49529"}],"wp:attachment":[{"href":"https:\/\/elmawkie.dz\/fr\/wp-json\/wp\/v2\/media?parent=49527"}],"wp:term":[{"taxonomy":"category","embeddable":true,"href":"https:\/\/elmawkie.dz\/fr\/wp-json\/wp\/v2\/categories?post=49527"},{"taxonomy":"post_tag","embeddable":true,"href":"https:\/\/elmawkie.dz\/fr\/wp-json\/wp\/v2\/tags?post=49527"}],"curies":[{"name":"wp","href":"https:\/\/api.w.org\/{rel}","templated":true}]}}