{"id":49521,"date":"2025-04-07T12:35:48","date_gmt":"2025-04-07T11:35:48","guid":{"rendered":"https:\/\/elmawkie.dz\/fr\/?p=49521"},"modified":"2025-04-07T12:35:48","modified_gmt":"2025-04-07T11:35:48","slug":"alger-accueille-une-delegation-parlementaire-danoise-pour-une-visite-officielle","status":"publish","type":"post","link":"https:\/\/elmawkie.dz\/fr\/alger-accueille-une-delegation-parlementaire-danoise-pour-une-visite-officielle\/","title":{"rendered":"Alger Accueille une D\u00e9l\u00e9gation Parlementaire Danoise pour une Visite Officielle"},"content":{"rendered":"\n<p>Une d\u00e9l\u00e9gation parlementaire venue du Danemark a atterri ce lundi \u00e0 l\u2019a\u00e9roport international d\u2019Alger pour une visite officielle de quatre jours sur le sol alg\u00e9rien.<\/p>\n\n\n\n<p>D\u2019apr\u00e8s un communiqu\u00e9 \u00e9manant du bureau de l\u2019Assembl\u00e9e populaire nationale (APN), cette d\u00e9l\u00e9gation est constitu\u00e9e de membres de la commission des affaires europ\u00e9ennes du parlement danois. La cheffe de cette mission parlementaire est Mme Brigitte Klintskov Jerkel.<\/p>\n\n\n\n<p>\u00c0 leur arriv\u00e9e, les membres de la d\u00e9l\u00e9gation ont \u00e9t\u00e9 accueillis par M. Mohamed Khouan, pr\u00e9sident de la commission des Affaires \u00e9trang\u00e8res, de la coop\u00e9ration et de la diaspora au sein de l\u2019APN. Leur programme de visite s\u2019\u00e9tendra jusqu\u2019au 10 avril, pr\u00e9cise le m\u00eame communiqu\u00e9.<\/p>\n","protected":false},"excerpt":{"rendered":"<p>Une d\u00e9l\u00e9gation parlementaire venue du Danemark a atterri ce lundi \u00e0 l\u2019a\u00e9roport international d\u2019Alger pour une visite officielle de quatre jours sur le sol alg\u00e9rien. D\u2019apr\u00e8s un communiqu\u00e9 \u00e9manant du bureau de l\u2019Assembl\u00e9e populaire nationale (APN), cette d\u00e9l\u00e9gation est constitu\u00e9e de membres de la commission des affaires europ\u00e9ennes du parlement danois. La cheffe de cette &hellip;<\/p>\n","protected":false},"author":8,"featured_media":49524,"comment_status":"open","ping_status":"open","sticky":false,"template":"","format":"standard","meta":{"footnotes":""},"categories":[47],"tags":[88,930,1107,1198],"class_list":["post-49521","post","type-post","status-publish","format-standard","has-post-thumbnail","hentry","category-national","tag-algerie","tag-apn","tag-danemark","tag-delegation"],"yoast_head":"<!-- This site is optimized with the Yoast SEO Premium plugin v22.6 (Yoast SEO v22.6) - https:\/\/yoast.com\/wordpress\/plugins\/seo\/ -->\n<title>Alger Accueille une D\u00e9l\u00e9gation Parlementaire Danoise pour une Visite Officielle - El Mawkie<\/title>\n<meta name=\"robots\" content=\"index, follow, max-snippet:-1, max-image-preview:large, max-video-preview:-1\" \/>\n<link rel=\"canonical\" href=\"https:\/\/elmawkie.dz\/fr\/alger-accueille-une-delegation-parlementaire-danoise-pour-une-visite-officielle\/\" \/>\n<meta property=\"og:locale\" content=\"fr_FR\" \/>\n<meta property=\"og:type\" content=\"article\" \/>\n<meta property=\"og:title\" content=\"Alger Accueille une D\u00e9l\u00e9gation Parlementaire Danoise pour une Visite Officielle\" \/>\n<meta property=\"og:description\" content=\"Une d\u00e9l\u00e9gation parlementaire venue du Danemark a atterri ce lundi \u00e0 l\u2019a\u00e9roport international d\u2019Alger pour une visite officielle de quatre jours sur le sol alg\u00e9rien. D\u2019apr\u00e8s un communiqu\u00e9 \u00e9manant du bureau de l\u2019Assembl\u00e9e populaire nationale (APN), cette d\u00e9l\u00e9gation est constitu\u00e9e de membres de la commission des affaires europ\u00e9ennes du parlement danois. La cheffe de cette &hellip;\" \/>\n<meta property=\"og:url\" content=\"https:\/\/elmawkie.dz\/fr\/alger-accueille-une-delegation-parlementaire-danoise-pour-une-visite-officielle\/\" \/>\n<meta property=\"og:site_name\" content=\"El Mawkie\" \/>\n<meta property=\"article:publisher\" content=\"https:\/\/www.facebook.com\/profile.php?id=100088407094989&amp;locale=fr_FR\" \/>\n<meta property=\"article:published_time\" content=\"2025-04-07T11:35:48+00:00\" \/>\n<meta property=\"og:image\" content=\"https:\/\/elmawkie.dz\/fr\/wp-content\/uploads\/2025\/04\/142cf5ac-a7a7-4a63-9cd5-e6d78cc7dfa3.jpeg\" \/>\n\t<meta property=\"og:image:width\" content=\"684\" \/>\n\t<meta property=\"og:image:height\" content=\"361\" \/>\n\t<meta property=\"og:image:type\" content=\"image\/jpeg\" \/>\n<meta name=\"author\" content=\"khayro\" \/>\n<meta name=\"twitter:card\" content=\"summary_large_image\" \/>\n<meta name=\"twitter:label1\" content=\"Written by\" \/>\n\t<meta name=\"twitter:data1\" content=\"khayro\" \/>\n\t<meta name=\"twitter:label2\" content=\"Est. reading time\" \/>\n\t<meta name=\"twitter:data2\" content=\"1 minute\" \/>\n<script type=\"application\/ld+json\" class=\"yoast-schema-graph\">{\"@context\":\"https:\/\/schema.org\",\"@graph\":[{\"@type\":\"Article\",\"@id\":\"https:\/\/elmawkie.dz\/fr\/alger-accueille-une-delegation-parlementaire-danoise-pour-une-visite-officielle\/#article\",\"isPartOf\":{\"@id\":\"https:\/\/elmawkie.dz\/fr\/alger-accueille-une-delegation-parlementaire-danoise-pour-une-visite-officielle\/\"},\"author\":{\"name\":\"khayro\",\"@id\":\"https:\/\/elmawkie.dz\/fr\/#\/schema\/person\/15cb7eba76e08e2d2d0ad4b4c4fbb6cb\"},\"headline\":\"Alger Accueille une D\u00e9l\u00e9gation Parlementaire Danoise pour une Visite Officielle\",\"datePublished\":\"2025-04-07T11:35:48+00:00\",\"dateModified\":\"2025-04-07T11:35:48+00:00\",\"mainEntityOfPage\":{\"@id\":\"https:\/\/elmawkie.dz\/fr\/alger-accueille-une-delegation-parlementaire-danoise-pour-une-visite-officielle\/\"},\"wordCount\":141,\"commentCount\":0,\"publisher\":{\"@id\":\"https:\/\/elmawkie.dz\/fr\/#organization\"},\"image\":{\"@id\":\"https:\/\/elmawkie.dz\/fr\/alger-accueille-une-delegation-parlementaire-danoise-pour-une-visite-officielle\/#primaryimage\"},\"thumbnailUrl\":\"https:\/\/elmawkie.dz\/fr\/wp-content\/uploads\/2025\/04\/142cf5ac-a7a7-4a63-9cd5-e6d78cc7dfa3.jpeg\",\"keywords\":[\"Alg\u00e9rie\",\"APN\",\"Danemark\",\"d\u00e9l\u00e9gation\"],\"articleSection\":[\"National\"],\"inLanguage\":\"fr-FR\",\"potentialAction\":[{\"@type\":\"CommentAction\",\"name\":\"Comment\",\"target\":[\"https:\/\/elmawkie.dz\/fr\/alger-accueille-une-delegation-parlementaire-danoise-pour-une-visite-officielle\/#respond\"]}]},{\"@type\":\"WebPage\",\"@id\":\"https:\/\/elmawkie.dz\/fr\/alger-accueille-une-delegation-parlementaire-danoise-pour-une-visite-officielle\/\",\"url\":\"https:\/\/elmawkie.dz\/fr\/alger-accueille-une-delegation-parlementaire-danoise-pour-une-visite-officielle\/\",\"name\":\"Alger Accueille une D\u00e9l\u00e9gation Parlementaire Danoise pour une Visite Officielle - El Mawkie\",\"isPartOf\":{\"@id\":\"https:\/\/elmawkie.dz\/fr\/#website\"},\"primaryImageOfPage\":{\"@id\":\"https:\/\/elmawkie.dz\/fr\/alger-accueille-une-delegation-parlementaire-danoise-pour-une-visite-officielle\/#primaryimage\"},\"image\":{\"@id\":\"https:\/\/elmawkie.dz\/fr\/alger-accueille-une-delegation-parlementaire-danoise-pour-une-visite-officielle\/#primaryimage\"},\"thumbnailUrl\":\"https:\/\/elmawkie.dz\/fr\/wp-content\/uploads\/2025\/04\/142cf5ac-a7a7-4a63-9cd5-e6d78cc7dfa3.jpeg\",\"datePublished\":\"2025-04-07T11:35:48+00:00\",\"dateModified\":\"2025-04-07T11:35:48+00:00\",\"breadcrumb\":{\"@id\":\"https:\/\/elmawkie.dz\/fr\/alger-accueille-une-delegation-parlementaire-danoise-pour-une-visite-officielle\/#breadcrumb\"},\"inLanguage\":\"fr-FR\",\"potentialAction\":[{\"@type\":\"ReadAction\",\"target\":[\"https:\/\/elmawkie.dz\/fr\/alger-accueille-une-delegation-parlementaire-danoise-pour-une-visite-officielle\/\"]}]},{\"@type\":\"ImageObject\",\"inLanguage\":\"fr-FR\",\"@id\":\"https:\/\/elmawkie.dz\/fr\/alger-accueille-une-delegation-parlementaire-danoise-pour-une-visite-officielle\/#primaryimage\",\"url\":\"https:\/\/elmawkie.dz\/fr\/wp-content\/uploads\/2025\/04\/142cf5ac-a7a7-4a63-9cd5-e6d78cc7dfa3.jpeg\",\"contentUrl\":\"https:\/\/elmawkie.dz\/fr\/wp-content\/uploads\/2025\/04\/142cf5ac-a7a7-4a63-9cd5-e6d78cc7dfa3.jpeg\",\"width\":684,\"height\":361},{\"@type\":\"BreadcrumbList\",\"@id\":\"https:\/\/elmawkie.dz\/fr\/alger-accueille-une-delegation-parlementaire-danoise-pour-une-visite-officielle\/#breadcrumb\",\"itemListElement\":[{\"@type\":\"ListItem\",\"position\":1,\"name\":\"Home\",\"item\":\"https:\/\/elmawkie.dz\/fr\/\"},{\"@type\":\"ListItem\",\"position\":2,\"name\":\"Alger Accueille une D\u00e9l\u00e9gation Parlementaire Danoise pour une Visite Officielle\"}]},{\"@type\":\"WebSite\",\"@id\":\"https:\/\/elmawkie.dz\/fr\/#website\",\"url\":\"https:\/\/elmawkie.dz\/fr\/\",\"name\":\"EL MAWKIE\",\"description\":\"Journal \u00c9lectronique Alg\u00e9rien\",\"publisher\":{\"@id\":\"https:\/\/elmawkie.dz\/fr\/#organization\"},\"potentialAction\":[{\"@type\":\"SearchAction\",\"target\":{\"@type\":\"EntryPoint\",\"urlTemplate\":\"https:\/\/elmawkie.dz\/fr\/?s={search_term_string}\"},\"query-input\":\"required name=search_term_string\"}],\"inLanguage\":\"fr-FR\"},{\"@type\":\"Organization\",\"@id\":\"https:\/\/elmawkie.dz\/fr\/#organization\",\"name\":\"EL MAWKIE\",\"url\":\"https:\/\/elmawkie.dz\/fr\/\",\"logo\":{\"@type\":\"ImageObject\",\"inLanguage\":\"fr-FR\",\"@id\":\"https:\/\/elmawkie.dz\/fr\/#\/schema\/logo\/image\/\",\"url\":\"https:\/\/elmawkie.dz\/fr\/wp-content\/uploads\/2024\/05\/logo1.png\",\"contentUrl\":\"https:\/\/elmawkie.dz\/fr\/wp-content\/uploads\/2024\/05\/logo1.png\",\"width\":1648,\"height\":652,\"caption\":\"EL MAWKIE\"},\"image\":{\"@id\":\"https:\/\/elmawkie.dz\/fr\/#\/schema\/logo\/image\/\"},\"sameAs\":[\"https:\/\/www.facebook.com\/profile.php?id=100088407094989&locale=fr_FR\"]},{\"@type\":\"Person\",\"@id\":\"https:\/\/elmawkie.dz\/fr\/#\/schema\/person\/15cb7eba76e08e2d2d0ad4b4c4fbb6cb\",\"name\":\"khayro\",\"image\":{\"@type\":\"ImageObject\",\"inLanguage\":\"fr-FR\",\"@id\":\"https:\/\/elmawkie.dz\/fr\/#\/schema\/person\/image\/\",\"url\":\"https:\/\/secure.gravatar.com\/avatar\/5d609f726f02f77f0ff2a1483fc81992?s=96&d=mm&r=g\",\"contentUrl\":\"https:\/\/secure.gravatar.com\/avatar\/5d609f726f02f77f0ff2a1483fc81992?s=96&d=mm&r=g\",\"caption\":\"khayro\"},\"url\":\"https:\/\/elmawkie.dz\/fr\/author\/khayro\/\"}]}<\/script>\n<!-- \/ Yoast SEO Premium plugin. -->","yoast_head_json":{"title":"Alger Accueille une D\u00e9l\u00e9gation Parlementaire Danoise pour une Visite Officielle - El Mawkie","robots":{"index":"index","follow":"follow","max-snippet":"max-snippet:-1","max-image-preview":"max-image-preview:large","max-video-preview":"max-video-preview:-1"},"canonical":"https:\/\/elmawkie.dz\/fr\/alger-accueille-une-delegation-parlementaire-danoise-pour-une-visite-officielle\/","og_locale":"fr_FR","og_type":"article","og_title":"Alger Accueille une D\u00e9l\u00e9gation Parlementaire Danoise pour une Visite Officielle","og_description":"Une d\u00e9l\u00e9gation parlementaire venue du Danemark a atterri ce lundi \u00e0 l\u2019a\u00e9roport international d\u2019Alger pour une visite officielle de quatre jours sur le sol alg\u00e9rien. D\u2019apr\u00e8s un communiqu\u00e9 \u00e9manant du bureau de l\u2019Assembl\u00e9e populaire nationale (APN), cette d\u00e9l\u00e9gation est constitu\u00e9e de membres de la commission des affaires europ\u00e9ennes du parlement danois. La cheffe de cette &hellip;","og_url":"https:\/\/elmawkie.dz\/fr\/alger-accueille-une-delegation-parlementaire-danoise-pour-une-visite-officielle\/","og_site_name":"El Mawkie","article_publisher":"https:\/\/www.facebook.com\/profile.php?id=100088407094989&locale=fr_FR","article_published_time":"2025-04-07T11:35:48+00:00","og_image":[{"width":684,"height":361,"url":"https:\/\/elmawkie.dz\/fr\/wp-content\/uploads\/2025\/04\/142cf5ac-a7a7-4a63-9cd5-e6d78cc7dfa3.jpeg","type":"image\/jpeg"}],"author":"khayro","twitter_card":"summary_large_image","twitter_misc":{"Written by":"khayro","Est. reading time":"1 minute"},"schema":{"@context":"https:\/\/schema.org","@graph":[{"@type":"Article","@id":"https:\/\/elmawkie.dz\/fr\/alger-accueille-une-delegation-parlementaire-danoise-pour-une-visite-officielle\/#article","isPartOf":{"@id":"https:\/\/elmawkie.dz\/fr\/alger-accueille-une-delegation-parlementaire-danoise-pour-une-visite-officielle\/"},"author":{"name":"khayro","@id":"https:\/\/elmawkie.dz\/fr\/#\/schema\/person\/15cb7eba76e08e2d2d0ad4b4c4fbb6cb"},"headline":"Alger Accueille une D\u00e9l\u00e9gation Parlementaire Danoise pour une Visite Officielle","datePublished":"2025-04-07T11:35:48+00:00","dateModified":"2025-04-07T11:35:48+00:00","mainEntityOfPage":{"@id":"https:\/\/elmawkie.dz\/fr\/alger-accueille-une-delegation-parlementaire-danoise-pour-une-visite-officielle\/"},"wordCount":141,"commentCount":0,"publisher":{"@id":"https:\/\/elmawkie.dz\/fr\/#organization"},"image":{"@id":"https:\/\/elmawkie.dz\/fr\/alger-accueille-une-delegation-parlementaire-danoise-pour-une-visite-officielle\/#primaryimage"},"thumbnailUrl":"https:\/\/elmawkie.dz\/fr\/wp-content\/uploads\/2025\/04\/142cf5ac-a7a7-4a63-9cd5-e6d78cc7dfa3.jpeg","keywords":["Alg\u00e9rie","APN","Danemark","d\u00e9l\u00e9gation"],"articleSection":["National"],"inLanguage":"fr-FR","potentialAction":[{"@type":"CommentAction","name":"Comment","target":["https:\/\/elmawkie.dz\/fr\/alger-accueille-une-delegation-parlementaire-danoise-pour-une-visite-officielle\/#respond"]}]},{"@type":"WebPage","@id":"https:\/\/elmawkie.dz\/fr\/alger-accueille-une-delegation-parlementaire-danoise-pour-une-visite-officielle\/","url":"https:\/\/elmawkie.dz\/fr\/alger-accueille-une-delegation-parlementaire-danoise-pour-une-visite-officielle\/","name":"Alger Accueille une D\u00e9l\u00e9gation Parlementaire Danoise pour une Visite Officielle - El Mawkie","isPartOf":{"@id":"https:\/\/elmawkie.dz\/fr\/#website"},"primaryImageOfPage":{"@id":"https:\/\/elmawkie.dz\/fr\/alger-accueille-une-delegation-parlementaire-danoise-pour-une-visite-officielle\/#primaryimage"},"image":{"@id":"https:\/\/elmawkie.dz\/fr\/alger-accueille-une-delegation-parlementaire-danoise-pour-une-visite-officielle\/#primaryimage"},"thumbnailUrl":"https:\/\/elmawkie.dz\/fr\/wp-content\/uploads\/2025\/04\/142cf5ac-a7a7-4a63-9cd5-e6d78cc7dfa3.jpeg","datePublished":"2025-04-07T11:35:48+00:00","dateModified":"2025-04-07T11:35:48+00:00","breadcrumb":{"@id":"https:\/\/elmawkie.dz\/fr\/alger-accueille-une-delegation-parlementaire-danoise-pour-une-visite-officielle\/#breadcrumb"},"inLanguage":"fr-FR","potentialAction":[{"@type":"ReadAction","target":["https:\/\/elmawkie.dz\/fr\/alger-accueille-une-delegation-parlementaire-danoise-pour-une-visite-officielle\/"]}]},{"@type":"ImageObject","inLanguage":"fr-FR","@id":"https:\/\/elmawkie.dz\/fr\/alger-accueille-une-delegation-parlementaire-danoise-pour-une-visite-officielle\/#primaryimage","url":"https:\/\/elmawkie.dz\/fr\/wp-content\/uploads\/2025\/04\/142cf5ac-a7a7-4a63-9cd5-e6d78cc7dfa3.jpeg","contentUrl":"https:\/\/elmawkie.dz\/fr\/wp-content\/uploads\/2025\/04\/142cf5ac-a7a7-4a63-9cd5-e6d78cc7dfa3.jpeg","width":684,"height":361},{"@type":"BreadcrumbList","@id":"https:\/\/elmawkie.dz\/fr\/alger-accueille-une-delegation-parlementaire-danoise-pour-une-visite-officielle\/#breadcrumb","itemListElement":[{"@type":"ListItem","position":1,"name":"Home","item":"https:\/\/elmawkie.dz\/fr\/"},{"@type":"ListItem","position":2,"name":"Alger Accueille une D\u00e9l\u00e9gation Parlementaire Danoise pour une Visite Officielle"}]},{"@type":"WebSite","@id":"https:\/\/elmawkie.dz\/fr\/#website","url":"https:\/\/elmawkie.dz\/fr\/","name":"EL MAWKIE","description":"Journal \u00c9lectronique Alg\u00e9rien","publisher":{"@id":"https:\/\/elmawkie.dz\/fr\/#organization"},"potentialAction":[{"@type":"SearchAction","target":{"@type":"EntryPoint","urlTemplate":"https:\/\/elmawkie.dz\/fr\/?s={search_term_string}"},"query-input":"required name=search_term_string"}],"inLanguage":"fr-FR"},{"@type":"Organization","@id":"https:\/\/elmawkie.dz\/fr\/#organization","name":"EL MAWKIE","url":"https:\/\/elmawkie.dz\/fr\/","logo":{"@type":"ImageObject","inLanguage":"fr-FR","@id":"https:\/\/elmawkie.dz\/fr\/#\/schema\/logo\/image\/","url":"https:\/\/elmawkie.dz\/fr\/wp-content\/uploads\/2024\/05\/logo1.png","contentUrl":"https:\/\/elmawkie.dz\/fr\/wp-content\/uploads\/2024\/05\/logo1.png","width":1648,"height":652,"caption":"EL MAWKIE"},"image":{"@id":"https:\/\/elmawkie.dz\/fr\/#\/schema\/logo\/image\/"},"sameAs":["https:\/\/www.facebook.com\/profile.php?id=100088407094989&locale=fr_FR"]},{"@type":"Person","@id":"https:\/\/elmawkie.dz\/fr\/#\/schema\/person\/15cb7eba76e08e2d2d0ad4b4c4fbb6cb","name":"khayro","image":{"@type":"ImageObject","inLanguage":"fr-FR","@id":"https:\/\/elmawkie.dz\/fr\/#\/schema\/person\/image\/","url":"https:\/\/secure.gravatar.com\/avatar\/5d609f726f02f77f0ff2a1483fc81992?s=96&d=mm&r=g","contentUrl":"https:\/\/secure.gravatar.com\/avatar\/5d609f726f02f77f0ff2a1483fc81992?s=96&d=mm&r=g","caption":"khayro"},"url":"https:\/\/elmawkie.dz\/fr\/author\/khayro\/"}]}},"_links":{"self":[{"href":"https:\/\/elmawkie.dz\/fr\/wp-json\/wp\/v2\/posts\/49521","targetHints":{"allow":["GET"]}}],"collection":[{"href":"https:\/\/elmawkie.dz\/fr\/wp-json\/wp\/v2\/posts"}],"about":[{"href":"https:\/\/elmawkie.dz\/fr\/wp-json\/wp\/v2\/types\/post"}],"author":[{"embeddable":true,"href":"https:\/\/elmawkie.dz\/fr\/wp-json\/wp\/v2\/users\/8"}],"replies":[{"embeddable":true,"href":"https:\/\/elmawkie.dz\/fr\/wp-json\/wp\/v2\/comments?post=49521"}],"version-history":[{"count":1,"href":"https:\/\/elmawkie.dz\/fr\/wp-json\/wp\/v2\/posts\/49521\/revisions"}],"predecessor-version":[{"id":49523,"href":"https:\/\/elmawkie.dz\/fr\/wp-json\/wp\/v2\/posts\/49521\/revisions\/49523"}],"wp:featuredmedia":[{"embeddable":true,"href":"https:\/\/elmawkie.dz\/fr\/wp-json\/wp\/v2\/media\/49524"}],"wp:attachment":[{"href":"https:\/\/elmawkie.dz\/fr\/wp-json\/wp\/v2\/media?parent=49521"}],"wp:term":[{"taxonomy":"category","embeddable":true,"href":"https:\/\/elmawkie.dz\/fr\/wp-json\/wp\/v2\/categories?post=49521"},{"taxonomy":"post_tag","embeddable":true,"href":"https:\/\/elmawkie.dz\/fr\/wp-json\/wp\/v2\/tags?post=49521"}],"curies":[{"name":"wp","href":"https:\/\/api.w.org\/{rel}","templated":true}]}}