{"id":49274,"date":"2025-04-01T18:45:34","date_gmt":"2025-04-01T17:45:34","guid":{"rendered":"https:\/\/elmawkie.dz\/fr\/?p=49274"},"modified":"2025-04-01T18:45:34","modified_gmt":"2025-04-01T17:45:34","slug":"skikda-lancement-des-travaux-de-rehabilitation-du-centre-culturel-ahcene-chebli","status":"publish","type":"post","link":"https:\/\/elmawkie.dz\/fr\/skikda-lancement-des-travaux-de-rehabilitation-du-centre-culturel-ahcene-chebli\/","title":{"rendered":"Skikda : lancement des travaux de r\u00e9habilitation du centre culturel Ahcene Chebli"},"content":{"rendered":"\n<p>Une vaste op\u00e9ration de r\u00e9habilitation du centre culturel Ahcene Chebli de la ville de Skikda en vue de le transformer en mus\u00e9e national public des antiquit\u00e9s a \u00e9t\u00e9 lanc\u00e9e \u00ab derni\u00e8rement \u00bb, a-t-on appris aupr\u00e8s de la directrice locale de la culture et des arts, Sabiha Tahrat. Dans une d\u00e9claration \u00e0 l\u2019APS, la m\u00eame responsable a pr\u00e9cis\u00e9 qu\u2019une enveloppe financi\u00e8re de 74 millions DA a \u00e9t\u00e9 octroy\u00e9e aux travaux de r\u00e9habilitation de cette structure culturelle qui se trouve \u00e0 quelques m\u00e8tres du si\u00e8ge de l\u2019assembl\u00e9e populaire communale (APC) de Skikda. L\u2019objectif de l\u2019op\u00e9ration est de mettre en exergue le patrimoine arch\u00e9ologique de la r\u00e9gion, a soulign\u00e9 la m\u00eame responsable qui a relev\u00e9 que la majorit\u00e9 des pi\u00e8ces arch\u00e9ologiques de l\u2019\u00e9poque romaine constitu\u00e9es de vestiges en marbre, de poteries et de pi\u00e8ces de monnaie est entrepos\u00e9e dans un petit mus\u00e9e au rez-de-chauss\u00e9e de l\u2019\u00e9difice. Le projet sera r\u00e9ceptionn\u00e9 dans 10 mois et verra la mise en place de circuits arch\u00e9ologiques organis\u00e9s et \u00e9tudi\u00e9s, a ajout\u00e9 la directrice de la culture et des arts.<\/p>\n","protected":false},"excerpt":{"rendered":"<p>Une vaste op\u00e9ration de r\u00e9habilitation du centre culturel Ahcene Chebli de la ville de Skikda en vue de le transformer en mus\u00e9e national public des antiquit\u00e9s a \u00e9t\u00e9 lanc\u00e9e \u00ab derni\u00e8rement \u00bb, a-t-on appris aupr\u00e8s de la directrice locale de la culture et des arts, Sabiha Tahrat. Dans une d\u00e9claration \u00e0 l\u2019APS, la m\u00eame responsable &hellip;<\/p>\n","protected":false},"author":9,"featured_media":49276,"comment_status":"open","ping_status":"open","sticky":false,"template":"","format":"standard","meta":{"footnotes":""},"categories":[3],"tags":[3293,3292,1145],"class_list":["post-49274","post","type-post","status-publish","format-standard","has-post-thumbnail","hentry","category-bs-culture","tag-ahcene-chebli","tag-centre-culturel","tag-skikda"],"yoast_head":"<!-- This site is optimized with the Yoast SEO Premium plugin v22.6 (Yoast SEO v22.6) - https:\/\/yoast.com\/wordpress\/plugins\/seo\/ -->\n<title>Skikda : lancement des travaux de r\u00e9habilitation du centre culturel Ahcene Chebli - El Mawkie<\/title>\n<meta name=\"robots\" content=\"index, follow, max-snippet:-1, max-image-preview:large, max-video-preview:-1\" \/>\n<link rel=\"canonical\" href=\"https:\/\/elmawkie.dz\/fr\/skikda-lancement-des-travaux-de-rehabilitation-du-centre-culturel-ahcene-chebli\/\" \/>\n<meta property=\"og:locale\" content=\"fr_FR\" \/>\n<meta property=\"og:type\" content=\"article\" \/>\n<meta property=\"og:title\" content=\"Skikda : lancement des travaux de r\u00e9habilitation du centre culturel Ahcene Chebli\" \/>\n<meta property=\"og:description\" content=\"Une vaste op\u00e9ration de r\u00e9habilitation du centre culturel Ahcene Chebli de la ville de Skikda en vue de le transformer en mus\u00e9e national public des antiquit\u00e9s a \u00e9t\u00e9 lanc\u00e9e \u00ab derni\u00e8rement \u00bb, a-t-on appris aupr\u00e8s de la directrice locale de la culture et des arts, Sabiha Tahrat. Dans une d\u00e9claration \u00e0 l\u2019APS, la m\u00eame responsable &hellip;\" \/>\n<meta property=\"og:url\" content=\"https:\/\/elmawkie.dz\/fr\/skikda-lancement-des-travaux-de-rehabilitation-du-centre-culturel-ahcene-chebli\/\" \/>\n<meta property=\"og:site_name\" content=\"El Mawkie\" \/>\n<meta property=\"article:publisher\" content=\"https:\/\/www.facebook.com\/profile.php?id=100088407094989&amp;locale=fr_FR\" \/>\n<meta property=\"article:published_time\" content=\"2025-04-01T17:45:34+00:00\" \/>\n<meta property=\"og:image\" content=\"https:\/\/elmawkie.dz\/fr\/wp-content\/uploads\/2025\/04\/IMG_2366.jpeg\" \/>\n\t<meta property=\"og:image:width\" content=\"678\" \/>\n\t<meta property=\"og:image:height\" content=\"452\" \/>\n\t<meta property=\"og:image:type\" content=\"image\/jpeg\" \/>\n<meta name=\"author\" content=\"R\u00e9daction\" \/>\n<meta name=\"twitter:card\" content=\"summary_large_image\" \/>\n<meta name=\"twitter:label1\" content=\"Written by\" \/>\n\t<meta name=\"twitter:data1\" content=\"R\u00e9daction\" \/>\n\t<meta name=\"twitter:label2\" content=\"Est. reading time\" \/>\n\t<meta name=\"twitter:data2\" content=\"2 minutes\" \/>\n<script type=\"application\/ld+json\" class=\"yoast-schema-graph\">{\"@context\":\"https:\/\/schema.org\",\"@graph\":[{\"@type\":\"Article\",\"@id\":\"https:\/\/elmawkie.dz\/fr\/skikda-lancement-des-travaux-de-rehabilitation-du-centre-culturel-ahcene-chebli\/#article\",\"isPartOf\":{\"@id\":\"https:\/\/elmawkie.dz\/fr\/skikda-lancement-des-travaux-de-rehabilitation-du-centre-culturel-ahcene-chebli\/\"},\"author\":{\"name\":\"R\u00e9daction\",\"@id\":\"https:\/\/elmawkie.dz\/fr\/#\/schema\/person\/e7bd59d6467874ba5c4723d8a9f0a63c\"},\"headline\":\"Skikda : lancement des travaux de r\u00e9habilitation du centre culturel Ahcene Chebli\",\"datePublished\":\"2025-04-01T17:45:34+00:00\",\"dateModified\":\"2025-04-01T17:45:34+00:00\",\"mainEntityOfPage\":{\"@id\":\"https:\/\/elmawkie.dz\/fr\/skikda-lancement-des-travaux-de-rehabilitation-du-centre-culturel-ahcene-chebli\/\"},\"wordCount\":216,\"commentCount\":0,\"publisher\":{\"@id\":\"https:\/\/elmawkie.dz\/fr\/#organization\"},\"image\":{\"@id\":\"https:\/\/elmawkie.dz\/fr\/skikda-lancement-des-travaux-de-rehabilitation-du-centre-culturel-ahcene-chebli\/#primaryimage\"},\"thumbnailUrl\":\"https:\/\/elmawkie.dz\/fr\/wp-content\/uploads\/2025\/04\/IMG_2366.jpeg\",\"keywords\":[\"ahcene chebli\",\"centre culturel\",\"Skikda\"],\"articleSection\":[\"Culture\"],\"inLanguage\":\"fr-FR\",\"potentialAction\":[{\"@type\":\"CommentAction\",\"name\":\"Comment\",\"target\":[\"https:\/\/elmawkie.dz\/fr\/skikda-lancement-des-travaux-de-rehabilitation-du-centre-culturel-ahcene-chebli\/#respond\"]}]},{\"@type\":\"WebPage\",\"@id\":\"https:\/\/elmawkie.dz\/fr\/skikda-lancement-des-travaux-de-rehabilitation-du-centre-culturel-ahcene-chebli\/\",\"url\":\"https:\/\/elmawkie.dz\/fr\/skikda-lancement-des-travaux-de-rehabilitation-du-centre-culturel-ahcene-chebli\/\",\"name\":\"Skikda : lancement des travaux de r\u00e9habilitation du centre culturel Ahcene Chebli - El Mawkie\",\"isPartOf\":{\"@id\":\"https:\/\/elmawkie.dz\/fr\/#website\"},\"primaryImageOfPage\":{\"@id\":\"https:\/\/elmawkie.dz\/fr\/skikda-lancement-des-travaux-de-rehabilitation-du-centre-culturel-ahcene-chebli\/#primaryimage\"},\"image\":{\"@id\":\"https:\/\/elmawkie.dz\/fr\/skikda-lancement-des-travaux-de-rehabilitation-du-centre-culturel-ahcene-chebli\/#primaryimage\"},\"thumbnailUrl\":\"https:\/\/elmawkie.dz\/fr\/wp-content\/uploads\/2025\/04\/IMG_2366.jpeg\",\"datePublished\":\"2025-04-01T17:45:34+00:00\",\"dateModified\":\"2025-04-01T17:45:34+00:00\",\"breadcrumb\":{\"@id\":\"https:\/\/elmawkie.dz\/fr\/skikda-lancement-des-travaux-de-rehabilitation-du-centre-culturel-ahcene-chebli\/#breadcrumb\"},\"inLanguage\":\"fr-FR\",\"potentialAction\":[{\"@type\":\"ReadAction\",\"target\":[\"https:\/\/elmawkie.dz\/fr\/skikda-lancement-des-travaux-de-rehabilitation-du-centre-culturel-ahcene-chebli\/\"]}]},{\"@type\":\"ImageObject\",\"inLanguage\":\"fr-FR\",\"@id\":\"https:\/\/elmawkie.dz\/fr\/skikda-lancement-des-travaux-de-rehabilitation-du-centre-culturel-ahcene-chebli\/#primaryimage\",\"url\":\"https:\/\/elmawkie.dz\/fr\/wp-content\/uploads\/2025\/04\/IMG_2366.jpeg\",\"contentUrl\":\"https:\/\/elmawkie.dz\/fr\/wp-content\/uploads\/2025\/04\/IMG_2366.jpeg\",\"width\":678,\"height\":452},{\"@type\":\"BreadcrumbList\",\"@id\":\"https:\/\/elmawkie.dz\/fr\/skikda-lancement-des-travaux-de-rehabilitation-du-centre-culturel-ahcene-chebli\/#breadcrumb\",\"itemListElement\":[{\"@type\":\"ListItem\",\"position\":1,\"name\":\"Home\",\"item\":\"https:\/\/elmawkie.dz\/fr\/\"},{\"@type\":\"ListItem\",\"position\":2,\"name\":\"Skikda : lancement des travaux de r\u00e9habilitation du centre culturel Ahcene Chebli\"}]},{\"@type\":\"WebSite\",\"@id\":\"https:\/\/elmawkie.dz\/fr\/#website\",\"url\":\"https:\/\/elmawkie.dz\/fr\/\",\"name\":\"EL MAWKIE\",\"description\":\"Journal \u00c9lectronique Alg\u00e9rien\",\"publisher\":{\"@id\":\"https:\/\/elmawkie.dz\/fr\/#organization\"},\"potentialAction\":[{\"@type\":\"SearchAction\",\"target\":{\"@type\":\"EntryPoint\",\"urlTemplate\":\"https:\/\/elmawkie.dz\/fr\/?s={search_term_string}\"},\"query-input\":\"required name=search_term_string\"}],\"inLanguage\":\"fr-FR\"},{\"@type\":\"Organization\",\"@id\":\"https:\/\/elmawkie.dz\/fr\/#organization\",\"name\":\"EL MAWKIE\",\"url\":\"https:\/\/elmawkie.dz\/fr\/\",\"logo\":{\"@type\":\"ImageObject\",\"inLanguage\":\"fr-FR\",\"@id\":\"https:\/\/elmawkie.dz\/fr\/#\/schema\/logo\/image\/\",\"url\":\"https:\/\/elmawkie.dz\/fr\/wp-content\/uploads\/2024\/05\/logo1.png\",\"contentUrl\":\"https:\/\/elmawkie.dz\/fr\/wp-content\/uploads\/2024\/05\/logo1.png\",\"width\":1648,\"height\":652,\"caption\":\"EL MAWKIE\"},\"image\":{\"@id\":\"https:\/\/elmawkie.dz\/fr\/#\/schema\/logo\/image\/\"},\"sameAs\":[\"https:\/\/www.facebook.com\/profile.php?id=100088407094989&locale=fr_FR\"]},{\"@type\":\"Person\",\"@id\":\"https:\/\/elmawkie.dz\/fr\/#\/schema\/person\/e7bd59d6467874ba5c4723d8a9f0a63c\",\"name\":\"R\u00e9daction\",\"image\":{\"@type\":\"ImageObject\",\"inLanguage\":\"fr-FR\",\"@id\":\"https:\/\/elmawkie.dz\/fr\/#\/schema\/person\/image\/\",\"url\":\"https:\/\/secure.gravatar.com\/avatar\/f0f773456344da4d2788c054a3d30a0c?s=96&d=mm&r=g\",\"contentUrl\":\"https:\/\/secure.gravatar.com\/avatar\/f0f773456344da4d2788c054a3d30a0c?s=96&d=mm&r=g\",\"caption\":\"R\u00e9daction\"},\"url\":\"https:\/\/elmawkie.dz\/fr\/author\/redaction\/\"}]}<\/script>\n<!-- \/ Yoast SEO Premium plugin. -->","yoast_head_json":{"title":"Skikda : lancement des travaux de r\u00e9habilitation du centre culturel Ahcene Chebli - El Mawkie","robots":{"index":"index","follow":"follow","max-snippet":"max-snippet:-1","max-image-preview":"max-image-preview:large","max-video-preview":"max-video-preview:-1"},"canonical":"https:\/\/elmawkie.dz\/fr\/skikda-lancement-des-travaux-de-rehabilitation-du-centre-culturel-ahcene-chebli\/","og_locale":"fr_FR","og_type":"article","og_title":"Skikda : lancement des travaux de r\u00e9habilitation du centre culturel Ahcene Chebli","og_description":"Une vaste op\u00e9ration de r\u00e9habilitation du centre culturel Ahcene Chebli de la ville de Skikda en vue de le transformer en mus\u00e9e national public des antiquit\u00e9s a \u00e9t\u00e9 lanc\u00e9e \u00ab derni\u00e8rement \u00bb, a-t-on appris aupr\u00e8s de la directrice locale de la culture et des arts, Sabiha Tahrat. Dans une d\u00e9claration \u00e0 l\u2019APS, la m\u00eame responsable &hellip;","og_url":"https:\/\/elmawkie.dz\/fr\/skikda-lancement-des-travaux-de-rehabilitation-du-centre-culturel-ahcene-chebli\/","og_site_name":"El Mawkie","article_publisher":"https:\/\/www.facebook.com\/profile.php?id=100088407094989&locale=fr_FR","article_published_time":"2025-04-01T17:45:34+00:00","og_image":[{"width":678,"height":452,"url":"https:\/\/elmawkie.dz\/fr\/wp-content\/uploads\/2025\/04\/IMG_2366.jpeg","type":"image\/jpeg"}],"author":"R\u00e9daction","twitter_card":"summary_large_image","twitter_misc":{"Written by":"R\u00e9daction","Est. reading time":"2 minutes"},"schema":{"@context":"https:\/\/schema.org","@graph":[{"@type":"Article","@id":"https:\/\/elmawkie.dz\/fr\/skikda-lancement-des-travaux-de-rehabilitation-du-centre-culturel-ahcene-chebli\/#article","isPartOf":{"@id":"https:\/\/elmawkie.dz\/fr\/skikda-lancement-des-travaux-de-rehabilitation-du-centre-culturel-ahcene-chebli\/"},"author":{"name":"R\u00e9daction","@id":"https:\/\/elmawkie.dz\/fr\/#\/schema\/person\/e7bd59d6467874ba5c4723d8a9f0a63c"},"headline":"Skikda : lancement des travaux de r\u00e9habilitation du centre culturel Ahcene Chebli","datePublished":"2025-04-01T17:45:34+00:00","dateModified":"2025-04-01T17:45:34+00:00","mainEntityOfPage":{"@id":"https:\/\/elmawkie.dz\/fr\/skikda-lancement-des-travaux-de-rehabilitation-du-centre-culturel-ahcene-chebli\/"},"wordCount":216,"commentCount":0,"publisher":{"@id":"https:\/\/elmawkie.dz\/fr\/#organization"},"image":{"@id":"https:\/\/elmawkie.dz\/fr\/skikda-lancement-des-travaux-de-rehabilitation-du-centre-culturel-ahcene-chebli\/#primaryimage"},"thumbnailUrl":"https:\/\/elmawkie.dz\/fr\/wp-content\/uploads\/2025\/04\/IMG_2366.jpeg","keywords":["ahcene chebli","centre culturel","Skikda"],"articleSection":["Culture"],"inLanguage":"fr-FR","potentialAction":[{"@type":"CommentAction","name":"Comment","target":["https:\/\/elmawkie.dz\/fr\/skikda-lancement-des-travaux-de-rehabilitation-du-centre-culturel-ahcene-chebli\/#respond"]}]},{"@type":"WebPage","@id":"https:\/\/elmawkie.dz\/fr\/skikda-lancement-des-travaux-de-rehabilitation-du-centre-culturel-ahcene-chebli\/","url":"https:\/\/elmawkie.dz\/fr\/skikda-lancement-des-travaux-de-rehabilitation-du-centre-culturel-ahcene-chebli\/","name":"Skikda : lancement des travaux de r\u00e9habilitation du centre culturel Ahcene Chebli - El Mawkie","isPartOf":{"@id":"https:\/\/elmawkie.dz\/fr\/#website"},"primaryImageOfPage":{"@id":"https:\/\/elmawkie.dz\/fr\/skikda-lancement-des-travaux-de-rehabilitation-du-centre-culturel-ahcene-chebli\/#primaryimage"},"image":{"@id":"https:\/\/elmawkie.dz\/fr\/skikda-lancement-des-travaux-de-rehabilitation-du-centre-culturel-ahcene-chebli\/#primaryimage"},"thumbnailUrl":"https:\/\/elmawkie.dz\/fr\/wp-content\/uploads\/2025\/04\/IMG_2366.jpeg","datePublished":"2025-04-01T17:45:34+00:00","dateModified":"2025-04-01T17:45:34+00:00","breadcrumb":{"@id":"https:\/\/elmawkie.dz\/fr\/skikda-lancement-des-travaux-de-rehabilitation-du-centre-culturel-ahcene-chebli\/#breadcrumb"},"inLanguage":"fr-FR","potentialAction":[{"@type":"ReadAction","target":["https:\/\/elmawkie.dz\/fr\/skikda-lancement-des-travaux-de-rehabilitation-du-centre-culturel-ahcene-chebli\/"]}]},{"@type":"ImageObject","inLanguage":"fr-FR","@id":"https:\/\/elmawkie.dz\/fr\/skikda-lancement-des-travaux-de-rehabilitation-du-centre-culturel-ahcene-chebli\/#primaryimage","url":"https:\/\/elmawkie.dz\/fr\/wp-content\/uploads\/2025\/04\/IMG_2366.jpeg","contentUrl":"https:\/\/elmawkie.dz\/fr\/wp-content\/uploads\/2025\/04\/IMG_2366.jpeg","width":678,"height":452},{"@type":"BreadcrumbList","@id":"https:\/\/elmawkie.dz\/fr\/skikda-lancement-des-travaux-de-rehabilitation-du-centre-culturel-ahcene-chebli\/#breadcrumb","itemListElement":[{"@type":"ListItem","position":1,"name":"Home","item":"https:\/\/elmawkie.dz\/fr\/"},{"@type":"ListItem","position":2,"name":"Skikda : lancement des travaux de r\u00e9habilitation du centre culturel Ahcene Chebli"}]},{"@type":"WebSite","@id":"https:\/\/elmawkie.dz\/fr\/#website","url":"https:\/\/elmawkie.dz\/fr\/","name":"EL MAWKIE","description":"Journal \u00c9lectronique Alg\u00e9rien","publisher":{"@id":"https:\/\/elmawkie.dz\/fr\/#organization"},"potentialAction":[{"@type":"SearchAction","target":{"@type":"EntryPoint","urlTemplate":"https:\/\/elmawkie.dz\/fr\/?s={search_term_string}"},"query-input":"required name=search_term_string"}],"inLanguage":"fr-FR"},{"@type":"Organization","@id":"https:\/\/elmawkie.dz\/fr\/#organization","name":"EL MAWKIE","url":"https:\/\/elmawkie.dz\/fr\/","logo":{"@type":"ImageObject","inLanguage":"fr-FR","@id":"https:\/\/elmawkie.dz\/fr\/#\/schema\/logo\/image\/","url":"https:\/\/elmawkie.dz\/fr\/wp-content\/uploads\/2024\/05\/logo1.png","contentUrl":"https:\/\/elmawkie.dz\/fr\/wp-content\/uploads\/2024\/05\/logo1.png","width":1648,"height":652,"caption":"EL MAWKIE"},"image":{"@id":"https:\/\/elmawkie.dz\/fr\/#\/schema\/logo\/image\/"},"sameAs":["https:\/\/www.facebook.com\/profile.php?id=100088407094989&locale=fr_FR"]},{"@type":"Person","@id":"https:\/\/elmawkie.dz\/fr\/#\/schema\/person\/e7bd59d6467874ba5c4723d8a9f0a63c","name":"R\u00e9daction","image":{"@type":"ImageObject","inLanguage":"fr-FR","@id":"https:\/\/elmawkie.dz\/fr\/#\/schema\/person\/image\/","url":"https:\/\/secure.gravatar.com\/avatar\/f0f773456344da4d2788c054a3d30a0c?s=96&d=mm&r=g","contentUrl":"https:\/\/secure.gravatar.com\/avatar\/f0f773456344da4d2788c054a3d30a0c?s=96&d=mm&r=g","caption":"R\u00e9daction"},"url":"https:\/\/elmawkie.dz\/fr\/author\/redaction\/"}]}},"_links":{"self":[{"href":"https:\/\/elmawkie.dz\/fr\/wp-json\/wp\/v2\/posts\/49274","targetHints":{"allow":["GET"]}}],"collection":[{"href":"https:\/\/elmawkie.dz\/fr\/wp-json\/wp\/v2\/posts"}],"about":[{"href":"https:\/\/elmawkie.dz\/fr\/wp-json\/wp\/v2\/types\/post"}],"author":[{"embeddable":true,"href":"https:\/\/elmawkie.dz\/fr\/wp-json\/wp\/v2\/users\/9"}],"replies":[{"embeddable":true,"href":"https:\/\/elmawkie.dz\/fr\/wp-json\/wp\/v2\/comments?post=49274"}],"version-history":[{"count":1,"href":"https:\/\/elmawkie.dz\/fr\/wp-json\/wp\/v2\/posts\/49274\/revisions"}],"predecessor-version":[{"id":49277,"href":"https:\/\/elmawkie.dz\/fr\/wp-json\/wp\/v2\/posts\/49274\/revisions\/49277"}],"wp:featuredmedia":[{"embeddable":true,"href":"https:\/\/elmawkie.dz\/fr\/wp-json\/wp\/v2\/media\/49276"}],"wp:attachment":[{"href":"https:\/\/elmawkie.dz\/fr\/wp-json\/wp\/v2\/media?parent=49274"}],"wp:term":[{"taxonomy":"category","embeddable":true,"href":"https:\/\/elmawkie.dz\/fr\/wp-json\/wp\/v2\/categories?post=49274"},{"taxonomy":"post_tag","embeddable":true,"href":"https:\/\/elmawkie.dz\/fr\/wp-json\/wp\/v2\/tags?post=49274"}],"curies":[{"name":"wp","href":"https:\/\/api.w.org\/{rel}","templated":true}]}}