{"id":49270,"date":"2025-04-01T17:49:55","date_gmt":"2025-04-01T16:49:55","guid":{"rendered":"https:\/\/elmawkie.dz\/fr\/?p=49270"},"modified":"2025-04-01T17:49:56","modified_gmt":"2025-04-01T16:49:56","slug":"aid-el-fitr-lanca-salue-le-respect-du-programme-de-permanence-par-les-professionnels","status":"publish","type":"post","link":"https:\/\/elmawkie.dz\/fr\/aid-el-fitr-lanca-salue-le-respect-du-programme-de-permanence-par-les-professionnels\/","title":{"rendered":"A\u00efd El-Fitr : l\u2019ANCA salue le respect du programme de permanence par les professionnels"},"content":{"rendered":"\n<p>L\u2019Association nationale des commer\u00e7ants et artisans (ANCA) a salu\u00e9, mardi, la large adh\u00e9sion des commer\u00e7ants et op\u00e9rateurs \u00e9conomiques au programme de permanence pendant les deux premiers jours de l\u2019A\u00efd El-Fitr, soulignant la continuit\u00e9 des diff\u00e9rents services essentiels \u00e0 travers les commerces inscrits sur les listes de permanence \u00e9tablies par les services du minist\u00e8re du Commerce int\u00e9rieur et de la R\u00e9gulation du march\u00e9 national. Dans un communiqu\u00e9 rendu public, l\u2019ANCA a pr\u00e9cis\u00e9 que les commer\u00e7ants concern\u00e9s par la permanence, notamment ceux exer\u00e7ant leurs activit\u00e9s dans les boulangeries, les fruits et l\u00e9gumes, l\u2019alimentation g\u00e9n\u00e9rale, les viandes, ainsi que les caf\u00e9s, restaurants et kiosques, ont veill\u00e9 \u00e0 assurer la continuit\u00e9 du service, permettant ainsi aux citoyens d\u2019acqu\u00e9rir leurs besoins en toute facilit\u00e9. Le respect du programme de permanence refl\u00e8te la prise de conscience des commer\u00e7ants quant \u00e0 l\u2019importance de la continuit\u00e9 du service public lors des occasions et f\u00eates, ajoute l\u2019association qui a salu\u00e9, \u00e0 ce propos, le r\u00f4le positif de l\u2019application num\u00e9rique \u00abMourafik Com\u00bb, lanc\u00e9e par le minist\u00e8re du Commerce int\u00e9rieur et de la R\u00e9gulation du march\u00e9 national, qui a permis aux citoyens de localiser les commerces ouverts et a aid\u00e9 les commer\u00e7ants \u00e0 attirer de nouveaux clients, pr\u00e9cise le communiqu\u00e9. Par ailleurs, de nombreux commer\u00e7ants non-inscrits sur les listes de permanence ont pris l\u2019initiative d\u2019ouvrir leurs magasins, notamment ceux r\u00e9sidant \u00e0 proximit\u00e9 de leurs lieux d&rsquo;activit\u00e9, illustrant ainsi un esprit de responsabilit\u00e9 et de solidarit\u00e9. Le secteur du transport terrestre a \u00e9galement connu une activit\u00e9 intense, les services de taxis et de bus ayant renforc\u00e9 leurs prestations afin d\u2019assurer le d\u00e9placement des citoyens pendant l\u2019A\u00efd, selon la m\u00eame source. Dans ce sillage, l\u2019ANCA a appel\u00e9 tous les commer\u00e7ants et op\u00e9rateurs \u00e9conomiques \u00e0 reprendre normalement leurs activit\u00e9s d\u00e8s la fin du cong\u00e9 de l\u2019A\u00efd. Le minist\u00e8re du Commerce int\u00e9rieur et de la R\u00e9gulation du march\u00e9 national avait affirm\u00e9, lundi, que 54.148 commer\u00e7ants avaient observ\u00e9 le programme de permanence, contre seulement 25 commer\u00e7ants qui n&rsquo;ont pas respect\u00e9 cette obligation pendant le premier jour de l&rsquo;A\u00efd El-Fitr, ce qui traduit, selon le communiqu\u00e9, \u00ab\u00a0une large adh\u00e9sion garantissant la continuit\u00e9 de l&rsquo;approvisionnement en produits de base et en services n\u00e9cessaires\u00a0\u00bb.<\/p>\n","protected":false},"excerpt":{"rendered":"<p>L\u2019Association nationale des commer\u00e7ants et artisans (ANCA) a salu\u00e9, mardi, la large adh\u00e9sion des commer\u00e7ants et op\u00e9rateurs \u00e9conomiques au programme de permanence pendant les deux premiers jours de l\u2019A\u00efd El-Fitr, soulignant la continuit\u00e9 des diff\u00e9rents services essentiels \u00e0 travers les commerces inscrits sur les listes de permanence \u00e9tablies par les services du minist\u00e8re du Commerce &hellip;<\/p>\n","protected":false},"author":9,"featured_media":49272,"comment_status":"open","ping_status":"open","sticky":false,"template":"","format":"standard","meta":{"footnotes":""},"categories":[50],"tags":[3281,3291],"class_list":["post-49270","post","type-post","status-publish","format-standard","has-post-thumbnail","hentry","category-region","tag-aid-el-fitr","tag-lanca"],"yoast_head":"<!-- This site is optimized with the Yoast SEO Premium plugin v22.6 (Yoast SEO v22.6) - https:\/\/yoast.com\/wordpress\/plugins\/seo\/ -->\n<title>A\u00efd El-Fitr : l\u2019ANCA salue le respect du programme de permanence par les professionnels - El Mawkie<\/title>\n<meta name=\"robots\" content=\"index, follow, max-snippet:-1, max-image-preview:large, max-video-preview:-1\" \/>\n<link rel=\"canonical\" href=\"https:\/\/elmawkie.dz\/fr\/aid-el-fitr-lanca-salue-le-respect-du-programme-de-permanence-par-les-professionnels\/\" \/>\n<meta property=\"og:locale\" content=\"fr_FR\" \/>\n<meta property=\"og:type\" content=\"article\" \/>\n<meta property=\"og:title\" content=\"A\u00efd El-Fitr : l\u2019ANCA salue le respect du programme de permanence par les professionnels\" \/>\n<meta property=\"og:description\" content=\"L\u2019Association nationale des commer\u00e7ants et artisans (ANCA) a salu\u00e9, mardi, la large adh\u00e9sion des commer\u00e7ants et op\u00e9rateurs \u00e9conomiques au programme de permanence pendant les deux premiers jours de l\u2019A\u00efd El-Fitr, soulignant la continuit\u00e9 des diff\u00e9rents services essentiels \u00e0 travers les commerces inscrits sur les listes de permanence \u00e9tablies par les services du minist\u00e8re du Commerce &hellip;\" \/>\n<meta property=\"og:url\" content=\"https:\/\/elmawkie.dz\/fr\/aid-el-fitr-lanca-salue-le-respect-du-programme-de-permanence-par-les-professionnels\/\" \/>\n<meta property=\"og:site_name\" content=\"El Mawkie\" \/>\n<meta property=\"article:publisher\" content=\"https:\/\/www.facebook.com\/profile.php?id=100088407094989&amp;locale=fr_FR\" \/>\n<meta property=\"article:published_time\" content=\"2025-04-01T16:49:55+00:00\" \/>\n<meta property=\"article:modified_time\" content=\"2025-04-01T16:49:56+00:00\" \/>\n<meta property=\"og:image\" content=\"https:\/\/elmawkie.dz\/fr\/wp-content\/uploads\/2025\/04\/IMG_2364.jpeg\" \/>\n\t<meta property=\"og:image:width\" content=\"400\" \/>\n\t<meta property=\"og:image:height\" content=\"230\" \/>\n\t<meta property=\"og:image:type\" content=\"image\/jpeg\" \/>\n<meta name=\"author\" content=\"R\u00e9daction\" \/>\n<meta name=\"twitter:card\" content=\"summary_large_image\" \/>\n<meta name=\"twitter:label1\" content=\"Written by\" \/>\n\t<meta name=\"twitter:data1\" content=\"R\u00e9daction\" \/>\n\t<meta name=\"twitter:label2\" content=\"Est. reading time\" \/>\n\t<meta name=\"twitter:data2\" content=\"3 minutes\" \/>\n<script type=\"application\/ld+json\" class=\"yoast-schema-graph\">{\"@context\":\"https:\/\/schema.org\",\"@graph\":[{\"@type\":\"Article\",\"@id\":\"https:\/\/elmawkie.dz\/fr\/aid-el-fitr-lanca-salue-le-respect-du-programme-de-permanence-par-les-professionnels\/#article\",\"isPartOf\":{\"@id\":\"https:\/\/elmawkie.dz\/fr\/aid-el-fitr-lanca-salue-le-respect-du-programme-de-permanence-par-les-professionnels\/\"},\"author\":{\"name\":\"R\u00e9daction\",\"@id\":\"https:\/\/elmawkie.dz\/fr\/#\/schema\/person\/e7bd59d6467874ba5c4723d8a9f0a63c\"},\"headline\":\"A\u00efd El-Fitr : l\u2019ANCA salue le respect du programme de permanence par les professionnels\",\"datePublished\":\"2025-04-01T16:49:55+00:00\",\"dateModified\":\"2025-04-01T16:49:56+00:00\",\"mainEntityOfPage\":{\"@id\":\"https:\/\/elmawkie.dz\/fr\/aid-el-fitr-lanca-salue-le-respect-du-programme-de-permanence-par-les-professionnels\/\"},\"wordCount\":427,\"commentCount\":0,\"publisher\":{\"@id\":\"https:\/\/elmawkie.dz\/fr\/#organization\"},\"image\":{\"@id\":\"https:\/\/elmawkie.dz\/fr\/aid-el-fitr-lanca-salue-le-respect-du-programme-de-permanence-par-les-professionnels\/#primaryimage\"},\"thumbnailUrl\":\"https:\/\/elmawkie.dz\/fr\/wp-content\/uploads\/2025\/04\/IMG_2364.jpeg\",\"keywords\":[\"A\u00efd El-Fitr\",\"L\u2019ANCA\"],\"articleSection\":[\"R\u00e9gion\"],\"inLanguage\":\"fr-FR\",\"potentialAction\":[{\"@type\":\"CommentAction\",\"name\":\"Comment\",\"target\":[\"https:\/\/elmawkie.dz\/fr\/aid-el-fitr-lanca-salue-le-respect-du-programme-de-permanence-par-les-professionnels\/#respond\"]}]},{\"@type\":\"WebPage\",\"@id\":\"https:\/\/elmawkie.dz\/fr\/aid-el-fitr-lanca-salue-le-respect-du-programme-de-permanence-par-les-professionnels\/\",\"url\":\"https:\/\/elmawkie.dz\/fr\/aid-el-fitr-lanca-salue-le-respect-du-programme-de-permanence-par-les-professionnels\/\",\"name\":\"A\u00efd El-Fitr : l\u2019ANCA salue le respect du programme de permanence par les professionnels - El Mawkie\",\"isPartOf\":{\"@id\":\"https:\/\/elmawkie.dz\/fr\/#website\"},\"primaryImageOfPage\":{\"@id\":\"https:\/\/elmawkie.dz\/fr\/aid-el-fitr-lanca-salue-le-respect-du-programme-de-permanence-par-les-professionnels\/#primaryimage\"},\"image\":{\"@id\":\"https:\/\/elmawkie.dz\/fr\/aid-el-fitr-lanca-salue-le-respect-du-programme-de-permanence-par-les-professionnels\/#primaryimage\"},\"thumbnailUrl\":\"https:\/\/elmawkie.dz\/fr\/wp-content\/uploads\/2025\/04\/IMG_2364.jpeg\",\"datePublished\":\"2025-04-01T16:49:55+00:00\",\"dateModified\":\"2025-04-01T16:49:56+00:00\",\"breadcrumb\":{\"@id\":\"https:\/\/elmawkie.dz\/fr\/aid-el-fitr-lanca-salue-le-respect-du-programme-de-permanence-par-les-professionnels\/#breadcrumb\"},\"inLanguage\":\"fr-FR\",\"potentialAction\":[{\"@type\":\"ReadAction\",\"target\":[\"https:\/\/elmawkie.dz\/fr\/aid-el-fitr-lanca-salue-le-respect-du-programme-de-permanence-par-les-professionnels\/\"]}]},{\"@type\":\"ImageObject\",\"inLanguage\":\"fr-FR\",\"@id\":\"https:\/\/elmawkie.dz\/fr\/aid-el-fitr-lanca-salue-le-respect-du-programme-de-permanence-par-les-professionnels\/#primaryimage\",\"url\":\"https:\/\/elmawkie.dz\/fr\/wp-content\/uploads\/2025\/04\/IMG_2364.jpeg\",\"contentUrl\":\"https:\/\/elmawkie.dz\/fr\/wp-content\/uploads\/2025\/04\/IMG_2364.jpeg\",\"width\":400,\"height\":230},{\"@type\":\"BreadcrumbList\",\"@id\":\"https:\/\/elmawkie.dz\/fr\/aid-el-fitr-lanca-salue-le-respect-du-programme-de-permanence-par-les-professionnels\/#breadcrumb\",\"itemListElement\":[{\"@type\":\"ListItem\",\"position\":1,\"name\":\"Home\",\"item\":\"https:\/\/elmawkie.dz\/fr\/\"},{\"@type\":\"ListItem\",\"position\":2,\"name\":\"A\u00efd El-Fitr : l\u2019ANCA salue le respect du programme de permanence par les professionnels\"}]},{\"@type\":\"WebSite\",\"@id\":\"https:\/\/elmawkie.dz\/fr\/#website\",\"url\":\"https:\/\/elmawkie.dz\/fr\/\",\"name\":\"EL MAWKIE\",\"description\":\"Journal \u00c9lectronique Alg\u00e9rien\",\"publisher\":{\"@id\":\"https:\/\/elmawkie.dz\/fr\/#organization\"},\"potentialAction\":[{\"@type\":\"SearchAction\",\"target\":{\"@type\":\"EntryPoint\",\"urlTemplate\":\"https:\/\/elmawkie.dz\/fr\/?s={search_term_string}\"},\"query-input\":\"required name=search_term_string\"}],\"inLanguage\":\"fr-FR\"},{\"@type\":\"Organization\",\"@id\":\"https:\/\/elmawkie.dz\/fr\/#organization\",\"name\":\"EL MAWKIE\",\"url\":\"https:\/\/elmawkie.dz\/fr\/\",\"logo\":{\"@type\":\"ImageObject\",\"inLanguage\":\"fr-FR\",\"@id\":\"https:\/\/elmawkie.dz\/fr\/#\/schema\/logo\/image\/\",\"url\":\"https:\/\/elmawkie.dz\/fr\/wp-content\/uploads\/2024\/05\/logo1.png\",\"contentUrl\":\"https:\/\/elmawkie.dz\/fr\/wp-content\/uploads\/2024\/05\/logo1.png\",\"width\":1648,\"height\":652,\"caption\":\"EL MAWKIE\"},\"image\":{\"@id\":\"https:\/\/elmawkie.dz\/fr\/#\/schema\/logo\/image\/\"},\"sameAs\":[\"https:\/\/www.facebook.com\/profile.php?id=100088407094989&locale=fr_FR\"]},{\"@type\":\"Person\",\"@id\":\"https:\/\/elmawkie.dz\/fr\/#\/schema\/person\/e7bd59d6467874ba5c4723d8a9f0a63c\",\"name\":\"R\u00e9daction\",\"image\":{\"@type\":\"ImageObject\",\"inLanguage\":\"fr-FR\",\"@id\":\"https:\/\/elmawkie.dz\/fr\/#\/schema\/person\/image\/\",\"url\":\"https:\/\/secure.gravatar.com\/avatar\/f0f773456344da4d2788c054a3d30a0c?s=96&d=mm&r=g\",\"contentUrl\":\"https:\/\/secure.gravatar.com\/avatar\/f0f773456344da4d2788c054a3d30a0c?s=96&d=mm&r=g\",\"caption\":\"R\u00e9daction\"},\"url\":\"https:\/\/elmawkie.dz\/fr\/author\/redaction\/\"}]}<\/script>\n<!-- \/ Yoast SEO Premium plugin. -->","yoast_head_json":{"title":"A\u00efd El-Fitr : l\u2019ANCA salue le respect du programme de permanence par les professionnels - El Mawkie","robots":{"index":"index","follow":"follow","max-snippet":"max-snippet:-1","max-image-preview":"max-image-preview:large","max-video-preview":"max-video-preview:-1"},"canonical":"https:\/\/elmawkie.dz\/fr\/aid-el-fitr-lanca-salue-le-respect-du-programme-de-permanence-par-les-professionnels\/","og_locale":"fr_FR","og_type":"article","og_title":"A\u00efd El-Fitr : l\u2019ANCA salue le respect du programme de permanence par les professionnels","og_description":"L\u2019Association nationale des commer\u00e7ants et artisans (ANCA) a salu\u00e9, mardi, la large adh\u00e9sion des commer\u00e7ants et op\u00e9rateurs \u00e9conomiques au programme de permanence pendant les deux premiers jours de l\u2019A\u00efd El-Fitr, soulignant la continuit\u00e9 des diff\u00e9rents services essentiels \u00e0 travers les commerces inscrits sur les listes de permanence \u00e9tablies par les services du minist\u00e8re du Commerce &hellip;","og_url":"https:\/\/elmawkie.dz\/fr\/aid-el-fitr-lanca-salue-le-respect-du-programme-de-permanence-par-les-professionnels\/","og_site_name":"El Mawkie","article_publisher":"https:\/\/www.facebook.com\/profile.php?id=100088407094989&locale=fr_FR","article_published_time":"2025-04-01T16:49:55+00:00","article_modified_time":"2025-04-01T16:49:56+00:00","og_image":[{"width":400,"height":230,"url":"https:\/\/elmawkie.dz\/fr\/wp-content\/uploads\/2025\/04\/IMG_2364.jpeg","type":"image\/jpeg"}],"author":"R\u00e9daction","twitter_card":"summary_large_image","twitter_misc":{"Written by":"R\u00e9daction","Est. reading time":"3 minutes"},"schema":{"@context":"https:\/\/schema.org","@graph":[{"@type":"Article","@id":"https:\/\/elmawkie.dz\/fr\/aid-el-fitr-lanca-salue-le-respect-du-programme-de-permanence-par-les-professionnels\/#article","isPartOf":{"@id":"https:\/\/elmawkie.dz\/fr\/aid-el-fitr-lanca-salue-le-respect-du-programme-de-permanence-par-les-professionnels\/"},"author":{"name":"R\u00e9daction","@id":"https:\/\/elmawkie.dz\/fr\/#\/schema\/person\/e7bd59d6467874ba5c4723d8a9f0a63c"},"headline":"A\u00efd El-Fitr : l\u2019ANCA salue le respect du programme de permanence par les professionnels","datePublished":"2025-04-01T16:49:55+00:00","dateModified":"2025-04-01T16:49:56+00:00","mainEntityOfPage":{"@id":"https:\/\/elmawkie.dz\/fr\/aid-el-fitr-lanca-salue-le-respect-du-programme-de-permanence-par-les-professionnels\/"},"wordCount":427,"commentCount":0,"publisher":{"@id":"https:\/\/elmawkie.dz\/fr\/#organization"},"image":{"@id":"https:\/\/elmawkie.dz\/fr\/aid-el-fitr-lanca-salue-le-respect-du-programme-de-permanence-par-les-professionnels\/#primaryimage"},"thumbnailUrl":"https:\/\/elmawkie.dz\/fr\/wp-content\/uploads\/2025\/04\/IMG_2364.jpeg","keywords":["A\u00efd El-Fitr","L\u2019ANCA"],"articleSection":["R\u00e9gion"],"inLanguage":"fr-FR","potentialAction":[{"@type":"CommentAction","name":"Comment","target":["https:\/\/elmawkie.dz\/fr\/aid-el-fitr-lanca-salue-le-respect-du-programme-de-permanence-par-les-professionnels\/#respond"]}]},{"@type":"WebPage","@id":"https:\/\/elmawkie.dz\/fr\/aid-el-fitr-lanca-salue-le-respect-du-programme-de-permanence-par-les-professionnels\/","url":"https:\/\/elmawkie.dz\/fr\/aid-el-fitr-lanca-salue-le-respect-du-programme-de-permanence-par-les-professionnels\/","name":"A\u00efd El-Fitr : l\u2019ANCA salue le respect du programme de permanence par les professionnels - El Mawkie","isPartOf":{"@id":"https:\/\/elmawkie.dz\/fr\/#website"},"primaryImageOfPage":{"@id":"https:\/\/elmawkie.dz\/fr\/aid-el-fitr-lanca-salue-le-respect-du-programme-de-permanence-par-les-professionnels\/#primaryimage"},"image":{"@id":"https:\/\/elmawkie.dz\/fr\/aid-el-fitr-lanca-salue-le-respect-du-programme-de-permanence-par-les-professionnels\/#primaryimage"},"thumbnailUrl":"https:\/\/elmawkie.dz\/fr\/wp-content\/uploads\/2025\/04\/IMG_2364.jpeg","datePublished":"2025-04-01T16:49:55+00:00","dateModified":"2025-04-01T16:49:56+00:00","breadcrumb":{"@id":"https:\/\/elmawkie.dz\/fr\/aid-el-fitr-lanca-salue-le-respect-du-programme-de-permanence-par-les-professionnels\/#breadcrumb"},"inLanguage":"fr-FR","potentialAction":[{"@type":"ReadAction","target":["https:\/\/elmawkie.dz\/fr\/aid-el-fitr-lanca-salue-le-respect-du-programme-de-permanence-par-les-professionnels\/"]}]},{"@type":"ImageObject","inLanguage":"fr-FR","@id":"https:\/\/elmawkie.dz\/fr\/aid-el-fitr-lanca-salue-le-respect-du-programme-de-permanence-par-les-professionnels\/#primaryimage","url":"https:\/\/elmawkie.dz\/fr\/wp-content\/uploads\/2025\/04\/IMG_2364.jpeg","contentUrl":"https:\/\/elmawkie.dz\/fr\/wp-content\/uploads\/2025\/04\/IMG_2364.jpeg","width":400,"height":230},{"@type":"BreadcrumbList","@id":"https:\/\/elmawkie.dz\/fr\/aid-el-fitr-lanca-salue-le-respect-du-programme-de-permanence-par-les-professionnels\/#breadcrumb","itemListElement":[{"@type":"ListItem","position":1,"name":"Home","item":"https:\/\/elmawkie.dz\/fr\/"},{"@type":"ListItem","position":2,"name":"A\u00efd El-Fitr : l\u2019ANCA salue le respect du programme de permanence par les professionnels"}]},{"@type":"WebSite","@id":"https:\/\/elmawkie.dz\/fr\/#website","url":"https:\/\/elmawkie.dz\/fr\/","name":"EL MAWKIE","description":"Journal \u00c9lectronique Alg\u00e9rien","publisher":{"@id":"https:\/\/elmawkie.dz\/fr\/#organization"},"potentialAction":[{"@type":"SearchAction","target":{"@type":"EntryPoint","urlTemplate":"https:\/\/elmawkie.dz\/fr\/?s={search_term_string}"},"query-input":"required name=search_term_string"}],"inLanguage":"fr-FR"},{"@type":"Organization","@id":"https:\/\/elmawkie.dz\/fr\/#organization","name":"EL MAWKIE","url":"https:\/\/elmawkie.dz\/fr\/","logo":{"@type":"ImageObject","inLanguage":"fr-FR","@id":"https:\/\/elmawkie.dz\/fr\/#\/schema\/logo\/image\/","url":"https:\/\/elmawkie.dz\/fr\/wp-content\/uploads\/2024\/05\/logo1.png","contentUrl":"https:\/\/elmawkie.dz\/fr\/wp-content\/uploads\/2024\/05\/logo1.png","width":1648,"height":652,"caption":"EL MAWKIE"},"image":{"@id":"https:\/\/elmawkie.dz\/fr\/#\/schema\/logo\/image\/"},"sameAs":["https:\/\/www.facebook.com\/profile.php?id=100088407094989&locale=fr_FR"]},{"@type":"Person","@id":"https:\/\/elmawkie.dz\/fr\/#\/schema\/person\/e7bd59d6467874ba5c4723d8a9f0a63c","name":"R\u00e9daction","image":{"@type":"ImageObject","inLanguage":"fr-FR","@id":"https:\/\/elmawkie.dz\/fr\/#\/schema\/person\/image\/","url":"https:\/\/secure.gravatar.com\/avatar\/f0f773456344da4d2788c054a3d30a0c?s=96&d=mm&r=g","contentUrl":"https:\/\/secure.gravatar.com\/avatar\/f0f773456344da4d2788c054a3d30a0c?s=96&d=mm&r=g","caption":"R\u00e9daction"},"url":"https:\/\/elmawkie.dz\/fr\/author\/redaction\/"}]}},"_links":{"self":[{"href":"https:\/\/elmawkie.dz\/fr\/wp-json\/wp\/v2\/posts\/49270","targetHints":{"allow":["GET"]}}],"collection":[{"href":"https:\/\/elmawkie.dz\/fr\/wp-json\/wp\/v2\/posts"}],"about":[{"href":"https:\/\/elmawkie.dz\/fr\/wp-json\/wp\/v2\/types\/post"}],"author":[{"embeddable":true,"href":"https:\/\/elmawkie.dz\/fr\/wp-json\/wp\/v2\/users\/9"}],"replies":[{"embeddable":true,"href":"https:\/\/elmawkie.dz\/fr\/wp-json\/wp\/v2\/comments?post=49270"}],"version-history":[{"count":1,"href":"https:\/\/elmawkie.dz\/fr\/wp-json\/wp\/v2\/posts\/49270\/revisions"}],"predecessor-version":[{"id":49273,"href":"https:\/\/elmawkie.dz\/fr\/wp-json\/wp\/v2\/posts\/49270\/revisions\/49273"}],"wp:featuredmedia":[{"embeddable":true,"href":"https:\/\/elmawkie.dz\/fr\/wp-json\/wp\/v2\/media\/49272"}],"wp:attachment":[{"href":"https:\/\/elmawkie.dz\/fr\/wp-json\/wp\/v2\/media?parent=49270"}],"wp:term":[{"taxonomy":"category","embeddable":true,"href":"https:\/\/elmawkie.dz\/fr\/wp-json\/wp\/v2\/categories?post=49270"},{"taxonomy":"post_tag","embeddable":true,"href":"https:\/\/elmawkie.dz\/fr\/wp-json\/wp\/v2\/tags?post=49270"}],"curies":[{"name":"wp","href":"https:\/\/api.w.org\/{rel}","templated":true}]}}