{"id":49256,"date":"2025-04-01T00:45:06","date_gmt":"2025-03-31T23:45:06","guid":{"rendered":"https:\/\/elmawkie.dz\/fr\/?p=49256"},"modified":"2025-04-01T00:47:10","modified_gmt":"2025-03-31T23:47:10","slug":"aid-el-fitr-le-president-de-la-republique-recoit-les-voeux-de-son-homologue-iranien","status":"publish","type":"post","link":"https:\/\/elmawkie.dz\/fr\/aid-el-fitr-le-president-de-la-republique-recoit-les-voeux-de-son-homologue-iranien\/","title":{"rendered":"A\u00efd El-Fitr: le pr\u00e9sident de la R\u00e9publique re\u00e7oit les v\u0153ux de son homologue iranien"},"content":{"rendered":"\n<p>Le pr\u00e9sident de la R\u00e9publique, M. Abdelmadjid Tebboune, a re\u00e7u, lundi, un appel t\u00e9l\u00e9phonique du pr\u00e9sident de la R\u00e9publique islamique d&rsquo;Iran, pays fr\u00e8re, M. Massoud Pezechkian, qui lui a adress\u00e9, ainsi qu&rsquo;au peuple alg\u00e9rien, ses v\u0153ux \u00e0 l&rsquo;occasion de l&rsquo;A\u00efd El-Fitr, indique un communiqu\u00e9 de la Pr\u00e9sidence de la R\u00e9publique. \u00ab\u00a0Le pr\u00e9sident de la R\u00e9publique, M. Abdelmadjid Tebboune, a re\u00e7u, ce jour, un appel t\u00e9l\u00e9phonique du pr\u00e9sident de la R\u00e9publique islamique d&rsquo;Iran, pays fr\u00e8re, M. Massoud Pezechkian, qui lui a adress\u00e9, ainsi qu&rsquo;au peuple alg\u00e9rien, ses v\u0153ux \u00e0 l&rsquo;occasion de l&rsquo;A\u00efd El-Fitr, tout en souhaitant \u00e0 l&rsquo;Alg\u00e9rie davantage de progr\u00e8s et de prosp\u00e9rit\u00e9 \u00ab\u00a0, lit-on dans le communiqu\u00e9. De son c\u00f4t\u00e9, \u00ab\u00a0le pr\u00e9sident de la R\u00e9publique a adress\u00e9 ses v\u0153ux \u00e0 son homologue iranien, souhaitant au peuple iranien fr\u00e8re davantage de progr\u00e8s et de prosp\u00e9rit\u00e9\u00a0\u00bb, ajoute le communiqu\u00e9. A cette occasion, \u00ab\u00a0les deux pr\u00e9sidents, apr\u00e8s avoir \u00e9voqu\u00e9 les relations bilat\u00e9rales et les voies et moyens de les renforcer, sont convenus de se rencontrer prochainement \u00e0 T\u00e9h\u00e9ran ou \u00e0 Alger\u00a0\u00bb, conclut le communiqu\u00e9.<\/p>\n","protected":false},"excerpt":{"rendered":"<p>Le pr\u00e9sident de la R\u00e9publique, M. Abdelmadjid Tebboune, a re\u00e7u, lundi, un appel t\u00e9l\u00e9phonique du pr\u00e9sident de la R\u00e9publique islamique d&rsquo;Iran, pays fr\u00e8re, M. Massoud Pezechkian, qui lui a adress\u00e9, ainsi qu&rsquo;au peuple alg\u00e9rien, ses v\u0153ux \u00e0 l&rsquo;occasion de l&rsquo;A\u00efd El-Fitr, indique un communiqu\u00e9 de la Pr\u00e9sidence de la R\u00e9publique. \u00ab\u00a0Le pr\u00e9sident de la R\u00e9publique, &hellip;<\/p>\n","protected":false},"author":9,"featured_media":49258,"comment_status":"open","ping_status":"open","sticky":false,"template":"","format":"standard","meta":{"footnotes":""},"categories":[47],"tags":[3281,596,1169],"class_list":["post-49256","post","type-post","status-publish","format-standard","has-post-thumbnail","hentry","category-national","tag-aid-el-fitr","tag-le-president-de-la-republique","tag-president-iranien"],"yoast_head":"<!-- This site is optimized with the Yoast SEO Premium plugin v22.6 (Yoast SEO v22.6) - https:\/\/yoast.com\/wordpress\/plugins\/seo\/ -->\n<title>A\u00efd El-Fitr: le pr\u00e9sident de la R\u00e9publique re\u00e7oit les v\u0153ux de son homologue iranien - El Mawkie<\/title>\n<meta name=\"robots\" content=\"index, follow, max-snippet:-1, max-image-preview:large, max-video-preview:-1\" \/>\n<link rel=\"canonical\" href=\"https:\/\/elmawkie.dz\/fr\/aid-el-fitr-le-president-de-la-republique-recoit-les-voeux-de-son-homologue-iranien\/\" \/>\n<meta property=\"og:locale\" content=\"fr_FR\" \/>\n<meta property=\"og:type\" content=\"article\" \/>\n<meta property=\"og:title\" content=\"A\u00efd El-Fitr: le pr\u00e9sident de la R\u00e9publique re\u00e7oit les v\u0153ux de son homologue iranien\" \/>\n<meta property=\"og:description\" content=\"Le pr\u00e9sident de la R\u00e9publique, M. Abdelmadjid Tebboune, a re\u00e7u, lundi, un appel t\u00e9l\u00e9phonique du pr\u00e9sident de la R\u00e9publique islamique d&rsquo;Iran, pays fr\u00e8re, M. Massoud Pezechkian, qui lui a adress\u00e9, ainsi qu&rsquo;au peuple alg\u00e9rien, ses v\u0153ux \u00e0 l&rsquo;occasion de l&rsquo;A\u00efd El-Fitr, indique un communiqu\u00e9 de la Pr\u00e9sidence de la R\u00e9publique. \u00ab\u00a0Le pr\u00e9sident de la R\u00e9publique, &hellip;\" \/>\n<meta property=\"og:url\" content=\"https:\/\/elmawkie.dz\/fr\/aid-el-fitr-le-president-de-la-republique-recoit-les-voeux-de-son-homologue-iranien\/\" \/>\n<meta property=\"og:site_name\" content=\"El Mawkie\" \/>\n<meta property=\"article:publisher\" content=\"https:\/\/www.facebook.com\/profile.php?id=100088407094989&amp;locale=fr_FR\" \/>\n<meta property=\"article:published_time\" content=\"2025-03-31T23:45:06+00:00\" \/>\n<meta property=\"article:modified_time\" content=\"2025-03-31T23:47:10+00:00\" \/>\n<meta property=\"og:image\" content=\"https:\/\/elmawkie.dz\/fr\/wp-content\/uploads\/2025\/04\/IMG_2341.jpeg\" \/>\n\t<meta property=\"og:image:width\" content=\"1280\" \/>\n\t<meta property=\"og:image:height\" content=\"720\" \/>\n\t<meta property=\"og:image:type\" content=\"image\/jpeg\" \/>\n<meta name=\"author\" content=\"R\u00e9daction\" \/>\n<meta name=\"twitter:card\" content=\"summary_large_image\" \/>\n<meta name=\"twitter:label1\" content=\"Written by\" \/>\n\t<meta name=\"twitter:data1\" content=\"R\u00e9daction\" \/>\n\t<meta name=\"twitter:label2\" content=\"Est. reading time\" \/>\n\t<meta name=\"twitter:data2\" content=\"2 minutes\" \/>\n<script type=\"application\/ld+json\" class=\"yoast-schema-graph\">{\"@context\":\"https:\/\/schema.org\",\"@graph\":[{\"@type\":\"Article\",\"@id\":\"https:\/\/elmawkie.dz\/fr\/aid-el-fitr-le-president-de-la-republique-recoit-les-voeux-de-son-homologue-iranien\/#article\",\"isPartOf\":{\"@id\":\"https:\/\/elmawkie.dz\/fr\/aid-el-fitr-le-president-de-la-republique-recoit-les-voeux-de-son-homologue-iranien\/\"},\"author\":{\"name\":\"R\u00e9daction\",\"@id\":\"https:\/\/elmawkie.dz\/fr\/#\/schema\/person\/e7bd59d6467874ba5c4723d8a9f0a63c\"},\"headline\":\"A\u00efd El-Fitr: le pr\u00e9sident de la R\u00e9publique re\u00e7oit les v\u0153ux de son homologue iranien\",\"datePublished\":\"2025-03-31T23:45:06+00:00\",\"dateModified\":\"2025-03-31T23:47:10+00:00\",\"mainEntityOfPage\":{\"@id\":\"https:\/\/elmawkie.dz\/fr\/aid-el-fitr-le-president-de-la-republique-recoit-les-voeux-de-son-homologue-iranien\/\"},\"wordCount\":232,\"commentCount\":0,\"publisher\":{\"@id\":\"https:\/\/elmawkie.dz\/fr\/#organization\"},\"image\":{\"@id\":\"https:\/\/elmawkie.dz\/fr\/aid-el-fitr-le-president-de-la-republique-recoit-les-voeux-de-son-homologue-iranien\/#primaryimage\"},\"thumbnailUrl\":\"https:\/\/elmawkie.dz\/fr\/wp-content\/uploads\/2025\/04\/IMG_2341.jpeg\",\"keywords\":[\"A\u00efd El-Fitr\",\"le pr\u00e9sident de la R\u00e9publique\",\"Pr\u00e9sident iranien\"],\"articleSection\":[\"National\"],\"inLanguage\":\"fr-FR\",\"potentialAction\":[{\"@type\":\"CommentAction\",\"name\":\"Comment\",\"target\":[\"https:\/\/elmawkie.dz\/fr\/aid-el-fitr-le-president-de-la-republique-recoit-les-voeux-de-son-homologue-iranien\/#respond\"]}]},{\"@type\":\"WebPage\",\"@id\":\"https:\/\/elmawkie.dz\/fr\/aid-el-fitr-le-president-de-la-republique-recoit-les-voeux-de-son-homologue-iranien\/\",\"url\":\"https:\/\/elmawkie.dz\/fr\/aid-el-fitr-le-president-de-la-republique-recoit-les-voeux-de-son-homologue-iranien\/\",\"name\":\"A\u00efd El-Fitr: le pr\u00e9sident de la R\u00e9publique re\u00e7oit les v\u0153ux de son homologue iranien - El Mawkie\",\"isPartOf\":{\"@id\":\"https:\/\/elmawkie.dz\/fr\/#website\"},\"primaryImageOfPage\":{\"@id\":\"https:\/\/elmawkie.dz\/fr\/aid-el-fitr-le-president-de-la-republique-recoit-les-voeux-de-son-homologue-iranien\/#primaryimage\"},\"image\":{\"@id\":\"https:\/\/elmawkie.dz\/fr\/aid-el-fitr-le-president-de-la-republique-recoit-les-voeux-de-son-homologue-iranien\/#primaryimage\"},\"thumbnailUrl\":\"https:\/\/elmawkie.dz\/fr\/wp-content\/uploads\/2025\/04\/IMG_2341.jpeg\",\"datePublished\":\"2025-03-31T23:45:06+00:00\",\"dateModified\":\"2025-03-31T23:47:10+00:00\",\"breadcrumb\":{\"@id\":\"https:\/\/elmawkie.dz\/fr\/aid-el-fitr-le-president-de-la-republique-recoit-les-voeux-de-son-homologue-iranien\/#breadcrumb\"},\"inLanguage\":\"fr-FR\",\"potentialAction\":[{\"@type\":\"ReadAction\",\"target\":[\"https:\/\/elmawkie.dz\/fr\/aid-el-fitr-le-president-de-la-republique-recoit-les-voeux-de-son-homologue-iranien\/\"]}]},{\"@type\":\"ImageObject\",\"inLanguage\":\"fr-FR\",\"@id\":\"https:\/\/elmawkie.dz\/fr\/aid-el-fitr-le-president-de-la-republique-recoit-les-voeux-de-son-homologue-iranien\/#primaryimage\",\"url\":\"https:\/\/elmawkie.dz\/fr\/wp-content\/uploads\/2025\/04\/IMG_2341.jpeg\",\"contentUrl\":\"https:\/\/elmawkie.dz\/fr\/wp-content\/uploads\/2025\/04\/IMG_2341.jpeg\",\"width\":1280,\"height\":720},{\"@type\":\"BreadcrumbList\",\"@id\":\"https:\/\/elmawkie.dz\/fr\/aid-el-fitr-le-president-de-la-republique-recoit-les-voeux-de-son-homologue-iranien\/#breadcrumb\",\"itemListElement\":[{\"@type\":\"ListItem\",\"position\":1,\"name\":\"Home\",\"item\":\"https:\/\/elmawkie.dz\/fr\/\"},{\"@type\":\"ListItem\",\"position\":2,\"name\":\"A\u00efd El-Fitr: le pr\u00e9sident de la R\u00e9publique re\u00e7oit les v\u0153ux de son homologue iranien\"}]},{\"@type\":\"WebSite\",\"@id\":\"https:\/\/elmawkie.dz\/fr\/#website\",\"url\":\"https:\/\/elmawkie.dz\/fr\/\",\"name\":\"EL MAWKIE\",\"description\":\"Journal \u00c9lectronique Alg\u00e9rien\",\"publisher\":{\"@id\":\"https:\/\/elmawkie.dz\/fr\/#organization\"},\"potentialAction\":[{\"@type\":\"SearchAction\",\"target\":{\"@type\":\"EntryPoint\",\"urlTemplate\":\"https:\/\/elmawkie.dz\/fr\/?s={search_term_string}\"},\"query-input\":\"required name=search_term_string\"}],\"inLanguage\":\"fr-FR\"},{\"@type\":\"Organization\",\"@id\":\"https:\/\/elmawkie.dz\/fr\/#organization\",\"name\":\"EL MAWKIE\",\"url\":\"https:\/\/elmawkie.dz\/fr\/\",\"logo\":{\"@type\":\"ImageObject\",\"inLanguage\":\"fr-FR\",\"@id\":\"https:\/\/elmawkie.dz\/fr\/#\/schema\/logo\/image\/\",\"url\":\"https:\/\/elmawkie.dz\/fr\/wp-content\/uploads\/2024\/05\/logo1.png\",\"contentUrl\":\"https:\/\/elmawkie.dz\/fr\/wp-content\/uploads\/2024\/05\/logo1.png\",\"width\":1648,\"height\":652,\"caption\":\"EL MAWKIE\"},\"image\":{\"@id\":\"https:\/\/elmawkie.dz\/fr\/#\/schema\/logo\/image\/\"},\"sameAs\":[\"https:\/\/www.facebook.com\/profile.php?id=100088407094989&locale=fr_FR\"]},{\"@type\":\"Person\",\"@id\":\"https:\/\/elmawkie.dz\/fr\/#\/schema\/person\/e7bd59d6467874ba5c4723d8a9f0a63c\",\"name\":\"R\u00e9daction\",\"image\":{\"@type\":\"ImageObject\",\"inLanguage\":\"fr-FR\",\"@id\":\"https:\/\/elmawkie.dz\/fr\/#\/schema\/person\/image\/\",\"url\":\"https:\/\/secure.gravatar.com\/avatar\/f0f773456344da4d2788c054a3d30a0c?s=96&d=mm&r=g\",\"contentUrl\":\"https:\/\/secure.gravatar.com\/avatar\/f0f773456344da4d2788c054a3d30a0c?s=96&d=mm&r=g\",\"caption\":\"R\u00e9daction\"},\"url\":\"https:\/\/elmawkie.dz\/fr\/author\/redaction\/\"}]}<\/script>\n<!-- \/ Yoast SEO Premium plugin. -->","yoast_head_json":{"title":"A\u00efd El-Fitr: le pr\u00e9sident de la R\u00e9publique re\u00e7oit les v\u0153ux de son homologue iranien - El Mawkie","robots":{"index":"index","follow":"follow","max-snippet":"max-snippet:-1","max-image-preview":"max-image-preview:large","max-video-preview":"max-video-preview:-1"},"canonical":"https:\/\/elmawkie.dz\/fr\/aid-el-fitr-le-president-de-la-republique-recoit-les-voeux-de-son-homologue-iranien\/","og_locale":"fr_FR","og_type":"article","og_title":"A\u00efd El-Fitr: le pr\u00e9sident de la R\u00e9publique re\u00e7oit les v\u0153ux de son homologue iranien","og_description":"Le pr\u00e9sident de la R\u00e9publique, M. Abdelmadjid Tebboune, a re\u00e7u, lundi, un appel t\u00e9l\u00e9phonique du pr\u00e9sident de la R\u00e9publique islamique d&rsquo;Iran, pays fr\u00e8re, M. Massoud Pezechkian, qui lui a adress\u00e9, ainsi qu&rsquo;au peuple alg\u00e9rien, ses v\u0153ux \u00e0 l&rsquo;occasion de l&rsquo;A\u00efd El-Fitr, indique un communiqu\u00e9 de la Pr\u00e9sidence de la R\u00e9publique. \u00ab\u00a0Le pr\u00e9sident de la R\u00e9publique, &hellip;","og_url":"https:\/\/elmawkie.dz\/fr\/aid-el-fitr-le-president-de-la-republique-recoit-les-voeux-de-son-homologue-iranien\/","og_site_name":"El Mawkie","article_publisher":"https:\/\/www.facebook.com\/profile.php?id=100088407094989&locale=fr_FR","article_published_time":"2025-03-31T23:45:06+00:00","article_modified_time":"2025-03-31T23:47:10+00:00","og_image":[{"width":1280,"height":720,"url":"https:\/\/elmawkie.dz\/fr\/wp-content\/uploads\/2025\/04\/IMG_2341.jpeg","type":"image\/jpeg"}],"author":"R\u00e9daction","twitter_card":"summary_large_image","twitter_misc":{"Written by":"R\u00e9daction","Est. reading time":"2 minutes"},"schema":{"@context":"https:\/\/schema.org","@graph":[{"@type":"Article","@id":"https:\/\/elmawkie.dz\/fr\/aid-el-fitr-le-president-de-la-republique-recoit-les-voeux-de-son-homologue-iranien\/#article","isPartOf":{"@id":"https:\/\/elmawkie.dz\/fr\/aid-el-fitr-le-president-de-la-republique-recoit-les-voeux-de-son-homologue-iranien\/"},"author":{"name":"R\u00e9daction","@id":"https:\/\/elmawkie.dz\/fr\/#\/schema\/person\/e7bd59d6467874ba5c4723d8a9f0a63c"},"headline":"A\u00efd El-Fitr: le pr\u00e9sident de la R\u00e9publique re\u00e7oit les v\u0153ux de son homologue iranien","datePublished":"2025-03-31T23:45:06+00:00","dateModified":"2025-03-31T23:47:10+00:00","mainEntityOfPage":{"@id":"https:\/\/elmawkie.dz\/fr\/aid-el-fitr-le-president-de-la-republique-recoit-les-voeux-de-son-homologue-iranien\/"},"wordCount":232,"commentCount":0,"publisher":{"@id":"https:\/\/elmawkie.dz\/fr\/#organization"},"image":{"@id":"https:\/\/elmawkie.dz\/fr\/aid-el-fitr-le-president-de-la-republique-recoit-les-voeux-de-son-homologue-iranien\/#primaryimage"},"thumbnailUrl":"https:\/\/elmawkie.dz\/fr\/wp-content\/uploads\/2025\/04\/IMG_2341.jpeg","keywords":["A\u00efd El-Fitr","le pr\u00e9sident de la R\u00e9publique","Pr\u00e9sident iranien"],"articleSection":["National"],"inLanguage":"fr-FR","potentialAction":[{"@type":"CommentAction","name":"Comment","target":["https:\/\/elmawkie.dz\/fr\/aid-el-fitr-le-president-de-la-republique-recoit-les-voeux-de-son-homologue-iranien\/#respond"]}]},{"@type":"WebPage","@id":"https:\/\/elmawkie.dz\/fr\/aid-el-fitr-le-president-de-la-republique-recoit-les-voeux-de-son-homologue-iranien\/","url":"https:\/\/elmawkie.dz\/fr\/aid-el-fitr-le-president-de-la-republique-recoit-les-voeux-de-son-homologue-iranien\/","name":"A\u00efd El-Fitr: le pr\u00e9sident de la R\u00e9publique re\u00e7oit les v\u0153ux de son homologue iranien - El Mawkie","isPartOf":{"@id":"https:\/\/elmawkie.dz\/fr\/#website"},"primaryImageOfPage":{"@id":"https:\/\/elmawkie.dz\/fr\/aid-el-fitr-le-president-de-la-republique-recoit-les-voeux-de-son-homologue-iranien\/#primaryimage"},"image":{"@id":"https:\/\/elmawkie.dz\/fr\/aid-el-fitr-le-president-de-la-republique-recoit-les-voeux-de-son-homologue-iranien\/#primaryimage"},"thumbnailUrl":"https:\/\/elmawkie.dz\/fr\/wp-content\/uploads\/2025\/04\/IMG_2341.jpeg","datePublished":"2025-03-31T23:45:06+00:00","dateModified":"2025-03-31T23:47:10+00:00","breadcrumb":{"@id":"https:\/\/elmawkie.dz\/fr\/aid-el-fitr-le-president-de-la-republique-recoit-les-voeux-de-son-homologue-iranien\/#breadcrumb"},"inLanguage":"fr-FR","potentialAction":[{"@type":"ReadAction","target":["https:\/\/elmawkie.dz\/fr\/aid-el-fitr-le-president-de-la-republique-recoit-les-voeux-de-son-homologue-iranien\/"]}]},{"@type":"ImageObject","inLanguage":"fr-FR","@id":"https:\/\/elmawkie.dz\/fr\/aid-el-fitr-le-president-de-la-republique-recoit-les-voeux-de-son-homologue-iranien\/#primaryimage","url":"https:\/\/elmawkie.dz\/fr\/wp-content\/uploads\/2025\/04\/IMG_2341.jpeg","contentUrl":"https:\/\/elmawkie.dz\/fr\/wp-content\/uploads\/2025\/04\/IMG_2341.jpeg","width":1280,"height":720},{"@type":"BreadcrumbList","@id":"https:\/\/elmawkie.dz\/fr\/aid-el-fitr-le-president-de-la-republique-recoit-les-voeux-de-son-homologue-iranien\/#breadcrumb","itemListElement":[{"@type":"ListItem","position":1,"name":"Home","item":"https:\/\/elmawkie.dz\/fr\/"},{"@type":"ListItem","position":2,"name":"A\u00efd El-Fitr: le pr\u00e9sident de la R\u00e9publique re\u00e7oit les v\u0153ux de son homologue iranien"}]},{"@type":"WebSite","@id":"https:\/\/elmawkie.dz\/fr\/#website","url":"https:\/\/elmawkie.dz\/fr\/","name":"EL MAWKIE","description":"Journal \u00c9lectronique Alg\u00e9rien","publisher":{"@id":"https:\/\/elmawkie.dz\/fr\/#organization"},"potentialAction":[{"@type":"SearchAction","target":{"@type":"EntryPoint","urlTemplate":"https:\/\/elmawkie.dz\/fr\/?s={search_term_string}"},"query-input":"required name=search_term_string"}],"inLanguage":"fr-FR"},{"@type":"Organization","@id":"https:\/\/elmawkie.dz\/fr\/#organization","name":"EL MAWKIE","url":"https:\/\/elmawkie.dz\/fr\/","logo":{"@type":"ImageObject","inLanguage":"fr-FR","@id":"https:\/\/elmawkie.dz\/fr\/#\/schema\/logo\/image\/","url":"https:\/\/elmawkie.dz\/fr\/wp-content\/uploads\/2024\/05\/logo1.png","contentUrl":"https:\/\/elmawkie.dz\/fr\/wp-content\/uploads\/2024\/05\/logo1.png","width":1648,"height":652,"caption":"EL MAWKIE"},"image":{"@id":"https:\/\/elmawkie.dz\/fr\/#\/schema\/logo\/image\/"},"sameAs":["https:\/\/www.facebook.com\/profile.php?id=100088407094989&locale=fr_FR"]},{"@type":"Person","@id":"https:\/\/elmawkie.dz\/fr\/#\/schema\/person\/e7bd59d6467874ba5c4723d8a9f0a63c","name":"R\u00e9daction","image":{"@type":"ImageObject","inLanguage":"fr-FR","@id":"https:\/\/elmawkie.dz\/fr\/#\/schema\/person\/image\/","url":"https:\/\/secure.gravatar.com\/avatar\/f0f773456344da4d2788c054a3d30a0c?s=96&d=mm&r=g","contentUrl":"https:\/\/secure.gravatar.com\/avatar\/f0f773456344da4d2788c054a3d30a0c?s=96&d=mm&r=g","caption":"R\u00e9daction"},"url":"https:\/\/elmawkie.dz\/fr\/author\/redaction\/"}]}},"_links":{"self":[{"href":"https:\/\/elmawkie.dz\/fr\/wp-json\/wp\/v2\/posts\/49256","targetHints":{"allow":["GET"]}}],"collection":[{"href":"https:\/\/elmawkie.dz\/fr\/wp-json\/wp\/v2\/posts"}],"about":[{"href":"https:\/\/elmawkie.dz\/fr\/wp-json\/wp\/v2\/types\/post"}],"author":[{"embeddable":true,"href":"https:\/\/elmawkie.dz\/fr\/wp-json\/wp\/v2\/users\/9"}],"replies":[{"embeddable":true,"href":"https:\/\/elmawkie.dz\/fr\/wp-json\/wp\/v2\/comments?post=49256"}],"version-history":[{"count":1,"href":"https:\/\/elmawkie.dz\/fr\/wp-json\/wp\/v2\/posts\/49256\/revisions"}],"predecessor-version":[{"id":49259,"href":"https:\/\/elmawkie.dz\/fr\/wp-json\/wp\/v2\/posts\/49256\/revisions\/49259"}],"wp:featuredmedia":[{"embeddable":true,"href":"https:\/\/elmawkie.dz\/fr\/wp-json\/wp\/v2\/media\/49258"}],"wp:attachment":[{"href":"https:\/\/elmawkie.dz\/fr\/wp-json\/wp\/v2\/media?parent=49256"}],"wp:term":[{"taxonomy":"category","embeddable":true,"href":"https:\/\/elmawkie.dz\/fr\/wp-json\/wp\/v2\/categories?post=49256"},{"taxonomy":"post_tag","embeddable":true,"href":"https:\/\/elmawkie.dz\/fr\/wp-json\/wp\/v2\/tags?post=49256"}],"curies":[{"name":"wp","href":"https:\/\/api.w.org\/{rel}","templated":true}]}}