{"id":49252,"date":"2025-04-01T00:43:33","date_gmt":"2025-03-31T23:43:33","guid":{"rendered":"https:\/\/elmawkie.dz\/fr\/?p=49252"},"modified":"2025-04-01T00:43:34","modified_gmt":"2025-03-31T23:43:34","slug":"le-president-de-la-republique-recoit-les-voeux-de-son-homologue-emirati-a-loccasion-de-laid-el-fitr","status":"publish","type":"post","link":"https:\/\/elmawkie.dz\/fr\/le-president-de-la-republique-recoit-les-voeux-de-son-homologue-emirati-a-loccasion-de-laid-el-fitr\/","title":{"rendered":"Le pr\u00e9sident de la R\u00e9publique re\u00e7oit les v\u0153ux de son homologue \u00e9mirati \u00e0 l&rsquo;occasion de l&rsquo;A\u00efd El-Fitr"},"content":{"rendered":"\n<p>Le pr\u00e9sident de la R\u00e9publique, M. Abdelmadjid Tebboune, a re\u00e7u, lundi, un appel t\u00e9l\u00e9phonique de son fr\u00e8re, cheikh Mohammed ben Zayed Al Nahyane, pr\u00e9sident de l\u2019Etat des Emirats arabes unis, pays fr\u00e8re, qui lui a adress\u00e9 ses v\u0153ux \u00e0 l\u2019occasion de l\u2019A\u00efd El-Fitr, indique un communiqu\u00e9 de la Pr\u00e9sidence de la R\u00e9publique. \u00ab\u00a0Le pr\u00e9sident de la R\u00e9publique, M. Abdelmadjid Tebboune a re\u00e7u, ce jour, un appel t\u00e9l\u00e9phonique de son fr\u00e8re, cheikh Mohammed ben Zayed Al Nahyane, pr\u00e9sident de l\u2019Etat des Emirats arabes unis, pays fr\u00e8re, qui lui a adress\u00e9 ses v\u0153ux \u00e0 l\u2019occasion de l\u2019A\u00efd El-Fitr, tout en exprimant ses souhaits de progr\u00e8s et de prosp\u00e9rit\u00e9 au peuple alg\u00e9rien\u00a0\u00bb, lit-on dans le communiqu\u00e9. De son c\u00f4t\u00e9, \u00ab\u00a0Monsieur le pr\u00e9sident de la R\u00e9publique a adress\u00e9 ses v\u0153ux de l&rsquo;A\u00efd au pr\u00e9sident \u00e9mirati, souhaitant tout le bien-\u00eatre au peuple \u00e9mirati fr\u00e8re\u00a0\u00bb. \u00ab\u00a0Les deux Pr\u00e9sidents sont convenus de se rencontrer dans les meilleurs d\u00e9lais\u00a0\u00bb, conclut le communiqu\u00e9.<\/p>\n","protected":false},"excerpt":{"rendered":"<p>Le pr\u00e9sident de la R\u00e9publique, M. Abdelmadjid Tebboune, a re\u00e7u, lundi, un appel t\u00e9l\u00e9phonique de son fr\u00e8re, cheikh Mohammed ben Zayed Al Nahyane, pr\u00e9sident de l\u2019Etat des Emirats arabes unis, pays fr\u00e8re, qui lui a adress\u00e9 ses v\u0153ux \u00e0 l\u2019occasion de l\u2019A\u00efd El-Fitr, indique un communiqu\u00e9 de la Pr\u00e9sidence de la R\u00e9publique. \u00ab\u00a0Le pr\u00e9sident de &hellip;<\/p>\n","protected":false},"author":9,"featured_media":49254,"comment_status":"open","ping_status":"open","sticky":false,"template":"","format":"standard","meta":{"footnotes":""},"categories":[47],"tags":[3279,596],"class_list":["post-49252","post","type-post","status-publish","format-standard","has-post-thumbnail","hentry","category-national","tag-laid-el-fitr","tag-le-president-de-la-republique"],"yoast_head":"<!-- This site is optimized with the Yoast SEO Premium plugin v22.6 (Yoast SEO v22.6) - https:\/\/yoast.com\/wordpress\/plugins\/seo\/ -->\n<title>Le pr\u00e9sident de la R\u00e9publique re\u00e7oit les v\u0153ux de son homologue \u00e9mirati \u00e0 l&#039;occasion de l&#039;A\u00efd El-Fitr - El Mawkie<\/title>\n<meta name=\"robots\" content=\"index, follow, max-snippet:-1, max-image-preview:large, max-video-preview:-1\" \/>\n<link rel=\"canonical\" href=\"https:\/\/elmawkie.dz\/fr\/le-president-de-la-republique-recoit-les-voeux-de-son-homologue-emirati-a-loccasion-de-laid-el-fitr\/\" \/>\n<meta property=\"og:locale\" content=\"fr_FR\" \/>\n<meta property=\"og:type\" content=\"article\" \/>\n<meta property=\"og:title\" content=\"Le pr\u00e9sident de la R\u00e9publique re\u00e7oit les v\u0153ux de son homologue \u00e9mirati \u00e0 l&#039;occasion de l&#039;A\u00efd El-Fitr\" \/>\n<meta property=\"og:description\" content=\"Le pr\u00e9sident de la R\u00e9publique, M. Abdelmadjid Tebboune, a re\u00e7u, lundi, un appel t\u00e9l\u00e9phonique de son fr\u00e8re, cheikh Mohammed ben Zayed Al Nahyane, pr\u00e9sident de l\u2019Etat des Emirats arabes unis, pays fr\u00e8re, qui lui a adress\u00e9 ses v\u0153ux \u00e0 l\u2019occasion de l\u2019A\u00efd El-Fitr, indique un communiqu\u00e9 de la Pr\u00e9sidence de la R\u00e9publique. \u00ab\u00a0Le pr\u00e9sident de &hellip;\" \/>\n<meta property=\"og:url\" content=\"https:\/\/elmawkie.dz\/fr\/le-president-de-la-republique-recoit-les-voeux-de-son-homologue-emirati-a-loccasion-de-laid-el-fitr\/\" \/>\n<meta property=\"og:site_name\" content=\"El Mawkie\" \/>\n<meta property=\"article:publisher\" content=\"https:\/\/www.facebook.com\/profile.php?id=100088407094989&amp;locale=fr_FR\" \/>\n<meta property=\"article:published_time\" content=\"2025-03-31T23:43:33+00:00\" \/>\n<meta property=\"article:modified_time\" content=\"2025-03-31T23:43:34+00:00\" \/>\n<meta property=\"og:image\" content=\"https:\/\/elmawkie.dz\/fr\/wp-content\/uploads\/2025\/04\/IMG_2354.jpeg\" \/>\n\t<meta property=\"og:image:width\" content=\"1920\" \/>\n\t<meta property=\"og:image:height\" content=\"1080\" \/>\n\t<meta property=\"og:image:type\" content=\"image\/jpeg\" \/>\n<meta name=\"author\" content=\"R\u00e9daction\" \/>\n<meta name=\"twitter:card\" content=\"summary_large_image\" \/>\n<meta name=\"twitter:label1\" content=\"Written by\" \/>\n\t<meta name=\"twitter:data1\" content=\"R\u00e9daction\" \/>\n\t<meta name=\"twitter:label2\" content=\"Est. reading time\" \/>\n\t<meta name=\"twitter:data2\" content=\"1 minute\" \/>\n<script type=\"application\/ld+json\" class=\"yoast-schema-graph\">{\"@context\":\"https:\/\/schema.org\",\"@graph\":[{\"@type\":\"Article\",\"@id\":\"https:\/\/elmawkie.dz\/fr\/le-president-de-la-republique-recoit-les-voeux-de-son-homologue-emirati-a-loccasion-de-laid-el-fitr\/#article\",\"isPartOf\":{\"@id\":\"https:\/\/elmawkie.dz\/fr\/le-president-de-la-republique-recoit-les-voeux-de-son-homologue-emirati-a-loccasion-de-laid-el-fitr\/\"},\"author\":{\"name\":\"R\u00e9daction\",\"@id\":\"https:\/\/elmawkie.dz\/fr\/#\/schema\/person\/e7bd59d6467874ba5c4723d8a9f0a63c\"},\"headline\":\"Le pr\u00e9sident de la R\u00e9publique re\u00e7oit les v\u0153ux de son homologue \u00e9mirati \u00e0 l&rsquo;occasion de l&rsquo;A\u00efd El-Fitr\",\"datePublished\":\"2025-03-31T23:43:33+00:00\",\"dateModified\":\"2025-03-31T23:43:34+00:00\",\"mainEntityOfPage\":{\"@id\":\"https:\/\/elmawkie.dz\/fr\/le-president-de-la-republique-recoit-les-voeux-de-son-homologue-emirati-a-loccasion-de-laid-el-fitr\/\"},\"wordCount\":217,\"commentCount\":0,\"publisher\":{\"@id\":\"https:\/\/elmawkie.dz\/fr\/#organization\"},\"image\":{\"@id\":\"https:\/\/elmawkie.dz\/fr\/le-president-de-la-republique-recoit-les-voeux-de-son-homologue-emirati-a-loccasion-de-laid-el-fitr\/#primaryimage\"},\"thumbnailUrl\":\"https:\/\/elmawkie.dz\/fr\/wp-content\/uploads\/2025\/04\/IMG_2354.jpeg\",\"keywords\":[\"L\u2019A\u00efd El Fitr\",\"le pr\u00e9sident de la R\u00e9publique\"],\"articleSection\":[\"National\"],\"inLanguage\":\"fr-FR\",\"potentialAction\":[{\"@type\":\"CommentAction\",\"name\":\"Comment\",\"target\":[\"https:\/\/elmawkie.dz\/fr\/le-president-de-la-republique-recoit-les-voeux-de-son-homologue-emirati-a-loccasion-de-laid-el-fitr\/#respond\"]}]},{\"@type\":\"WebPage\",\"@id\":\"https:\/\/elmawkie.dz\/fr\/le-president-de-la-republique-recoit-les-voeux-de-son-homologue-emirati-a-loccasion-de-laid-el-fitr\/\",\"url\":\"https:\/\/elmawkie.dz\/fr\/le-president-de-la-republique-recoit-les-voeux-de-son-homologue-emirati-a-loccasion-de-laid-el-fitr\/\",\"name\":\"Le pr\u00e9sident de la R\u00e9publique re\u00e7oit les v\u0153ux de son homologue \u00e9mirati \u00e0 l'occasion de l'A\u00efd El-Fitr - El Mawkie\",\"isPartOf\":{\"@id\":\"https:\/\/elmawkie.dz\/fr\/#website\"},\"primaryImageOfPage\":{\"@id\":\"https:\/\/elmawkie.dz\/fr\/le-president-de-la-republique-recoit-les-voeux-de-son-homologue-emirati-a-loccasion-de-laid-el-fitr\/#primaryimage\"},\"image\":{\"@id\":\"https:\/\/elmawkie.dz\/fr\/le-president-de-la-republique-recoit-les-voeux-de-son-homologue-emirati-a-loccasion-de-laid-el-fitr\/#primaryimage\"},\"thumbnailUrl\":\"https:\/\/elmawkie.dz\/fr\/wp-content\/uploads\/2025\/04\/IMG_2354.jpeg\",\"datePublished\":\"2025-03-31T23:43:33+00:00\",\"dateModified\":\"2025-03-31T23:43:34+00:00\",\"breadcrumb\":{\"@id\":\"https:\/\/elmawkie.dz\/fr\/le-president-de-la-republique-recoit-les-voeux-de-son-homologue-emirati-a-loccasion-de-laid-el-fitr\/#breadcrumb\"},\"inLanguage\":\"fr-FR\",\"potentialAction\":[{\"@type\":\"ReadAction\",\"target\":[\"https:\/\/elmawkie.dz\/fr\/le-president-de-la-republique-recoit-les-voeux-de-son-homologue-emirati-a-loccasion-de-laid-el-fitr\/\"]}]},{\"@type\":\"ImageObject\",\"inLanguage\":\"fr-FR\",\"@id\":\"https:\/\/elmawkie.dz\/fr\/le-president-de-la-republique-recoit-les-voeux-de-son-homologue-emirati-a-loccasion-de-laid-el-fitr\/#primaryimage\",\"url\":\"https:\/\/elmawkie.dz\/fr\/wp-content\/uploads\/2025\/04\/IMG_2354.jpeg\",\"contentUrl\":\"https:\/\/elmawkie.dz\/fr\/wp-content\/uploads\/2025\/04\/IMG_2354.jpeg\",\"width\":1920,\"height\":1080},{\"@type\":\"BreadcrumbList\",\"@id\":\"https:\/\/elmawkie.dz\/fr\/le-president-de-la-republique-recoit-les-voeux-de-son-homologue-emirati-a-loccasion-de-laid-el-fitr\/#breadcrumb\",\"itemListElement\":[{\"@type\":\"ListItem\",\"position\":1,\"name\":\"Home\",\"item\":\"https:\/\/elmawkie.dz\/fr\/\"},{\"@type\":\"ListItem\",\"position\":2,\"name\":\"Le pr\u00e9sident de la R\u00e9publique re\u00e7oit les v\u0153ux de son homologue \u00e9mirati \u00e0 l&rsquo;occasion de l&rsquo;A\u00efd El-Fitr\"}]},{\"@type\":\"WebSite\",\"@id\":\"https:\/\/elmawkie.dz\/fr\/#website\",\"url\":\"https:\/\/elmawkie.dz\/fr\/\",\"name\":\"EL MAWKIE\",\"description\":\"Journal \u00c9lectronique Alg\u00e9rien\",\"publisher\":{\"@id\":\"https:\/\/elmawkie.dz\/fr\/#organization\"},\"potentialAction\":[{\"@type\":\"SearchAction\",\"target\":{\"@type\":\"EntryPoint\",\"urlTemplate\":\"https:\/\/elmawkie.dz\/fr\/?s={search_term_string}\"},\"query-input\":\"required name=search_term_string\"}],\"inLanguage\":\"fr-FR\"},{\"@type\":\"Organization\",\"@id\":\"https:\/\/elmawkie.dz\/fr\/#organization\",\"name\":\"EL MAWKIE\",\"url\":\"https:\/\/elmawkie.dz\/fr\/\",\"logo\":{\"@type\":\"ImageObject\",\"inLanguage\":\"fr-FR\",\"@id\":\"https:\/\/elmawkie.dz\/fr\/#\/schema\/logo\/image\/\",\"url\":\"https:\/\/elmawkie.dz\/fr\/wp-content\/uploads\/2024\/05\/logo1.png\",\"contentUrl\":\"https:\/\/elmawkie.dz\/fr\/wp-content\/uploads\/2024\/05\/logo1.png\",\"width\":1648,\"height\":652,\"caption\":\"EL MAWKIE\"},\"image\":{\"@id\":\"https:\/\/elmawkie.dz\/fr\/#\/schema\/logo\/image\/\"},\"sameAs\":[\"https:\/\/www.facebook.com\/profile.php?id=100088407094989&locale=fr_FR\"]},{\"@type\":\"Person\",\"@id\":\"https:\/\/elmawkie.dz\/fr\/#\/schema\/person\/e7bd59d6467874ba5c4723d8a9f0a63c\",\"name\":\"R\u00e9daction\",\"image\":{\"@type\":\"ImageObject\",\"inLanguage\":\"fr-FR\",\"@id\":\"https:\/\/elmawkie.dz\/fr\/#\/schema\/person\/image\/\",\"url\":\"https:\/\/secure.gravatar.com\/avatar\/f0f773456344da4d2788c054a3d30a0c?s=96&d=mm&r=g\",\"contentUrl\":\"https:\/\/secure.gravatar.com\/avatar\/f0f773456344da4d2788c054a3d30a0c?s=96&d=mm&r=g\",\"caption\":\"R\u00e9daction\"},\"url\":\"https:\/\/elmawkie.dz\/fr\/author\/redaction\/\"}]}<\/script>\n<!-- \/ Yoast SEO Premium plugin. -->","yoast_head_json":{"title":"Le pr\u00e9sident de la R\u00e9publique re\u00e7oit les v\u0153ux de son homologue \u00e9mirati \u00e0 l'occasion de l'A\u00efd El-Fitr - El Mawkie","robots":{"index":"index","follow":"follow","max-snippet":"max-snippet:-1","max-image-preview":"max-image-preview:large","max-video-preview":"max-video-preview:-1"},"canonical":"https:\/\/elmawkie.dz\/fr\/le-president-de-la-republique-recoit-les-voeux-de-son-homologue-emirati-a-loccasion-de-laid-el-fitr\/","og_locale":"fr_FR","og_type":"article","og_title":"Le pr\u00e9sident de la R\u00e9publique re\u00e7oit les v\u0153ux de son homologue \u00e9mirati \u00e0 l'occasion de l'A\u00efd El-Fitr","og_description":"Le pr\u00e9sident de la R\u00e9publique, M. Abdelmadjid Tebboune, a re\u00e7u, lundi, un appel t\u00e9l\u00e9phonique de son fr\u00e8re, cheikh Mohammed ben Zayed Al Nahyane, pr\u00e9sident de l\u2019Etat des Emirats arabes unis, pays fr\u00e8re, qui lui a adress\u00e9 ses v\u0153ux \u00e0 l\u2019occasion de l\u2019A\u00efd El-Fitr, indique un communiqu\u00e9 de la Pr\u00e9sidence de la R\u00e9publique. \u00ab\u00a0Le pr\u00e9sident de &hellip;","og_url":"https:\/\/elmawkie.dz\/fr\/le-president-de-la-republique-recoit-les-voeux-de-son-homologue-emirati-a-loccasion-de-laid-el-fitr\/","og_site_name":"El Mawkie","article_publisher":"https:\/\/www.facebook.com\/profile.php?id=100088407094989&locale=fr_FR","article_published_time":"2025-03-31T23:43:33+00:00","article_modified_time":"2025-03-31T23:43:34+00:00","og_image":[{"width":1920,"height":1080,"url":"https:\/\/elmawkie.dz\/fr\/wp-content\/uploads\/2025\/04\/IMG_2354.jpeg","type":"image\/jpeg"}],"author":"R\u00e9daction","twitter_card":"summary_large_image","twitter_misc":{"Written by":"R\u00e9daction","Est. reading time":"1 minute"},"schema":{"@context":"https:\/\/schema.org","@graph":[{"@type":"Article","@id":"https:\/\/elmawkie.dz\/fr\/le-president-de-la-republique-recoit-les-voeux-de-son-homologue-emirati-a-loccasion-de-laid-el-fitr\/#article","isPartOf":{"@id":"https:\/\/elmawkie.dz\/fr\/le-president-de-la-republique-recoit-les-voeux-de-son-homologue-emirati-a-loccasion-de-laid-el-fitr\/"},"author":{"name":"R\u00e9daction","@id":"https:\/\/elmawkie.dz\/fr\/#\/schema\/person\/e7bd59d6467874ba5c4723d8a9f0a63c"},"headline":"Le pr\u00e9sident de la R\u00e9publique re\u00e7oit les v\u0153ux de son homologue \u00e9mirati \u00e0 l&rsquo;occasion de l&rsquo;A\u00efd El-Fitr","datePublished":"2025-03-31T23:43:33+00:00","dateModified":"2025-03-31T23:43:34+00:00","mainEntityOfPage":{"@id":"https:\/\/elmawkie.dz\/fr\/le-president-de-la-republique-recoit-les-voeux-de-son-homologue-emirati-a-loccasion-de-laid-el-fitr\/"},"wordCount":217,"commentCount":0,"publisher":{"@id":"https:\/\/elmawkie.dz\/fr\/#organization"},"image":{"@id":"https:\/\/elmawkie.dz\/fr\/le-president-de-la-republique-recoit-les-voeux-de-son-homologue-emirati-a-loccasion-de-laid-el-fitr\/#primaryimage"},"thumbnailUrl":"https:\/\/elmawkie.dz\/fr\/wp-content\/uploads\/2025\/04\/IMG_2354.jpeg","keywords":["L\u2019A\u00efd El Fitr","le pr\u00e9sident de la R\u00e9publique"],"articleSection":["National"],"inLanguage":"fr-FR","potentialAction":[{"@type":"CommentAction","name":"Comment","target":["https:\/\/elmawkie.dz\/fr\/le-president-de-la-republique-recoit-les-voeux-de-son-homologue-emirati-a-loccasion-de-laid-el-fitr\/#respond"]}]},{"@type":"WebPage","@id":"https:\/\/elmawkie.dz\/fr\/le-president-de-la-republique-recoit-les-voeux-de-son-homologue-emirati-a-loccasion-de-laid-el-fitr\/","url":"https:\/\/elmawkie.dz\/fr\/le-president-de-la-republique-recoit-les-voeux-de-son-homologue-emirati-a-loccasion-de-laid-el-fitr\/","name":"Le pr\u00e9sident de la R\u00e9publique re\u00e7oit les v\u0153ux de son homologue \u00e9mirati \u00e0 l'occasion de l'A\u00efd El-Fitr - El Mawkie","isPartOf":{"@id":"https:\/\/elmawkie.dz\/fr\/#website"},"primaryImageOfPage":{"@id":"https:\/\/elmawkie.dz\/fr\/le-president-de-la-republique-recoit-les-voeux-de-son-homologue-emirati-a-loccasion-de-laid-el-fitr\/#primaryimage"},"image":{"@id":"https:\/\/elmawkie.dz\/fr\/le-president-de-la-republique-recoit-les-voeux-de-son-homologue-emirati-a-loccasion-de-laid-el-fitr\/#primaryimage"},"thumbnailUrl":"https:\/\/elmawkie.dz\/fr\/wp-content\/uploads\/2025\/04\/IMG_2354.jpeg","datePublished":"2025-03-31T23:43:33+00:00","dateModified":"2025-03-31T23:43:34+00:00","breadcrumb":{"@id":"https:\/\/elmawkie.dz\/fr\/le-president-de-la-republique-recoit-les-voeux-de-son-homologue-emirati-a-loccasion-de-laid-el-fitr\/#breadcrumb"},"inLanguage":"fr-FR","potentialAction":[{"@type":"ReadAction","target":["https:\/\/elmawkie.dz\/fr\/le-president-de-la-republique-recoit-les-voeux-de-son-homologue-emirati-a-loccasion-de-laid-el-fitr\/"]}]},{"@type":"ImageObject","inLanguage":"fr-FR","@id":"https:\/\/elmawkie.dz\/fr\/le-president-de-la-republique-recoit-les-voeux-de-son-homologue-emirati-a-loccasion-de-laid-el-fitr\/#primaryimage","url":"https:\/\/elmawkie.dz\/fr\/wp-content\/uploads\/2025\/04\/IMG_2354.jpeg","contentUrl":"https:\/\/elmawkie.dz\/fr\/wp-content\/uploads\/2025\/04\/IMG_2354.jpeg","width":1920,"height":1080},{"@type":"BreadcrumbList","@id":"https:\/\/elmawkie.dz\/fr\/le-president-de-la-republique-recoit-les-voeux-de-son-homologue-emirati-a-loccasion-de-laid-el-fitr\/#breadcrumb","itemListElement":[{"@type":"ListItem","position":1,"name":"Home","item":"https:\/\/elmawkie.dz\/fr\/"},{"@type":"ListItem","position":2,"name":"Le pr\u00e9sident de la R\u00e9publique re\u00e7oit les v\u0153ux de son homologue \u00e9mirati \u00e0 l&rsquo;occasion de l&rsquo;A\u00efd El-Fitr"}]},{"@type":"WebSite","@id":"https:\/\/elmawkie.dz\/fr\/#website","url":"https:\/\/elmawkie.dz\/fr\/","name":"EL MAWKIE","description":"Journal \u00c9lectronique Alg\u00e9rien","publisher":{"@id":"https:\/\/elmawkie.dz\/fr\/#organization"},"potentialAction":[{"@type":"SearchAction","target":{"@type":"EntryPoint","urlTemplate":"https:\/\/elmawkie.dz\/fr\/?s={search_term_string}"},"query-input":"required name=search_term_string"}],"inLanguage":"fr-FR"},{"@type":"Organization","@id":"https:\/\/elmawkie.dz\/fr\/#organization","name":"EL MAWKIE","url":"https:\/\/elmawkie.dz\/fr\/","logo":{"@type":"ImageObject","inLanguage":"fr-FR","@id":"https:\/\/elmawkie.dz\/fr\/#\/schema\/logo\/image\/","url":"https:\/\/elmawkie.dz\/fr\/wp-content\/uploads\/2024\/05\/logo1.png","contentUrl":"https:\/\/elmawkie.dz\/fr\/wp-content\/uploads\/2024\/05\/logo1.png","width":1648,"height":652,"caption":"EL MAWKIE"},"image":{"@id":"https:\/\/elmawkie.dz\/fr\/#\/schema\/logo\/image\/"},"sameAs":["https:\/\/www.facebook.com\/profile.php?id=100088407094989&locale=fr_FR"]},{"@type":"Person","@id":"https:\/\/elmawkie.dz\/fr\/#\/schema\/person\/e7bd59d6467874ba5c4723d8a9f0a63c","name":"R\u00e9daction","image":{"@type":"ImageObject","inLanguage":"fr-FR","@id":"https:\/\/elmawkie.dz\/fr\/#\/schema\/person\/image\/","url":"https:\/\/secure.gravatar.com\/avatar\/f0f773456344da4d2788c054a3d30a0c?s=96&d=mm&r=g","contentUrl":"https:\/\/secure.gravatar.com\/avatar\/f0f773456344da4d2788c054a3d30a0c?s=96&d=mm&r=g","caption":"R\u00e9daction"},"url":"https:\/\/elmawkie.dz\/fr\/author\/redaction\/"}]}},"_links":{"self":[{"href":"https:\/\/elmawkie.dz\/fr\/wp-json\/wp\/v2\/posts\/49252","targetHints":{"allow":["GET"]}}],"collection":[{"href":"https:\/\/elmawkie.dz\/fr\/wp-json\/wp\/v2\/posts"}],"about":[{"href":"https:\/\/elmawkie.dz\/fr\/wp-json\/wp\/v2\/types\/post"}],"author":[{"embeddable":true,"href":"https:\/\/elmawkie.dz\/fr\/wp-json\/wp\/v2\/users\/9"}],"replies":[{"embeddable":true,"href":"https:\/\/elmawkie.dz\/fr\/wp-json\/wp\/v2\/comments?post=49252"}],"version-history":[{"count":1,"href":"https:\/\/elmawkie.dz\/fr\/wp-json\/wp\/v2\/posts\/49252\/revisions"}],"predecessor-version":[{"id":49255,"href":"https:\/\/elmawkie.dz\/fr\/wp-json\/wp\/v2\/posts\/49252\/revisions\/49255"}],"wp:featuredmedia":[{"embeddable":true,"href":"https:\/\/elmawkie.dz\/fr\/wp-json\/wp\/v2\/media\/49254"}],"wp:attachment":[{"href":"https:\/\/elmawkie.dz\/fr\/wp-json\/wp\/v2\/media?parent=49252"}],"wp:term":[{"taxonomy":"category","embeddable":true,"href":"https:\/\/elmawkie.dz\/fr\/wp-json\/wp\/v2\/categories?post=49252"},{"taxonomy":"post_tag","embeddable":true,"href":"https:\/\/elmawkie.dz\/fr\/wp-json\/wp\/v2\/tags?post=49252"}],"curies":[{"name":"wp","href":"https:\/\/api.w.org\/{rel}","templated":true}]}}