{"id":49237,"date":"2025-03-31T15:59:52","date_gmt":"2025-03-31T14:59:52","guid":{"rendered":"https:\/\/elmawkie.dz\/fr\/?p=49237"},"modified":"2025-03-31T15:59:53","modified_gmt":"2025-03-31T14:59:53","slug":"respect-total-par-les-commercants-de-la-permanence-au-1er-jour-de-laid-el-fitr-dans-les-wilayas-de-lest","status":"publish","type":"post","link":"https:\/\/elmawkie.dz\/fr\/respect-total-par-les-commercants-de-la-permanence-au-1er-jour-de-laid-el-fitr-dans-les-wilayas-de-lest\/","title":{"rendered":"Respect total par les commer\u00e7ants de la permanence au 1er jour de l\u2019A\u00efd El-Fitr dans les wilayas de l&rsquo;est"},"content":{"rendered":"\n<p>Un respect total du programme des permanences trac\u00e9 pour les trois jours de l\u2019A\u00efd El-Fitr a \u00e9t\u00e9 observ\u00e9 au 1er jour de la f\u00eate par les commer\u00e7ants et les unit\u00e9s productives concern\u00e9es \u00e0 travers les cinq wilayas relevant de la Direction r\u00e9gionale du commerce d\u2019Annaba, apprend-on lundi aupr\u00e8s de cette direction. Dans une d\u00e9claration \u00e0 l\u2019APS, le directeur r\u00e9gional du commerce de la r\u00e9gion d\u2019Annaba, Abdelatif A\u00efchaoui, a indiqu\u00e9 que les cadres du secteur du commerce des wilayas de Skikda, d\u2019El Tarf, de Guelma, de Souk Ahras et d\u2019Annaba, charg\u00e9s de contr\u00f4ler la mise en \u0153uvre du syst\u00e8me de permanence par les boulangeries, les commer\u00e7ants d\u2019alimentation g\u00e9n\u00e9rale et de fruits et l\u00e9gumes, les boucheries et les grandes surfaces r\u00e9quisitionn\u00e9s ainsi que par les unit\u00e9s \u00e9conomiques de production de lait, de semoule, de farine et d\u2019eaux min\u00e9rales, ont enregistr\u00e9 avec satisfaction le bon d\u00e9roulement des activit\u00e9s et le respect strict par les concern\u00e9s, garantissant la continuit\u00e9 de l\u2019activit\u00e9 au premier jour de l\u2019A\u00efd. Dans le cadre du programme des permanences trac\u00e9 dans les cinq wilayas relevant de la r\u00e9gion d\u2019Annaba, 4.525 op\u00e9rateurs entre commer\u00e7ants, prestataires et unit\u00e9s productives ont \u00e9t\u00e9 r\u00e9quisitionn\u00e9s dont 2.448 commer\u00e7ants d\u2019alimentation g\u00e9n\u00e9rale et de fruits et l\u00e9gumes, 577 boulangeries et 420 locaux de prestation de services divers. Pas moins de 41 unit\u00e9s \u00e9conomiques ont \u00e9t\u00e9 \u00e9galement r\u00e9quisitionn\u00e9es dans cette r\u00e9gion pour assurer un approvisionnement r\u00e9gulier en produits de large consommation dont 32 minoteries, 7 laiteries et deux unit\u00e9s de production d\u2019eaux min\u00e9rales, a-t-on soulign\u00e9. Les directions de wilaya relevant de cette r\u00e9gion ont mobilis\u00e9 plus de 1.400 agents pour contr\u00f4ler la mise en \u0153uvre du syst\u00e8me de permanence parall\u00e8lement au lancement de l\u2019application num\u00e9rique \u00ab\u00a0Mourafik com\u00a0\u00bb qui permet aux citoyens de connaitre les commerces ouverts proches de leurs lieux de r\u00e9sidence durant la f\u00eate de l\u2019A\u00efd, a-t-on soulign\u00e9.<\/p>\n","protected":false},"excerpt":{"rendered":"<p>Un respect total du programme des permanences trac\u00e9 pour les trois jours de l\u2019A\u00efd El-Fitr a \u00e9t\u00e9 observ\u00e9 au 1er jour de la f\u00eate par les commer\u00e7ants et les unit\u00e9s productives concern\u00e9es \u00e0 travers les cinq wilayas relevant de la Direction r\u00e9gionale du commerce d\u2019Annaba, apprend-on lundi aupr\u00e8s de cette direction. Dans une d\u00e9claration \u00e0 &hellip;<\/p>\n","protected":false},"author":9,"featured_media":49239,"comment_status":"open","ping_status":"open","sticky":false,"template":"","format":"standard","meta":{"footnotes":""},"categories":[47],"tags":[3281,2649,2132],"class_list":["post-49237","post","type-post","status-publish","format-standard","has-post-thumbnail","hentry","category-national","tag-aid-el-fitr","tag-les-commercants","tag-wilayas-de-lest"],"yoast_head":"<!-- This site is optimized with the Yoast SEO Premium plugin v22.6 (Yoast SEO v22.6) - https:\/\/yoast.com\/wordpress\/plugins\/seo\/ -->\n<title>Respect total par les commer\u00e7ants de la permanence au 1er jour de l\u2019A\u00efd El-Fitr dans les wilayas de l&#039;est - El Mawkie<\/title>\n<meta name=\"robots\" content=\"index, follow, max-snippet:-1, max-image-preview:large, max-video-preview:-1\" \/>\n<link rel=\"canonical\" href=\"https:\/\/elmawkie.dz\/fr\/respect-total-par-les-commercants-de-la-permanence-au-1er-jour-de-laid-el-fitr-dans-les-wilayas-de-lest\/\" \/>\n<meta property=\"og:locale\" content=\"fr_FR\" \/>\n<meta property=\"og:type\" content=\"article\" \/>\n<meta property=\"og:title\" content=\"Respect total par les commer\u00e7ants de la permanence au 1er jour de l\u2019A\u00efd El-Fitr dans les wilayas de l&#039;est\" \/>\n<meta property=\"og:description\" content=\"Un respect total du programme des permanences trac\u00e9 pour les trois jours de l\u2019A\u00efd El-Fitr a \u00e9t\u00e9 observ\u00e9 au 1er jour de la f\u00eate par les commer\u00e7ants et les unit\u00e9s productives concern\u00e9es \u00e0 travers les cinq wilayas relevant de la Direction r\u00e9gionale du commerce d\u2019Annaba, apprend-on lundi aupr\u00e8s de cette direction. Dans une d\u00e9claration \u00e0 &hellip;\" \/>\n<meta property=\"og:url\" content=\"https:\/\/elmawkie.dz\/fr\/respect-total-par-les-commercants-de-la-permanence-au-1er-jour-de-laid-el-fitr-dans-les-wilayas-de-lest\/\" \/>\n<meta property=\"og:site_name\" content=\"El Mawkie\" \/>\n<meta property=\"article:publisher\" content=\"https:\/\/www.facebook.com\/profile.php?id=100088407094989&amp;locale=fr_FR\" \/>\n<meta property=\"article:published_time\" content=\"2025-03-31T14:59:52+00:00\" \/>\n<meta property=\"article:modified_time\" content=\"2025-03-31T14:59:53+00:00\" \/>\n<meta property=\"og:image\" content=\"https:\/\/elmawkie.dz\/fr\/wp-content\/uploads\/2025\/03\/IMG_2336.jpeg\" \/>\n\t<meta property=\"og:image:width\" content=\"780\" \/>\n\t<meta property=\"og:image:height\" content=\"470\" \/>\n\t<meta property=\"og:image:type\" content=\"image\/jpeg\" \/>\n<meta name=\"author\" content=\"R\u00e9daction\" \/>\n<meta name=\"twitter:card\" content=\"summary_large_image\" \/>\n<meta name=\"twitter:label1\" content=\"Written by\" \/>\n\t<meta name=\"twitter:data1\" content=\"R\u00e9daction\" \/>\n\t<meta name=\"twitter:label2\" content=\"Est. reading time\" \/>\n\t<meta name=\"twitter:data2\" content=\"2 minutes\" \/>\n<script type=\"application\/ld+json\" class=\"yoast-schema-graph\">{\"@context\":\"https:\/\/schema.org\",\"@graph\":[{\"@type\":\"Article\",\"@id\":\"https:\/\/elmawkie.dz\/fr\/respect-total-par-les-commercants-de-la-permanence-au-1er-jour-de-laid-el-fitr-dans-les-wilayas-de-lest\/#article\",\"isPartOf\":{\"@id\":\"https:\/\/elmawkie.dz\/fr\/respect-total-par-les-commercants-de-la-permanence-au-1er-jour-de-laid-el-fitr-dans-les-wilayas-de-lest\/\"},\"author\":{\"name\":\"R\u00e9daction\",\"@id\":\"https:\/\/elmawkie.dz\/fr\/#\/schema\/person\/e7bd59d6467874ba5c4723d8a9f0a63c\"},\"headline\":\"Respect total par les commer\u00e7ants de la permanence au 1er jour de l\u2019A\u00efd El-Fitr dans les wilayas de l&rsquo;est\",\"datePublished\":\"2025-03-31T14:59:52+00:00\",\"dateModified\":\"2025-03-31T14:59:53+00:00\",\"mainEntityOfPage\":{\"@id\":\"https:\/\/elmawkie.dz\/fr\/respect-total-par-les-commercants-de-la-permanence-au-1er-jour-de-laid-el-fitr-dans-les-wilayas-de-lest\/\"},\"wordCount\":380,\"commentCount\":0,\"publisher\":{\"@id\":\"https:\/\/elmawkie.dz\/fr\/#organization\"},\"image\":{\"@id\":\"https:\/\/elmawkie.dz\/fr\/respect-total-par-les-commercants-de-la-permanence-au-1er-jour-de-laid-el-fitr-dans-les-wilayas-de-lest\/#primaryimage\"},\"thumbnailUrl\":\"https:\/\/elmawkie.dz\/fr\/wp-content\/uploads\/2025\/03\/IMG_2336.jpeg\",\"keywords\":[\"A\u00efd El-Fitr\",\"Les commer\u00e7ants\",\"wilayas de l\u2019Est\"],\"articleSection\":[\"National\"],\"inLanguage\":\"fr-FR\",\"potentialAction\":[{\"@type\":\"CommentAction\",\"name\":\"Comment\",\"target\":[\"https:\/\/elmawkie.dz\/fr\/respect-total-par-les-commercants-de-la-permanence-au-1er-jour-de-laid-el-fitr-dans-les-wilayas-de-lest\/#respond\"]}]},{\"@type\":\"WebPage\",\"@id\":\"https:\/\/elmawkie.dz\/fr\/respect-total-par-les-commercants-de-la-permanence-au-1er-jour-de-laid-el-fitr-dans-les-wilayas-de-lest\/\",\"url\":\"https:\/\/elmawkie.dz\/fr\/respect-total-par-les-commercants-de-la-permanence-au-1er-jour-de-laid-el-fitr-dans-les-wilayas-de-lest\/\",\"name\":\"Respect total par les commer\u00e7ants de la permanence au 1er jour de l\u2019A\u00efd El-Fitr dans les wilayas de l'est - El Mawkie\",\"isPartOf\":{\"@id\":\"https:\/\/elmawkie.dz\/fr\/#website\"},\"primaryImageOfPage\":{\"@id\":\"https:\/\/elmawkie.dz\/fr\/respect-total-par-les-commercants-de-la-permanence-au-1er-jour-de-laid-el-fitr-dans-les-wilayas-de-lest\/#primaryimage\"},\"image\":{\"@id\":\"https:\/\/elmawkie.dz\/fr\/respect-total-par-les-commercants-de-la-permanence-au-1er-jour-de-laid-el-fitr-dans-les-wilayas-de-lest\/#primaryimage\"},\"thumbnailUrl\":\"https:\/\/elmawkie.dz\/fr\/wp-content\/uploads\/2025\/03\/IMG_2336.jpeg\",\"datePublished\":\"2025-03-31T14:59:52+00:00\",\"dateModified\":\"2025-03-31T14:59:53+00:00\",\"breadcrumb\":{\"@id\":\"https:\/\/elmawkie.dz\/fr\/respect-total-par-les-commercants-de-la-permanence-au-1er-jour-de-laid-el-fitr-dans-les-wilayas-de-lest\/#breadcrumb\"},\"inLanguage\":\"fr-FR\",\"potentialAction\":[{\"@type\":\"ReadAction\",\"target\":[\"https:\/\/elmawkie.dz\/fr\/respect-total-par-les-commercants-de-la-permanence-au-1er-jour-de-laid-el-fitr-dans-les-wilayas-de-lest\/\"]}]},{\"@type\":\"ImageObject\",\"inLanguage\":\"fr-FR\",\"@id\":\"https:\/\/elmawkie.dz\/fr\/respect-total-par-les-commercants-de-la-permanence-au-1er-jour-de-laid-el-fitr-dans-les-wilayas-de-lest\/#primaryimage\",\"url\":\"https:\/\/elmawkie.dz\/fr\/wp-content\/uploads\/2025\/03\/IMG_2336.jpeg\",\"contentUrl\":\"https:\/\/elmawkie.dz\/fr\/wp-content\/uploads\/2025\/03\/IMG_2336.jpeg\",\"width\":780,\"height\":470},{\"@type\":\"BreadcrumbList\",\"@id\":\"https:\/\/elmawkie.dz\/fr\/respect-total-par-les-commercants-de-la-permanence-au-1er-jour-de-laid-el-fitr-dans-les-wilayas-de-lest\/#breadcrumb\",\"itemListElement\":[{\"@type\":\"ListItem\",\"position\":1,\"name\":\"Home\",\"item\":\"https:\/\/elmawkie.dz\/fr\/\"},{\"@type\":\"ListItem\",\"position\":2,\"name\":\"Respect total par les commer\u00e7ants de la permanence au 1er jour de l\u2019A\u00efd El-Fitr dans les wilayas de l&rsquo;est\"}]},{\"@type\":\"WebSite\",\"@id\":\"https:\/\/elmawkie.dz\/fr\/#website\",\"url\":\"https:\/\/elmawkie.dz\/fr\/\",\"name\":\"EL MAWKIE\",\"description\":\"Journal \u00c9lectronique Alg\u00e9rien\",\"publisher\":{\"@id\":\"https:\/\/elmawkie.dz\/fr\/#organization\"},\"potentialAction\":[{\"@type\":\"SearchAction\",\"target\":{\"@type\":\"EntryPoint\",\"urlTemplate\":\"https:\/\/elmawkie.dz\/fr\/?s={search_term_string}\"},\"query-input\":\"required name=search_term_string\"}],\"inLanguage\":\"fr-FR\"},{\"@type\":\"Organization\",\"@id\":\"https:\/\/elmawkie.dz\/fr\/#organization\",\"name\":\"EL MAWKIE\",\"url\":\"https:\/\/elmawkie.dz\/fr\/\",\"logo\":{\"@type\":\"ImageObject\",\"inLanguage\":\"fr-FR\",\"@id\":\"https:\/\/elmawkie.dz\/fr\/#\/schema\/logo\/image\/\",\"url\":\"https:\/\/elmawkie.dz\/fr\/wp-content\/uploads\/2024\/05\/logo1.png\",\"contentUrl\":\"https:\/\/elmawkie.dz\/fr\/wp-content\/uploads\/2024\/05\/logo1.png\",\"width\":1648,\"height\":652,\"caption\":\"EL MAWKIE\"},\"image\":{\"@id\":\"https:\/\/elmawkie.dz\/fr\/#\/schema\/logo\/image\/\"},\"sameAs\":[\"https:\/\/www.facebook.com\/profile.php?id=100088407094989&locale=fr_FR\"]},{\"@type\":\"Person\",\"@id\":\"https:\/\/elmawkie.dz\/fr\/#\/schema\/person\/e7bd59d6467874ba5c4723d8a9f0a63c\",\"name\":\"R\u00e9daction\",\"image\":{\"@type\":\"ImageObject\",\"inLanguage\":\"fr-FR\",\"@id\":\"https:\/\/elmawkie.dz\/fr\/#\/schema\/person\/image\/\",\"url\":\"https:\/\/secure.gravatar.com\/avatar\/f0f773456344da4d2788c054a3d30a0c?s=96&d=mm&r=g\",\"contentUrl\":\"https:\/\/secure.gravatar.com\/avatar\/f0f773456344da4d2788c054a3d30a0c?s=96&d=mm&r=g\",\"caption\":\"R\u00e9daction\"},\"url\":\"https:\/\/elmawkie.dz\/fr\/author\/redaction\/\"}]}<\/script>\n<!-- \/ Yoast SEO Premium plugin. -->","yoast_head_json":{"title":"Respect total par les commer\u00e7ants de la permanence au 1er jour de l\u2019A\u00efd El-Fitr dans les wilayas de l'est - El Mawkie","robots":{"index":"index","follow":"follow","max-snippet":"max-snippet:-1","max-image-preview":"max-image-preview:large","max-video-preview":"max-video-preview:-1"},"canonical":"https:\/\/elmawkie.dz\/fr\/respect-total-par-les-commercants-de-la-permanence-au-1er-jour-de-laid-el-fitr-dans-les-wilayas-de-lest\/","og_locale":"fr_FR","og_type":"article","og_title":"Respect total par les commer\u00e7ants de la permanence au 1er jour de l\u2019A\u00efd El-Fitr dans les wilayas de l'est","og_description":"Un respect total du programme des permanences trac\u00e9 pour les trois jours de l\u2019A\u00efd El-Fitr a \u00e9t\u00e9 observ\u00e9 au 1er jour de la f\u00eate par les commer\u00e7ants et les unit\u00e9s productives concern\u00e9es \u00e0 travers les cinq wilayas relevant de la Direction r\u00e9gionale du commerce d\u2019Annaba, apprend-on lundi aupr\u00e8s de cette direction. Dans une d\u00e9claration \u00e0 &hellip;","og_url":"https:\/\/elmawkie.dz\/fr\/respect-total-par-les-commercants-de-la-permanence-au-1er-jour-de-laid-el-fitr-dans-les-wilayas-de-lest\/","og_site_name":"El Mawkie","article_publisher":"https:\/\/www.facebook.com\/profile.php?id=100088407094989&locale=fr_FR","article_published_time":"2025-03-31T14:59:52+00:00","article_modified_time":"2025-03-31T14:59:53+00:00","og_image":[{"width":780,"height":470,"url":"https:\/\/elmawkie.dz\/fr\/wp-content\/uploads\/2025\/03\/IMG_2336.jpeg","type":"image\/jpeg"}],"author":"R\u00e9daction","twitter_card":"summary_large_image","twitter_misc":{"Written by":"R\u00e9daction","Est. reading time":"2 minutes"},"schema":{"@context":"https:\/\/schema.org","@graph":[{"@type":"Article","@id":"https:\/\/elmawkie.dz\/fr\/respect-total-par-les-commercants-de-la-permanence-au-1er-jour-de-laid-el-fitr-dans-les-wilayas-de-lest\/#article","isPartOf":{"@id":"https:\/\/elmawkie.dz\/fr\/respect-total-par-les-commercants-de-la-permanence-au-1er-jour-de-laid-el-fitr-dans-les-wilayas-de-lest\/"},"author":{"name":"R\u00e9daction","@id":"https:\/\/elmawkie.dz\/fr\/#\/schema\/person\/e7bd59d6467874ba5c4723d8a9f0a63c"},"headline":"Respect total par les commer\u00e7ants de la permanence au 1er jour de l\u2019A\u00efd El-Fitr dans les wilayas de l&rsquo;est","datePublished":"2025-03-31T14:59:52+00:00","dateModified":"2025-03-31T14:59:53+00:00","mainEntityOfPage":{"@id":"https:\/\/elmawkie.dz\/fr\/respect-total-par-les-commercants-de-la-permanence-au-1er-jour-de-laid-el-fitr-dans-les-wilayas-de-lest\/"},"wordCount":380,"commentCount":0,"publisher":{"@id":"https:\/\/elmawkie.dz\/fr\/#organization"},"image":{"@id":"https:\/\/elmawkie.dz\/fr\/respect-total-par-les-commercants-de-la-permanence-au-1er-jour-de-laid-el-fitr-dans-les-wilayas-de-lest\/#primaryimage"},"thumbnailUrl":"https:\/\/elmawkie.dz\/fr\/wp-content\/uploads\/2025\/03\/IMG_2336.jpeg","keywords":["A\u00efd El-Fitr","Les commer\u00e7ants","wilayas de l\u2019Est"],"articleSection":["National"],"inLanguage":"fr-FR","potentialAction":[{"@type":"CommentAction","name":"Comment","target":["https:\/\/elmawkie.dz\/fr\/respect-total-par-les-commercants-de-la-permanence-au-1er-jour-de-laid-el-fitr-dans-les-wilayas-de-lest\/#respond"]}]},{"@type":"WebPage","@id":"https:\/\/elmawkie.dz\/fr\/respect-total-par-les-commercants-de-la-permanence-au-1er-jour-de-laid-el-fitr-dans-les-wilayas-de-lest\/","url":"https:\/\/elmawkie.dz\/fr\/respect-total-par-les-commercants-de-la-permanence-au-1er-jour-de-laid-el-fitr-dans-les-wilayas-de-lest\/","name":"Respect total par les commer\u00e7ants de la permanence au 1er jour de l\u2019A\u00efd El-Fitr dans les wilayas de l'est - El Mawkie","isPartOf":{"@id":"https:\/\/elmawkie.dz\/fr\/#website"},"primaryImageOfPage":{"@id":"https:\/\/elmawkie.dz\/fr\/respect-total-par-les-commercants-de-la-permanence-au-1er-jour-de-laid-el-fitr-dans-les-wilayas-de-lest\/#primaryimage"},"image":{"@id":"https:\/\/elmawkie.dz\/fr\/respect-total-par-les-commercants-de-la-permanence-au-1er-jour-de-laid-el-fitr-dans-les-wilayas-de-lest\/#primaryimage"},"thumbnailUrl":"https:\/\/elmawkie.dz\/fr\/wp-content\/uploads\/2025\/03\/IMG_2336.jpeg","datePublished":"2025-03-31T14:59:52+00:00","dateModified":"2025-03-31T14:59:53+00:00","breadcrumb":{"@id":"https:\/\/elmawkie.dz\/fr\/respect-total-par-les-commercants-de-la-permanence-au-1er-jour-de-laid-el-fitr-dans-les-wilayas-de-lest\/#breadcrumb"},"inLanguage":"fr-FR","potentialAction":[{"@type":"ReadAction","target":["https:\/\/elmawkie.dz\/fr\/respect-total-par-les-commercants-de-la-permanence-au-1er-jour-de-laid-el-fitr-dans-les-wilayas-de-lest\/"]}]},{"@type":"ImageObject","inLanguage":"fr-FR","@id":"https:\/\/elmawkie.dz\/fr\/respect-total-par-les-commercants-de-la-permanence-au-1er-jour-de-laid-el-fitr-dans-les-wilayas-de-lest\/#primaryimage","url":"https:\/\/elmawkie.dz\/fr\/wp-content\/uploads\/2025\/03\/IMG_2336.jpeg","contentUrl":"https:\/\/elmawkie.dz\/fr\/wp-content\/uploads\/2025\/03\/IMG_2336.jpeg","width":780,"height":470},{"@type":"BreadcrumbList","@id":"https:\/\/elmawkie.dz\/fr\/respect-total-par-les-commercants-de-la-permanence-au-1er-jour-de-laid-el-fitr-dans-les-wilayas-de-lest\/#breadcrumb","itemListElement":[{"@type":"ListItem","position":1,"name":"Home","item":"https:\/\/elmawkie.dz\/fr\/"},{"@type":"ListItem","position":2,"name":"Respect total par les commer\u00e7ants de la permanence au 1er jour de l\u2019A\u00efd El-Fitr dans les wilayas de l&rsquo;est"}]},{"@type":"WebSite","@id":"https:\/\/elmawkie.dz\/fr\/#website","url":"https:\/\/elmawkie.dz\/fr\/","name":"EL MAWKIE","description":"Journal \u00c9lectronique Alg\u00e9rien","publisher":{"@id":"https:\/\/elmawkie.dz\/fr\/#organization"},"potentialAction":[{"@type":"SearchAction","target":{"@type":"EntryPoint","urlTemplate":"https:\/\/elmawkie.dz\/fr\/?s={search_term_string}"},"query-input":"required name=search_term_string"}],"inLanguage":"fr-FR"},{"@type":"Organization","@id":"https:\/\/elmawkie.dz\/fr\/#organization","name":"EL MAWKIE","url":"https:\/\/elmawkie.dz\/fr\/","logo":{"@type":"ImageObject","inLanguage":"fr-FR","@id":"https:\/\/elmawkie.dz\/fr\/#\/schema\/logo\/image\/","url":"https:\/\/elmawkie.dz\/fr\/wp-content\/uploads\/2024\/05\/logo1.png","contentUrl":"https:\/\/elmawkie.dz\/fr\/wp-content\/uploads\/2024\/05\/logo1.png","width":1648,"height":652,"caption":"EL MAWKIE"},"image":{"@id":"https:\/\/elmawkie.dz\/fr\/#\/schema\/logo\/image\/"},"sameAs":["https:\/\/www.facebook.com\/profile.php?id=100088407094989&locale=fr_FR"]},{"@type":"Person","@id":"https:\/\/elmawkie.dz\/fr\/#\/schema\/person\/e7bd59d6467874ba5c4723d8a9f0a63c","name":"R\u00e9daction","image":{"@type":"ImageObject","inLanguage":"fr-FR","@id":"https:\/\/elmawkie.dz\/fr\/#\/schema\/person\/image\/","url":"https:\/\/secure.gravatar.com\/avatar\/f0f773456344da4d2788c054a3d30a0c?s=96&d=mm&r=g","contentUrl":"https:\/\/secure.gravatar.com\/avatar\/f0f773456344da4d2788c054a3d30a0c?s=96&d=mm&r=g","caption":"R\u00e9daction"},"url":"https:\/\/elmawkie.dz\/fr\/author\/redaction\/"}]}},"_links":{"self":[{"href":"https:\/\/elmawkie.dz\/fr\/wp-json\/wp\/v2\/posts\/49237","targetHints":{"allow":["GET"]}}],"collection":[{"href":"https:\/\/elmawkie.dz\/fr\/wp-json\/wp\/v2\/posts"}],"about":[{"href":"https:\/\/elmawkie.dz\/fr\/wp-json\/wp\/v2\/types\/post"}],"author":[{"embeddable":true,"href":"https:\/\/elmawkie.dz\/fr\/wp-json\/wp\/v2\/users\/9"}],"replies":[{"embeddable":true,"href":"https:\/\/elmawkie.dz\/fr\/wp-json\/wp\/v2\/comments?post=49237"}],"version-history":[{"count":1,"href":"https:\/\/elmawkie.dz\/fr\/wp-json\/wp\/v2\/posts\/49237\/revisions"}],"predecessor-version":[{"id":49240,"href":"https:\/\/elmawkie.dz\/fr\/wp-json\/wp\/v2\/posts\/49237\/revisions\/49240"}],"wp:featuredmedia":[{"embeddable":true,"href":"https:\/\/elmawkie.dz\/fr\/wp-json\/wp\/v2\/media\/49239"}],"wp:attachment":[{"href":"https:\/\/elmawkie.dz\/fr\/wp-json\/wp\/v2\/media?parent=49237"}],"wp:term":[{"taxonomy":"category","embeddable":true,"href":"https:\/\/elmawkie.dz\/fr\/wp-json\/wp\/v2\/categories?post=49237"},{"taxonomy":"post_tag","embeddable":true,"href":"https:\/\/elmawkie.dz\/fr\/wp-json\/wp\/v2\/tags?post=49237"}],"curies":[{"name":"wp","href":"https:\/\/api.w.org\/{rel}","templated":true}]}}