{"id":49196,"date":"2025-03-30T11:41:04","date_gmt":"2025-03-30T10:41:04","guid":{"rendered":"https:\/\/elmawkie.dz\/fr\/?p=49196"},"modified":"2025-03-30T11:41:04","modified_gmt":"2025-03-30T10:41:04","slug":"relations-tendues-la-france-risque-de-perdre-48-milliards-deuros-dechanges-avec-lalgerie","status":"publish","type":"post","link":"https:\/\/elmawkie.dz\/fr\/relations-tendues-la-france-risque-de-perdre-48-milliards-deuros-dechanges-avec-lalgerie\/","title":{"rendered":"Relations tendues : la France risque de perdre 4,8 milliards d\u2019euros d\u2019\u00e9changes avec l\u2019Alg\u00e9rie"},"content":{"rendered":"\n<p>Les relations diplomatiques franco-alg\u00e9riennes traversent actuellement une p\u00e9riode de turbulences pr\u00e9occupantes. Exacerb\u00e9es par une rh\u00e9torique hostile et vindicative \u00e9manant principalement des cercles d&rsquo;extr\u00eame droite francaise, ces tensions qui s&rsquo;intensifient presque quotidiennement menacent d\u00e9sormais de peser lourdement sur l&rsquo;\u00e9conomie fran\u00e7aise.<\/p>\n\n\n\n<p>En effet, un m\u00e9dia public fran\u00e7ais de renom, en l\u2019occurrence France 2, a r\u00e9cemment consacr\u00e9 une partie de son journal de 20 heures aux cons\u00e9quences \u00e9conomiques de la crise grandissante entre la France et l&rsquo;Alg\u00e9rie sur les entreprises fran\u00e7aises implant\u00e9es dans le pays maghr\u00e9bin. La pr\u00e9sentatrice, Anne-Sophie Lapix, a mis en exergue l&rsquo;importance strat\u00e9gique du march\u00e9 alg\u00e9rien pour l&rsquo;\u00e9conomie hexagonale. \u00ab&nbsp;De nombreuses entreprises fran\u00e7aises souffrent des tensions croissantes entre Paris et Alger, mettant en p\u00e9ril leurs activit\u00e9s. Jusqu&rsquo;\u00e0 pr\u00e9sent, les relations \u00e9conomiques \u00e9taient stables, l&rsquo;Alg\u00e9rie constituant le deuxi\u00e8me march\u00e9 d&rsquo;exportation de la France en Afrique. Aujourd&rsquo;hui, plusieurs chefs d&rsquo;entreprise suivent avec une vive inqui\u00e9tude l&rsquo;aggravation des tensions diplomatiques&nbsp;\u00bb, a-t-elle expliqu\u00e9, illustrant son propos par les t\u00e9moignages d&rsquo;acteurs \u00e9conomiques fran\u00e7ais ainsi que celui du pr\u00e9sident de la Chambre de commerce et d&rsquo;industrie franco-alg\u00e9rienne.<\/p>\n\n\n\n<p>Depuis plusieurs mois, cette crise s&rsquo;enlise, aliment\u00e9e par des provocations r\u00e9p\u00e9t\u00e9es et une escalade verbale du c\u00f4t\u00e9 fran\u00e7ais. L&rsquo;inqui\u00e9tude monte dans les cercles \u00e9conomiques, de nombreux dirigeants redoutant qu&rsquo;une rupture totale des \u00e9changes commerciaux ne se profile \u00e0 l&rsquo;horizon. France 2 a relay\u00e9 cette appr\u00e9hension \u00e0 travers le t\u00e9moignage d&rsquo;un entrepreneur sp\u00e9cialis\u00e9 dans la fourniture d&rsquo;\u00e9quipements industriels \u00e0 destination de l&rsquo;Alg\u00e9rie. Ce dernier a alert\u00e9 sur l&rsquo;ampleur des pertes potentielles en cas d&rsquo;un arr\u00eat brutal des relations commerciales : \u00ab&nbsp;Si la situation se d\u00e9grade au point d&rsquo;entra\u00eener une coupure totale, les entreprises fran\u00e7aises y laisseront beaucoup, et pour certaines, ce serait tout simplement catastrophique&nbsp;\u00bb.<\/p>\n\n\n\n<p>Malgr\u00e9 la diversification de ses partenaires \u00e9conomiques, l&rsquo;Alg\u00e9rie demeure un march\u00e9 crucial pour la France en Afrique. France 2 a rappel\u00e9, chiffres \u00e0 l&rsquo;appui, l&rsquo;ampleur de ces relations : environ 6000 entreprises fran\u00e7aises op\u00e8rent avec l&rsquo;Alg\u00e9rie, g\u00e9n\u00e9rant un volume d&rsquo;exportations de 4,8 milliards d&rsquo;euros en 2024. Une question se pose alors : face \u00e0 une dette publique de pr\u00e8s de 3600 milliards de dollars, la France peut-elle se permettre de sacrifier un partenariat \u00e9conomique aussi strat\u00e9gique pour des enjeux politiques de court terme ?<\/p>\n\n\n\n<p>Sur le march\u00e9 alg\u00e9rien, de nombreux groupes fran\u00e7ais majeurs de l&rsquo;agroalimentaire, de la finance et du BTP sont pr\u00e9sents. D\u2019ailleurs, l&rsquo;inqui\u00e9tude des chefs d&rsquo;entreprise a \u00e9t\u00e9 relay\u00e9e par Michel Bisac, pr\u00e9sident de la Chambre de commerce et d&rsquo;industrie franco-alg\u00e9rienne. Interrog\u00e9 par France 2, il a appel\u00e9 \u00e0 l&rsquo;apaisement et \u00e0 une retenue politique, mettant en garde contre l&rsquo;impact \u00e9conomique d&rsquo;une escalade. \u00ab&nbsp;Cette situation pourrait co\u00fbter tr\u00e8s cher \u00e0 l&rsquo;\u00e9conomie fran\u00e7aise. Si la France se retire du march\u00e9 alg\u00e9rien, d&rsquo;autres pays europ\u00e9ens, comme l&rsquo;Allemagne et l&rsquo;Italie, seront pr\u00eats \u00e0 occuper l&rsquo;espace laiss\u00e9 vacant&nbsp;\u00bb, a-t-il averti, tout en ajoutant que les entreprises allemandes et italiennes, d\u00e9j\u00e0 tr\u00e8s actives en Alg\u00e9rie, sont en train de r\u00e9cup\u00e9rer les parts de march\u00e9 perdues par les soci\u00e9t\u00e9s fran\u00e7aises.<\/p>\n\n\n\n<p>France 2 a conclu son reportage en insistant sur les enjeux \u00e9conomiques majeurs li\u00e9s \u00e0 cette crise diplomatique, qui menace non seulement la stabilit\u00e9 commerciale entre les deux pays mais aussi les int\u00e9r\u00eats \u00e9conomiques fran\u00e7ais, fragilis\u00e9s par des tensions politiques internes et une extr\u00eame droite pr\u00eate \u00e0 compromettre des relations historiques au profit de calculs \u00e9lectoraux.<\/p>\n","protected":false},"excerpt":{"rendered":"<p>Les relations diplomatiques franco-alg\u00e9riennes traversent actuellement une p\u00e9riode de turbulences pr\u00e9occupantes. Exacerb\u00e9es par une rh\u00e9torique hostile et vindicative \u00e9manant principalement des cercles d&rsquo;extr\u00eame droite francaise, ces tensions qui s&rsquo;intensifient presque quotidiennement menacent d\u00e9sormais de peser lourdement sur l&rsquo;\u00e9conomie fran\u00e7aise. En effet, un m\u00e9dia public fran\u00e7ais de renom, en l\u2019occurrence France 2, a r\u00e9cemment consacr\u00e9 une &hellip;<\/p>\n","protected":false},"author":8,"featured_media":49200,"comment_status":"open","ping_status":"open","sticky":false,"template":"","format":"standard","meta":{"footnotes":""},"categories":[47],"tags":[88,168,113],"class_list":["post-49196","post","type-post","status-publish","format-standard","has-post-thumbnail","hentry","category-national","tag-algerie","tag-echanges-commerciaux","tag-france"],"yoast_head":"<!-- This site is optimized with the Yoast SEO Premium plugin v22.6 (Yoast SEO v22.6) - https:\/\/yoast.com\/wordpress\/plugins\/seo\/ -->\n<title>Relations tendues : la France risque de perdre 4,8 milliards d\u2019euros d\u2019\u00e9changes avec l\u2019Alg\u00e9rie - El Mawkie<\/title>\n<meta name=\"robots\" content=\"index, follow, max-snippet:-1, max-image-preview:large, max-video-preview:-1\" \/>\n<link rel=\"canonical\" href=\"https:\/\/elmawkie.dz\/fr\/relations-tendues-la-france-risque-de-perdre-48-milliards-deuros-dechanges-avec-lalgerie\/\" \/>\n<meta property=\"og:locale\" content=\"fr_FR\" \/>\n<meta property=\"og:type\" content=\"article\" \/>\n<meta property=\"og:title\" content=\"Relations tendues : la France risque de perdre 4,8 milliards d\u2019euros d\u2019\u00e9changes avec l\u2019Alg\u00e9rie\" \/>\n<meta property=\"og:description\" content=\"Les relations diplomatiques franco-alg\u00e9riennes traversent actuellement une p\u00e9riode de turbulences pr\u00e9occupantes. Exacerb\u00e9es par une rh\u00e9torique hostile et vindicative \u00e9manant principalement des cercles d&rsquo;extr\u00eame droite francaise, ces tensions qui s&rsquo;intensifient presque quotidiennement menacent d\u00e9sormais de peser lourdement sur l&rsquo;\u00e9conomie fran\u00e7aise. En effet, un m\u00e9dia public fran\u00e7ais de renom, en l\u2019occurrence France 2, a r\u00e9cemment consacr\u00e9 une &hellip;\" \/>\n<meta property=\"og:url\" content=\"https:\/\/elmawkie.dz\/fr\/relations-tendues-la-france-risque-de-perdre-48-milliards-deuros-dechanges-avec-lalgerie\/\" \/>\n<meta property=\"og:site_name\" content=\"El Mawkie\" \/>\n<meta property=\"article:publisher\" content=\"https:\/\/www.facebook.com\/profile.php?id=100088407094989&amp;locale=fr_FR\" \/>\n<meta property=\"article:published_time\" content=\"2025-03-30T10:41:04+00:00\" \/>\n<meta property=\"og:image\" content=\"https:\/\/elmawkie.dz\/fr\/wp-content\/uploads\/2025\/03\/a2fcbaa6-c249-4334-83dd-a088c2c12e68.jpeg\" \/>\n\t<meta property=\"og:image:width\" content=\"900\" \/>\n\t<meta property=\"og:image:height\" content=\"671\" \/>\n\t<meta property=\"og:image:type\" content=\"image\/jpeg\" \/>\n<meta name=\"author\" content=\"khayro\" \/>\n<meta name=\"twitter:card\" content=\"summary_large_image\" \/>\n<meta name=\"twitter:label1\" content=\"Written by\" \/>\n\t<meta name=\"twitter:data1\" content=\"khayro\" \/>\n\t<meta name=\"twitter:label2\" content=\"Est. reading time\" \/>\n\t<meta name=\"twitter:data2\" content=\"3 minutes\" \/>\n<script type=\"application\/ld+json\" class=\"yoast-schema-graph\">{\"@context\":\"https:\/\/schema.org\",\"@graph\":[{\"@type\":\"Article\",\"@id\":\"https:\/\/elmawkie.dz\/fr\/relations-tendues-la-france-risque-de-perdre-48-milliards-deuros-dechanges-avec-lalgerie\/#article\",\"isPartOf\":{\"@id\":\"https:\/\/elmawkie.dz\/fr\/relations-tendues-la-france-risque-de-perdre-48-milliards-deuros-dechanges-avec-lalgerie\/\"},\"author\":{\"name\":\"khayro\",\"@id\":\"https:\/\/elmawkie.dz\/fr\/#\/schema\/person\/15cb7eba76e08e2d2d0ad4b4c4fbb6cb\"},\"headline\":\"Relations tendues : la France risque de perdre 4,8 milliards d\u2019euros d\u2019\u00e9changes avec l\u2019Alg\u00e9rie\",\"datePublished\":\"2025-03-30T10:41:04+00:00\",\"dateModified\":\"2025-03-30T10:41:04+00:00\",\"mainEntityOfPage\":{\"@id\":\"https:\/\/elmawkie.dz\/fr\/relations-tendues-la-france-risque-de-perdre-48-milliards-deuros-dechanges-avec-lalgerie\/\"},\"wordCount\":658,\"commentCount\":0,\"publisher\":{\"@id\":\"https:\/\/elmawkie.dz\/fr\/#organization\"},\"image\":{\"@id\":\"https:\/\/elmawkie.dz\/fr\/relations-tendues-la-france-risque-de-perdre-48-milliards-deuros-dechanges-avec-lalgerie\/#primaryimage\"},\"thumbnailUrl\":\"https:\/\/elmawkie.dz\/fr\/wp-content\/uploads\/2025\/03\/a2fcbaa6-c249-4334-83dd-a088c2c12e68.jpeg\",\"keywords\":[\"Alg\u00e9rie\",\"\u00e9changes commerciaux\",\"France\"],\"articleSection\":[\"National\"],\"inLanguage\":\"fr-FR\",\"potentialAction\":[{\"@type\":\"CommentAction\",\"name\":\"Comment\",\"target\":[\"https:\/\/elmawkie.dz\/fr\/relations-tendues-la-france-risque-de-perdre-48-milliards-deuros-dechanges-avec-lalgerie\/#respond\"]}]},{\"@type\":\"WebPage\",\"@id\":\"https:\/\/elmawkie.dz\/fr\/relations-tendues-la-france-risque-de-perdre-48-milliards-deuros-dechanges-avec-lalgerie\/\",\"url\":\"https:\/\/elmawkie.dz\/fr\/relations-tendues-la-france-risque-de-perdre-48-milliards-deuros-dechanges-avec-lalgerie\/\",\"name\":\"Relations tendues : la France risque de perdre 4,8 milliards d\u2019euros d\u2019\u00e9changes avec l\u2019Alg\u00e9rie - El Mawkie\",\"isPartOf\":{\"@id\":\"https:\/\/elmawkie.dz\/fr\/#website\"},\"primaryImageOfPage\":{\"@id\":\"https:\/\/elmawkie.dz\/fr\/relations-tendues-la-france-risque-de-perdre-48-milliards-deuros-dechanges-avec-lalgerie\/#primaryimage\"},\"image\":{\"@id\":\"https:\/\/elmawkie.dz\/fr\/relations-tendues-la-france-risque-de-perdre-48-milliards-deuros-dechanges-avec-lalgerie\/#primaryimage\"},\"thumbnailUrl\":\"https:\/\/elmawkie.dz\/fr\/wp-content\/uploads\/2025\/03\/a2fcbaa6-c249-4334-83dd-a088c2c12e68.jpeg\",\"datePublished\":\"2025-03-30T10:41:04+00:00\",\"dateModified\":\"2025-03-30T10:41:04+00:00\",\"breadcrumb\":{\"@id\":\"https:\/\/elmawkie.dz\/fr\/relations-tendues-la-france-risque-de-perdre-48-milliards-deuros-dechanges-avec-lalgerie\/#breadcrumb\"},\"inLanguage\":\"fr-FR\",\"potentialAction\":[{\"@type\":\"ReadAction\",\"target\":[\"https:\/\/elmawkie.dz\/fr\/relations-tendues-la-france-risque-de-perdre-48-milliards-deuros-dechanges-avec-lalgerie\/\"]}]},{\"@type\":\"ImageObject\",\"inLanguage\":\"fr-FR\",\"@id\":\"https:\/\/elmawkie.dz\/fr\/relations-tendues-la-france-risque-de-perdre-48-milliards-deuros-dechanges-avec-lalgerie\/#primaryimage\",\"url\":\"https:\/\/elmawkie.dz\/fr\/wp-content\/uploads\/2025\/03\/a2fcbaa6-c249-4334-83dd-a088c2c12e68.jpeg\",\"contentUrl\":\"https:\/\/elmawkie.dz\/fr\/wp-content\/uploads\/2025\/03\/a2fcbaa6-c249-4334-83dd-a088c2c12e68.jpeg\",\"width\":900,\"height\":671},{\"@type\":\"BreadcrumbList\",\"@id\":\"https:\/\/elmawkie.dz\/fr\/relations-tendues-la-france-risque-de-perdre-48-milliards-deuros-dechanges-avec-lalgerie\/#breadcrumb\",\"itemListElement\":[{\"@type\":\"ListItem\",\"position\":1,\"name\":\"Home\",\"item\":\"https:\/\/elmawkie.dz\/fr\/\"},{\"@type\":\"ListItem\",\"position\":2,\"name\":\"Relations tendues : la France risque de perdre 4,8 milliards d\u2019euros d\u2019\u00e9changes avec l\u2019Alg\u00e9rie\"}]},{\"@type\":\"WebSite\",\"@id\":\"https:\/\/elmawkie.dz\/fr\/#website\",\"url\":\"https:\/\/elmawkie.dz\/fr\/\",\"name\":\"EL MAWKIE\",\"description\":\"Journal \u00c9lectronique Alg\u00e9rien\",\"publisher\":{\"@id\":\"https:\/\/elmawkie.dz\/fr\/#organization\"},\"potentialAction\":[{\"@type\":\"SearchAction\",\"target\":{\"@type\":\"EntryPoint\",\"urlTemplate\":\"https:\/\/elmawkie.dz\/fr\/?s={search_term_string}\"},\"query-input\":\"required name=search_term_string\"}],\"inLanguage\":\"fr-FR\"},{\"@type\":\"Organization\",\"@id\":\"https:\/\/elmawkie.dz\/fr\/#organization\",\"name\":\"EL MAWKIE\",\"url\":\"https:\/\/elmawkie.dz\/fr\/\",\"logo\":{\"@type\":\"ImageObject\",\"inLanguage\":\"fr-FR\",\"@id\":\"https:\/\/elmawkie.dz\/fr\/#\/schema\/logo\/image\/\",\"url\":\"https:\/\/elmawkie.dz\/fr\/wp-content\/uploads\/2024\/05\/logo1.png\",\"contentUrl\":\"https:\/\/elmawkie.dz\/fr\/wp-content\/uploads\/2024\/05\/logo1.png\",\"width\":1648,\"height\":652,\"caption\":\"EL MAWKIE\"},\"image\":{\"@id\":\"https:\/\/elmawkie.dz\/fr\/#\/schema\/logo\/image\/\"},\"sameAs\":[\"https:\/\/www.facebook.com\/profile.php?id=100088407094989&locale=fr_FR\"]},{\"@type\":\"Person\",\"@id\":\"https:\/\/elmawkie.dz\/fr\/#\/schema\/person\/15cb7eba76e08e2d2d0ad4b4c4fbb6cb\",\"name\":\"khayro\",\"image\":{\"@type\":\"ImageObject\",\"inLanguage\":\"fr-FR\",\"@id\":\"https:\/\/elmawkie.dz\/fr\/#\/schema\/person\/image\/\",\"url\":\"https:\/\/secure.gravatar.com\/avatar\/5d609f726f02f77f0ff2a1483fc81992?s=96&d=mm&r=g\",\"contentUrl\":\"https:\/\/secure.gravatar.com\/avatar\/5d609f726f02f77f0ff2a1483fc81992?s=96&d=mm&r=g\",\"caption\":\"khayro\"},\"url\":\"https:\/\/elmawkie.dz\/fr\/author\/khayro\/\"}]}<\/script>\n<!-- \/ Yoast SEO Premium plugin. -->","yoast_head_json":{"title":"Relations tendues : la France risque de perdre 4,8 milliards d\u2019euros d\u2019\u00e9changes avec l\u2019Alg\u00e9rie - El Mawkie","robots":{"index":"index","follow":"follow","max-snippet":"max-snippet:-1","max-image-preview":"max-image-preview:large","max-video-preview":"max-video-preview:-1"},"canonical":"https:\/\/elmawkie.dz\/fr\/relations-tendues-la-france-risque-de-perdre-48-milliards-deuros-dechanges-avec-lalgerie\/","og_locale":"fr_FR","og_type":"article","og_title":"Relations tendues : la France risque de perdre 4,8 milliards d\u2019euros d\u2019\u00e9changes avec l\u2019Alg\u00e9rie","og_description":"Les relations diplomatiques franco-alg\u00e9riennes traversent actuellement une p\u00e9riode de turbulences pr\u00e9occupantes. Exacerb\u00e9es par une rh\u00e9torique hostile et vindicative \u00e9manant principalement des cercles d&rsquo;extr\u00eame droite francaise, ces tensions qui s&rsquo;intensifient presque quotidiennement menacent d\u00e9sormais de peser lourdement sur l&rsquo;\u00e9conomie fran\u00e7aise. En effet, un m\u00e9dia public fran\u00e7ais de renom, en l\u2019occurrence France 2, a r\u00e9cemment consacr\u00e9 une &hellip;","og_url":"https:\/\/elmawkie.dz\/fr\/relations-tendues-la-france-risque-de-perdre-48-milliards-deuros-dechanges-avec-lalgerie\/","og_site_name":"El Mawkie","article_publisher":"https:\/\/www.facebook.com\/profile.php?id=100088407094989&locale=fr_FR","article_published_time":"2025-03-30T10:41:04+00:00","og_image":[{"width":900,"height":671,"url":"https:\/\/elmawkie.dz\/fr\/wp-content\/uploads\/2025\/03\/a2fcbaa6-c249-4334-83dd-a088c2c12e68.jpeg","type":"image\/jpeg"}],"author":"khayro","twitter_card":"summary_large_image","twitter_misc":{"Written by":"khayro","Est. reading time":"3 minutes"},"schema":{"@context":"https:\/\/schema.org","@graph":[{"@type":"Article","@id":"https:\/\/elmawkie.dz\/fr\/relations-tendues-la-france-risque-de-perdre-48-milliards-deuros-dechanges-avec-lalgerie\/#article","isPartOf":{"@id":"https:\/\/elmawkie.dz\/fr\/relations-tendues-la-france-risque-de-perdre-48-milliards-deuros-dechanges-avec-lalgerie\/"},"author":{"name":"khayro","@id":"https:\/\/elmawkie.dz\/fr\/#\/schema\/person\/15cb7eba76e08e2d2d0ad4b4c4fbb6cb"},"headline":"Relations tendues : la France risque de perdre 4,8 milliards d\u2019euros d\u2019\u00e9changes avec l\u2019Alg\u00e9rie","datePublished":"2025-03-30T10:41:04+00:00","dateModified":"2025-03-30T10:41:04+00:00","mainEntityOfPage":{"@id":"https:\/\/elmawkie.dz\/fr\/relations-tendues-la-france-risque-de-perdre-48-milliards-deuros-dechanges-avec-lalgerie\/"},"wordCount":658,"commentCount":0,"publisher":{"@id":"https:\/\/elmawkie.dz\/fr\/#organization"},"image":{"@id":"https:\/\/elmawkie.dz\/fr\/relations-tendues-la-france-risque-de-perdre-48-milliards-deuros-dechanges-avec-lalgerie\/#primaryimage"},"thumbnailUrl":"https:\/\/elmawkie.dz\/fr\/wp-content\/uploads\/2025\/03\/a2fcbaa6-c249-4334-83dd-a088c2c12e68.jpeg","keywords":["Alg\u00e9rie","\u00e9changes commerciaux","France"],"articleSection":["National"],"inLanguage":"fr-FR","potentialAction":[{"@type":"CommentAction","name":"Comment","target":["https:\/\/elmawkie.dz\/fr\/relations-tendues-la-france-risque-de-perdre-48-milliards-deuros-dechanges-avec-lalgerie\/#respond"]}]},{"@type":"WebPage","@id":"https:\/\/elmawkie.dz\/fr\/relations-tendues-la-france-risque-de-perdre-48-milliards-deuros-dechanges-avec-lalgerie\/","url":"https:\/\/elmawkie.dz\/fr\/relations-tendues-la-france-risque-de-perdre-48-milliards-deuros-dechanges-avec-lalgerie\/","name":"Relations tendues : la France risque de perdre 4,8 milliards d\u2019euros d\u2019\u00e9changes avec l\u2019Alg\u00e9rie - El Mawkie","isPartOf":{"@id":"https:\/\/elmawkie.dz\/fr\/#website"},"primaryImageOfPage":{"@id":"https:\/\/elmawkie.dz\/fr\/relations-tendues-la-france-risque-de-perdre-48-milliards-deuros-dechanges-avec-lalgerie\/#primaryimage"},"image":{"@id":"https:\/\/elmawkie.dz\/fr\/relations-tendues-la-france-risque-de-perdre-48-milliards-deuros-dechanges-avec-lalgerie\/#primaryimage"},"thumbnailUrl":"https:\/\/elmawkie.dz\/fr\/wp-content\/uploads\/2025\/03\/a2fcbaa6-c249-4334-83dd-a088c2c12e68.jpeg","datePublished":"2025-03-30T10:41:04+00:00","dateModified":"2025-03-30T10:41:04+00:00","breadcrumb":{"@id":"https:\/\/elmawkie.dz\/fr\/relations-tendues-la-france-risque-de-perdre-48-milliards-deuros-dechanges-avec-lalgerie\/#breadcrumb"},"inLanguage":"fr-FR","potentialAction":[{"@type":"ReadAction","target":["https:\/\/elmawkie.dz\/fr\/relations-tendues-la-france-risque-de-perdre-48-milliards-deuros-dechanges-avec-lalgerie\/"]}]},{"@type":"ImageObject","inLanguage":"fr-FR","@id":"https:\/\/elmawkie.dz\/fr\/relations-tendues-la-france-risque-de-perdre-48-milliards-deuros-dechanges-avec-lalgerie\/#primaryimage","url":"https:\/\/elmawkie.dz\/fr\/wp-content\/uploads\/2025\/03\/a2fcbaa6-c249-4334-83dd-a088c2c12e68.jpeg","contentUrl":"https:\/\/elmawkie.dz\/fr\/wp-content\/uploads\/2025\/03\/a2fcbaa6-c249-4334-83dd-a088c2c12e68.jpeg","width":900,"height":671},{"@type":"BreadcrumbList","@id":"https:\/\/elmawkie.dz\/fr\/relations-tendues-la-france-risque-de-perdre-48-milliards-deuros-dechanges-avec-lalgerie\/#breadcrumb","itemListElement":[{"@type":"ListItem","position":1,"name":"Home","item":"https:\/\/elmawkie.dz\/fr\/"},{"@type":"ListItem","position":2,"name":"Relations tendues : la France risque de perdre 4,8 milliards d\u2019euros d\u2019\u00e9changes avec l\u2019Alg\u00e9rie"}]},{"@type":"WebSite","@id":"https:\/\/elmawkie.dz\/fr\/#website","url":"https:\/\/elmawkie.dz\/fr\/","name":"EL MAWKIE","description":"Journal \u00c9lectronique Alg\u00e9rien","publisher":{"@id":"https:\/\/elmawkie.dz\/fr\/#organization"},"potentialAction":[{"@type":"SearchAction","target":{"@type":"EntryPoint","urlTemplate":"https:\/\/elmawkie.dz\/fr\/?s={search_term_string}"},"query-input":"required name=search_term_string"}],"inLanguage":"fr-FR"},{"@type":"Organization","@id":"https:\/\/elmawkie.dz\/fr\/#organization","name":"EL MAWKIE","url":"https:\/\/elmawkie.dz\/fr\/","logo":{"@type":"ImageObject","inLanguage":"fr-FR","@id":"https:\/\/elmawkie.dz\/fr\/#\/schema\/logo\/image\/","url":"https:\/\/elmawkie.dz\/fr\/wp-content\/uploads\/2024\/05\/logo1.png","contentUrl":"https:\/\/elmawkie.dz\/fr\/wp-content\/uploads\/2024\/05\/logo1.png","width":1648,"height":652,"caption":"EL MAWKIE"},"image":{"@id":"https:\/\/elmawkie.dz\/fr\/#\/schema\/logo\/image\/"},"sameAs":["https:\/\/www.facebook.com\/profile.php?id=100088407094989&locale=fr_FR"]},{"@type":"Person","@id":"https:\/\/elmawkie.dz\/fr\/#\/schema\/person\/15cb7eba76e08e2d2d0ad4b4c4fbb6cb","name":"khayro","image":{"@type":"ImageObject","inLanguage":"fr-FR","@id":"https:\/\/elmawkie.dz\/fr\/#\/schema\/person\/image\/","url":"https:\/\/secure.gravatar.com\/avatar\/5d609f726f02f77f0ff2a1483fc81992?s=96&d=mm&r=g","contentUrl":"https:\/\/secure.gravatar.com\/avatar\/5d609f726f02f77f0ff2a1483fc81992?s=96&d=mm&r=g","caption":"khayro"},"url":"https:\/\/elmawkie.dz\/fr\/author\/khayro\/"}]}},"_links":{"self":[{"href":"https:\/\/elmawkie.dz\/fr\/wp-json\/wp\/v2\/posts\/49196","targetHints":{"allow":["GET"]}}],"collection":[{"href":"https:\/\/elmawkie.dz\/fr\/wp-json\/wp\/v2\/posts"}],"about":[{"href":"https:\/\/elmawkie.dz\/fr\/wp-json\/wp\/v2\/types\/post"}],"author":[{"embeddable":true,"href":"https:\/\/elmawkie.dz\/fr\/wp-json\/wp\/v2\/users\/8"}],"replies":[{"embeddable":true,"href":"https:\/\/elmawkie.dz\/fr\/wp-json\/wp\/v2\/comments?post=49196"}],"version-history":[{"count":1,"href":"https:\/\/elmawkie.dz\/fr\/wp-json\/wp\/v2\/posts\/49196\/revisions"}],"predecessor-version":[{"id":49198,"href":"https:\/\/elmawkie.dz\/fr\/wp-json\/wp\/v2\/posts\/49196\/revisions\/49198"}],"wp:featuredmedia":[{"embeddable":true,"href":"https:\/\/elmawkie.dz\/fr\/wp-json\/wp\/v2\/media\/49200"}],"wp:attachment":[{"href":"https:\/\/elmawkie.dz\/fr\/wp-json\/wp\/v2\/media?parent=49196"}],"wp:term":[{"taxonomy":"category","embeddable":true,"href":"https:\/\/elmawkie.dz\/fr\/wp-json\/wp\/v2\/categories?post=49196"},{"taxonomy":"post_tag","embeddable":true,"href":"https:\/\/elmawkie.dz\/fr\/wp-json\/wp\/v2\/tags?post=49196"}],"curies":[{"name":"wp","href":"https:\/\/api.w.org\/{rel}","templated":true}]}}