{"id":49030,"date":"2025-03-24T14:59:44","date_gmt":"2025-03-24T13:59:44","guid":{"rendered":"https:\/\/elmawkie.dz\/fr\/?p=49030"},"modified":"2025-03-24T14:59:44","modified_gmt":"2025-03-24T13:59:44","slug":"production-locale-de-vehicules-lalgerie-attire-lamericain-enc","status":"publish","type":"post","link":"https:\/\/elmawkie.dz\/fr\/production-locale-de-vehicules-lalgerie-attire-lamericain-enc\/","title":{"rendered":"Production locale de v\u00e9hicules : L\u2019Alg\u00e9rie attire l\u2019am\u00e9ricain ENC"},"content":{"rendered":"\n<p>Le ministre de l\u2019Industrie, M. Sifi Ghrieb, a recu ce lundi \u00e0 Alger le vice-pr\u00e9sident du groupe Astro\u00efde, propri\u00e9taire de la marque am\u00e9ricaine ENC, sp\u00e9cialis\u00e9e dans la fabrication de bus et de camions. Cette rencontre s\u2019est d\u00e9roul\u00e9e en pr\u00e9sence du partenaire alg\u00e9rien de l\u2019entreprise, selon un communiqu\u00e9 officiel du minist\u00e8re.<\/p>\n\n\n\n<p>En effet, lors des \u00e9changes, les repr\u00e9sentants de la marque ENC ont exprim\u00e9 leur satisfaction quant aux conditions actuelles d\u2019investissement en Alg\u00e9rie. Ils ont particuli\u00e8rement soulign\u00e9 l\u2019impact positif de la nouvelle politique mise en place par le minist\u00e8re de l\u2019Industrie pour structurer et d\u00e9velopper le secteur de la construction automobile. Ils ont pr\u00e9cis\u00e9 que cet environnement favorable les avait encourag\u00e9s \u00e0 solliciter un entretien avec le ministre afin de lui faire part de leur volont\u00e9 d\u2019investir dans le pays, en accord avec les orientations strat\u00e9giques d\u00e9finies par le gouvernement.<\/p>\n\n\n\n<p>\u00c0 cette occasion, le ministre a insist\u00e9 sur l\u2019importance de tirer parti du r\u00e9seau national des fabricants de pi\u00e8ces d\u00e9tach\u00e9es afin d\u2019am\u00e9liorer le taux d\u2019int\u00e9gration locale dans l\u2019industrie automobile. Il a \u00e9galement mis l\u2019accent sur la n\u00e9cessit\u00e9 d\u2019accompagner les industriels locaux en facilitant leur acc\u00e8s \u00e0 la formation et aux proc\u00e9dures de certification, essentielles \u00e0 la mont\u00e9e en comp\u00e9tence du secteur.<\/p>\n\n\n\n<p>Les repr\u00e9sentants de ENC ont, quant \u00e0 eux, r\u00e9affirm\u00e9 leur engagement \u00e0 concr\u00e9tiser un projet novateur, align\u00e9 sur la vision industrielle et \u00e9conomique adopt\u00e9e par l\u2019Alg\u00e9rie dans ce domaine.<\/p>\n\n\n\n<p>En conclusion, le ministre a exhort\u00e9 les porteurs du projet \u00e0 acc\u00e9l\u00e9rer les d\u00e9marches administratives aupr\u00e8s des institutions comp\u00e9tentes. Il a rappel\u00e9 que le minist\u00e8re restait pleinement disponible pour accompagner les investisseurs, r\u00e9it\u00e9rant ainsi l\u2019engagement du gouvernement \u00e0 soutenir le d\u00e9veloppement du secteur industriel national.<\/p>\n","protected":false},"excerpt":{"rendered":"<p>Le ministre de l\u2019Industrie, M. Sifi Ghrieb, a recu ce lundi \u00e0 Alger le vice-pr\u00e9sident du groupe Astro\u00efde, propri\u00e9taire de la marque am\u00e9ricaine ENC, sp\u00e9cialis\u00e9e dans la fabrication de bus et de camions. Cette rencontre s\u2019est d\u00e9roul\u00e9e en pr\u00e9sence du partenaire alg\u00e9rien de l\u2019entreprise, selon un communiqu\u00e9 officiel du minist\u00e8re. En effet, lors des \u00e9changes, &hellip;<\/p>\n","protected":false},"author":8,"featured_media":49036,"comment_status":"open","ping_status":"open","sticky":false,"template":"","format":"standard","meta":{"footnotes":""},"categories":[47],"tags":[3212],"class_list":["post-49030","post","type-post","status-publish","format-standard","has-post-thumbnail","hentry","category-national","tag-enc"],"yoast_head":"<!-- This site is optimized with the Yoast SEO Premium plugin v22.6 (Yoast SEO v22.6) - https:\/\/yoast.com\/wordpress\/plugins\/seo\/ -->\n<title>Production locale de v\u00e9hicules : L\u2019Alg\u00e9rie attire l\u2019am\u00e9ricain ENC - El Mawkie<\/title>\n<meta name=\"robots\" content=\"index, follow, max-snippet:-1, max-image-preview:large, max-video-preview:-1\" \/>\n<link rel=\"canonical\" href=\"https:\/\/elmawkie.dz\/fr\/production-locale-de-vehicules-lalgerie-attire-lamericain-enc\/\" \/>\n<meta property=\"og:locale\" content=\"fr_FR\" \/>\n<meta property=\"og:type\" content=\"article\" \/>\n<meta property=\"og:title\" content=\"Production locale de v\u00e9hicules : L\u2019Alg\u00e9rie attire l\u2019am\u00e9ricain ENC\" \/>\n<meta property=\"og:description\" content=\"Le ministre de l\u2019Industrie, M. Sifi Ghrieb, a recu ce lundi \u00e0 Alger le vice-pr\u00e9sident du groupe Astro\u00efde, propri\u00e9taire de la marque am\u00e9ricaine ENC, sp\u00e9cialis\u00e9e dans la fabrication de bus et de camions. Cette rencontre s\u2019est d\u00e9roul\u00e9e en pr\u00e9sence du partenaire alg\u00e9rien de l\u2019entreprise, selon un communiqu\u00e9 officiel du minist\u00e8re. En effet, lors des \u00e9changes, &hellip;\" \/>\n<meta property=\"og:url\" content=\"https:\/\/elmawkie.dz\/fr\/production-locale-de-vehicules-lalgerie-attire-lamericain-enc\/\" \/>\n<meta property=\"og:site_name\" content=\"El Mawkie\" \/>\n<meta property=\"article:publisher\" content=\"https:\/\/www.facebook.com\/profile.php?id=100088407094989&amp;locale=fr_FR\" \/>\n<meta property=\"article:published_time\" content=\"2025-03-24T13:59:44+00:00\" \/>\n<meta property=\"og:image\" content=\"https:\/\/elmawkie.dz\/fr\/wp-content\/uploads\/2025\/03\/65d24d48-2311-4f9c-b230-a22cce13644c.jpeg\" \/>\n\t<meta property=\"og:image:width\" content=\"1280\" \/>\n\t<meta property=\"og:image:height\" content=\"845\" \/>\n\t<meta property=\"og:image:type\" content=\"image\/jpeg\" \/>\n<meta name=\"author\" content=\"khayro\" \/>\n<meta name=\"twitter:card\" content=\"summary_large_image\" \/>\n<meta name=\"twitter:label1\" content=\"Written by\" \/>\n\t<meta name=\"twitter:data1\" content=\"khayro\" \/>\n\t<meta name=\"twitter:label2\" content=\"Est. reading time\" \/>\n\t<meta name=\"twitter:data2\" content=\"2 minutes\" \/>\n<script type=\"application\/ld+json\" class=\"yoast-schema-graph\">{\"@context\":\"https:\/\/schema.org\",\"@graph\":[{\"@type\":\"Article\",\"@id\":\"https:\/\/elmawkie.dz\/fr\/production-locale-de-vehicules-lalgerie-attire-lamericain-enc\/#article\",\"isPartOf\":{\"@id\":\"https:\/\/elmawkie.dz\/fr\/production-locale-de-vehicules-lalgerie-attire-lamericain-enc\/\"},\"author\":{\"name\":\"khayro\",\"@id\":\"https:\/\/elmawkie.dz\/fr\/#\/schema\/person\/15cb7eba76e08e2d2d0ad4b4c4fbb6cb\"},\"headline\":\"Production locale de v\u00e9hicules : L\u2019Alg\u00e9rie attire l\u2019am\u00e9ricain ENC\",\"datePublished\":\"2025-03-24T13:59:44+00:00\",\"dateModified\":\"2025-03-24T13:59:44+00:00\",\"mainEntityOfPage\":{\"@id\":\"https:\/\/elmawkie.dz\/fr\/production-locale-de-vehicules-lalgerie-attire-lamericain-enc\/\"},\"wordCount\":338,\"commentCount\":0,\"publisher\":{\"@id\":\"https:\/\/elmawkie.dz\/fr\/#organization\"},\"image\":{\"@id\":\"https:\/\/elmawkie.dz\/fr\/production-locale-de-vehicules-lalgerie-attire-lamericain-enc\/#primaryimage\"},\"thumbnailUrl\":\"https:\/\/elmawkie.dz\/fr\/wp-content\/uploads\/2025\/03\/65d24d48-2311-4f9c-b230-a22cce13644c.jpeg\",\"keywords\":[\"ENC\"],\"articleSection\":[\"National\"],\"inLanguage\":\"fr-FR\",\"potentialAction\":[{\"@type\":\"CommentAction\",\"name\":\"Comment\",\"target\":[\"https:\/\/elmawkie.dz\/fr\/production-locale-de-vehicules-lalgerie-attire-lamericain-enc\/#respond\"]}]},{\"@type\":\"WebPage\",\"@id\":\"https:\/\/elmawkie.dz\/fr\/production-locale-de-vehicules-lalgerie-attire-lamericain-enc\/\",\"url\":\"https:\/\/elmawkie.dz\/fr\/production-locale-de-vehicules-lalgerie-attire-lamericain-enc\/\",\"name\":\"Production locale de v\u00e9hicules : L\u2019Alg\u00e9rie attire l\u2019am\u00e9ricain ENC - El Mawkie\",\"isPartOf\":{\"@id\":\"https:\/\/elmawkie.dz\/fr\/#website\"},\"primaryImageOfPage\":{\"@id\":\"https:\/\/elmawkie.dz\/fr\/production-locale-de-vehicules-lalgerie-attire-lamericain-enc\/#primaryimage\"},\"image\":{\"@id\":\"https:\/\/elmawkie.dz\/fr\/production-locale-de-vehicules-lalgerie-attire-lamericain-enc\/#primaryimage\"},\"thumbnailUrl\":\"https:\/\/elmawkie.dz\/fr\/wp-content\/uploads\/2025\/03\/65d24d48-2311-4f9c-b230-a22cce13644c.jpeg\",\"datePublished\":\"2025-03-24T13:59:44+00:00\",\"dateModified\":\"2025-03-24T13:59:44+00:00\",\"breadcrumb\":{\"@id\":\"https:\/\/elmawkie.dz\/fr\/production-locale-de-vehicules-lalgerie-attire-lamericain-enc\/#breadcrumb\"},\"inLanguage\":\"fr-FR\",\"potentialAction\":[{\"@type\":\"ReadAction\",\"target\":[\"https:\/\/elmawkie.dz\/fr\/production-locale-de-vehicules-lalgerie-attire-lamericain-enc\/\"]}]},{\"@type\":\"ImageObject\",\"inLanguage\":\"fr-FR\",\"@id\":\"https:\/\/elmawkie.dz\/fr\/production-locale-de-vehicules-lalgerie-attire-lamericain-enc\/#primaryimage\",\"url\":\"https:\/\/elmawkie.dz\/fr\/wp-content\/uploads\/2025\/03\/65d24d48-2311-4f9c-b230-a22cce13644c.jpeg\",\"contentUrl\":\"https:\/\/elmawkie.dz\/fr\/wp-content\/uploads\/2025\/03\/65d24d48-2311-4f9c-b230-a22cce13644c.jpeg\",\"width\":1280,\"height\":845},{\"@type\":\"BreadcrumbList\",\"@id\":\"https:\/\/elmawkie.dz\/fr\/production-locale-de-vehicules-lalgerie-attire-lamericain-enc\/#breadcrumb\",\"itemListElement\":[{\"@type\":\"ListItem\",\"position\":1,\"name\":\"Home\",\"item\":\"https:\/\/elmawkie.dz\/fr\/\"},{\"@type\":\"ListItem\",\"position\":2,\"name\":\"Production locale de v\u00e9hicules : L\u2019Alg\u00e9rie attire l\u2019am\u00e9ricain ENC\"}]},{\"@type\":\"WebSite\",\"@id\":\"https:\/\/elmawkie.dz\/fr\/#website\",\"url\":\"https:\/\/elmawkie.dz\/fr\/\",\"name\":\"EL MAWKIE\",\"description\":\"Journal \u00c9lectronique Alg\u00e9rien\",\"publisher\":{\"@id\":\"https:\/\/elmawkie.dz\/fr\/#organization\"},\"potentialAction\":[{\"@type\":\"SearchAction\",\"target\":{\"@type\":\"EntryPoint\",\"urlTemplate\":\"https:\/\/elmawkie.dz\/fr\/?s={search_term_string}\"},\"query-input\":\"required name=search_term_string\"}],\"inLanguage\":\"fr-FR\"},{\"@type\":\"Organization\",\"@id\":\"https:\/\/elmawkie.dz\/fr\/#organization\",\"name\":\"EL MAWKIE\",\"url\":\"https:\/\/elmawkie.dz\/fr\/\",\"logo\":{\"@type\":\"ImageObject\",\"inLanguage\":\"fr-FR\",\"@id\":\"https:\/\/elmawkie.dz\/fr\/#\/schema\/logo\/image\/\",\"url\":\"https:\/\/elmawkie.dz\/fr\/wp-content\/uploads\/2024\/05\/logo1.png\",\"contentUrl\":\"https:\/\/elmawkie.dz\/fr\/wp-content\/uploads\/2024\/05\/logo1.png\",\"width\":1648,\"height\":652,\"caption\":\"EL MAWKIE\"},\"image\":{\"@id\":\"https:\/\/elmawkie.dz\/fr\/#\/schema\/logo\/image\/\"},\"sameAs\":[\"https:\/\/www.facebook.com\/profile.php?id=100088407094989&locale=fr_FR\"]},{\"@type\":\"Person\",\"@id\":\"https:\/\/elmawkie.dz\/fr\/#\/schema\/person\/15cb7eba76e08e2d2d0ad4b4c4fbb6cb\",\"name\":\"khayro\",\"image\":{\"@type\":\"ImageObject\",\"inLanguage\":\"fr-FR\",\"@id\":\"https:\/\/elmawkie.dz\/fr\/#\/schema\/person\/image\/\",\"url\":\"https:\/\/secure.gravatar.com\/avatar\/5d609f726f02f77f0ff2a1483fc81992?s=96&d=mm&r=g\",\"contentUrl\":\"https:\/\/secure.gravatar.com\/avatar\/5d609f726f02f77f0ff2a1483fc81992?s=96&d=mm&r=g\",\"caption\":\"khayro\"},\"url\":\"https:\/\/elmawkie.dz\/fr\/author\/khayro\/\"}]}<\/script>\n<!-- \/ Yoast SEO Premium plugin. -->","yoast_head_json":{"title":"Production locale de v\u00e9hicules : L\u2019Alg\u00e9rie attire l\u2019am\u00e9ricain ENC - El Mawkie","robots":{"index":"index","follow":"follow","max-snippet":"max-snippet:-1","max-image-preview":"max-image-preview:large","max-video-preview":"max-video-preview:-1"},"canonical":"https:\/\/elmawkie.dz\/fr\/production-locale-de-vehicules-lalgerie-attire-lamericain-enc\/","og_locale":"fr_FR","og_type":"article","og_title":"Production locale de v\u00e9hicules : L\u2019Alg\u00e9rie attire l\u2019am\u00e9ricain ENC","og_description":"Le ministre de l\u2019Industrie, M. Sifi Ghrieb, a recu ce lundi \u00e0 Alger le vice-pr\u00e9sident du groupe Astro\u00efde, propri\u00e9taire de la marque am\u00e9ricaine ENC, sp\u00e9cialis\u00e9e dans la fabrication de bus et de camions. Cette rencontre s\u2019est d\u00e9roul\u00e9e en pr\u00e9sence du partenaire alg\u00e9rien de l\u2019entreprise, selon un communiqu\u00e9 officiel du minist\u00e8re. En effet, lors des \u00e9changes, &hellip;","og_url":"https:\/\/elmawkie.dz\/fr\/production-locale-de-vehicules-lalgerie-attire-lamericain-enc\/","og_site_name":"El Mawkie","article_publisher":"https:\/\/www.facebook.com\/profile.php?id=100088407094989&locale=fr_FR","article_published_time":"2025-03-24T13:59:44+00:00","og_image":[{"width":1280,"height":845,"url":"https:\/\/elmawkie.dz\/fr\/wp-content\/uploads\/2025\/03\/65d24d48-2311-4f9c-b230-a22cce13644c.jpeg","type":"image\/jpeg"}],"author":"khayro","twitter_card":"summary_large_image","twitter_misc":{"Written by":"khayro","Est. reading time":"2 minutes"},"schema":{"@context":"https:\/\/schema.org","@graph":[{"@type":"Article","@id":"https:\/\/elmawkie.dz\/fr\/production-locale-de-vehicules-lalgerie-attire-lamericain-enc\/#article","isPartOf":{"@id":"https:\/\/elmawkie.dz\/fr\/production-locale-de-vehicules-lalgerie-attire-lamericain-enc\/"},"author":{"name":"khayro","@id":"https:\/\/elmawkie.dz\/fr\/#\/schema\/person\/15cb7eba76e08e2d2d0ad4b4c4fbb6cb"},"headline":"Production locale de v\u00e9hicules : L\u2019Alg\u00e9rie attire l\u2019am\u00e9ricain ENC","datePublished":"2025-03-24T13:59:44+00:00","dateModified":"2025-03-24T13:59:44+00:00","mainEntityOfPage":{"@id":"https:\/\/elmawkie.dz\/fr\/production-locale-de-vehicules-lalgerie-attire-lamericain-enc\/"},"wordCount":338,"commentCount":0,"publisher":{"@id":"https:\/\/elmawkie.dz\/fr\/#organization"},"image":{"@id":"https:\/\/elmawkie.dz\/fr\/production-locale-de-vehicules-lalgerie-attire-lamericain-enc\/#primaryimage"},"thumbnailUrl":"https:\/\/elmawkie.dz\/fr\/wp-content\/uploads\/2025\/03\/65d24d48-2311-4f9c-b230-a22cce13644c.jpeg","keywords":["ENC"],"articleSection":["National"],"inLanguage":"fr-FR","potentialAction":[{"@type":"CommentAction","name":"Comment","target":["https:\/\/elmawkie.dz\/fr\/production-locale-de-vehicules-lalgerie-attire-lamericain-enc\/#respond"]}]},{"@type":"WebPage","@id":"https:\/\/elmawkie.dz\/fr\/production-locale-de-vehicules-lalgerie-attire-lamericain-enc\/","url":"https:\/\/elmawkie.dz\/fr\/production-locale-de-vehicules-lalgerie-attire-lamericain-enc\/","name":"Production locale de v\u00e9hicules : L\u2019Alg\u00e9rie attire l\u2019am\u00e9ricain ENC - El Mawkie","isPartOf":{"@id":"https:\/\/elmawkie.dz\/fr\/#website"},"primaryImageOfPage":{"@id":"https:\/\/elmawkie.dz\/fr\/production-locale-de-vehicules-lalgerie-attire-lamericain-enc\/#primaryimage"},"image":{"@id":"https:\/\/elmawkie.dz\/fr\/production-locale-de-vehicules-lalgerie-attire-lamericain-enc\/#primaryimage"},"thumbnailUrl":"https:\/\/elmawkie.dz\/fr\/wp-content\/uploads\/2025\/03\/65d24d48-2311-4f9c-b230-a22cce13644c.jpeg","datePublished":"2025-03-24T13:59:44+00:00","dateModified":"2025-03-24T13:59:44+00:00","breadcrumb":{"@id":"https:\/\/elmawkie.dz\/fr\/production-locale-de-vehicules-lalgerie-attire-lamericain-enc\/#breadcrumb"},"inLanguage":"fr-FR","potentialAction":[{"@type":"ReadAction","target":["https:\/\/elmawkie.dz\/fr\/production-locale-de-vehicules-lalgerie-attire-lamericain-enc\/"]}]},{"@type":"ImageObject","inLanguage":"fr-FR","@id":"https:\/\/elmawkie.dz\/fr\/production-locale-de-vehicules-lalgerie-attire-lamericain-enc\/#primaryimage","url":"https:\/\/elmawkie.dz\/fr\/wp-content\/uploads\/2025\/03\/65d24d48-2311-4f9c-b230-a22cce13644c.jpeg","contentUrl":"https:\/\/elmawkie.dz\/fr\/wp-content\/uploads\/2025\/03\/65d24d48-2311-4f9c-b230-a22cce13644c.jpeg","width":1280,"height":845},{"@type":"BreadcrumbList","@id":"https:\/\/elmawkie.dz\/fr\/production-locale-de-vehicules-lalgerie-attire-lamericain-enc\/#breadcrumb","itemListElement":[{"@type":"ListItem","position":1,"name":"Home","item":"https:\/\/elmawkie.dz\/fr\/"},{"@type":"ListItem","position":2,"name":"Production locale de v\u00e9hicules : L\u2019Alg\u00e9rie attire l\u2019am\u00e9ricain ENC"}]},{"@type":"WebSite","@id":"https:\/\/elmawkie.dz\/fr\/#website","url":"https:\/\/elmawkie.dz\/fr\/","name":"EL MAWKIE","description":"Journal \u00c9lectronique Alg\u00e9rien","publisher":{"@id":"https:\/\/elmawkie.dz\/fr\/#organization"},"potentialAction":[{"@type":"SearchAction","target":{"@type":"EntryPoint","urlTemplate":"https:\/\/elmawkie.dz\/fr\/?s={search_term_string}"},"query-input":"required name=search_term_string"}],"inLanguage":"fr-FR"},{"@type":"Organization","@id":"https:\/\/elmawkie.dz\/fr\/#organization","name":"EL MAWKIE","url":"https:\/\/elmawkie.dz\/fr\/","logo":{"@type":"ImageObject","inLanguage":"fr-FR","@id":"https:\/\/elmawkie.dz\/fr\/#\/schema\/logo\/image\/","url":"https:\/\/elmawkie.dz\/fr\/wp-content\/uploads\/2024\/05\/logo1.png","contentUrl":"https:\/\/elmawkie.dz\/fr\/wp-content\/uploads\/2024\/05\/logo1.png","width":1648,"height":652,"caption":"EL MAWKIE"},"image":{"@id":"https:\/\/elmawkie.dz\/fr\/#\/schema\/logo\/image\/"},"sameAs":["https:\/\/www.facebook.com\/profile.php?id=100088407094989&locale=fr_FR"]},{"@type":"Person","@id":"https:\/\/elmawkie.dz\/fr\/#\/schema\/person\/15cb7eba76e08e2d2d0ad4b4c4fbb6cb","name":"khayro","image":{"@type":"ImageObject","inLanguage":"fr-FR","@id":"https:\/\/elmawkie.dz\/fr\/#\/schema\/person\/image\/","url":"https:\/\/secure.gravatar.com\/avatar\/5d609f726f02f77f0ff2a1483fc81992?s=96&d=mm&r=g","contentUrl":"https:\/\/secure.gravatar.com\/avatar\/5d609f726f02f77f0ff2a1483fc81992?s=96&d=mm&r=g","caption":"khayro"},"url":"https:\/\/elmawkie.dz\/fr\/author\/khayro\/"}]}},"_links":{"self":[{"href":"https:\/\/elmawkie.dz\/fr\/wp-json\/wp\/v2\/posts\/49030","targetHints":{"allow":["GET"]}}],"collection":[{"href":"https:\/\/elmawkie.dz\/fr\/wp-json\/wp\/v2\/posts"}],"about":[{"href":"https:\/\/elmawkie.dz\/fr\/wp-json\/wp\/v2\/types\/post"}],"author":[{"embeddable":true,"href":"https:\/\/elmawkie.dz\/fr\/wp-json\/wp\/v2\/users\/8"}],"replies":[{"embeddable":true,"href":"https:\/\/elmawkie.dz\/fr\/wp-json\/wp\/v2\/comments?post=49030"}],"version-history":[{"count":1,"href":"https:\/\/elmawkie.dz\/fr\/wp-json\/wp\/v2\/posts\/49030\/revisions"}],"predecessor-version":[{"id":49032,"href":"https:\/\/elmawkie.dz\/fr\/wp-json\/wp\/v2\/posts\/49030\/revisions\/49032"}],"wp:featuredmedia":[{"embeddable":true,"href":"https:\/\/elmawkie.dz\/fr\/wp-json\/wp\/v2\/media\/49036"}],"wp:attachment":[{"href":"https:\/\/elmawkie.dz\/fr\/wp-json\/wp\/v2\/media?parent=49030"}],"wp:term":[{"taxonomy":"category","embeddable":true,"href":"https:\/\/elmawkie.dz\/fr\/wp-json\/wp\/v2\/categories?post=49030"},{"taxonomy":"post_tag","embeddable":true,"href":"https:\/\/elmawkie.dz\/fr\/wp-json\/wp\/v2\/tags?post=49030"}],"curies":[{"name":"wp","href":"https:\/\/api.w.org\/{rel}","templated":true}]}}