{"id":49024,"date":"2025-03-24T14:50:24","date_gmt":"2025-03-24T13:50:24","guid":{"rendered":"https:\/\/elmawkie.dz\/fr\/?p=49024"},"modified":"2025-03-24T14:50:25","modified_gmt":"2025-03-24T13:50:25","slug":"bordj-badji-mokhtar-accompagnement-des-diplomes-de-la-formation-professionnelle-vers-lentrepreneuriat","status":"publish","type":"post","link":"https:\/\/elmawkie.dz\/fr\/bordj-badji-mokhtar-accompagnement-des-diplomes-de-la-formation-professionnelle-vers-lentrepreneuriat\/","title":{"rendered":"Bordj Badji Mokhtar: Accompagnement des dipl\u00f4m\u00e9s de la formation professionnelle vers l\u2019entrepreneuriat"},"content":{"rendered":"\n<p>La direction de la formation et de l\u2019enseignement professionnels (DFEP) de la wilaya de Bordj Badji Mokhtar s\u2019engage \u00e0 accompagner ses dipl\u00f4m\u00e9s pour se lancer dans l&rsquo;entrepreneuriat, dans le cadre du dispositif de l\u2019Agence nationale d&rsquo;appui et de d\u00e9veloppement de l&rsquo;entrepreneuriat \u00ab\u00a0NESDA\u00a0\u00bb, a indiqu\u00e9 lundi un communiqu\u00e9 de cette instance. Dans ce sillage, une convention de partenariat a \u00e9t\u00e9 sign\u00e9e entre le centre local de formation professionnelle et d\u2019apprentissage (CFPA \/Kebir M\u2019hamed) et l\u2019antenne de l\u2019Agence NESDA d\u2019Adrar, qui chapeaute la wilaya frontali\u00e8re de Bordj Badji Mokhrar, a-t-on pr\u00e9cis\u00e9. Elle a pour objectif d\u2019organiser des sessions de formation sur l\u2019entrepreneuriat au profit des jeunes de la wilaya, de sensibiliser les demandeurs d\u2019emploi aux opportunit\u00e9s de cr\u00e9ation de microprojets et de startups, en plus d\u2019assurer un appui technique et financier aux dipl\u00f4m\u00e9s de la formation professionnelle porteurs de projets innovants, a-t-on ajout\u00e9 de m\u00eame source. En vertu de cet accord de partenariat, les demandeurs d\u2019emploi b\u00e9n\u00e9ficieront \u00e9galement d\u2019un accompagnement, comprenant des ateliers de formation sur les m\u00e9thodes scientifiques de cr\u00e9ation de micro-entreprises, afin de garantir leur r\u00e9ussite et la p\u00e9rennit\u00e9 de leurs projets, conclut le communiqu\u00e9.<\/p>\n","protected":false},"excerpt":{"rendered":"<p>La direction de la formation et de l\u2019enseignement professionnels (DFEP) de la wilaya de Bordj Badji Mokhtar s\u2019engage \u00e0 accompagner ses dipl\u00f4m\u00e9s pour se lancer dans l&rsquo;entrepreneuriat, dans le cadre du dispositif de l\u2019Agence nationale d&rsquo;appui et de d\u00e9veloppement de l&rsquo;entrepreneuriat \u00ab\u00a0NESDA\u00a0\u00bb, a indiqu\u00e9 lundi un communiqu\u00e9 de cette instance. Dans ce sillage, une convention &hellip;<\/p>\n","protected":false},"author":9,"featured_media":49026,"comment_status":"open","ping_status":"open","sticky":false,"template":"","format":"standard","meta":{"footnotes":""},"categories":[50],"tags":[2367,778,3211],"class_list":["post-49024","post","type-post","status-publish","format-standard","has-post-thumbnail","hentry","category-region","tag-bordj-badji-mokhtar","tag-formation-professionnel","tag-lentrepreneuriat-2"],"yoast_head":"<!-- This site is optimized with the Yoast SEO Premium plugin v22.6 (Yoast SEO v22.6) - https:\/\/yoast.com\/wordpress\/plugins\/seo\/ -->\n<title>Bordj Badji Mokhtar: Accompagnement des dipl\u00f4m\u00e9s de la formation professionnelle vers l\u2019entrepreneuriat - El Mawkie<\/title>\n<meta name=\"robots\" content=\"index, follow, max-snippet:-1, max-image-preview:large, max-video-preview:-1\" \/>\n<link rel=\"canonical\" href=\"https:\/\/elmawkie.dz\/fr\/bordj-badji-mokhtar-accompagnement-des-diplomes-de-la-formation-professionnelle-vers-lentrepreneuriat\/\" \/>\n<meta property=\"og:locale\" content=\"fr_FR\" \/>\n<meta property=\"og:type\" content=\"article\" \/>\n<meta property=\"og:title\" content=\"Bordj Badji Mokhtar: Accompagnement des dipl\u00f4m\u00e9s de la formation professionnelle vers l\u2019entrepreneuriat\" \/>\n<meta property=\"og:description\" content=\"La direction de la formation et de l\u2019enseignement professionnels (DFEP) de la wilaya de Bordj Badji Mokhtar s\u2019engage \u00e0 accompagner ses dipl\u00f4m\u00e9s pour se lancer dans l&rsquo;entrepreneuriat, dans le cadre du dispositif de l\u2019Agence nationale d&rsquo;appui et de d\u00e9veloppement de l&rsquo;entrepreneuriat \u00ab\u00a0NESDA\u00a0\u00bb, a indiqu\u00e9 lundi un communiqu\u00e9 de cette instance. Dans ce sillage, une convention &hellip;\" \/>\n<meta property=\"og:url\" content=\"https:\/\/elmawkie.dz\/fr\/bordj-badji-mokhtar-accompagnement-des-diplomes-de-la-formation-professionnelle-vers-lentrepreneuriat\/\" \/>\n<meta property=\"og:site_name\" content=\"El Mawkie\" \/>\n<meta property=\"article:publisher\" content=\"https:\/\/www.facebook.com\/profile.php?id=100088407094989&amp;locale=fr_FR\" \/>\n<meta property=\"article:published_time\" content=\"2025-03-24T13:50:24+00:00\" \/>\n<meta property=\"article:modified_time\" content=\"2025-03-24T13:50:25+00:00\" \/>\n<meta property=\"og:image\" content=\"https:\/\/elmawkie.dz\/fr\/wp-content\/uploads\/2025\/03\/IMG_2010.jpeg\" \/>\n\t<meta property=\"og:image:width\" content=\"580\" \/>\n\t<meta property=\"og:image:height\" content=\"389\" \/>\n\t<meta property=\"og:image:type\" content=\"image\/jpeg\" \/>\n<meta name=\"author\" content=\"R\u00e9daction\" \/>\n<meta name=\"twitter:card\" content=\"summary_large_image\" \/>\n<meta name=\"twitter:label1\" content=\"Written by\" \/>\n\t<meta name=\"twitter:data1\" content=\"R\u00e9daction\" \/>\n\t<meta name=\"twitter:label2\" content=\"Est. reading time\" \/>\n\t<meta name=\"twitter:data2\" content=\"1 minute\" \/>\n<script type=\"application\/ld+json\" class=\"yoast-schema-graph\">{\"@context\":\"https:\/\/schema.org\",\"@graph\":[{\"@type\":\"Article\",\"@id\":\"https:\/\/elmawkie.dz\/fr\/bordj-badji-mokhtar-accompagnement-des-diplomes-de-la-formation-professionnelle-vers-lentrepreneuriat\/#article\",\"isPartOf\":{\"@id\":\"https:\/\/elmawkie.dz\/fr\/bordj-badji-mokhtar-accompagnement-des-diplomes-de-la-formation-professionnelle-vers-lentrepreneuriat\/\"},\"author\":{\"name\":\"R\u00e9daction\",\"@id\":\"https:\/\/elmawkie.dz\/fr\/#\/schema\/person\/e7bd59d6467874ba5c4723d8a9f0a63c\"},\"headline\":\"Bordj Badji Mokhtar: Accompagnement des dipl\u00f4m\u00e9s de la formation professionnelle vers l\u2019entrepreneuriat\",\"datePublished\":\"2025-03-24T13:50:24+00:00\",\"dateModified\":\"2025-03-24T13:50:25+00:00\",\"mainEntityOfPage\":{\"@id\":\"https:\/\/elmawkie.dz\/fr\/bordj-badji-mokhtar-accompagnement-des-diplomes-de-la-formation-professionnelle-vers-lentrepreneuriat\/\"},\"wordCount\":233,\"commentCount\":0,\"publisher\":{\"@id\":\"https:\/\/elmawkie.dz\/fr\/#organization\"},\"image\":{\"@id\":\"https:\/\/elmawkie.dz\/fr\/bordj-badji-mokhtar-accompagnement-des-diplomes-de-la-formation-professionnelle-vers-lentrepreneuriat\/#primaryimage\"},\"thumbnailUrl\":\"https:\/\/elmawkie.dz\/fr\/wp-content\/uploads\/2025\/03\/IMG_2010.jpeg\",\"keywords\":[\"Bordj Badji Mokhtar\",\"formation professionnel\",\"l\u2019entrepreneuriat\"],\"articleSection\":[\"R\u00e9gion\"],\"inLanguage\":\"fr-FR\",\"potentialAction\":[{\"@type\":\"CommentAction\",\"name\":\"Comment\",\"target\":[\"https:\/\/elmawkie.dz\/fr\/bordj-badji-mokhtar-accompagnement-des-diplomes-de-la-formation-professionnelle-vers-lentrepreneuriat\/#respond\"]}]},{\"@type\":\"WebPage\",\"@id\":\"https:\/\/elmawkie.dz\/fr\/bordj-badji-mokhtar-accompagnement-des-diplomes-de-la-formation-professionnelle-vers-lentrepreneuriat\/\",\"url\":\"https:\/\/elmawkie.dz\/fr\/bordj-badji-mokhtar-accompagnement-des-diplomes-de-la-formation-professionnelle-vers-lentrepreneuriat\/\",\"name\":\"Bordj Badji Mokhtar: Accompagnement des dipl\u00f4m\u00e9s de la formation professionnelle vers l\u2019entrepreneuriat - El Mawkie\",\"isPartOf\":{\"@id\":\"https:\/\/elmawkie.dz\/fr\/#website\"},\"primaryImageOfPage\":{\"@id\":\"https:\/\/elmawkie.dz\/fr\/bordj-badji-mokhtar-accompagnement-des-diplomes-de-la-formation-professionnelle-vers-lentrepreneuriat\/#primaryimage\"},\"image\":{\"@id\":\"https:\/\/elmawkie.dz\/fr\/bordj-badji-mokhtar-accompagnement-des-diplomes-de-la-formation-professionnelle-vers-lentrepreneuriat\/#primaryimage\"},\"thumbnailUrl\":\"https:\/\/elmawkie.dz\/fr\/wp-content\/uploads\/2025\/03\/IMG_2010.jpeg\",\"datePublished\":\"2025-03-24T13:50:24+00:00\",\"dateModified\":\"2025-03-24T13:50:25+00:00\",\"breadcrumb\":{\"@id\":\"https:\/\/elmawkie.dz\/fr\/bordj-badji-mokhtar-accompagnement-des-diplomes-de-la-formation-professionnelle-vers-lentrepreneuriat\/#breadcrumb\"},\"inLanguage\":\"fr-FR\",\"potentialAction\":[{\"@type\":\"ReadAction\",\"target\":[\"https:\/\/elmawkie.dz\/fr\/bordj-badji-mokhtar-accompagnement-des-diplomes-de-la-formation-professionnelle-vers-lentrepreneuriat\/\"]}]},{\"@type\":\"ImageObject\",\"inLanguage\":\"fr-FR\",\"@id\":\"https:\/\/elmawkie.dz\/fr\/bordj-badji-mokhtar-accompagnement-des-diplomes-de-la-formation-professionnelle-vers-lentrepreneuriat\/#primaryimage\",\"url\":\"https:\/\/elmawkie.dz\/fr\/wp-content\/uploads\/2025\/03\/IMG_2010.jpeg\",\"contentUrl\":\"https:\/\/elmawkie.dz\/fr\/wp-content\/uploads\/2025\/03\/IMG_2010.jpeg\",\"width\":580,\"height\":389},{\"@type\":\"BreadcrumbList\",\"@id\":\"https:\/\/elmawkie.dz\/fr\/bordj-badji-mokhtar-accompagnement-des-diplomes-de-la-formation-professionnelle-vers-lentrepreneuriat\/#breadcrumb\",\"itemListElement\":[{\"@type\":\"ListItem\",\"position\":1,\"name\":\"Home\",\"item\":\"https:\/\/elmawkie.dz\/fr\/\"},{\"@type\":\"ListItem\",\"position\":2,\"name\":\"Bordj Badji Mokhtar: Accompagnement des dipl\u00f4m\u00e9s de la formation professionnelle vers l\u2019entrepreneuriat\"}]},{\"@type\":\"WebSite\",\"@id\":\"https:\/\/elmawkie.dz\/fr\/#website\",\"url\":\"https:\/\/elmawkie.dz\/fr\/\",\"name\":\"EL MAWKIE\",\"description\":\"Journal \u00c9lectronique Alg\u00e9rien\",\"publisher\":{\"@id\":\"https:\/\/elmawkie.dz\/fr\/#organization\"},\"potentialAction\":[{\"@type\":\"SearchAction\",\"target\":{\"@type\":\"EntryPoint\",\"urlTemplate\":\"https:\/\/elmawkie.dz\/fr\/?s={search_term_string}\"},\"query-input\":\"required name=search_term_string\"}],\"inLanguage\":\"fr-FR\"},{\"@type\":\"Organization\",\"@id\":\"https:\/\/elmawkie.dz\/fr\/#organization\",\"name\":\"EL MAWKIE\",\"url\":\"https:\/\/elmawkie.dz\/fr\/\",\"logo\":{\"@type\":\"ImageObject\",\"inLanguage\":\"fr-FR\",\"@id\":\"https:\/\/elmawkie.dz\/fr\/#\/schema\/logo\/image\/\",\"url\":\"https:\/\/elmawkie.dz\/fr\/wp-content\/uploads\/2024\/05\/logo1.png\",\"contentUrl\":\"https:\/\/elmawkie.dz\/fr\/wp-content\/uploads\/2024\/05\/logo1.png\",\"width\":1648,\"height\":652,\"caption\":\"EL MAWKIE\"},\"image\":{\"@id\":\"https:\/\/elmawkie.dz\/fr\/#\/schema\/logo\/image\/\"},\"sameAs\":[\"https:\/\/www.facebook.com\/profile.php?id=100088407094989&locale=fr_FR\"]},{\"@type\":\"Person\",\"@id\":\"https:\/\/elmawkie.dz\/fr\/#\/schema\/person\/e7bd59d6467874ba5c4723d8a9f0a63c\",\"name\":\"R\u00e9daction\",\"image\":{\"@type\":\"ImageObject\",\"inLanguage\":\"fr-FR\",\"@id\":\"https:\/\/elmawkie.dz\/fr\/#\/schema\/person\/image\/\",\"url\":\"https:\/\/secure.gravatar.com\/avatar\/f0f773456344da4d2788c054a3d30a0c?s=96&d=mm&r=g\",\"contentUrl\":\"https:\/\/secure.gravatar.com\/avatar\/f0f773456344da4d2788c054a3d30a0c?s=96&d=mm&r=g\",\"caption\":\"R\u00e9daction\"},\"url\":\"https:\/\/elmawkie.dz\/fr\/author\/redaction\/\"}]}<\/script>\n<!-- \/ Yoast SEO Premium plugin. -->","yoast_head_json":{"title":"Bordj Badji Mokhtar: Accompagnement des dipl\u00f4m\u00e9s de la formation professionnelle vers l\u2019entrepreneuriat - El Mawkie","robots":{"index":"index","follow":"follow","max-snippet":"max-snippet:-1","max-image-preview":"max-image-preview:large","max-video-preview":"max-video-preview:-1"},"canonical":"https:\/\/elmawkie.dz\/fr\/bordj-badji-mokhtar-accompagnement-des-diplomes-de-la-formation-professionnelle-vers-lentrepreneuriat\/","og_locale":"fr_FR","og_type":"article","og_title":"Bordj Badji Mokhtar: Accompagnement des dipl\u00f4m\u00e9s de la formation professionnelle vers l\u2019entrepreneuriat","og_description":"La direction de la formation et de l\u2019enseignement professionnels (DFEP) de la wilaya de Bordj Badji Mokhtar s\u2019engage \u00e0 accompagner ses dipl\u00f4m\u00e9s pour se lancer dans l&rsquo;entrepreneuriat, dans le cadre du dispositif de l\u2019Agence nationale d&rsquo;appui et de d\u00e9veloppement de l&rsquo;entrepreneuriat \u00ab\u00a0NESDA\u00a0\u00bb, a indiqu\u00e9 lundi un communiqu\u00e9 de cette instance. Dans ce sillage, une convention &hellip;","og_url":"https:\/\/elmawkie.dz\/fr\/bordj-badji-mokhtar-accompagnement-des-diplomes-de-la-formation-professionnelle-vers-lentrepreneuriat\/","og_site_name":"El Mawkie","article_publisher":"https:\/\/www.facebook.com\/profile.php?id=100088407094989&locale=fr_FR","article_published_time":"2025-03-24T13:50:24+00:00","article_modified_time":"2025-03-24T13:50:25+00:00","og_image":[{"width":580,"height":389,"url":"https:\/\/elmawkie.dz\/fr\/wp-content\/uploads\/2025\/03\/IMG_2010.jpeg","type":"image\/jpeg"}],"author":"R\u00e9daction","twitter_card":"summary_large_image","twitter_misc":{"Written by":"R\u00e9daction","Est. reading time":"1 minute"},"schema":{"@context":"https:\/\/schema.org","@graph":[{"@type":"Article","@id":"https:\/\/elmawkie.dz\/fr\/bordj-badji-mokhtar-accompagnement-des-diplomes-de-la-formation-professionnelle-vers-lentrepreneuriat\/#article","isPartOf":{"@id":"https:\/\/elmawkie.dz\/fr\/bordj-badji-mokhtar-accompagnement-des-diplomes-de-la-formation-professionnelle-vers-lentrepreneuriat\/"},"author":{"name":"R\u00e9daction","@id":"https:\/\/elmawkie.dz\/fr\/#\/schema\/person\/e7bd59d6467874ba5c4723d8a9f0a63c"},"headline":"Bordj Badji Mokhtar: Accompagnement des dipl\u00f4m\u00e9s de la formation professionnelle vers l\u2019entrepreneuriat","datePublished":"2025-03-24T13:50:24+00:00","dateModified":"2025-03-24T13:50:25+00:00","mainEntityOfPage":{"@id":"https:\/\/elmawkie.dz\/fr\/bordj-badji-mokhtar-accompagnement-des-diplomes-de-la-formation-professionnelle-vers-lentrepreneuriat\/"},"wordCount":233,"commentCount":0,"publisher":{"@id":"https:\/\/elmawkie.dz\/fr\/#organization"},"image":{"@id":"https:\/\/elmawkie.dz\/fr\/bordj-badji-mokhtar-accompagnement-des-diplomes-de-la-formation-professionnelle-vers-lentrepreneuriat\/#primaryimage"},"thumbnailUrl":"https:\/\/elmawkie.dz\/fr\/wp-content\/uploads\/2025\/03\/IMG_2010.jpeg","keywords":["Bordj Badji Mokhtar","formation professionnel","l\u2019entrepreneuriat"],"articleSection":["R\u00e9gion"],"inLanguage":"fr-FR","potentialAction":[{"@type":"CommentAction","name":"Comment","target":["https:\/\/elmawkie.dz\/fr\/bordj-badji-mokhtar-accompagnement-des-diplomes-de-la-formation-professionnelle-vers-lentrepreneuriat\/#respond"]}]},{"@type":"WebPage","@id":"https:\/\/elmawkie.dz\/fr\/bordj-badji-mokhtar-accompagnement-des-diplomes-de-la-formation-professionnelle-vers-lentrepreneuriat\/","url":"https:\/\/elmawkie.dz\/fr\/bordj-badji-mokhtar-accompagnement-des-diplomes-de-la-formation-professionnelle-vers-lentrepreneuriat\/","name":"Bordj Badji Mokhtar: Accompagnement des dipl\u00f4m\u00e9s de la formation professionnelle vers l\u2019entrepreneuriat - El Mawkie","isPartOf":{"@id":"https:\/\/elmawkie.dz\/fr\/#website"},"primaryImageOfPage":{"@id":"https:\/\/elmawkie.dz\/fr\/bordj-badji-mokhtar-accompagnement-des-diplomes-de-la-formation-professionnelle-vers-lentrepreneuriat\/#primaryimage"},"image":{"@id":"https:\/\/elmawkie.dz\/fr\/bordj-badji-mokhtar-accompagnement-des-diplomes-de-la-formation-professionnelle-vers-lentrepreneuriat\/#primaryimage"},"thumbnailUrl":"https:\/\/elmawkie.dz\/fr\/wp-content\/uploads\/2025\/03\/IMG_2010.jpeg","datePublished":"2025-03-24T13:50:24+00:00","dateModified":"2025-03-24T13:50:25+00:00","breadcrumb":{"@id":"https:\/\/elmawkie.dz\/fr\/bordj-badji-mokhtar-accompagnement-des-diplomes-de-la-formation-professionnelle-vers-lentrepreneuriat\/#breadcrumb"},"inLanguage":"fr-FR","potentialAction":[{"@type":"ReadAction","target":["https:\/\/elmawkie.dz\/fr\/bordj-badji-mokhtar-accompagnement-des-diplomes-de-la-formation-professionnelle-vers-lentrepreneuriat\/"]}]},{"@type":"ImageObject","inLanguage":"fr-FR","@id":"https:\/\/elmawkie.dz\/fr\/bordj-badji-mokhtar-accompagnement-des-diplomes-de-la-formation-professionnelle-vers-lentrepreneuriat\/#primaryimage","url":"https:\/\/elmawkie.dz\/fr\/wp-content\/uploads\/2025\/03\/IMG_2010.jpeg","contentUrl":"https:\/\/elmawkie.dz\/fr\/wp-content\/uploads\/2025\/03\/IMG_2010.jpeg","width":580,"height":389},{"@type":"BreadcrumbList","@id":"https:\/\/elmawkie.dz\/fr\/bordj-badji-mokhtar-accompagnement-des-diplomes-de-la-formation-professionnelle-vers-lentrepreneuriat\/#breadcrumb","itemListElement":[{"@type":"ListItem","position":1,"name":"Home","item":"https:\/\/elmawkie.dz\/fr\/"},{"@type":"ListItem","position":2,"name":"Bordj Badji Mokhtar: Accompagnement des dipl\u00f4m\u00e9s de la formation professionnelle vers l\u2019entrepreneuriat"}]},{"@type":"WebSite","@id":"https:\/\/elmawkie.dz\/fr\/#website","url":"https:\/\/elmawkie.dz\/fr\/","name":"EL MAWKIE","description":"Journal \u00c9lectronique Alg\u00e9rien","publisher":{"@id":"https:\/\/elmawkie.dz\/fr\/#organization"},"potentialAction":[{"@type":"SearchAction","target":{"@type":"EntryPoint","urlTemplate":"https:\/\/elmawkie.dz\/fr\/?s={search_term_string}"},"query-input":"required name=search_term_string"}],"inLanguage":"fr-FR"},{"@type":"Organization","@id":"https:\/\/elmawkie.dz\/fr\/#organization","name":"EL MAWKIE","url":"https:\/\/elmawkie.dz\/fr\/","logo":{"@type":"ImageObject","inLanguage":"fr-FR","@id":"https:\/\/elmawkie.dz\/fr\/#\/schema\/logo\/image\/","url":"https:\/\/elmawkie.dz\/fr\/wp-content\/uploads\/2024\/05\/logo1.png","contentUrl":"https:\/\/elmawkie.dz\/fr\/wp-content\/uploads\/2024\/05\/logo1.png","width":1648,"height":652,"caption":"EL MAWKIE"},"image":{"@id":"https:\/\/elmawkie.dz\/fr\/#\/schema\/logo\/image\/"},"sameAs":["https:\/\/www.facebook.com\/profile.php?id=100088407094989&locale=fr_FR"]},{"@type":"Person","@id":"https:\/\/elmawkie.dz\/fr\/#\/schema\/person\/e7bd59d6467874ba5c4723d8a9f0a63c","name":"R\u00e9daction","image":{"@type":"ImageObject","inLanguage":"fr-FR","@id":"https:\/\/elmawkie.dz\/fr\/#\/schema\/person\/image\/","url":"https:\/\/secure.gravatar.com\/avatar\/f0f773456344da4d2788c054a3d30a0c?s=96&d=mm&r=g","contentUrl":"https:\/\/secure.gravatar.com\/avatar\/f0f773456344da4d2788c054a3d30a0c?s=96&d=mm&r=g","caption":"R\u00e9daction"},"url":"https:\/\/elmawkie.dz\/fr\/author\/redaction\/"}]}},"_links":{"self":[{"href":"https:\/\/elmawkie.dz\/fr\/wp-json\/wp\/v2\/posts\/49024","targetHints":{"allow":["GET"]}}],"collection":[{"href":"https:\/\/elmawkie.dz\/fr\/wp-json\/wp\/v2\/posts"}],"about":[{"href":"https:\/\/elmawkie.dz\/fr\/wp-json\/wp\/v2\/types\/post"}],"author":[{"embeddable":true,"href":"https:\/\/elmawkie.dz\/fr\/wp-json\/wp\/v2\/users\/9"}],"replies":[{"embeddable":true,"href":"https:\/\/elmawkie.dz\/fr\/wp-json\/wp\/v2\/comments?post=49024"}],"version-history":[{"count":1,"href":"https:\/\/elmawkie.dz\/fr\/wp-json\/wp\/v2\/posts\/49024\/revisions"}],"predecessor-version":[{"id":49027,"href":"https:\/\/elmawkie.dz\/fr\/wp-json\/wp\/v2\/posts\/49024\/revisions\/49027"}],"wp:featuredmedia":[{"embeddable":true,"href":"https:\/\/elmawkie.dz\/fr\/wp-json\/wp\/v2\/media\/49026"}],"wp:attachment":[{"href":"https:\/\/elmawkie.dz\/fr\/wp-json\/wp\/v2\/media?parent=49024"}],"wp:term":[{"taxonomy":"category","embeddable":true,"href":"https:\/\/elmawkie.dz\/fr\/wp-json\/wp\/v2\/categories?post=49024"},{"taxonomy":"post_tag","embeddable":true,"href":"https:\/\/elmawkie.dz\/fr\/wp-json\/wp\/v2\/tags?post=49024"}],"curies":[{"name":"wp","href":"https:\/\/api.w.org\/{rel}","templated":true}]}}