{"id":48897,"date":"2025-03-22T11:48:25","date_gmt":"2025-03-22T10:48:25","guid":{"rendered":"https:\/\/elmawkie.dz\/fr\/?p=48897"},"modified":"2025-03-22T11:57:42","modified_gmt":"2025-03-22T10:57:42","slug":"48897-2","status":"publish","type":"post","link":"https:\/\/elmawkie.dz\/fr\/48897-2\/","title":{"rendered":"ANP: Deux terroristes \u00e9trangers abattus \u00e0 In Guezzam"},"content":{"rendered":"\n<h2 class=\"wp-block-heading\" id=\"h-\"><\/h2>\n\n\n\n<p><strong><em>Un d\u00e9tachement de l&rsquo;Arm\u00e9e nationale populaire (ANP) a abattu, hier vendredi , deux terroristes<strong><em>,<\/em><\/strong> de nationalit\u00e9 \u00e9trang\u00e8re ayant <strong><em><strong><em>franchi les fronti\u00e8res nationales<\/em><\/strong><\/em><\/strong>, <strong>au niveau du secteur op\u00e9rationnel d&rsquo;In Guezzam,<\/strong> en sixi\u00e8me R\u00e9gion militaire<strong>,<\/strong> indique samedi un communiqu\u00e9 du minist\u00e8re de la D\u00e9fense nationale (MDN).<\/em><\/strong><\/p>\n\n\n\n<p><strong><em>L\u2019op\u00e9ration a permis la r\u00e9cup\u00e9ration de \u00a0\u00bb (01) Fusil de sniper<\/em><\/strong> <strong><em>, (03) chargeurs,  une voiture de type 4\u00d74, 1 t\u00e9l\u00e9phone satellitaire Thuraya, une quantit\u00e9 de munitions et divers objets\u00a0\u00bb, a pr\u00e9cis\u00e9 le MDN.<br><\/em><\/strong><\/p>\n\n\n\n<p><strong><em>Cette op\u00e9ration de qualit\u00e9, r\u00e9it\u00e8re, une fois encore, la d\u00e9termination et l&rsquo;engagement des Forces de l&rsquo;Arm\u00e9e nationale populaire \u00e0 s\u00e9curiser nos fronti\u00e8res et assainir notre pays du fl\u00e9au du terrorisme afin d&rsquo;asseoir la paix et la qui\u00e9tude \u00e0 travers l&rsquo;ensemble du territoire national\u00a0\u00bb, a soulign\u00e9 le MDN.<\/em><\/strong><\/p>\n","protected":false},"excerpt":{"rendered":"<p>Un d\u00e9tachement de l&rsquo;Arm\u00e9e nationale populaire (ANP) a abattu, hier vendredi , deux terroristes, de nationalit\u00e9 \u00e9trang\u00e8re ayant franchi les fronti\u00e8res nationales, au niveau du secteur op\u00e9rationnel d&rsquo;In Guezzam, en sixi\u00e8me R\u00e9gion militaire, indique samedi un communiqu\u00e9 du minist\u00e8re de la D\u00e9fense nationale (MDN). L\u2019op\u00e9ration a permis la r\u00e9cup\u00e9ration de \u00a0\u00bb (01) Fusil de sniper &hellip;<\/p>\n","protected":false},"author":3,"featured_media":48899,"comment_status":"open","ping_status":"open","sticky":false,"template":"","format":"standard","meta":{"footnotes":""},"categories":[47],"tags":[257,3175,302],"class_list":["post-48897","post","type-post","status-publish","format-standard","has-post-thumbnail","hentry","category-national","tag-anp","tag-deux-terroristes","tag-in-guezzam"],"yoast_head":"<!-- This site is optimized with the Yoast SEO Premium plugin v22.6 (Yoast SEO v22.6) - https:\/\/yoast.com\/wordpress\/plugins\/seo\/ -->\n<title>ANP: Deux terroristes \u00e9trangers abattus \u00e0 In Guezzam - El Mawkie<\/title>\n<meta name=\"robots\" content=\"index, follow, max-snippet:-1, max-image-preview:large, max-video-preview:-1\" \/>\n<link rel=\"canonical\" href=\"https:\/\/elmawkie.dz\/fr\/48897-2\/\" \/>\n<meta property=\"og:locale\" content=\"fr_FR\" \/>\n<meta property=\"og:type\" content=\"article\" \/>\n<meta property=\"og:title\" content=\"ANP: Deux terroristes \u00e9trangers abattus \u00e0 In Guezzam\" \/>\n<meta property=\"og:description\" content=\"Un d\u00e9tachement de l&rsquo;Arm\u00e9e nationale populaire (ANP) a abattu, hier vendredi , deux terroristes, de nationalit\u00e9 \u00e9trang\u00e8re ayant franchi les fronti\u00e8res nationales, au niveau du secteur op\u00e9rationnel d&rsquo;In Guezzam, en sixi\u00e8me R\u00e9gion militaire, indique samedi un communiqu\u00e9 du minist\u00e8re de la D\u00e9fense nationale (MDN). L\u2019op\u00e9ration a permis la r\u00e9cup\u00e9ration de \u00a0\u00bb (01) Fusil de sniper &hellip;\" \/>\n<meta property=\"og:url\" content=\"https:\/\/elmawkie.dz\/fr\/48897-2\/\" \/>\n<meta property=\"og:site_name\" content=\"El Mawkie\" \/>\n<meta property=\"article:publisher\" content=\"https:\/\/www.facebook.com\/profile.php?id=100088407094989&amp;locale=fr_FR\" \/>\n<meta property=\"article:published_time\" content=\"2025-03-22T10:48:25+00:00\" \/>\n<meta property=\"article:modified_time\" content=\"2025-03-22T10:57:42+00:00\" \/>\n<meta property=\"og:image\" content=\"https:\/\/elmawkie.dz\/fr\/wp-content\/uploads\/2025\/03\/IMG_1854.webp\" \/>\n\t<meta property=\"og:image:width\" content=\"800\" \/>\n\t<meta property=\"og:image:height\" content=\"600\" \/>\n\t<meta property=\"og:image:type\" content=\"image\/webp\" \/>\n<meta name=\"author\" content=\"Hamra Fouzia\" \/>\n<meta name=\"twitter:card\" content=\"summary_large_image\" \/>\n<meta name=\"twitter:label1\" content=\"Written by\" \/>\n\t<meta name=\"twitter:data1\" content=\"Hamra Fouzia\" \/>\n\t<meta name=\"twitter:label2\" content=\"Est. reading time\" \/>\n\t<meta name=\"twitter:data2\" content=\"1 minute\" \/>\n<script type=\"application\/ld+json\" class=\"yoast-schema-graph\">{\"@context\":\"https:\/\/schema.org\",\"@graph\":[{\"@type\":\"Article\",\"@id\":\"https:\/\/elmawkie.dz\/fr\/48897-2\/#article\",\"isPartOf\":{\"@id\":\"https:\/\/elmawkie.dz\/fr\/48897-2\/\"},\"author\":{\"name\":\"Hamra Fouzia\",\"@id\":\"https:\/\/elmawkie.dz\/fr\/#\/schema\/person\/4ed8433201bc23634185d8dd37097c64\"},\"headline\":\"ANP: Deux terroristes \u00e9trangers abattus \u00e0 In Guezzam\",\"datePublished\":\"2025-03-22T10:48:25+00:00\",\"dateModified\":\"2025-03-22T10:57:42+00:00\",\"mainEntityOfPage\":{\"@id\":\"https:\/\/elmawkie.dz\/fr\/48897-2\/\"},\"wordCount\":154,\"commentCount\":0,\"publisher\":{\"@id\":\"https:\/\/elmawkie.dz\/fr\/#organization\"},\"image\":{\"@id\":\"https:\/\/elmawkie.dz\/fr\/48897-2\/#primaryimage\"},\"thumbnailUrl\":\"https:\/\/elmawkie.dz\/fr\/wp-content\/uploads\/2025\/03\/IMG_1854.webp\",\"keywords\":[\"ANP\",\"Deux terroristes\",\"In Guezzam\"],\"articleSection\":[\"National\"],\"inLanguage\":\"fr-FR\",\"potentialAction\":[{\"@type\":\"CommentAction\",\"name\":\"Comment\",\"target\":[\"https:\/\/elmawkie.dz\/fr\/48897-2\/#respond\"]}]},{\"@type\":\"WebPage\",\"@id\":\"https:\/\/elmawkie.dz\/fr\/48897-2\/\",\"url\":\"https:\/\/elmawkie.dz\/fr\/48897-2\/\",\"name\":\"ANP: Deux terroristes \u00e9trangers abattus \u00e0 In Guezzam - El Mawkie\",\"isPartOf\":{\"@id\":\"https:\/\/elmawkie.dz\/fr\/#website\"},\"primaryImageOfPage\":{\"@id\":\"https:\/\/elmawkie.dz\/fr\/48897-2\/#primaryimage\"},\"image\":{\"@id\":\"https:\/\/elmawkie.dz\/fr\/48897-2\/#primaryimage\"},\"thumbnailUrl\":\"https:\/\/elmawkie.dz\/fr\/wp-content\/uploads\/2025\/03\/IMG_1854.webp\",\"datePublished\":\"2025-03-22T10:48:25+00:00\",\"dateModified\":\"2025-03-22T10:57:42+00:00\",\"breadcrumb\":{\"@id\":\"https:\/\/elmawkie.dz\/fr\/48897-2\/#breadcrumb\"},\"inLanguage\":\"fr-FR\",\"potentialAction\":[{\"@type\":\"ReadAction\",\"target\":[\"https:\/\/elmawkie.dz\/fr\/48897-2\/\"]}]},{\"@type\":\"ImageObject\",\"inLanguage\":\"fr-FR\",\"@id\":\"https:\/\/elmawkie.dz\/fr\/48897-2\/#primaryimage\",\"url\":\"https:\/\/elmawkie.dz\/fr\/wp-content\/uploads\/2025\/03\/IMG_1854.webp\",\"contentUrl\":\"https:\/\/elmawkie.dz\/fr\/wp-content\/uploads\/2025\/03\/IMG_1854.webp\",\"width\":800,\"height\":600},{\"@type\":\"BreadcrumbList\",\"@id\":\"https:\/\/elmawkie.dz\/fr\/48897-2\/#breadcrumb\",\"itemListElement\":[{\"@type\":\"ListItem\",\"position\":1,\"name\":\"Home\",\"item\":\"https:\/\/elmawkie.dz\/fr\/\"},{\"@type\":\"ListItem\",\"position\":2,\"name\":\"ANP: Deux terroristes \u00e9trangers abattus \u00e0 In Guezzam\"}]},{\"@type\":\"WebSite\",\"@id\":\"https:\/\/elmawkie.dz\/fr\/#website\",\"url\":\"https:\/\/elmawkie.dz\/fr\/\",\"name\":\"EL MAWKIE\",\"description\":\"Journal \u00c9lectronique Alg\u00e9rien\",\"publisher\":{\"@id\":\"https:\/\/elmawkie.dz\/fr\/#organization\"},\"potentialAction\":[{\"@type\":\"SearchAction\",\"target\":{\"@type\":\"EntryPoint\",\"urlTemplate\":\"https:\/\/elmawkie.dz\/fr\/?s={search_term_string}\"},\"query-input\":\"required name=search_term_string\"}],\"inLanguage\":\"fr-FR\"},{\"@type\":\"Organization\",\"@id\":\"https:\/\/elmawkie.dz\/fr\/#organization\",\"name\":\"EL MAWKIE\",\"url\":\"https:\/\/elmawkie.dz\/fr\/\",\"logo\":{\"@type\":\"ImageObject\",\"inLanguage\":\"fr-FR\",\"@id\":\"https:\/\/elmawkie.dz\/fr\/#\/schema\/logo\/image\/\",\"url\":\"https:\/\/elmawkie.dz\/fr\/wp-content\/uploads\/2024\/05\/logo1.png\",\"contentUrl\":\"https:\/\/elmawkie.dz\/fr\/wp-content\/uploads\/2024\/05\/logo1.png\",\"width\":1648,\"height\":652,\"caption\":\"EL MAWKIE\"},\"image\":{\"@id\":\"https:\/\/elmawkie.dz\/fr\/#\/schema\/logo\/image\/\"},\"sameAs\":[\"https:\/\/www.facebook.com\/profile.php?id=100088407094989&locale=fr_FR\"]},{\"@type\":\"Person\",\"@id\":\"https:\/\/elmawkie.dz\/fr\/#\/schema\/person\/4ed8433201bc23634185d8dd37097c64\",\"name\":\"Hamra Fouzia\",\"image\":{\"@type\":\"ImageObject\",\"inLanguage\":\"fr-FR\",\"@id\":\"https:\/\/elmawkie.dz\/fr\/#\/schema\/person\/image\/\",\"url\":\"https:\/\/secure.gravatar.com\/avatar\/ea215268aad51f3219f9a59227db6fa1?s=96&d=mm&r=g\",\"contentUrl\":\"https:\/\/secure.gravatar.com\/avatar\/ea215268aad51f3219f9a59227db6fa1?s=96&d=mm&r=g\",\"caption\":\"Hamra Fouzia\"},\"sameAs\":[\"https:\/\/elmawkie.dz\/fr\"],\"url\":\"https:\/\/elmawkie.dz\/fr\/author\/elmawkie\/\"}]}<\/script>\n<!-- \/ Yoast SEO Premium plugin. -->","yoast_head_json":{"title":"ANP: Deux terroristes \u00e9trangers abattus \u00e0 In Guezzam - El Mawkie","robots":{"index":"index","follow":"follow","max-snippet":"max-snippet:-1","max-image-preview":"max-image-preview:large","max-video-preview":"max-video-preview:-1"},"canonical":"https:\/\/elmawkie.dz\/fr\/48897-2\/","og_locale":"fr_FR","og_type":"article","og_title":"ANP: Deux terroristes \u00e9trangers abattus \u00e0 In Guezzam","og_description":"Un d\u00e9tachement de l&rsquo;Arm\u00e9e nationale populaire (ANP) a abattu, hier vendredi , deux terroristes, de nationalit\u00e9 \u00e9trang\u00e8re ayant franchi les fronti\u00e8res nationales, au niveau du secteur op\u00e9rationnel d&rsquo;In Guezzam, en sixi\u00e8me R\u00e9gion militaire, indique samedi un communiqu\u00e9 du minist\u00e8re de la D\u00e9fense nationale (MDN). L\u2019op\u00e9ration a permis la r\u00e9cup\u00e9ration de \u00a0\u00bb (01) Fusil de sniper &hellip;","og_url":"https:\/\/elmawkie.dz\/fr\/48897-2\/","og_site_name":"El Mawkie","article_publisher":"https:\/\/www.facebook.com\/profile.php?id=100088407094989&locale=fr_FR","article_published_time":"2025-03-22T10:48:25+00:00","article_modified_time":"2025-03-22T10:57:42+00:00","og_image":[{"width":800,"height":600,"url":"https:\/\/elmawkie.dz\/fr\/wp-content\/uploads\/2025\/03\/IMG_1854.webp","type":"image\/webp"}],"author":"Hamra Fouzia","twitter_card":"summary_large_image","twitter_misc":{"Written by":"Hamra Fouzia","Est. reading time":"1 minute"},"schema":{"@context":"https:\/\/schema.org","@graph":[{"@type":"Article","@id":"https:\/\/elmawkie.dz\/fr\/48897-2\/#article","isPartOf":{"@id":"https:\/\/elmawkie.dz\/fr\/48897-2\/"},"author":{"name":"Hamra Fouzia","@id":"https:\/\/elmawkie.dz\/fr\/#\/schema\/person\/4ed8433201bc23634185d8dd37097c64"},"headline":"ANP: Deux terroristes \u00e9trangers abattus \u00e0 In Guezzam","datePublished":"2025-03-22T10:48:25+00:00","dateModified":"2025-03-22T10:57:42+00:00","mainEntityOfPage":{"@id":"https:\/\/elmawkie.dz\/fr\/48897-2\/"},"wordCount":154,"commentCount":0,"publisher":{"@id":"https:\/\/elmawkie.dz\/fr\/#organization"},"image":{"@id":"https:\/\/elmawkie.dz\/fr\/48897-2\/#primaryimage"},"thumbnailUrl":"https:\/\/elmawkie.dz\/fr\/wp-content\/uploads\/2025\/03\/IMG_1854.webp","keywords":["ANP","Deux terroristes","In Guezzam"],"articleSection":["National"],"inLanguage":"fr-FR","potentialAction":[{"@type":"CommentAction","name":"Comment","target":["https:\/\/elmawkie.dz\/fr\/48897-2\/#respond"]}]},{"@type":"WebPage","@id":"https:\/\/elmawkie.dz\/fr\/48897-2\/","url":"https:\/\/elmawkie.dz\/fr\/48897-2\/","name":"ANP: Deux terroristes \u00e9trangers abattus \u00e0 In Guezzam - El Mawkie","isPartOf":{"@id":"https:\/\/elmawkie.dz\/fr\/#website"},"primaryImageOfPage":{"@id":"https:\/\/elmawkie.dz\/fr\/48897-2\/#primaryimage"},"image":{"@id":"https:\/\/elmawkie.dz\/fr\/48897-2\/#primaryimage"},"thumbnailUrl":"https:\/\/elmawkie.dz\/fr\/wp-content\/uploads\/2025\/03\/IMG_1854.webp","datePublished":"2025-03-22T10:48:25+00:00","dateModified":"2025-03-22T10:57:42+00:00","breadcrumb":{"@id":"https:\/\/elmawkie.dz\/fr\/48897-2\/#breadcrumb"},"inLanguage":"fr-FR","potentialAction":[{"@type":"ReadAction","target":["https:\/\/elmawkie.dz\/fr\/48897-2\/"]}]},{"@type":"ImageObject","inLanguage":"fr-FR","@id":"https:\/\/elmawkie.dz\/fr\/48897-2\/#primaryimage","url":"https:\/\/elmawkie.dz\/fr\/wp-content\/uploads\/2025\/03\/IMG_1854.webp","contentUrl":"https:\/\/elmawkie.dz\/fr\/wp-content\/uploads\/2025\/03\/IMG_1854.webp","width":800,"height":600},{"@type":"BreadcrumbList","@id":"https:\/\/elmawkie.dz\/fr\/48897-2\/#breadcrumb","itemListElement":[{"@type":"ListItem","position":1,"name":"Home","item":"https:\/\/elmawkie.dz\/fr\/"},{"@type":"ListItem","position":2,"name":"ANP: Deux terroristes \u00e9trangers abattus \u00e0 In Guezzam"}]},{"@type":"WebSite","@id":"https:\/\/elmawkie.dz\/fr\/#website","url":"https:\/\/elmawkie.dz\/fr\/","name":"EL MAWKIE","description":"Journal \u00c9lectronique Alg\u00e9rien","publisher":{"@id":"https:\/\/elmawkie.dz\/fr\/#organization"},"potentialAction":[{"@type":"SearchAction","target":{"@type":"EntryPoint","urlTemplate":"https:\/\/elmawkie.dz\/fr\/?s={search_term_string}"},"query-input":"required name=search_term_string"}],"inLanguage":"fr-FR"},{"@type":"Organization","@id":"https:\/\/elmawkie.dz\/fr\/#organization","name":"EL MAWKIE","url":"https:\/\/elmawkie.dz\/fr\/","logo":{"@type":"ImageObject","inLanguage":"fr-FR","@id":"https:\/\/elmawkie.dz\/fr\/#\/schema\/logo\/image\/","url":"https:\/\/elmawkie.dz\/fr\/wp-content\/uploads\/2024\/05\/logo1.png","contentUrl":"https:\/\/elmawkie.dz\/fr\/wp-content\/uploads\/2024\/05\/logo1.png","width":1648,"height":652,"caption":"EL MAWKIE"},"image":{"@id":"https:\/\/elmawkie.dz\/fr\/#\/schema\/logo\/image\/"},"sameAs":["https:\/\/www.facebook.com\/profile.php?id=100088407094989&locale=fr_FR"]},{"@type":"Person","@id":"https:\/\/elmawkie.dz\/fr\/#\/schema\/person\/4ed8433201bc23634185d8dd37097c64","name":"Hamra Fouzia","image":{"@type":"ImageObject","inLanguage":"fr-FR","@id":"https:\/\/elmawkie.dz\/fr\/#\/schema\/person\/image\/","url":"https:\/\/secure.gravatar.com\/avatar\/ea215268aad51f3219f9a59227db6fa1?s=96&d=mm&r=g","contentUrl":"https:\/\/secure.gravatar.com\/avatar\/ea215268aad51f3219f9a59227db6fa1?s=96&d=mm&r=g","caption":"Hamra Fouzia"},"sameAs":["https:\/\/elmawkie.dz\/fr"],"url":"https:\/\/elmawkie.dz\/fr\/author\/elmawkie\/"}]}},"_links":{"self":[{"href":"https:\/\/elmawkie.dz\/fr\/wp-json\/wp\/v2\/posts\/48897","targetHints":{"allow":["GET"]}}],"collection":[{"href":"https:\/\/elmawkie.dz\/fr\/wp-json\/wp\/v2\/posts"}],"about":[{"href":"https:\/\/elmawkie.dz\/fr\/wp-json\/wp\/v2\/types\/post"}],"author":[{"embeddable":true,"href":"https:\/\/elmawkie.dz\/fr\/wp-json\/wp\/v2\/users\/3"}],"replies":[{"embeddable":true,"href":"https:\/\/elmawkie.dz\/fr\/wp-json\/wp\/v2\/comments?post=48897"}],"version-history":[{"count":5,"href":"https:\/\/elmawkie.dz\/fr\/wp-json\/wp\/v2\/posts\/48897\/revisions"}],"predecessor-version":[{"id":48908,"href":"https:\/\/elmawkie.dz\/fr\/wp-json\/wp\/v2\/posts\/48897\/revisions\/48908"}],"wp:featuredmedia":[{"embeddable":true,"href":"https:\/\/elmawkie.dz\/fr\/wp-json\/wp\/v2\/media\/48899"}],"wp:attachment":[{"href":"https:\/\/elmawkie.dz\/fr\/wp-json\/wp\/v2\/media?parent=48897"}],"wp:term":[{"taxonomy":"category","embeddable":true,"href":"https:\/\/elmawkie.dz\/fr\/wp-json\/wp\/v2\/categories?post=48897"},{"taxonomy":"post_tag","embeddable":true,"href":"https:\/\/elmawkie.dz\/fr\/wp-json\/wp\/v2\/tags?post=48897"}],"curies":[{"name":"wp","href":"https:\/\/api.w.org\/{rel}","templated":true}]}}