{"id":48893,"date":"2025-03-21T22:40:01","date_gmt":"2025-03-21T21:40:01","guid":{"rendered":"https:\/\/elmawkie.dz\/fr\/?p=48893"},"modified":"2025-03-21T22:40:02","modified_gmt":"2025-03-21T21:40:02","slug":"les-algeriens-ne-renonceront-jamais-a-soutenir-la-cause-palestinienne","status":"publish","type":"post","link":"https:\/\/elmawkie.dz\/fr\/les-algeriens-ne-renonceront-jamais-a-soutenir-la-cause-palestinienne\/","title":{"rendered":"Les Alg\u00e9riens ne renonceront jamais \u00e0 soutenir la cause palestinienne"},"content":{"rendered":"\n<p>Le pr\u00e9sident du Mouvement de la soci\u00e9t\u00e9 pour la paix (MSP), M. Abdela\u00e2li Hassani Cherif, a affirm\u00e9, vendredi \u00e0 Alger, que les Alg\u00e9riens ne renonceront jamais \u00e0 soutenir la cause palestinienne, avec tous les moyens disponibles et possibles. Dans une allocution prononc\u00e9e lors d\u2019un sit-in de solidarit\u00e9 organis\u00e9 par le parti devant son si\u00e8ge \u00e0 Alger, en soutien \u00e0 la lutte du peuple palestinien r\u00e9sistant, M. Hassani Cherif a d\u00e9clar\u00e9 : \u00ab\u00a0En tant qu\u2019Alg\u00e9riens, nous ne renoncerons jamais au soutien \u00e0 la cause palestinienne par tous les moyens possibles\u00a0\u00bb, soulignant, \u00e0 cet \u00e9gard, que l\u2019Alg\u00e9rie n\u2019a m\u00e9nag\u00e9 aucun effort, tant sur le plan diplomatique qu\u2019humanitaire, pour soutenir le peuple palestinien. Il a, par ailleurs, appel\u00e9 tous les partis politiques alg\u00e9riens et toutes les composantes de la soci\u00e9t\u00e9 civile \u00e0 redoubler d\u2019efforts en vue de renforcer l&rsquo;aide et le soutien aux enfants du peuple palestinien en proie \u00e0 l\u2019agression sioniste barbare durant ces jours b\u00e9nis du mois sacr\u00e9 de Ramadhan. Le pr\u00e9sident du MSP a \u00e9galement insist\u00e9 sur la n\u00e9cessit\u00e9 de trouver de nouveaux points de passage pour l\u2019acheminement de l\u2019aide humanitaire au peuple palestinien, notamment face au blocus impos\u00e9 par l\u2019occupant sioniste depuis le d\u00e9but du mois de Ramadan. \u00ab\u00a0Il ne faut pas se contenter des points de passage habituels, car nous devons explorer d\u2019autres alternatives pour acheminer l\u2019aide humanitaire et soutenir la r\u00e9sistance palestinienne dans sa lutte contre l\u2019ennemi sioniste brutal\u00a0\u00bb, a-t-il soulign\u00e9. De son c\u00f4t\u00e9, le repr\u00e9sentant du Mouvement Hamas en Alg\u00e9rie, Youcef Hamdane a d\u00e9clar\u00e9: \u00ab\u00a0Ne laisser pas Ghaza seule en cette conjoncture d\u00e9licate\u00a0\u00bb, se disant convaincu que si tout le monde abandonnait Ghaza, l&rsquo;Alg\u00e9rie ne le ferait pas, en t\u00e9moigne, a-t-il dit, l\u2019engagement diplomatique, populaire et m\u00e9diatique des Alg\u00e9riens en faveur de la cause palestinienne. Tout en saluant les efforts d\u00e9ploy\u00e9s par l&rsquo;Alg\u00e9rie en soutien \u00e0 la Palestine sur tous les plans et par tous les moyens disponibles, M. Hamdane a soulign\u00e9 que la r\u00e9sistance palestinienne poursuivra sa lutte et sa bataille contre l&rsquo;occupant sioniste jusqu&rsquo;\u00e0 la lib\u00e9ration de la Palestine et la pr\u00e9servation de tous les lieux saints de la nation musulmane. Il a \u00e9galement \u00e9voqu\u00e9 les violations commises par l&rsquo;ennemi sioniste lors de la premi\u00e8re phase de l&rsquo;accord de cessez-le-feu, relevant que la signature de cet accord par l&rsquo;ennemi est en soi \u00ab\u00a0une reconnaissance de sa d\u00e9faite face \u00e0 la r\u00e9sistance du peuple palestinien invincible\u00a0\u00bb. Il a ajout\u00e9 que l&rsquo;occupant sioniste a \u00e9vit\u00e9 d\u2019engager des n\u00e9gociations pour la deuxi\u00e8me phase de l&rsquo;accord, et a tout fait pour exercer du chantage politique sur le peuple palestinien, en usant d&rsquo;instruments humanitaires, notamment \u00e0 travers la fermeture de tous les points de passage et en emp\u00eachant l&rsquo;acc\u00e8s aux aides humanitaires \u00e0 l\u2019occasion de l\u2019av\u00e8nement du mois sacr\u00e9 de Ramadan.<\/p>\n","protected":false},"excerpt":{"rendered":"<p>Le pr\u00e9sident du Mouvement de la soci\u00e9t\u00e9 pour la paix (MSP), M. Abdela\u00e2li Hassani Cherif, a affirm\u00e9, vendredi \u00e0 Alger, que les Alg\u00e9riens ne renonceront jamais \u00e0 soutenir la cause palestinienne, avec tous les moyens disponibles et possibles. Dans une allocution prononc\u00e9e lors d\u2019un sit-in de solidarit\u00e9 organis\u00e9 par le parti devant son si\u00e8ge \u00e0 &hellip;<\/p>\n","protected":false},"author":9,"featured_media":48895,"comment_status":"open","ping_status":"open","sticky":false,"template":"","format":"standard","meta":{"footnotes":""},"categories":[47],"tags":[277,1121,3174,606],"class_list":["post-48893","post","type-post","status-publish","format-standard","has-post-thumbnail","hentry","category-national","tag-hassani-cherif-abdelaali","tag-le-peuple-palestinien","tag-les-algeriens","tag-msp"],"yoast_head":"<!-- This site is optimized with the Yoast SEO Premium plugin v22.6 (Yoast SEO v22.6) - https:\/\/yoast.com\/wordpress\/plugins\/seo\/ -->\n<title>Les Alg\u00e9riens ne renonceront jamais \u00e0 soutenir la cause palestinienne - El Mawkie<\/title>\n<meta name=\"robots\" content=\"index, follow, max-snippet:-1, max-image-preview:large, max-video-preview:-1\" \/>\n<link rel=\"canonical\" href=\"https:\/\/elmawkie.dz\/fr\/les-algeriens-ne-renonceront-jamais-a-soutenir-la-cause-palestinienne\/\" \/>\n<meta property=\"og:locale\" content=\"fr_FR\" \/>\n<meta property=\"og:type\" content=\"article\" \/>\n<meta property=\"og:title\" content=\"Les Alg\u00e9riens ne renonceront jamais \u00e0 soutenir la cause palestinienne\" \/>\n<meta property=\"og:description\" content=\"Le pr\u00e9sident du Mouvement de la soci\u00e9t\u00e9 pour la paix (MSP), M. Abdela\u00e2li Hassani Cherif, a affirm\u00e9, vendredi \u00e0 Alger, que les Alg\u00e9riens ne renonceront jamais \u00e0 soutenir la cause palestinienne, avec tous les moyens disponibles et possibles. Dans une allocution prononc\u00e9e lors d\u2019un sit-in de solidarit\u00e9 organis\u00e9 par le parti devant son si\u00e8ge \u00e0 &hellip;\" \/>\n<meta property=\"og:url\" content=\"https:\/\/elmawkie.dz\/fr\/les-algeriens-ne-renonceront-jamais-a-soutenir-la-cause-palestinienne\/\" \/>\n<meta property=\"og:site_name\" content=\"El Mawkie\" \/>\n<meta property=\"article:publisher\" content=\"https:\/\/www.facebook.com\/profile.php?id=100088407094989&amp;locale=fr_FR\" \/>\n<meta property=\"article:published_time\" content=\"2025-03-21T21:40:01+00:00\" \/>\n<meta property=\"article:modified_time\" content=\"2025-03-21T21:40:02+00:00\" \/>\n<meta property=\"og:image\" content=\"https:\/\/elmawkie.dz\/fr\/wp-content\/uploads\/2025\/03\/IMG_1834.jpeg\" \/>\n\t<meta property=\"og:image:width\" content=\"1280\" \/>\n\t<meta property=\"og:image:height\" content=\"853\" \/>\n\t<meta property=\"og:image:type\" content=\"image\/jpeg\" \/>\n<meta name=\"author\" content=\"R\u00e9daction\" \/>\n<meta name=\"twitter:card\" content=\"summary_large_image\" \/>\n<meta name=\"twitter:label1\" content=\"Written by\" \/>\n\t<meta name=\"twitter:data1\" content=\"R\u00e9daction\" \/>\n\t<meta name=\"twitter:label2\" content=\"Est. reading time\" \/>\n\t<meta name=\"twitter:data2\" content=\"3 minutes\" \/>\n<script type=\"application\/ld+json\" class=\"yoast-schema-graph\">{\"@context\":\"https:\/\/schema.org\",\"@graph\":[{\"@type\":\"Article\",\"@id\":\"https:\/\/elmawkie.dz\/fr\/les-algeriens-ne-renonceront-jamais-a-soutenir-la-cause-palestinienne\/#article\",\"isPartOf\":{\"@id\":\"https:\/\/elmawkie.dz\/fr\/les-algeriens-ne-renonceront-jamais-a-soutenir-la-cause-palestinienne\/\"},\"author\":{\"name\":\"R\u00e9daction\",\"@id\":\"https:\/\/elmawkie.dz\/fr\/#\/schema\/person\/e7bd59d6467874ba5c4723d8a9f0a63c\"},\"headline\":\"Les Alg\u00e9riens ne renonceront jamais \u00e0 soutenir la cause palestinienne\",\"datePublished\":\"2025-03-21T21:40:01+00:00\",\"dateModified\":\"2025-03-21T21:40:02+00:00\",\"mainEntityOfPage\":{\"@id\":\"https:\/\/elmawkie.dz\/fr\/les-algeriens-ne-renonceront-jamais-a-soutenir-la-cause-palestinienne\/\"},\"wordCount\":518,\"commentCount\":0,\"publisher\":{\"@id\":\"https:\/\/elmawkie.dz\/fr\/#organization\"},\"image\":{\"@id\":\"https:\/\/elmawkie.dz\/fr\/les-algeriens-ne-renonceront-jamais-a-soutenir-la-cause-palestinienne\/#primaryimage\"},\"thumbnailUrl\":\"https:\/\/elmawkie.dz\/fr\/wp-content\/uploads\/2025\/03\/IMG_1834.jpeg\",\"keywords\":[\"Hassani Cherif Abdela\u00e2li\",\"le peuple palestinien\",\"Les Alg\u00e9riens\",\"MSP\"],\"articleSection\":[\"National\"],\"inLanguage\":\"fr-FR\",\"potentialAction\":[{\"@type\":\"CommentAction\",\"name\":\"Comment\",\"target\":[\"https:\/\/elmawkie.dz\/fr\/les-algeriens-ne-renonceront-jamais-a-soutenir-la-cause-palestinienne\/#respond\"]}]},{\"@type\":\"WebPage\",\"@id\":\"https:\/\/elmawkie.dz\/fr\/les-algeriens-ne-renonceront-jamais-a-soutenir-la-cause-palestinienne\/\",\"url\":\"https:\/\/elmawkie.dz\/fr\/les-algeriens-ne-renonceront-jamais-a-soutenir-la-cause-palestinienne\/\",\"name\":\"Les Alg\u00e9riens ne renonceront jamais \u00e0 soutenir la cause palestinienne - El Mawkie\",\"isPartOf\":{\"@id\":\"https:\/\/elmawkie.dz\/fr\/#website\"},\"primaryImageOfPage\":{\"@id\":\"https:\/\/elmawkie.dz\/fr\/les-algeriens-ne-renonceront-jamais-a-soutenir-la-cause-palestinienne\/#primaryimage\"},\"image\":{\"@id\":\"https:\/\/elmawkie.dz\/fr\/les-algeriens-ne-renonceront-jamais-a-soutenir-la-cause-palestinienne\/#primaryimage\"},\"thumbnailUrl\":\"https:\/\/elmawkie.dz\/fr\/wp-content\/uploads\/2025\/03\/IMG_1834.jpeg\",\"datePublished\":\"2025-03-21T21:40:01+00:00\",\"dateModified\":\"2025-03-21T21:40:02+00:00\",\"breadcrumb\":{\"@id\":\"https:\/\/elmawkie.dz\/fr\/les-algeriens-ne-renonceront-jamais-a-soutenir-la-cause-palestinienne\/#breadcrumb\"},\"inLanguage\":\"fr-FR\",\"potentialAction\":[{\"@type\":\"ReadAction\",\"target\":[\"https:\/\/elmawkie.dz\/fr\/les-algeriens-ne-renonceront-jamais-a-soutenir-la-cause-palestinienne\/\"]}]},{\"@type\":\"ImageObject\",\"inLanguage\":\"fr-FR\",\"@id\":\"https:\/\/elmawkie.dz\/fr\/les-algeriens-ne-renonceront-jamais-a-soutenir-la-cause-palestinienne\/#primaryimage\",\"url\":\"https:\/\/elmawkie.dz\/fr\/wp-content\/uploads\/2025\/03\/IMG_1834.jpeg\",\"contentUrl\":\"https:\/\/elmawkie.dz\/fr\/wp-content\/uploads\/2025\/03\/IMG_1834.jpeg\",\"width\":1280,\"height\":853},{\"@type\":\"BreadcrumbList\",\"@id\":\"https:\/\/elmawkie.dz\/fr\/les-algeriens-ne-renonceront-jamais-a-soutenir-la-cause-palestinienne\/#breadcrumb\",\"itemListElement\":[{\"@type\":\"ListItem\",\"position\":1,\"name\":\"Home\",\"item\":\"https:\/\/elmawkie.dz\/fr\/\"},{\"@type\":\"ListItem\",\"position\":2,\"name\":\"Les Alg\u00e9riens ne renonceront jamais \u00e0 soutenir la cause palestinienne\"}]},{\"@type\":\"WebSite\",\"@id\":\"https:\/\/elmawkie.dz\/fr\/#website\",\"url\":\"https:\/\/elmawkie.dz\/fr\/\",\"name\":\"EL MAWKIE\",\"description\":\"Journal \u00c9lectronique Alg\u00e9rien\",\"publisher\":{\"@id\":\"https:\/\/elmawkie.dz\/fr\/#organization\"},\"potentialAction\":[{\"@type\":\"SearchAction\",\"target\":{\"@type\":\"EntryPoint\",\"urlTemplate\":\"https:\/\/elmawkie.dz\/fr\/?s={search_term_string}\"},\"query-input\":\"required name=search_term_string\"}],\"inLanguage\":\"fr-FR\"},{\"@type\":\"Organization\",\"@id\":\"https:\/\/elmawkie.dz\/fr\/#organization\",\"name\":\"EL MAWKIE\",\"url\":\"https:\/\/elmawkie.dz\/fr\/\",\"logo\":{\"@type\":\"ImageObject\",\"inLanguage\":\"fr-FR\",\"@id\":\"https:\/\/elmawkie.dz\/fr\/#\/schema\/logo\/image\/\",\"url\":\"https:\/\/elmawkie.dz\/fr\/wp-content\/uploads\/2024\/05\/logo1.png\",\"contentUrl\":\"https:\/\/elmawkie.dz\/fr\/wp-content\/uploads\/2024\/05\/logo1.png\",\"width\":1648,\"height\":652,\"caption\":\"EL MAWKIE\"},\"image\":{\"@id\":\"https:\/\/elmawkie.dz\/fr\/#\/schema\/logo\/image\/\"},\"sameAs\":[\"https:\/\/www.facebook.com\/profile.php?id=100088407094989&locale=fr_FR\"]},{\"@type\":\"Person\",\"@id\":\"https:\/\/elmawkie.dz\/fr\/#\/schema\/person\/e7bd59d6467874ba5c4723d8a9f0a63c\",\"name\":\"R\u00e9daction\",\"image\":{\"@type\":\"ImageObject\",\"inLanguage\":\"fr-FR\",\"@id\":\"https:\/\/elmawkie.dz\/fr\/#\/schema\/person\/image\/\",\"url\":\"https:\/\/secure.gravatar.com\/avatar\/f0f773456344da4d2788c054a3d30a0c?s=96&d=mm&r=g\",\"contentUrl\":\"https:\/\/secure.gravatar.com\/avatar\/f0f773456344da4d2788c054a3d30a0c?s=96&d=mm&r=g\",\"caption\":\"R\u00e9daction\"},\"url\":\"https:\/\/elmawkie.dz\/fr\/author\/redaction\/\"}]}<\/script>\n<!-- \/ Yoast SEO Premium plugin. -->","yoast_head_json":{"title":"Les Alg\u00e9riens ne renonceront jamais \u00e0 soutenir la cause palestinienne - El Mawkie","robots":{"index":"index","follow":"follow","max-snippet":"max-snippet:-1","max-image-preview":"max-image-preview:large","max-video-preview":"max-video-preview:-1"},"canonical":"https:\/\/elmawkie.dz\/fr\/les-algeriens-ne-renonceront-jamais-a-soutenir-la-cause-palestinienne\/","og_locale":"fr_FR","og_type":"article","og_title":"Les Alg\u00e9riens ne renonceront jamais \u00e0 soutenir la cause palestinienne","og_description":"Le pr\u00e9sident du Mouvement de la soci\u00e9t\u00e9 pour la paix (MSP), M. Abdela\u00e2li Hassani Cherif, a affirm\u00e9, vendredi \u00e0 Alger, que les Alg\u00e9riens ne renonceront jamais \u00e0 soutenir la cause palestinienne, avec tous les moyens disponibles et possibles. Dans une allocution prononc\u00e9e lors d\u2019un sit-in de solidarit\u00e9 organis\u00e9 par le parti devant son si\u00e8ge \u00e0 &hellip;","og_url":"https:\/\/elmawkie.dz\/fr\/les-algeriens-ne-renonceront-jamais-a-soutenir-la-cause-palestinienne\/","og_site_name":"El Mawkie","article_publisher":"https:\/\/www.facebook.com\/profile.php?id=100088407094989&locale=fr_FR","article_published_time":"2025-03-21T21:40:01+00:00","article_modified_time":"2025-03-21T21:40:02+00:00","og_image":[{"width":1280,"height":853,"url":"https:\/\/elmawkie.dz\/fr\/wp-content\/uploads\/2025\/03\/IMG_1834.jpeg","type":"image\/jpeg"}],"author":"R\u00e9daction","twitter_card":"summary_large_image","twitter_misc":{"Written by":"R\u00e9daction","Est. reading time":"3 minutes"},"schema":{"@context":"https:\/\/schema.org","@graph":[{"@type":"Article","@id":"https:\/\/elmawkie.dz\/fr\/les-algeriens-ne-renonceront-jamais-a-soutenir-la-cause-palestinienne\/#article","isPartOf":{"@id":"https:\/\/elmawkie.dz\/fr\/les-algeriens-ne-renonceront-jamais-a-soutenir-la-cause-palestinienne\/"},"author":{"name":"R\u00e9daction","@id":"https:\/\/elmawkie.dz\/fr\/#\/schema\/person\/e7bd59d6467874ba5c4723d8a9f0a63c"},"headline":"Les Alg\u00e9riens ne renonceront jamais \u00e0 soutenir la cause palestinienne","datePublished":"2025-03-21T21:40:01+00:00","dateModified":"2025-03-21T21:40:02+00:00","mainEntityOfPage":{"@id":"https:\/\/elmawkie.dz\/fr\/les-algeriens-ne-renonceront-jamais-a-soutenir-la-cause-palestinienne\/"},"wordCount":518,"commentCount":0,"publisher":{"@id":"https:\/\/elmawkie.dz\/fr\/#organization"},"image":{"@id":"https:\/\/elmawkie.dz\/fr\/les-algeriens-ne-renonceront-jamais-a-soutenir-la-cause-palestinienne\/#primaryimage"},"thumbnailUrl":"https:\/\/elmawkie.dz\/fr\/wp-content\/uploads\/2025\/03\/IMG_1834.jpeg","keywords":["Hassani Cherif Abdela\u00e2li","le peuple palestinien","Les Alg\u00e9riens","MSP"],"articleSection":["National"],"inLanguage":"fr-FR","potentialAction":[{"@type":"CommentAction","name":"Comment","target":["https:\/\/elmawkie.dz\/fr\/les-algeriens-ne-renonceront-jamais-a-soutenir-la-cause-palestinienne\/#respond"]}]},{"@type":"WebPage","@id":"https:\/\/elmawkie.dz\/fr\/les-algeriens-ne-renonceront-jamais-a-soutenir-la-cause-palestinienne\/","url":"https:\/\/elmawkie.dz\/fr\/les-algeriens-ne-renonceront-jamais-a-soutenir-la-cause-palestinienne\/","name":"Les Alg\u00e9riens ne renonceront jamais \u00e0 soutenir la cause palestinienne - El Mawkie","isPartOf":{"@id":"https:\/\/elmawkie.dz\/fr\/#website"},"primaryImageOfPage":{"@id":"https:\/\/elmawkie.dz\/fr\/les-algeriens-ne-renonceront-jamais-a-soutenir-la-cause-palestinienne\/#primaryimage"},"image":{"@id":"https:\/\/elmawkie.dz\/fr\/les-algeriens-ne-renonceront-jamais-a-soutenir-la-cause-palestinienne\/#primaryimage"},"thumbnailUrl":"https:\/\/elmawkie.dz\/fr\/wp-content\/uploads\/2025\/03\/IMG_1834.jpeg","datePublished":"2025-03-21T21:40:01+00:00","dateModified":"2025-03-21T21:40:02+00:00","breadcrumb":{"@id":"https:\/\/elmawkie.dz\/fr\/les-algeriens-ne-renonceront-jamais-a-soutenir-la-cause-palestinienne\/#breadcrumb"},"inLanguage":"fr-FR","potentialAction":[{"@type":"ReadAction","target":["https:\/\/elmawkie.dz\/fr\/les-algeriens-ne-renonceront-jamais-a-soutenir-la-cause-palestinienne\/"]}]},{"@type":"ImageObject","inLanguage":"fr-FR","@id":"https:\/\/elmawkie.dz\/fr\/les-algeriens-ne-renonceront-jamais-a-soutenir-la-cause-palestinienne\/#primaryimage","url":"https:\/\/elmawkie.dz\/fr\/wp-content\/uploads\/2025\/03\/IMG_1834.jpeg","contentUrl":"https:\/\/elmawkie.dz\/fr\/wp-content\/uploads\/2025\/03\/IMG_1834.jpeg","width":1280,"height":853},{"@type":"BreadcrumbList","@id":"https:\/\/elmawkie.dz\/fr\/les-algeriens-ne-renonceront-jamais-a-soutenir-la-cause-palestinienne\/#breadcrumb","itemListElement":[{"@type":"ListItem","position":1,"name":"Home","item":"https:\/\/elmawkie.dz\/fr\/"},{"@type":"ListItem","position":2,"name":"Les Alg\u00e9riens ne renonceront jamais \u00e0 soutenir la cause palestinienne"}]},{"@type":"WebSite","@id":"https:\/\/elmawkie.dz\/fr\/#website","url":"https:\/\/elmawkie.dz\/fr\/","name":"EL MAWKIE","description":"Journal \u00c9lectronique Alg\u00e9rien","publisher":{"@id":"https:\/\/elmawkie.dz\/fr\/#organization"},"potentialAction":[{"@type":"SearchAction","target":{"@type":"EntryPoint","urlTemplate":"https:\/\/elmawkie.dz\/fr\/?s={search_term_string}"},"query-input":"required name=search_term_string"}],"inLanguage":"fr-FR"},{"@type":"Organization","@id":"https:\/\/elmawkie.dz\/fr\/#organization","name":"EL MAWKIE","url":"https:\/\/elmawkie.dz\/fr\/","logo":{"@type":"ImageObject","inLanguage":"fr-FR","@id":"https:\/\/elmawkie.dz\/fr\/#\/schema\/logo\/image\/","url":"https:\/\/elmawkie.dz\/fr\/wp-content\/uploads\/2024\/05\/logo1.png","contentUrl":"https:\/\/elmawkie.dz\/fr\/wp-content\/uploads\/2024\/05\/logo1.png","width":1648,"height":652,"caption":"EL MAWKIE"},"image":{"@id":"https:\/\/elmawkie.dz\/fr\/#\/schema\/logo\/image\/"},"sameAs":["https:\/\/www.facebook.com\/profile.php?id=100088407094989&locale=fr_FR"]},{"@type":"Person","@id":"https:\/\/elmawkie.dz\/fr\/#\/schema\/person\/e7bd59d6467874ba5c4723d8a9f0a63c","name":"R\u00e9daction","image":{"@type":"ImageObject","inLanguage":"fr-FR","@id":"https:\/\/elmawkie.dz\/fr\/#\/schema\/person\/image\/","url":"https:\/\/secure.gravatar.com\/avatar\/f0f773456344da4d2788c054a3d30a0c?s=96&d=mm&r=g","contentUrl":"https:\/\/secure.gravatar.com\/avatar\/f0f773456344da4d2788c054a3d30a0c?s=96&d=mm&r=g","caption":"R\u00e9daction"},"url":"https:\/\/elmawkie.dz\/fr\/author\/redaction\/"}]}},"_links":{"self":[{"href":"https:\/\/elmawkie.dz\/fr\/wp-json\/wp\/v2\/posts\/48893","targetHints":{"allow":["GET"]}}],"collection":[{"href":"https:\/\/elmawkie.dz\/fr\/wp-json\/wp\/v2\/posts"}],"about":[{"href":"https:\/\/elmawkie.dz\/fr\/wp-json\/wp\/v2\/types\/post"}],"author":[{"embeddable":true,"href":"https:\/\/elmawkie.dz\/fr\/wp-json\/wp\/v2\/users\/9"}],"replies":[{"embeddable":true,"href":"https:\/\/elmawkie.dz\/fr\/wp-json\/wp\/v2\/comments?post=48893"}],"version-history":[{"count":1,"href":"https:\/\/elmawkie.dz\/fr\/wp-json\/wp\/v2\/posts\/48893\/revisions"}],"predecessor-version":[{"id":48896,"href":"https:\/\/elmawkie.dz\/fr\/wp-json\/wp\/v2\/posts\/48893\/revisions\/48896"}],"wp:featuredmedia":[{"embeddable":true,"href":"https:\/\/elmawkie.dz\/fr\/wp-json\/wp\/v2\/media\/48895"}],"wp:attachment":[{"href":"https:\/\/elmawkie.dz\/fr\/wp-json\/wp\/v2\/media?parent=48893"}],"wp:term":[{"taxonomy":"category","embeddable":true,"href":"https:\/\/elmawkie.dz\/fr\/wp-json\/wp\/v2\/categories?post=48893"},{"taxonomy":"post_tag","embeddable":true,"href":"https:\/\/elmawkie.dz\/fr\/wp-json\/wp\/v2\/tags?post=48893"}],"curies":[{"name":"wp","href":"https:\/\/api.w.org\/{rel}","templated":true}]}}