{"id":48888,"date":"2025-03-21T17:51:41","date_gmt":"2025-03-21T16:51:41","guid":{"rendered":"https:\/\/elmawkie.dz\/fr\/?p=48888"},"modified":"2025-03-21T17:51:42","modified_gmt":"2025-03-21T16:51:42","slug":"agrement-a-la-nomination-du-nouvel-ambassadeur-dalgerie-en-rd-congo","status":"publish","type":"post","link":"https:\/\/elmawkie.dz\/fr\/agrement-a-la-nomination-du-nouvel-ambassadeur-dalgerie-en-rd-congo\/","title":{"rendered":"Agr\u00e9ment \u00e0 la nomination du nouvel ambassadeur d&rsquo;Alg\u00e9rie en RD Congo"},"content":{"rendered":"\n<p>Le Gouvernement congolais a donn\u00e9 son agr\u00e9ment \u00e0 la nomination de M. Nacim Gaouaoui, en qualit\u00e9 d&rsquo;ambassadeur extraordinaire et pl\u00e9nipotentiaire de la R\u00e9publique alg\u00e9rienne d\u00e9mocratique et populaire aupr\u00e8s de la R\u00e9publique d\u00e9mocratique du Congo, indique vendredi un communiqu\u00e9 du minist\u00e8re des Affaires \u00e9trang\u00e8res, de la Communaut\u00e9 nationale \u00e0 l&rsquo;\u00e9tranger et des Affaires africaines.<\/p>\n","protected":false},"excerpt":{"rendered":"<p>Le Gouvernement congolais a donn\u00e9 son agr\u00e9ment \u00e0 la nomination de M. Nacim Gaouaoui, en qualit\u00e9 d&rsquo;ambassadeur extraordinaire et pl\u00e9nipotentiaire de la R\u00e9publique alg\u00e9rienne d\u00e9mocratique et populaire aupr\u00e8s de la R\u00e9publique d\u00e9mocratique du Congo, indique vendredi un communiqu\u00e9 du minist\u00e8re des Affaires \u00e9trang\u00e8res, de la Communaut\u00e9 nationale \u00e0 l&rsquo;\u00e9tranger et des Affaires africaines.<\/p>\n","protected":false},"author":9,"featured_media":48825,"comment_status":"open","ping_status":"open","sticky":false,"template":"","format":"standard","meta":{"footnotes":""},"categories":[35,47],"tags":[88,205,2613],"class_list":["post-48888","post","type-post","status-publish","format-standard","has-post-thumbnail","hentry","category-diplomatie","category-national","tag-algerie","tag-ambassadeur","tag-rd-congo"],"yoast_head":"<!-- This site is optimized with the Yoast SEO Premium plugin v22.6 (Yoast SEO v22.6) - https:\/\/yoast.com\/wordpress\/plugins\/seo\/ -->\n<title>Agr\u00e9ment \u00e0 la nomination du nouvel ambassadeur d&#039;Alg\u00e9rie en RD Congo - El Mawkie<\/title>\n<meta name=\"robots\" content=\"index, follow, max-snippet:-1, max-image-preview:large, max-video-preview:-1\" \/>\n<link rel=\"canonical\" href=\"https:\/\/elmawkie.dz\/fr\/agrement-a-la-nomination-du-nouvel-ambassadeur-dalgerie-en-rd-congo\/\" \/>\n<meta property=\"og:locale\" content=\"fr_FR\" \/>\n<meta property=\"og:type\" content=\"article\" \/>\n<meta property=\"og:title\" content=\"Agr\u00e9ment \u00e0 la nomination du nouvel ambassadeur d&#039;Alg\u00e9rie en RD Congo\" \/>\n<meta property=\"og:description\" content=\"Le Gouvernement congolais a donn\u00e9 son agr\u00e9ment \u00e0 la nomination de M. Nacim Gaouaoui, en qualit\u00e9 d&rsquo;ambassadeur extraordinaire et pl\u00e9nipotentiaire de la R\u00e9publique alg\u00e9rienne d\u00e9mocratique et populaire aupr\u00e8s de la R\u00e9publique d\u00e9mocratique du Congo, indique vendredi un communiqu\u00e9 du minist\u00e8re des Affaires \u00e9trang\u00e8res, de la Communaut\u00e9 nationale \u00e0 l&rsquo;\u00e9tranger et des Affaires africaines.\" \/>\n<meta property=\"og:url\" content=\"https:\/\/elmawkie.dz\/fr\/agrement-a-la-nomination-du-nouvel-ambassadeur-dalgerie-en-rd-congo\/\" \/>\n<meta property=\"og:site_name\" content=\"El Mawkie\" \/>\n<meta property=\"article:publisher\" content=\"https:\/\/www.facebook.com\/profile.php?id=100088407094989&amp;locale=fr_FR\" \/>\n<meta property=\"article:published_time\" content=\"2025-03-21T16:51:41+00:00\" \/>\n<meta property=\"article:modified_time\" content=\"2025-03-21T16:51:42+00:00\" \/>\n<meta property=\"og:image\" content=\"https:\/\/elmawkie.dz\/fr\/wp-content\/uploads\/2025\/03\/IMG_0205.webp\" \/>\n\t<meta property=\"og:image:width\" content=\"800\" \/>\n\t<meta property=\"og:image:height\" content=\"600\" \/>\n\t<meta property=\"og:image:type\" content=\"image\/webp\" \/>\n<meta name=\"author\" content=\"R\u00e9daction\" \/>\n<meta name=\"twitter:card\" content=\"summary_large_image\" \/>\n<meta name=\"twitter:label1\" content=\"Written by\" \/>\n\t<meta name=\"twitter:data1\" content=\"R\u00e9daction\" \/>\n\t<meta name=\"twitter:label2\" content=\"Est. reading time\" \/>\n\t<meta name=\"twitter:data2\" content=\"1 minute\" \/>\n<script type=\"application\/ld+json\" class=\"yoast-schema-graph\">{\"@context\":\"https:\/\/schema.org\",\"@graph\":[{\"@type\":\"Article\",\"@id\":\"https:\/\/elmawkie.dz\/fr\/agrement-a-la-nomination-du-nouvel-ambassadeur-dalgerie-en-rd-congo\/#article\",\"isPartOf\":{\"@id\":\"https:\/\/elmawkie.dz\/fr\/agrement-a-la-nomination-du-nouvel-ambassadeur-dalgerie-en-rd-congo\/\"},\"author\":{\"name\":\"R\u00e9daction\",\"@id\":\"https:\/\/elmawkie.dz\/fr\/#\/schema\/person\/e7bd59d6467874ba5c4723d8a9f0a63c\"},\"headline\":\"Agr\u00e9ment \u00e0 la nomination du nouvel ambassadeur d&rsquo;Alg\u00e9rie en RD Congo\",\"datePublished\":\"2025-03-21T16:51:41+00:00\",\"dateModified\":\"2025-03-21T16:51:42+00:00\",\"mainEntityOfPage\":{\"@id\":\"https:\/\/elmawkie.dz\/fr\/agrement-a-la-nomination-du-nouvel-ambassadeur-dalgerie-en-rd-congo\/\"},\"wordCount\":76,\"commentCount\":0,\"publisher\":{\"@id\":\"https:\/\/elmawkie.dz\/fr\/#organization\"},\"image\":{\"@id\":\"https:\/\/elmawkie.dz\/fr\/agrement-a-la-nomination-du-nouvel-ambassadeur-dalgerie-en-rd-congo\/#primaryimage\"},\"thumbnailUrl\":\"https:\/\/elmawkie.dz\/fr\/wp-content\/uploads\/2025\/03\/IMG_0205.webp\",\"keywords\":[\"Alg\u00e9rie\",\"Ambassadeur\",\"RD Congo\"],\"articleSection\":[\"Diplomatie\",\"National\"],\"inLanguage\":\"fr-FR\",\"potentialAction\":[{\"@type\":\"CommentAction\",\"name\":\"Comment\",\"target\":[\"https:\/\/elmawkie.dz\/fr\/agrement-a-la-nomination-du-nouvel-ambassadeur-dalgerie-en-rd-congo\/#respond\"]}]},{\"@type\":\"WebPage\",\"@id\":\"https:\/\/elmawkie.dz\/fr\/agrement-a-la-nomination-du-nouvel-ambassadeur-dalgerie-en-rd-congo\/\",\"url\":\"https:\/\/elmawkie.dz\/fr\/agrement-a-la-nomination-du-nouvel-ambassadeur-dalgerie-en-rd-congo\/\",\"name\":\"Agr\u00e9ment \u00e0 la nomination du nouvel ambassadeur d'Alg\u00e9rie en RD Congo - El Mawkie\",\"isPartOf\":{\"@id\":\"https:\/\/elmawkie.dz\/fr\/#website\"},\"primaryImageOfPage\":{\"@id\":\"https:\/\/elmawkie.dz\/fr\/agrement-a-la-nomination-du-nouvel-ambassadeur-dalgerie-en-rd-congo\/#primaryimage\"},\"image\":{\"@id\":\"https:\/\/elmawkie.dz\/fr\/agrement-a-la-nomination-du-nouvel-ambassadeur-dalgerie-en-rd-congo\/#primaryimage\"},\"thumbnailUrl\":\"https:\/\/elmawkie.dz\/fr\/wp-content\/uploads\/2025\/03\/IMG_0205.webp\",\"datePublished\":\"2025-03-21T16:51:41+00:00\",\"dateModified\":\"2025-03-21T16:51:42+00:00\",\"breadcrumb\":{\"@id\":\"https:\/\/elmawkie.dz\/fr\/agrement-a-la-nomination-du-nouvel-ambassadeur-dalgerie-en-rd-congo\/#breadcrumb\"},\"inLanguage\":\"fr-FR\",\"potentialAction\":[{\"@type\":\"ReadAction\",\"target\":[\"https:\/\/elmawkie.dz\/fr\/agrement-a-la-nomination-du-nouvel-ambassadeur-dalgerie-en-rd-congo\/\"]}]},{\"@type\":\"ImageObject\",\"inLanguage\":\"fr-FR\",\"@id\":\"https:\/\/elmawkie.dz\/fr\/agrement-a-la-nomination-du-nouvel-ambassadeur-dalgerie-en-rd-congo\/#primaryimage\",\"url\":\"https:\/\/elmawkie.dz\/fr\/wp-content\/uploads\/2025\/03\/IMG_0205.webp\",\"contentUrl\":\"https:\/\/elmawkie.dz\/fr\/wp-content\/uploads\/2025\/03\/IMG_0205.webp\",\"width\":800,\"height\":600},{\"@type\":\"BreadcrumbList\",\"@id\":\"https:\/\/elmawkie.dz\/fr\/agrement-a-la-nomination-du-nouvel-ambassadeur-dalgerie-en-rd-congo\/#breadcrumb\",\"itemListElement\":[{\"@type\":\"ListItem\",\"position\":1,\"name\":\"Home\",\"item\":\"https:\/\/elmawkie.dz\/fr\/\"},{\"@type\":\"ListItem\",\"position\":2,\"name\":\"Agr\u00e9ment \u00e0 la nomination du nouvel ambassadeur d&rsquo;Alg\u00e9rie en RD Congo\"}]},{\"@type\":\"WebSite\",\"@id\":\"https:\/\/elmawkie.dz\/fr\/#website\",\"url\":\"https:\/\/elmawkie.dz\/fr\/\",\"name\":\"EL MAWKIE\",\"description\":\"Journal \u00c9lectronique Alg\u00e9rien\",\"publisher\":{\"@id\":\"https:\/\/elmawkie.dz\/fr\/#organization\"},\"potentialAction\":[{\"@type\":\"SearchAction\",\"target\":{\"@type\":\"EntryPoint\",\"urlTemplate\":\"https:\/\/elmawkie.dz\/fr\/?s={search_term_string}\"},\"query-input\":\"required name=search_term_string\"}],\"inLanguage\":\"fr-FR\"},{\"@type\":\"Organization\",\"@id\":\"https:\/\/elmawkie.dz\/fr\/#organization\",\"name\":\"EL MAWKIE\",\"url\":\"https:\/\/elmawkie.dz\/fr\/\",\"logo\":{\"@type\":\"ImageObject\",\"inLanguage\":\"fr-FR\",\"@id\":\"https:\/\/elmawkie.dz\/fr\/#\/schema\/logo\/image\/\",\"url\":\"https:\/\/elmawkie.dz\/fr\/wp-content\/uploads\/2024\/05\/logo1.png\",\"contentUrl\":\"https:\/\/elmawkie.dz\/fr\/wp-content\/uploads\/2024\/05\/logo1.png\",\"width\":1648,\"height\":652,\"caption\":\"EL MAWKIE\"},\"image\":{\"@id\":\"https:\/\/elmawkie.dz\/fr\/#\/schema\/logo\/image\/\"},\"sameAs\":[\"https:\/\/www.facebook.com\/profile.php?id=100088407094989&locale=fr_FR\"]},{\"@type\":\"Person\",\"@id\":\"https:\/\/elmawkie.dz\/fr\/#\/schema\/person\/e7bd59d6467874ba5c4723d8a9f0a63c\",\"name\":\"R\u00e9daction\",\"image\":{\"@type\":\"ImageObject\",\"inLanguage\":\"fr-FR\",\"@id\":\"https:\/\/elmawkie.dz\/fr\/#\/schema\/person\/image\/\",\"url\":\"https:\/\/secure.gravatar.com\/avatar\/f0f773456344da4d2788c054a3d30a0c?s=96&d=mm&r=g\",\"contentUrl\":\"https:\/\/secure.gravatar.com\/avatar\/f0f773456344da4d2788c054a3d30a0c?s=96&d=mm&r=g\",\"caption\":\"R\u00e9daction\"},\"url\":\"https:\/\/elmawkie.dz\/fr\/author\/redaction\/\"}]}<\/script>\n<!-- \/ Yoast SEO Premium plugin. -->","yoast_head_json":{"title":"Agr\u00e9ment \u00e0 la nomination du nouvel ambassadeur d'Alg\u00e9rie en RD Congo - El Mawkie","robots":{"index":"index","follow":"follow","max-snippet":"max-snippet:-1","max-image-preview":"max-image-preview:large","max-video-preview":"max-video-preview:-1"},"canonical":"https:\/\/elmawkie.dz\/fr\/agrement-a-la-nomination-du-nouvel-ambassadeur-dalgerie-en-rd-congo\/","og_locale":"fr_FR","og_type":"article","og_title":"Agr\u00e9ment \u00e0 la nomination du nouvel ambassadeur d'Alg\u00e9rie en RD Congo","og_description":"Le Gouvernement congolais a donn\u00e9 son agr\u00e9ment \u00e0 la nomination de M. Nacim Gaouaoui, en qualit\u00e9 d&rsquo;ambassadeur extraordinaire et pl\u00e9nipotentiaire de la R\u00e9publique alg\u00e9rienne d\u00e9mocratique et populaire aupr\u00e8s de la R\u00e9publique d\u00e9mocratique du Congo, indique vendredi un communiqu\u00e9 du minist\u00e8re des Affaires \u00e9trang\u00e8res, de la Communaut\u00e9 nationale \u00e0 l&rsquo;\u00e9tranger et des Affaires africaines.","og_url":"https:\/\/elmawkie.dz\/fr\/agrement-a-la-nomination-du-nouvel-ambassadeur-dalgerie-en-rd-congo\/","og_site_name":"El Mawkie","article_publisher":"https:\/\/www.facebook.com\/profile.php?id=100088407094989&locale=fr_FR","article_published_time":"2025-03-21T16:51:41+00:00","article_modified_time":"2025-03-21T16:51:42+00:00","og_image":[{"width":800,"height":600,"url":"https:\/\/elmawkie.dz\/fr\/wp-content\/uploads\/2025\/03\/IMG_0205.webp","type":"image\/webp"}],"author":"R\u00e9daction","twitter_card":"summary_large_image","twitter_misc":{"Written by":"R\u00e9daction","Est. reading time":"1 minute"},"schema":{"@context":"https:\/\/schema.org","@graph":[{"@type":"Article","@id":"https:\/\/elmawkie.dz\/fr\/agrement-a-la-nomination-du-nouvel-ambassadeur-dalgerie-en-rd-congo\/#article","isPartOf":{"@id":"https:\/\/elmawkie.dz\/fr\/agrement-a-la-nomination-du-nouvel-ambassadeur-dalgerie-en-rd-congo\/"},"author":{"name":"R\u00e9daction","@id":"https:\/\/elmawkie.dz\/fr\/#\/schema\/person\/e7bd59d6467874ba5c4723d8a9f0a63c"},"headline":"Agr\u00e9ment \u00e0 la nomination du nouvel ambassadeur d&rsquo;Alg\u00e9rie en RD Congo","datePublished":"2025-03-21T16:51:41+00:00","dateModified":"2025-03-21T16:51:42+00:00","mainEntityOfPage":{"@id":"https:\/\/elmawkie.dz\/fr\/agrement-a-la-nomination-du-nouvel-ambassadeur-dalgerie-en-rd-congo\/"},"wordCount":76,"commentCount":0,"publisher":{"@id":"https:\/\/elmawkie.dz\/fr\/#organization"},"image":{"@id":"https:\/\/elmawkie.dz\/fr\/agrement-a-la-nomination-du-nouvel-ambassadeur-dalgerie-en-rd-congo\/#primaryimage"},"thumbnailUrl":"https:\/\/elmawkie.dz\/fr\/wp-content\/uploads\/2025\/03\/IMG_0205.webp","keywords":["Alg\u00e9rie","Ambassadeur","RD Congo"],"articleSection":["Diplomatie","National"],"inLanguage":"fr-FR","potentialAction":[{"@type":"CommentAction","name":"Comment","target":["https:\/\/elmawkie.dz\/fr\/agrement-a-la-nomination-du-nouvel-ambassadeur-dalgerie-en-rd-congo\/#respond"]}]},{"@type":"WebPage","@id":"https:\/\/elmawkie.dz\/fr\/agrement-a-la-nomination-du-nouvel-ambassadeur-dalgerie-en-rd-congo\/","url":"https:\/\/elmawkie.dz\/fr\/agrement-a-la-nomination-du-nouvel-ambassadeur-dalgerie-en-rd-congo\/","name":"Agr\u00e9ment \u00e0 la nomination du nouvel ambassadeur d'Alg\u00e9rie en RD Congo - El Mawkie","isPartOf":{"@id":"https:\/\/elmawkie.dz\/fr\/#website"},"primaryImageOfPage":{"@id":"https:\/\/elmawkie.dz\/fr\/agrement-a-la-nomination-du-nouvel-ambassadeur-dalgerie-en-rd-congo\/#primaryimage"},"image":{"@id":"https:\/\/elmawkie.dz\/fr\/agrement-a-la-nomination-du-nouvel-ambassadeur-dalgerie-en-rd-congo\/#primaryimage"},"thumbnailUrl":"https:\/\/elmawkie.dz\/fr\/wp-content\/uploads\/2025\/03\/IMG_0205.webp","datePublished":"2025-03-21T16:51:41+00:00","dateModified":"2025-03-21T16:51:42+00:00","breadcrumb":{"@id":"https:\/\/elmawkie.dz\/fr\/agrement-a-la-nomination-du-nouvel-ambassadeur-dalgerie-en-rd-congo\/#breadcrumb"},"inLanguage":"fr-FR","potentialAction":[{"@type":"ReadAction","target":["https:\/\/elmawkie.dz\/fr\/agrement-a-la-nomination-du-nouvel-ambassadeur-dalgerie-en-rd-congo\/"]}]},{"@type":"ImageObject","inLanguage":"fr-FR","@id":"https:\/\/elmawkie.dz\/fr\/agrement-a-la-nomination-du-nouvel-ambassadeur-dalgerie-en-rd-congo\/#primaryimage","url":"https:\/\/elmawkie.dz\/fr\/wp-content\/uploads\/2025\/03\/IMG_0205.webp","contentUrl":"https:\/\/elmawkie.dz\/fr\/wp-content\/uploads\/2025\/03\/IMG_0205.webp","width":800,"height":600},{"@type":"BreadcrumbList","@id":"https:\/\/elmawkie.dz\/fr\/agrement-a-la-nomination-du-nouvel-ambassadeur-dalgerie-en-rd-congo\/#breadcrumb","itemListElement":[{"@type":"ListItem","position":1,"name":"Home","item":"https:\/\/elmawkie.dz\/fr\/"},{"@type":"ListItem","position":2,"name":"Agr\u00e9ment \u00e0 la nomination du nouvel ambassadeur d&rsquo;Alg\u00e9rie en RD Congo"}]},{"@type":"WebSite","@id":"https:\/\/elmawkie.dz\/fr\/#website","url":"https:\/\/elmawkie.dz\/fr\/","name":"EL MAWKIE","description":"Journal \u00c9lectronique Alg\u00e9rien","publisher":{"@id":"https:\/\/elmawkie.dz\/fr\/#organization"},"potentialAction":[{"@type":"SearchAction","target":{"@type":"EntryPoint","urlTemplate":"https:\/\/elmawkie.dz\/fr\/?s={search_term_string}"},"query-input":"required name=search_term_string"}],"inLanguage":"fr-FR"},{"@type":"Organization","@id":"https:\/\/elmawkie.dz\/fr\/#organization","name":"EL MAWKIE","url":"https:\/\/elmawkie.dz\/fr\/","logo":{"@type":"ImageObject","inLanguage":"fr-FR","@id":"https:\/\/elmawkie.dz\/fr\/#\/schema\/logo\/image\/","url":"https:\/\/elmawkie.dz\/fr\/wp-content\/uploads\/2024\/05\/logo1.png","contentUrl":"https:\/\/elmawkie.dz\/fr\/wp-content\/uploads\/2024\/05\/logo1.png","width":1648,"height":652,"caption":"EL MAWKIE"},"image":{"@id":"https:\/\/elmawkie.dz\/fr\/#\/schema\/logo\/image\/"},"sameAs":["https:\/\/www.facebook.com\/profile.php?id=100088407094989&locale=fr_FR"]},{"@type":"Person","@id":"https:\/\/elmawkie.dz\/fr\/#\/schema\/person\/e7bd59d6467874ba5c4723d8a9f0a63c","name":"R\u00e9daction","image":{"@type":"ImageObject","inLanguage":"fr-FR","@id":"https:\/\/elmawkie.dz\/fr\/#\/schema\/person\/image\/","url":"https:\/\/secure.gravatar.com\/avatar\/f0f773456344da4d2788c054a3d30a0c?s=96&d=mm&r=g","contentUrl":"https:\/\/secure.gravatar.com\/avatar\/f0f773456344da4d2788c054a3d30a0c?s=96&d=mm&r=g","caption":"R\u00e9daction"},"url":"https:\/\/elmawkie.dz\/fr\/author\/redaction\/"}]}},"_links":{"self":[{"href":"https:\/\/elmawkie.dz\/fr\/wp-json\/wp\/v2\/posts\/48888","targetHints":{"allow":["GET"]}}],"collection":[{"href":"https:\/\/elmawkie.dz\/fr\/wp-json\/wp\/v2\/posts"}],"about":[{"href":"https:\/\/elmawkie.dz\/fr\/wp-json\/wp\/v2\/types\/post"}],"author":[{"embeddable":true,"href":"https:\/\/elmawkie.dz\/fr\/wp-json\/wp\/v2\/users\/9"}],"replies":[{"embeddable":true,"href":"https:\/\/elmawkie.dz\/fr\/wp-json\/wp\/v2\/comments?post=48888"}],"version-history":[{"count":1,"href":"https:\/\/elmawkie.dz\/fr\/wp-json\/wp\/v2\/posts\/48888\/revisions"}],"predecessor-version":[{"id":48890,"href":"https:\/\/elmawkie.dz\/fr\/wp-json\/wp\/v2\/posts\/48888\/revisions\/48890"}],"wp:featuredmedia":[{"embeddable":true,"href":"https:\/\/elmawkie.dz\/fr\/wp-json\/wp\/v2\/media\/48825"}],"wp:attachment":[{"href":"https:\/\/elmawkie.dz\/fr\/wp-json\/wp\/v2\/media?parent=48888"}],"wp:term":[{"taxonomy":"category","embeddable":true,"href":"https:\/\/elmawkie.dz\/fr\/wp-json\/wp\/v2\/categories?post=48888"},{"taxonomy":"post_tag","embeddable":true,"href":"https:\/\/elmawkie.dz\/fr\/wp-json\/wp\/v2\/tags?post=48888"}],"curies":[{"name":"wp","href":"https:\/\/api.w.org\/{rel}","templated":true}]}}