{"id":48876,"date":"2025-03-21T17:39:25","date_gmt":"2025-03-21T16:39:25","guid":{"rendered":"https:\/\/elmawkie.dz\/fr\/?p=48876"},"modified":"2025-03-21T17:39:26","modified_gmt":"2025-03-21T16:39:26","slug":"sidi-bel-abbes-gn-demantelement-dun-reseau-de-vol-de-betail","status":"publish","type":"post","link":"https:\/\/elmawkie.dz\/fr\/sidi-bel-abbes-gn-demantelement-dun-reseau-de-vol-de-betail\/","title":{"rendered":"Sidi Bel Abb\u00e8s (GN): D\u00e9mant\u00e8lement d\u2019un r\u00e9seau de vol de b\u00e9tail"},"content":{"rendered":"\n<p>Les services de la Gendarmerie Nationale de Sidi Bel Abb\u00e8s ont arr\u00eat\u00e9 sept individus pour vol de b\u00e9tail, indique, vendredi, un communiqu\u00e9 de ces services. \u00ab\u00a0La brigade territoriale de la Gendarmerie Nationale de Sidi Lahcene, relevant du groupement de Sidi Bel Abb\u00e8s, a proc\u00e9d\u00e9 \u00e0 l\u2019arrestation de sept (7) individus \u00e2g\u00e9s entre 30 \u00e0 40 ans, pour vol de b\u00e9tail\u00a0\u00bb, pr\u00e9cise le communiqu\u00e9. L\u2019affaire a \u00e9t\u00e9 enclench\u00e9e suite \u00e0 \u00ab\u00a0une plainte d\u00e9pos\u00e9e par la victime, faisant \u00e9tat du vol de 40 t\u00eates de b\u00e9tail de race locale\u00a0\u00bb, selon la m\u00eame source Suite \u00e0 quoi, \u00ab\u00a0un plan de lutte contre le ph\u00e9nom\u00e8ne de vol de b\u00e9tail a \u00e9t\u00e9 \u00e9labor\u00e9 et un dispositif s\u00e9curitaire rigoureux mis en place pour appr\u00e9hender les membres du r\u00e9seau, avec la fermeture de toutes les issues et axes pouvant \u00eatre emprunt\u00e9s pour le transport du b\u00e9tail vol\u00e9\u00a0\u00bb, ajoute le communiqu\u00e9. Le plan mis en place a abouti \u00e0 l\u2019arrestation des suspects en flagrant d\u00e9lit dans des oliveraies d&rsquo;une ferme de la r\u00e9gion, en train de transporter le b\u00e9tail vol\u00e9 \u00e0 bord d&rsquo;un camion, selon la m\u00eame source. L\u2019op\u00e9ration s\u2019est sold\u00e9e \u00ab\u00a0par l\u2019arrestation de sept (7) individus, la r\u00e9cup\u00e9ration du b\u00e9tail vol\u00e9, et d&rsquo;armes blanches, ainsi que d\u2019un camion utilis\u00e9 dans le vol et de sept (7) t\u00e9l\u00e9phones portables\u00a0\u00bb, pr\u00e9cise le communiqu\u00e9. Un dossier judiciaire a \u00e9t\u00e9 \u00e9tabli \u00e0 l&rsquo;encontre des mis en cause, qui ont \u00e9t\u00e9 pr\u00e9sent\u00e9s devant les juridictions comp\u00e9tentes.<\/p>\n","protected":false},"excerpt":{"rendered":"<p>Les services de la Gendarmerie Nationale de Sidi Bel Abb\u00e8s ont arr\u00eat\u00e9 sept individus pour vol de b\u00e9tail, indique, vendredi, un communiqu\u00e9 de ces services. \u00ab\u00a0La brigade territoriale de la Gendarmerie Nationale de Sidi Lahcene, relevant du groupement de Sidi Bel Abb\u00e8s, a proc\u00e9d\u00e9 \u00e0 l\u2019arrestation de sept (7) individus \u00e2g\u00e9s entre 30 \u00e0 40 &hellip;<\/p>\n","protected":false},"author":9,"featured_media":48878,"comment_status":"open","ping_status":"open","sticky":false,"template":"","format":"standard","meta":{"footnotes":""},"categories":[50],"tags":[413,1594,3169,3170],"class_list":["post-48876","post","type-post","status-publish","format-standard","has-post-thumbnail","hentry","category-region","tag-gendarmerie-nationale","tag-reseau","tag-sidi-bel-abbes-2","tag-vol-de-betails"],"yoast_head":"<!-- This site is optimized with the Yoast SEO Premium plugin v22.6 (Yoast SEO v22.6) - https:\/\/yoast.com\/wordpress\/plugins\/seo\/ -->\n<title>Sidi Bel Abb\u00e8s (GN): D\u00e9mant\u00e8lement d\u2019un r\u00e9seau de vol de b\u00e9tail - El Mawkie<\/title>\n<meta name=\"robots\" content=\"index, follow, max-snippet:-1, max-image-preview:large, max-video-preview:-1\" \/>\n<link rel=\"canonical\" href=\"https:\/\/elmawkie.dz\/fr\/sidi-bel-abbes-gn-demantelement-dun-reseau-de-vol-de-betail\/\" \/>\n<meta property=\"og:locale\" content=\"fr_FR\" \/>\n<meta property=\"og:type\" content=\"article\" \/>\n<meta property=\"og:title\" content=\"Sidi Bel Abb\u00e8s (GN): D\u00e9mant\u00e8lement d\u2019un r\u00e9seau de vol de b\u00e9tail\" \/>\n<meta property=\"og:description\" content=\"Les services de la Gendarmerie Nationale de Sidi Bel Abb\u00e8s ont arr\u00eat\u00e9 sept individus pour vol de b\u00e9tail, indique, vendredi, un communiqu\u00e9 de ces services. \u00ab\u00a0La brigade territoriale de la Gendarmerie Nationale de Sidi Lahcene, relevant du groupement de Sidi Bel Abb\u00e8s, a proc\u00e9d\u00e9 \u00e0 l\u2019arrestation de sept (7) individus \u00e2g\u00e9s entre 30 \u00e0 40 &hellip;\" \/>\n<meta property=\"og:url\" content=\"https:\/\/elmawkie.dz\/fr\/sidi-bel-abbes-gn-demantelement-dun-reseau-de-vol-de-betail\/\" \/>\n<meta property=\"og:site_name\" content=\"El Mawkie\" \/>\n<meta property=\"article:publisher\" content=\"https:\/\/www.facebook.com\/profile.php?id=100088407094989&amp;locale=fr_FR\" \/>\n<meta property=\"article:published_time\" content=\"2025-03-21T16:39:25+00:00\" \/>\n<meta property=\"article:modified_time\" content=\"2025-03-21T16:39:26+00:00\" \/>\n<meta property=\"og:image\" content=\"https:\/\/elmawkie.dz\/fr\/wp-content\/uploads\/2025\/03\/5241c30e-9e0f-4a89-92d3-e8721efdd3f8.jpeg\" \/>\n\t<meta property=\"og:image:width\" content=\"1113\" \/>\n\t<meta property=\"og:image:height\" content=\"619\" \/>\n\t<meta property=\"og:image:type\" content=\"image\/jpeg\" \/>\n<meta name=\"author\" content=\"R\u00e9daction\" \/>\n<meta name=\"twitter:card\" content=\"summary_large_image\" \/>\n<meta name=\"twitter:label1\" content=\"Written by\" \/>\n\t<meta name=\"twitter:data1\" content=\"R\u00e9daction\" \/>\n\t<meta name=\"twitter:label2\" content=\"Est. reading time\" \/>\n\t<meta name=\"twitter:data2\" content=\"2 minutes\" \/>\n<script type=\"application\/ld+json\" class=\"yoast-schema-graph\">{\"@context\":\"https:\/\/schema.org\",\"@graph\":[{\"@type\":\"Article\",\"@id\":\"https:\/\/elmawkie.dz\/fr\/sidi-bel-abbes-gn-demantelement-dun-reseau-de-vol-de-betail\/#article\",\"isPartOf\":{\"@id\":\"https:\/\/elmawkie.dz\/fr\/sidi-bel-abbes-gn-demantelement-dun-reseau-de-vol-de-betail\/\"},\"author\":{\"name\":\"R\u00e9daction\",\"@id\":\"https:\/\/elmawkie.dz\/fr\/#\/schema\/person\/e7bd59d6467874ba5c4723d8a9f0a63c\"},\"headline\":\"Sidi Bel Abb\u00e8s (GN): D\u00e9mant\u00e8lement d\u2019un r\u00e9seau de vol de b\u00e9tail\",\"datePublished\":\"2025-03-21T16:39:25+00:00\",\"dateModified\":\"2025-03-21T16:39:26+00:00\",\"mainEntityOfPage\":{\"@id\":\"https:\/\/elmawkie.dz\/fr\/sidi-bel-abbes-gn-demantelement-dun-reseau-de-vol-de-betail\/\"},\"wordCount\":286,\"commentCount\":0,\"publisher\":{\"@id\":\"https:\/\/elmawkie.dz\/fr\/#organization\"},\"image\":{\"@id\":\"https:\/\/elmawkie.dz\/fr\/sidi-bel-abbes-gn-demantelement-dun-reseau-de-vol-de-betail\/#primaryimage\"},\"thumbnailUrl\":\"https:\/\/elmawkie.dz\/fr\/wp-content\/uploads\/2025\/03\/5241c30e-9e0f-4a89-92d3-e8721efdd3f8.jpeg\",\"keywords\":[\"Gendarmerie nationale\",\"r\u00e9seau\",\"Sidi Bel Abb\u00e8s\",\"Vol de b\u00e9tails\"],\"articleSection\":[\"R\u00e9gion\"],\"inLanguage\":\"fr-FR\",\"potentialAction\":[{\"@type\":\"CommentAction\",\"name\":\"Comment\",\"target\":[\"https:\/\/elmawkie.dz\/fr\/sidi-bel-abbes-gn-demantelement-dun-reseau-de-vol-de-betail\/#respond\"]}]},{\"@type\":\"WebPage\",\"@id\":\"https:\/\/elmawkie.dz\/fr\/sidi-bel-abbes-gn-demantelement-dun-reseau-de-vol-de-betail\/\",\"url\":\"https:\/\/elmawkie.dz\/fr\/sidi-bel-abbes-gn-demantelement-dun-reseau-de-vol-de-betail\/\",\"name\":\"Sidi Bel Abb\u00e8s (GN): D\u00e9mant\u00e8lement d\u2019un r\u00e9seau de vol de b\u00e9tail - El Mawkie\",\"isPartOf\":{\"@id\":\"https:\/\/elmawkie.dz\/fr\/#website\"},\"primaryImageOfPage\":{\"@id\":\"https:\/\/elmawkie.dz\/fr\/sidi-bel-abbes-gn-demantelement-dun-reseau-de-vol-de-betail\/#primaryimage\"},\"image\":{\"@id\":\"https:\/\/elmawkie.dz\/fr\/sidi-bel-abbes-gn-demantelement-dun-reseau-de-vol-de-betail\/#primaryimage\"},\"thumbnailUrl\":\"https:\/\/elmawkie.dz\/fr\/wp-content\/uploads\/2025\/03\/5241c30e-9e0f-4a89-92d3-e8721efdd3f8.jpeg\",\"datePublished\":\"2025-03-21T16:39:25+00:00\",\"dateModified\":\"2025-03-21T16:39:26+00:00\",\"breadcrumb\":{\"@id\":\"https:\/\/elmawkie.dz\/fr\/sidi-bel-abbes-gn-demantelement-dun-reseau-de-vol-de-betail\/#breadcrumb\"},\"inLanguage\":\"fr-FR\",\"potentialAction\":[{\"@type\":\"ReadAction\",\"target\":[\"https:\/\/elmawkie.dz\/fr\/sidi-bel-abbes-gn-demantelement-dun-reseau-de-vol-de-betail\/\"]}]},{\"@type\":\"ImageObject\",\"inLanguage\":\"fr-FR\",\"@id\":\"https:\/\/elmawkie.dz\/fr\/sidi-bel-abbes-gn-demantelement-dun-reseau-de-vol-de-betail\/#primaryimage\",\"url\":\"https:\/\/elmawkie.dz\/fr\/wp-content\/uploads\/2025\/03\/5241c30e-9e0f-4a89-92d3-e8721efdd3f8.jpeg\",\"contentUrl\":\"https:\/\/elmawkie.dz\/fr\/wp-content\/uploads\/2025\/03\/5241c30e-9e0f-4a89-92d3-e8721efdd3f8.jpeg\",\"width\":1113,\"height\":619},{\"@type\":\"BreadcrumbList\",\"@id\":\"https:\/\/elmawkie.dz\/fr\/sidi-bel-abbes-gn-demantelement-dun-reseau-de-vol-de-betail\/#breadcrumb\",\"itemListElement\":[{\"@type\":\"ListItem\",\"position\":1,\"name\":\"Home\",\"item\":\"https:\/\/elmawkie.dz\/fr\/\"},{\"@type\":\"ListItem\",\"position\":2,\"name\":\"Sidi Bel Abb\u00e8s (GN): D\u00e9mant\u00e8lement d\u2019un r\u00e9seau de vol de b\u00e9tail\"}]},{\"@type\":\"WebSite\",\"@id\":\"https:\/\/elmawkie.dz\/fr\/#website\",\"url\":\"https:\/\/elmawkie.dz\/fr\/\",\"name\":\"EL MAWKIE\",\"description\":\"Journal \u00c9lectronique Alg\u00e9rien\",\"publisher\":{\"@id\":\"https:\/\/elmawkie.dz\/fr\/#organization\"},\"potentialAction\":[{\"@type\":\"SearchAction\",\"target\":{\"@type\":\"EntryPoint\",\"urlTemplate\":\"https:\/\/elmawkie.dz\/fr\/?s={search_term_string}\"},\"query-input\":\"required name=search_term_string\"}],\"inLanguage\":\"fr-FR\"},{\"@type\":\"Organization\",\"@id\":\"https:\/\/elmawkie.dz\/fr\/#organization\",\"name\":\"EL MAWKIE\",\"url\":\"https:\/\/elmawkie.dz\/fr\/\",\"logo\":{\"@type\":\"ImageObject\",\"inLanguage\":\"fr-FR\",\"@id\":\"https:\/\/elmawkie.dz\/fr\/#\/schema\/logo\/image\/\",\"url\":\"https:\/\/elmawkie.dz\/fr\/wp-content\/uploads\/2024\/05\/logo1.png\",\"contentUrl\":\"https:\/\/elmawkie.dz\/fr\/wp-content\/uploads\/2024\/05\/logo1.png\",\"width\":1648,\"height\":652,\"caption\":\"EL MAWKIE\"},\"image\":{\"@id\":\"https:\/\/elmawkie.dz\/fr\/#\/schema\/logo\/image\/\"},\"sameAs\":[\"https:\/\/www.facebook.com\/profile.php?id=100088407094989&locale=fr_FR\"]},{\"@type\":\"Person\",\"@id\":\"https:\/\/elmawkie.dz\/fr\/#\/schema\/person\/e7bd59d6467874ba5c4723d8a9f0a63c\",\"name\":\"R\u00e9daction\",\"image\":{\"@type\":\"ImageObject\",\"inLanguage\":\"fr-FR\",\"@id\":\"https:\/\/elmawkie.dz\/fr\/#\/schema\/person\/image\/\",\"url\":\"https:\/\/secure.gravatar.com\/avatar\/f0f773456344da4d2788c054a3d30a0c?s=96&d=mm&r=g\",\"contentUrl\":\"https:\/\/secure.gravatar.com\/avatar\/f0f773456344da4d2788c054a3d30a0c?s=96&d=mm&r=g\",\"caption\":\"R\u00e9daction\"},\"url\":\"https:\/\/elmawkie.dz\/fr\/author\/redaction\/\"}]}<\/script>\n<!-- \/ Yoast SEO Premium plugin. -->","yoast_head_json":{"title":"Sidi Bel Abb\u00e8s (GN): D\u00e9mant\u00e8lement d\u2019un r\u00e9seau de vol de b\u00e9tail - El Mawkie","robots":{"index":"index","follow":"follow","max-snippet":"max-snippet:-1","max-image-preview":"max-image-preview:large","max-video-preview":"max-video-preview:-1"},"canonical":"https:\/\/elmawkie.dz\/fr\/sidi-bel-abbes-gn-demantelement-dun-reseau-de-vol-de-betail\/","og_locale":"fr_FR","og_type":"article","og_title":"Sidi Bel Abb\u00e8s (GN): D\u00e9mant\u00e8lement d\u2019un r\u00e9seau de vol de b\u00e9tail","og_description":"Les services de la Gendarmerie Nationale de Sidi Bel Abb\u00e8s ont arr\u00eat\u00e9 sept individus pour vol de b\u00e9tail, indique, vendredi, un communiqu\u00e9 de ces services. \u00ab\u00a0La brigade territoriale de la Gendarmerie Nationale de Sidi Lahcene, relevant du groupement de Sidi Bel Abb\u00e8s, a proc\u00e9d\u00e9 \u00e0 l\u2019arrestation de sept (7) individus \u00e2g\u00e9s entre 30 \u00e0 40 &hellip;","og_url":"https:\/\/elmawkie.dz\/fr\/sidi-bel-abbes-gn-demantelement-dun-reseau-de-vol-de-betail\/","og_site_name":"El Mawkie","article_publisher":"https:\/\/www.facebook.com\/profile.php?id=100088407094989&locale=fr_FR","article_published_time":"2025-03-21T16:39:25+00:00","article_modified_time":"2025-03-21T16:39:26+00:00","og_image":[{"width":1113,"height":619,"url":"https:\/\/elmawkie.dz\/fr\/wp-content\/uploads\/2025\/03\/5241c30e-9e0f-4a89-92d3-e8721efdd3f8.jpeg","type":"image\/jpeg"}],"author":"R\u00e9daction","twitter_card":"summary_large_image","twitter_misc":{"Written by":"R\u00e9daction","Est. reading time":"2 minutes"},"schema":{"@context":"https:\/\/schema.org","@graph":[{"@type":"Article","@id":"https:\/\/elmawkie.dz\/fr\/sidi-bel-abbes-gn-demantelement-dun-reseau-de-vol-de-betail\/#article","isPartOf":{"@id":"https:\/\/elmawkie.dz\/fr\/sidi-bel-abbes-gn-demantelement-dun-reseau-de-vol-de-betail\/"},"author":{"name":"R\u00e9daction","@id":"https:\/\/elmawkie.dz\/fr\/#\/schema\/person\/e7bd59d6467874ba5c4723d8a9f0a63c"},"headline":"Sidi Bel Abb\u00e8s (GN): D\u00e9mant\u00e8lement d\u2019un r\u00e9seau de vol de b\u00e9tail","datePublished":"2025-03-21T16:39:25+00:00","dateModified":"2025-03-21T16:39:26+00:00","mainEntityOfPage":{"@id":"https:\/\/elmawkie.dz\/fr\/sidi-bel-abbes-gn-demantelement-dun-reseau-de-vol-de-betail\/"},"wordCount":286,"commentCount":0,"publisher":{"@id":"https:\/\/elmawkie.dz\/fr\/#organization"},"image":{"@id":"https:\/\/elmawkie.dz\/fr\/sidi-bel-abbes-gn-demantelement-dun-reseau-de-vol-de-betail\/#primaryimage"},"thumbnailUrl":"https:\/\/elmawkie.dz\/fr\/wp-content\/uploads\/2025\/03\/5241c30e-9e0f-4a89-92d3-e8721efdd3f8.jpeg","keywords":["Gendarmerie nationale","r\u00e9seau","Sidi Bel Abb\u00e8s","Vol de b\u00e9tails"],"articleSection":["R\u00e9gion"],"inLanguage":"fr-FR","potentialAction":[{"@type":"CommentAction","name":"Comment","target":["https:\/\/elmawkie.dz\/fr\/sidi-bel-abbes-gn-demantelement-dun-reseau-de-vol-de-betail\/#respond"]}]},{"@type":"WebPage","@id":"https:\/\/elmawkie.dz\/fr\/sidi-bel-abbes-gn-demantelement-dun-reseau-de-vol-de-betail\/","url":"https:\/\/elmawkie.dz\/fr\/sidi-bel-abbes-gn-demantelement-dun-reseau-de-vol-de-betail\/","name":"Sidi Bel Abb\u00e8s (GN): D\u00e9mant\u00e8lement d\u2019un r\u00e9seau de vol de b\u00e9tail - El Mawkie","isPartOf":{"@id":"https:\/\/elmawkie.dz\/fr\/#website"},"primaryImageOfPage":{"@id":"https:\/\/elmawkie.dz\/fr\/sidi-bel-abbes-gn-demantelement-dun-reseau-de-vol-de-betail\/#primaryimage"},"image":{"@id":"https:\/\/elmawkie.dz\/fr\/sidi-bel-abbes-gn-demantelement-dun-reseau-de-vol-de-betail\/#primaryimage"},"thumbnailUrl":"https:\/\/elmawkie.dz\/fr\/wp-content\/uploads\/2025\/03\/5241c30e-9e0f-4a89-92d3-e8721efdd3f8.jpeg","datePublished":"2025-03-21T16:39:25+00:00","dateModified":"2025-03-21T16:39:26+00:00","breadcrumb":{"@id":"https:\/\/elmawkie.dz\/fr\/sidi-bel-abbes-gn-demantelement-dun-reseau-de-vol-de-betail\/#breadcrumb"},"inLanguage":"fr-FR","potentialAction":[{"@type":"ReadAction","target":["https:\/\/elmawkie.dz\/fr\/sidi-bel-abbes-gn-demantelement-dun-reseau-de-vol-de-betail\/"]}]},{"@type":"ImageObject","inLanguage":"fr-FR","@id":"https:\/\/elmawkie.dz\/fr\/sidi-bel-abbes-gn-demantelement-dun-reseau-de-vol-de-betail\/#primaryimage","url":"https:\/\/elmawkie.dz\/fr\/wp-content\/uploads\/2025\/03\/5241c30e-9e0f-4a89-92d3-e8721efdd3f8.jpeg","contentUrl":"https:\/\/elmawkie.dz\/fr\/wp-content\/uploads\/2025\/03\/5241c30e-9e0f-4a89-92d3-e8721efdd3f8.jpeg","width":1113,"height":619},{"@type":"BreadcrumbList","@id":"https:\/\/elmawkie.dz\/fr\/sidi-bel-abbes-gn-demantelement-dun-reseau-de-vol-de-betail\/#breadcrumb","itemListElement":[{"@type":"ListItem","position":1,"name":"Home","item":"https:\/\/elmawkie.dz\/fr\/"},{"@type":"ListItem","position":2,"name":"Sidi Bel Abb\u00e8s (GN): D\u00e9mant\u00e8lement d\u2019un r\u00e9seau de vol de b\u00e9tail"}]},{"@type":"WebSite","@id":"https:\/\/elmawkie.dz\/fr\/#website","url":"https:\/\/elmawkie.dz\/fr\/","name":"EL MAWKIE","description":"Journal \u00c9lectronique Alg\u00e9rien","publisher":{"@id":"https:\/\/elmawkie.dz\/fr\/#organization"},"potentialAction":[{"@type":"SearchAction","target":{"@type":"EntryPoint","urlTemplate":"https:\/\/elmawkie.dz\/fr\/?s={search_term_string}"},"query-input":"required name=search_term_string"}],"inLanguage":"fr-FR"},{"@type":"Organization","@id":"https:\/\/elmawkie.dz\/fr\/#organization","name":"EL MAWKIE","url":"https:\/\/elmawkie.dz\/fr\/","logo":{"@type":"ImageObject","inLanguage":"fr-FR","@id":"https:\/\/elmawkie.dz\/fr\/#\/schema\/logo\/image\/","url":"https:\/\/elmawkie.dz\/fr\/wp-content\/uploads\/2024\/05\/logo1.png","contentUrl":"https:\/\/elmawkie.dz\/fr\/wp-content\/uploads\/2024\/05\/logo1.png","width":1648,"height":652,"caption":"EL MAWKIE"},"image":{"@id":"https:\/\/elmawkie.dz\/fr\/#\/schema\/logo\/image\/"},"sameAs":["https:\/\/www.facebook.com\/profile.php?id=100088407094989&locale=fr_FR"]},{"@type":"Person","@id":"https:\/\/elmawkie.dz\/fr\/#\/schema\/person\/e7bd59d6467874ba5c4723d8a9f0a63c","name":"R\u00e9daction","image":{"@type":"ImageObject","inLanguage":"fr-FR","@id":"https:\/\/elmawkie.dz\/fr\/#\/schema\/person\/image\/","url":"https:\/\/secure.gravatar.com\/avatar\/f0f773456344da4d2788c054a3d30a0c?s=96&d=mm&r=g","contentUrl":"https:\/\/secure.gravatar.com\/avatar\/f0f773456344da4d2788c054a3d30a0c?s=96&d=mm&r=g","caption":"R\u00e9daction"},"url":"https:\/\/elmawkie.dz\/fr\/author\/redaction\/"}]}},"_links":{"self":[{"href":"https:\/\/elmawkie.dz\/fr\/wp-json\/wp\/v2\/posts\/48876","targetHints":{"allow":["GET"]}}],"collection":[{"href":"https:\/\/elmawkie.dz\/fr\/wp-json\/wp\/v2\/posts"}],"about":[{"href":"https:\/\/elmawkie.dz\/fr\/wp-json\/wp\/v2\/types\/post"}],"author":[{"embeddable":true,"href":"https:\/\/elmawkie.dz\/fr\/wp-json\/wp\/v2\/users\/9"}],"replies":[{"embeddable":true,"href":"https:\/\/elmawkie.dz\/fr\/wp-json\/wp\/v2\/comments?post=48876"}],"version-history":[{"count":1,"href":"https:\/\/elmawkie.dz\/fr\/wp-json\/wp\/v2\/posts\/48876\/revisions"}],"predecessor-version":[{"id":48879,"href":"https:\/\/elmawkie.dz\/fr\/wp-json\/wp\/v2\/posts\/48876\/revisions\/48879"}],"wp:featuredmedia":[{"embeddable":true,"href":"https:\/\/elmawkie.dz\/fr\/wp-json\/wp\/v2\/media\/48878"}],"wp:attachment":[{"href":"https:\/\/elmawkie.dz\/fr\/wp-json\/wp\/v2\/media?parent=48876"}],"wp:term":[{"taxonomy":"category","embeddable":true,"href":"https:\/\/elmawkie.dz\/fr\/wp-json\/wp\/v2\/categories?post=48876"},{"taxonomy":"post_tag","embeddable":true,"href":"https:\/\/elmawkie.dz\/fr\/wp-json\/wp\/v2\/tags?post=48876"}],"curies":[{"name":"wp","href":"https:\/\/api.w.org\/{rel}","templated":true}]}}