{"id":48799,"date":"2025-03-19T18:18:00","date_gmt":"2025-03-19T17:18:00","guid":{"rendered":"https:\/\/elmawkie.dz\/fr\/?p=48799"},"modified":"2025-03-19T18:18:01","modified_gmt":"2025-03-19T17:18:01","slug":"el-tarf-session-de-formation-a-lelevage-de-betail-pour-61-stagiaires","status":"publish","type":"post","link":"https:\/\/elmawkie.dz\/fr\/el-tarf-session-de-formation-a-lelevage-de-betail-pour-61-stagiaires\/","title":{"rendered":"El Tarf : session de formation \u00e0 l&rsquo;\u00e9levage de b\u00e9tail pour 61 stagiaires"},"content":{"rendered":"\n<p>Une session de formation \u00e0 l&rsquo;\u00e9levage de b\u00e9tail au profit de 61 stagiaires des deux sexes a \u00e9t\u00e9 ouverte mercredi au si\u00e8ge de la Chambre de l&rsquo;agriculture de la wilaya d&rsquo;El Tarf. Selon le pr\u00e9sident de la chambre, Sassi Laabadlia, cette session de trois jours est la quatri\u00e8me du genre \u00e0 \u00eatre organis\u00e9e dans le cadre du programme de la chambre lanc\u00e9 en octobre pass\u00e9 en coordination avec les deux directions des services agricoles et de la formation et de l&rsquo;enseignement professionnels. Il a \u00e9galement soulign\u00e9 que ces sessions, tenues dans le cadre de conventions conclues avec les divers partenaires, viennent mettre en \u0153uvre les orientations du pr\u00e9sident de la R\u00e9publique, M. Abdelmadjid Tebboune, qui a insist\u00e9 durant le r\u00e9cent Conseil des ministres sur l&rsquo;importance de la formation dans les fili\u00e8res agricoles, notamment strat\u00e9giques. Organis\u00e9e dans la commune de Souarekh, la troisi\u00e8me session avait cibl\u00e9 67 femmes au foyer, selon la m\u00eame source, qui a indiqu\u00e9 que la chambre de l&rsquo;agriculture \u0153uvre \u00e0 \u00e9tendre le programme de formation, notamment vers les localit\u00e9s rurales et foresti\u00e8res recul\u00e9es dont les habitants vivent de l&rsquo;activit\u00e9 agricole. La cheffe du service de production et soutien technique \u00e0 la direction des services agricoles (DSA), Zeina Djouidi, a soulign\u00e9 que les pr\u00e9c\u00e9dentes formations en apiculture, tenues la saison pass\u00e9e, ont \u00e9t\u00e9 \u00ab\u00a0couronn\u00e9es de succ\u00e8s\u00a0\u00bb et avaient b\u00e9n\u00e9fici\u00e9 \u00e0 500 stagiaires qui avaient chacun obtenu 10 ruches \u00e0 la faveur d&rsquo;un soutien de l&rsquo;Agence nationale de gestion du microcr\u00e9dit (ANGEM). Ce programme refl\u00e8te l&rsquo;engagement de l&rsquo;Etat pour le d\u00e9veloppement de la formation en agriculture, notamment dans les fili\u00e8res strat\u00e9giques pour consolider la s\u00e9curit\u00e9 alimentaire, soutenir l&rsquo;investissement dans les zones recul\u00e9es et encourager les jeunes et les femmes \u00e0 s&rsquo;impliquer dans l&rsquo;\u00e9conomie locale.<\/p>\n","protected":false},"excerpt":{"rendered":"<p>Une session de formation \u00e0 l&rsquo;\u00e9levage de b\u00e9tail au profit de 61 stagiaires des deux sexes a \u00e9t\u00e9 ouverte mercredi au si\u00e8ge de la Chambre de l&rsquo;agriculture de la wilaya d&rsquo;El Tarf. Selon le pr\u00e9sident de la chambre, Sassi Laabadlia, cette session de trois jours est la quatri\u00e8me du genre \u00e0 \u00eatre organis\u00e9e dans le &hellip;<\/p>\n","protected":false},"author":9,"featured_media":48801,"comment_status":"open","ping_status":"open","sticky":false,"template":"","format":"standard","meta":{"footnotes":""},"categories":[50],"tags":[3144,2358,3143],"class_list":["post-48799","post","type-post","status-publish","format-standard","has-post-thumbnail","hentry","category-region","tag-61-stagiaires","tag-el-tarf-2","tag-formation-de-lelevage"],"yoast_head":"<!-- This site is optimized with the Yoast SEO Premium plugin v22.6 (Yoast SEO v22.6) - https:\/\/yoast.com\/wordpress\/plugins\/seo\/ -->\n<title>El Tarf : session de formation \u00e0 l&#039;\u00e9levage de b\u00e9tail pour 61 stagiaires - El Mawkie<\/title>\n<meta name=\"robots\" content=\"index, follow, max-snippet:-1, max-image-preview:large, max-video-preview:-1\" \/>\n<link rel=\"canonical\" href=\"https:\/\/elmawkie.dz\/fr\/el-tarf-session-de-formation-a-lelevage-de-betail-pour-61-stagiaires\/\" \/>\n<meta property=\"og:locale\" content=\"fr_FR\" \/>\n<meta property=\"og:type\" content=\"article\" \/>\n<meta property=\"og:title\" content=\"El Tarf : session de formation \u00e0 l&#039;\u00e9levage de b\u00e9tail pour 61 stagiaires\" \/>\n<meta property=\"og:description\" content=\"Une session de formation \u00e0 l&rsquo;\u00e9levage de b\u00e9tail au profit de 61 stagiaires des deux sexes a \u00e9t\u00e9 ouverte mercredi au si\u00e8ge de la Chambre de l&rsquo;agriculture de la wilaya d&rsquo;El Tarf. Selon le pr\u00e9sident de la chambre, Sassi Laabadlia, cette session de trois jours est la quatri\u00e8me du genre \u00e0 \u00eatre organis\u00e9e dans le &hellip;\" \/>\n<meta property=\"og:url\" content=\"https:\/\/elmawkie.dz\/fr\/el-tarf-session-de-formation-a-lelevage-de-betail-pour-61-stagiaires\/\" \/>\n<meta property=\"og:site_name\" content=\"El Mawkie\" \/>\n<meta property=\"article:publisher\" content=\"https:\/\/www.facebook.com\/profile.php?id=100088407094989&amp;locale=fr_FR\" \/>\n<meta property=\"article:published_time\" content=\"2025-03-19T17:18:00+00:00\" \/>\n<meta property=\"article:modified_time\" content=\"2025-03-19T17:18:01+00:00\" \/>\n<meta property=\"og:image\" content=\"https:\/\/elmawkie.dz\/fr\/wp-content\/uploads\/2025\/03\/IMG_1668.jpeg\" \/>\n\t<meta property=\"og:image:width\" content=\"480\" \/>\n\t<meta property=\"og:image:height\" content=\"270\" \/>\n\t<meta property=\"og:image:type\" content=\"image\/jpeg\" \/>\n<meta name=\"author\" content=\"R\u00e9daction\" \/>\n<meta name=\"twitter:card\" content=\"summary_large_image\" \/>\n<meta name=\"twitter:label1\" content=\"Written by\" \/>\n\t<meta name=\"twitter:data1\" content=\"R\u00e9daction\" \/>\n\t<meta name=\"twitter:label2\" content=\"Est. reading time\" \/>\n\t<meta name=\"twitter:data2\" content=\"2 minutes\" \/>\n<script type=\"application\/ld+json\" class=\"yoast-schema-graph\">{\"@context\":\"https:\/\/schema.org\",\"@graph\":[{\"@type\":\"Article\",\"@id\":\"https:\/\/elmawkie.dz\/fr\/el-tarf-session-de-formation-a-lelevage-de-betail-pour-61-stagiaires\/#article\",\"isPartOf\":{\"@id\":\"https:\/\/elmawkie.dz\/fr\/el-tarf-session-de-formation-a-lelevage-de-betail-pour-61-stagiaires\/\"},\"author\":{\"name\":\"R\u00e9daction\",\"@id\":\"https:\/\/elmawkie.dz\/fr\/#\/schema\/person\/e7bd59d6467874ba5c4723d8a9f0a63c\"},\"headline\":\"El Tarf : session de formation \u00e0 l&rsquo;\u00e9levage de b\u00e9tail pour 61 stagiaires\",\"datePublished\":\"2025-03-19T17:18:00+00:00\",\"dateModified\":\"2025-03-19T17:18:01+00:00\",\"mainEntityOfPage\":{\"@id\":\"https:\/\/elmawkie.dz\/fr\/el-tarf-session-de-formation-a-lelevage-de-betail-pour-61-stagiaires\/\"},\"wordCount\":330,\"commentCount\":0,\"publisher\":{\"@id\":\"https:\/\/elmawkie.dz\/fr\/#organization\"},\"image\":{\"@id\":\"https:\/\/elmawkie.dz\/fr\/el-tarf-session-de-formation-a-lelevage-de-betail-pour-61-stagiaires\/#primaryimage\"},\"thumbnailUrl\":\"https:\/\/elmawkie.dz\/fr\/wp-content\/uploads\/2025\/03\/IMG_1668.jpeg\",\"keywords\":[\"61 stagiaires\",\"El Tarf\",\"Formation de l\u2019\u00e9levage\"],\"articleSection\":[\"R\u00e9gion\"],\"inLanguage\":\"fr-FR\",\"potentialAction\":[{\"@type\":\"CommentAction\",\"name\":\"Comment\",\"target\":[\"https:\/\/elmawkie.dz\/fr\/el-tarf-session-de-formation-a-lelevage-de-betail-pour-61-stagiaires\/#respond\"]}]},{\"@type\":\"WebPage\",\"@id\":\"https:\/\/elmawkie.dz\/fr\/el-tarf-session-de-formation-a-lelevage-de-betail-pour-61-stagiaires\/\",\"url\":\"https:\/\/elmawkie.dz\/fr\/el-tarf-session-de-formation-a-lelevage-de-betail-pour-61-stagiaires\/\",\"name\":\"El Tarf : session de formation \u00e0 l'\u00e9levage de b\u00e9tail pour 61 stagiaires - El Mawkie\",\"isPartOf\":{\"@id\":\"https:\/\/elmawkie.dz\/fr\/#website\"},\"primaryImageOfPage\":{\"@id\":\"https:\/\/elmawkie.dz\/fr\/el-tarf-session-de-formation-a-lelevage-de-betail-pour-61-stagiaires\/#primaryimage\"},\"image\":{\"@id\":\"https:\/\/elmawkie.dz\/fr\/el-tarf-session-de-formation-a-lelevage-de-betail-pour-61-stagiaires\/#primaryimage\"},\"thumbnailUrl\":\"https:\/\/elmawkie.dz\/fr\/wp-content\/uploads\/2025\/03\/IMG_1668.jpeg\",\"datePublished\":\"2025-03-19T17:18:00+00:00\",\"dateModified\":\"2025-03-19T17:18:01+00:00\",\"breadcrumb\":{\"@id\":\"https:\/\/elmawkie.dz\/fr\/el-tarf-session-de-formation-a-lelevage-de-betail-pour-61-stagiaires\/#breadcrumb\"},\"inLanguage\":\"fr-FR\",\"potentialAction\":[{\"@type\":\"ReadAction\",\"target\":[\"https:\/\/elmawkie.dz\/fr\/el-tarf-session-de-formation-a-lelevage-de-betail-pour-61-stagiaires\/\"]}]},{\"@type\":\"ImageObject\",\"inLanguage\":\"fr-FR\",\"@id\":\"https:\/\/elmawkie.dz\/fr\/el-tarf-session-de-formation-a-lelevage-de-betail-pour-61-stagiaires\/#primaryimage\",\"url\":\"https:\/\/elmawkie.dz\/fr\/wp-content\/uploads\/2025\/03\/IMG_1668.jpeg\",\"contentUrl\":\"https:\/\/elmawkie.dz\/fr\/wp-content\/uploads\/2025\/03\/IMG_1668.jpeg\",\"width\":480,\"height\":270},{\"@type\":\"BreadcrumbList\",\"@id\":\"https:\/\/elmawkie.dz\/fr\/el-tarf-session-de-formation-a-lelevage-de-betail-pour-61-stagiaires\/#breadcrumb\",\"itemListElement\":[{\"@type\":\"ListItem\",\"position\":1,\"name\":\"Home\",\"item\":\"https:\/\/elmawkie.dz\/fr\/\"},{\"@type\":\"ListItem\",\"position\":2,\"name\":\"El Tarf : session de formation \u00e0 l&rsquo;\u00e9levage de b\u00e9tail pour 61 stagiaires\"}]},{\"@type\":\"WebSite\",\"@id\":\"https:\/\/elmawkie.dz\/fr\/#website\",\"url\":\"https:\/\/elmawkie.dz\/fr\/\",\"name\":\"EL MAWKIE\",\"description\":\"Journal \u00c9lectronique Alg\u00e9rien\",\"publisher\":{\"@id\":\"https:\/\/elmawkie.dz\/fr\/#organization\"},\"potentialAction\":[{\"@type\":\"SearchAction\",\"target\":{\"@type\":\"EntryPoint\",\"urlTemplate\":\"https:\/\/elmawkie.dz\/fr\/?s={search_term_string}\"},\"query-input\":\"required name=search_term_string\"}],\"inLanguage\":\"fr-FR\"},{\"@type\":\"Organization\",\"@id\":\"https:\/\/elmawkie.dz\/fr\/#organization\",\"name\":\"EL MAWKIE\",\"url\":\"https:\/\/elmawkie.dz\/fr\/\",\"logo\":{\"@type\":\"ImageObject\",\"inLanguage\":\"fr-FR\",\"@id\":\"https:\/\/elmawkie.dz\/fr\/#\/schema\/logo\/image\/\",\"url\":\"https:\/\/elmawkie.dz\/fr\/wp-content\/uploads\/2024\/05\/logo1.png\",\"contentUrl\":\"https:\/\/elmawkie.dz\/fr\/wp-content\/uploads\/2024\/05\/logo1.png\",\"width\":1648,\"height\":652,\"caption\":\"EL MAWKIE\"},\"image\":{\"@id\":\"https:\/\/elmawkie.dz\/fr\/#\/schema\/logo\/image\/\"},\"sameAs\":[\"https:\/\/www.facebook.com\/profile.php?id=100088407094989&locale=fr_FR\"]},{\"@type\":\"Person\",\"@id\":\"https:\/\/elmawkie.dz\/fr\/#\/schema\/person\/e7bd59d6467874ba5c4723d8a9f0a63c\",\"name\":\"R\u00e9daction\",\"image\":{\"@type\":\"ImageObject\",\"inLanguage\":\"fr-FR\",\"@id\":\"https:\/\/elmawkie.dz\/fr\/#\/schema\/person\/image\/\",\"url\":\"https:\/\/secure.gravatar.com\/avatar\/f0f773456344da4d2788c054a3d30a0c?s=96&d=mm&r=g\",\"contentUrl\":\"https:\/\/secure.gravatar.com\/avatar\/f0f773456344da4d2788c054a3d30a0c?s=96&d=mm&r=g\",\"caption\":\"R\u00e9daction\"},\"url\":\"https:\/\/elmawkie.dz\/fr\/author\/redaction\/\"}]}<\/script>\n<!-- \/ Yoast SEO Premium plugin. -->","yoast_head_json":{"title":"El Tarf : session de formation \u00e0 l'\u00e9levage de b\u00e9tail pour 61 stagiaires - El Mawkie","robots":{"index":"index","follow":"follow","max-snippet":"max-snippet:-1","max-image-preview":"max-image-preview:large","max-video-preview":"max-video-preview:-1"},"canonical":"https:\/\/elmawkie.dz\/fr\/el-tarf-session-de-formation-a-lelevage-de-betail-pour-61-stagiaires\/","og_locale":"fr_FR","og_type":"article","og_title":"El Tarf : session de formation \u00e0 l'\u00e9levage de b\u00e9tail pour 61 stagiaires","og_description":"Une session de formation \u00e0 l&rsquo;\u00e9levage de b\u00e9tail au profit de 61 stagiaires des deux sexes a \u00e9t\u00e9 ouverte mercredi au si\u00e8ge de la Chambre de l&rsquo;agriculture de la wilaya d&rsquo;El Tarf. Selon le pr\u00e9sident de la chambre, Sassi Laabadlia, cette session de trois jours est la quatri\u00e8me du genre \u00e0 \u00eatre organis\u00e9e dans le &hellip;","og_url":"https:\/\/elmawkie.dz\/fr\/el-tarf-session-de-formation-a-lelevage-de-betail-pour-61-stagiaires\/","og_site_name":"El Mawkie","article_publisher":"https:\/\/www.facebook.com\/profile.php?id=100088407094989&locale=fr_FR","article_published_time":"2025-03-19T17:18:00+00:00","article_modified_time":"2025-03-19T17:18:01+00:00","og_image":[{"width":480,"height":270,"url":"https:\/\/elmawkie.dz\/fr\/wp-content\/uploads\/2025\/03\/IMG_1668.jpeg","type":"image\/jpeg"}],"author":"R\u00e9daction","twitter_card":"summary_large_image","twitter_misc":{"Written by":"R\u00e9daction","Est. reading time":"2 minutes"},"schema":{"@context":"https:\/\/schema.org","@graph":[{"@type":"Article","@id":"https:\/\/elmawkie.dz\/fr\/el-tarf-session-de-formation-a-lelevage-de-betail-pour-61-stagiaires\/#article","isPartOf":{"@id":"https:\/\/elmawkie.dz\/fr\/el-tarf-session-de-formation-a-lelevage-de-betail-pour-61-stagiaires\/"},"author":{"name":"R\u00e9daction","@id":"https:\/\/elmawkie.dz\/fr\/#\/schema\/person\/e7bd59d6467874ba5c4723d8a9f0a63c"},"headline":"El Tarf : session de formation \u00e0 l&rsquo;\u00e9levage de b\u00e9tail pour 61 stagiaires","datePublished":"2025-03-19T17:18:00+00:00","dateModified":"2025-03-19T17:18:01+00:00","mainEntityOfPage":{"@id":"https:\/\/elmawkie.dz\/fr\/el-tarf-session-de-formation-a-lelevage-de-betail-pour-61-stagiaires\/"},"wordCount":330,"commentCount":0,"publisher":{"@id":"https:\/\/elmawkie.dz\/fr\/#organization"},"image":{"@id":"https:\/\/elmawkie.dz\/fr\/el-tarf-session-de-formation-a-lelevage-de-betail-pour-61-stagiaires\/#primaryimage"},"thumbnailUrl":"https:\/\/elmawkie.dz\/fr\/wp-content\/uploads\/2025\/03\/IMG_1668.jpeg","keywords":["61 stagiaires","El Tarf","Formation de l\u2019\u00e9levage"],"articleSection":["R\u00e9gion"],"inLanguage":"fr-FR","potentialAction":[{"@type":"CommentAction","name":"Comment","target":["https:\/\/elmawkie.dz\/fr\/el-tarf-session-de-formation-a-lelevage-de-betail-pour-61-stagiaires\/#respond"]}]},{"@type":"WebPage","@id":"https:\/\/elmawkie.dz\/fr\/el-tarf-session-de-formation-a-lelevage-de-betail-pour-61-stagiaires\/","url":"https:\/\/elmawkie.dz\/fr\/el-tarf-session-de-formation-a-lelevage-de-betail-pour-61-stagiaires\/","name":"El Tarf : session de formation \u00e0 l'\u00e9levage de b\u00e9tail pour 61 stagiaires - El Mawkie","isPartOf":{"@id":"https:\/\/elmawkie.dz\/fr\/#website"},"primaryImageOfPage":{"@id":"https:\/\/elmawkie.dz\/fr\/el-tarf-session-de-formation-a-lelevage-de-betail-pour-61-stagiaires\/#primaryimage"},"image":{"@id":"https:\/\/elmawkie.dz\/fr\/el-tarf-session-de-formation-a-lelevage-de-betail-pour-61-stagiaires\/#primaryimage"},"thumbnailUrl":"https:\/\/elmawkie.dz\/fr\/wp-content\/uploads\/2025\/03\/IMG_1668.jpeg","datePublished":"2025-03-19T17:18:00+00:00","dateModified":"2025-03-19T17:18:01+00:00","breadcrumb":{"@id":"https:\/\/elmawkie.dz\/fr\/el-tarf-session-de-formation-a-lelevage-de-betail-pour-61-stagiaires\/#breadcrumb"},"inLanguage":"fr-FR","potentialAction":[{"@type":"ReadAction","target":["https:\/\/elmawkie.dz\/fr\/el-tarf-session-de-formation-a-lelevage-de-betail-pour-61-stagiaires\/"]}]},{"@type":"ImageObject","inLanguage":"fr-FR","@id":"https:\/\/elmawkie.dz\/fr\/el-tarf-session-de-formation-a-lelevage-de-betail-pour-61-stagiaires\/#primaryimage","url":"https:\/\/elmawkie.dz\/fr\/wp-content\/uploads\/2025\/03\/IMG_1668.jpeg","contentUrl":"https:\/\/elmawkie.dz\/fr\/wp-content\/uploads\/2025\/03\/IMG_1668.jpeg","width":480,"height":270},{"@type":"BreadcrumbList","@id":"https:\/\/elmawkie.dz\/fr\/el-tarf-session-de-formation-a-lelevage-de-betail-pour-61-stagiaires\/#breadcrumb","itemListElement":[{"@type":"ListItem","position":1,"name":"Home","item":"https:\/\/elmawkie.dz\/fr\/"},{"@type":"ListItem","position":2,"name":"El Tarf : session de formation \u00e0 l&rsquo;\u00e9levage de b\u00e9tail pour 61 stagiaires"}]},{"@type":"WebSite","@id":"https:\/\/elmawkie.dz\/fr\/#website","url":"https:\/\/elmawkie.dz\/fr\/","name":"EL MAWKIE","description":"Journal \u00c9lectronique Alg\u00e9rien","publisher":{"@id":"https:\/\/elmawkie.dz\/fr\/#organization"},"potentialAction":[{"@type":"SearchAction","target":{"@type":"EntryPoint","urlTemplate":"https:\/\/elmawkie.dz\/fr\/?s={search_term_string}"},"query-input":"required name=search_term_string"}],"inLanguage":"fr-FR"},{"@type":"Organization","@id":"https:\/\/elmawkie.dz\/fr\/#organization","name":"EL MAWKIE","url":"https:\/\/elmawkie.dz\/fr\/","logo":{"@type":"ImageObject","inLanguage":"fr-FR","@id":"https:\/\/elmawkie.dz\/fr\/#\/schema\/logo\/image\/","url":"https:\/\/elmawkie.dz\/fr\/wp-content\/uploads\/2024\/05\/logo1.png","contentUrl":"https:\/\/elmawkie.dz\/fr\/wp-content\/uploads\/2024\/05\/logo1.png","width":1648,"height":652,"caption":"EL MAWKIE"},"image":{"@id":"https:\/\/elmawkie.dz\/fr\/#\/schema\/logo\/image\/"},"sameAs":["https:\/\/www.facebook.com\/profile.php?id=100088407094989&locale=fr_FR"]},{"@type":"Person","@id":"https:\/\/elmawkie.dz\/fr\/#\/schema\/person\/e7bd59d6467874ba5c4723d8a9f0a63c","name":"R\u00e9daction","image":{"@type":"ImageObject","inLanguage":"fr-FR","@id":"https:\/\/elmawkie.dz\/fr\/#\/schema\/person\/image\/","url":"https:\/\/secure.gravatar.com\/avatar\/f0f773456344da4d2788c054a3d30a0c?s=96&d=mm&r=g","contentUrl":"https:\/\/secure.gravatar.com\/avatar\/f0f773456344da4d2788c054a3d30a0c?s=96&d=mm&r=g","caption":"R\u00e9daction"},"url":"https:\/\/elmawkie.dz\/fr\/author\/redaction\/"}]}},"_links":{"self":[{"href":"https:\/\/elmawkie.dz\/fr\/wp-json\/wp\/v2\/posts\/48799","targetHints":{"allow":["GET"]}}],"collection":[{"href":"https:\/\/elmawkie.dz\/fr\/wp-json\/wp\/v2\/posts"}],"about":[{"href":"https:\/\/elmawkie.dz\/fr\/wp-json\/wp\/v2\/types\/post"}],"author":[{"embeddable":true,"href":"https:\/\/elmawkie.dz\/fr\/wp-json\/wp\/v2\/users\/9"}],"replies":[{"embeddable":true,"href":"https:\/\/elmawkie.dz\/fr\/wp-json\/wp\/v2\/comments?post=48799"}],"version-history":[{"count":1,"href":"https:\/\/elmawkie.dz\/fr\/wp-json\/wp\/v2\/posts\/48799\/revisions"}],"predecessor-version":[{"id":48802,"href":"https:\/\/elmawkie.dz\/fr\/wp-json\/wp\/v2\/posts\/48799\/revisions\/48802"}],"wp:featuredmedia":[{"embeddable":true,"href":"https:\/\/elmawkie.dz\/fr\/wp-json\/wp\/v2\/media\/48801"}],"wp:attachment":[{"href":"https:\/\/elmawkie.dz\/fr\/wp-json\/wp\/v2\/media?parent=48799"}],"wp:term":[{"taxonomy":"category","embeddable":true,"href":"https:\/\/elmawkie.dz\/fr\/wp-json\/wp\/v2\/categories?post=48799"},{"taxonomy":"post_tag","embeddable":true,"href":"https:\/\/elmawkie.dz\/fr\/wp-json\/wp\/v2\/tags?post=48799"}],"curies":[{"name":"wp","href":"https:\/\/api.w.org\/{rel}","templated":true}]}}