{"id":48791,"date":"2025-03-19T17:26:22","date_gmt":"2025-03-19T16:26:22","guid":{"rendered":"https:\/\/elmawkie.dz\/fr\/?p=48791"},"modified":"2025-03-19T17:26:22","modified_gmt":"2025-03-19T16:26:22","slug":"maroc-des-centaines-de-personnes-manifestent-contre-la-normalisation-avec-lentite-sioniste","status":"publish","type":"post","link":"https:\/\/elmawkie.dz\/fr\/maroc-des-centaines-de-personnes-manifestent-contre-la-normalisation-avec-lentite-sioniste\/","title":{"rendered":"Maroc: des centaines de personnes manifestent\u00a0contre la normalisation avec l&rsquo;entit\u00e9 sioniste"},"content":{"rendered":"\n<p>Les rues des principales villes marocaines ont \u00e9t\u00e9 le th\u00e9\u00e2tre mardi soir, d&rsquo;une vague de manifestations massives durant lesquelles les Marocains ont exprim\u00e9 leur soutien \u00e0 la Palestine et exig\u00e9 la fin de toute forme de normalisation entre le r\u00e9gime du Makhzen et l&rsquo;entit\u00e9 sioniste qui a repris son agression g\u00e9nocidaire contre le peuple palestinien \u00e0 Ghaza, ont rapport\u00e9 des m\u00e9dias locaux. Des foules nombreuses ont pris part \u00e0 des manifestations \u00e0 Tanger, Rabat, F\u00e8s, Casablanca, Berkane et Agadir et scand\u00e9 \u00e0 l&rsquo;unisson des slogans tels que \u00ab\u00a0Le peuple veut la fin de la normalisation\u00a0\u00bb. Les manifestants ont brandi des drapeaux palestiniens et des banderoles d\u00e9non\u00e7ant l&rsquo;agression sioniste en cours contre le peuple palestinien, tout en r\u00e9affirmant leur rejet absolu de toute forme de normalisation avec l&rsquo;entit\u00e9 sioniste. A Rabat, des manifestants se sont rassembl\u00e9s devant le Parlement, soulignant que le sang des enfants, des femmes et des personnes \u00e2g\u00e9es de Ghaza ne serait pas un moyen de pression dans les n\u00e9gociations politiques. Dans le m\u00eame temps, les villes de Tanger, F\u00e8s et Casablanca ont \u00e9t\u00e9 le th\u00e9\u00e2tre de manifestations massives durant lesquelles les Marocains ont investi les rues principales pour exprimer leur col\u00e8re vis-\u00e0-vis des crimes abominables commis par l&rsquo;arm\u00e9e d&rsquo;occupation sioniste. Les manifestations se sont, en outre, \u00e9tendues \u00e0 plusieurs autres villes, dans lesquelles des milliers de personnes sont descendues dans les rues pour d\u00e9noncer l&rsquo;occupation sioniste, r\u00e9it\u00e9rer leur rejet de la normalisation et r\u00e9affirmer la solidarit\u00e9 totale des Marocains avec le peuple palestinien. Dans ce contexte, le Front marocain de soutien \u00e0 la Palestine et contre la normalisation a appel\u00e9 \u00e0 un rassemblement de protestation ce mercredi, \u00e0 T\u00e9touan pour r\u00e9affirmer son soutien au peuple palestinien jusqu&rsquo;\u00e0 ce qu&rsquo;il obtienne ses pleins droits, \u00e9lever la voix du peuple marocain contre la normalisation et renouveler l&rsquo;engagement selon lequel \u00ab\u00a0la protection de la Palestine est un devoir et la normalisation est une trahison\u00a0\u00bb. De son c\u00f4t\u00e9, l&rsquo;Union nationale des \u00e9tudiants marocains a condamn\u00e9 l&rsquo;agression sioniste contre la bande de Ghaza et la violation flagrante de l&rsquo;accord de cessez-le-feu, tout en appelant \u00e0 \u00ab\u00a0la suspension de tous les accords de normalisation sign\u00e9s avec l&rsquo;entit\u00e9 sioniste et \u00e0 l&rsquo;adoption de positions audacieuses \u00e0 la mesure de la phase sensible que nous traversons, et ce en soutien aux droits du peuple palestinien\u00a0\u00bb. Elle a notamment exprim\u00e9 sa volont\u00e9 de participer \u00e0 toutes les formes de lutte et de manifestations populaires de soutien \u00e0 la cause palestinienne et contre la normalisation, \u00ab\u00a0aux c\u00f4t\u00e9s d&rsquo;autres organismes et institutions de la soci\u00e9t\u00e9 civile\u00a0\u00bb. L&rsquo;Organisation du renouveau estudiantin a, pour sa part, condamn\u00e9 \u00ab\u00a0le mutisme (des autorit\u00e9s marocaines), qui ne se limite plus \u00e0 l&rsquo;impuissance et \u00e0 l&rsquo;inaction, mais s&rsquo;est transform\u00e9 en connivence flagrante avec l&rsquo;ennemi sioniste \u00e0 travers la normalisation affich\u00e9e et la coordination s\u00e9curitaire et \u00e9conomique, dans ce qui s&rsquo;apparente \u00e0 une trahison claire \u00e0 la nation musulmane et \u00e0 ses justes causes\u00a0\u00bb. Elle a renouvel\u00e9 son appel aux pays ayant normalis\u00e9 leurs relations avec l&rsquo;entit\u00e9 sioniste, et \u00e0 leur t\u00eate le Maroc, \u00ab\u00a0\u00e0 cesser toute forme de normalisation avec cette entit\u00e9 occupante, consid\u00e9rant que cette voie n&rsquo;a apport\u00e9 que de la honte et du d\u00e9shonneur, et qu&rsquo;elle est rejet\u00e9e par les peuples libres qui placent la cause palestinienne au c\u0153ur de leur conscience et de leur identit\u00e9\u00a0\u00bb.<\/p>\n","protected":false},"excerpt":{"rendered":"<p>Les rues des principales villes marocaines ont \u00e9t\u00e9 le th\u00e9\u00e2tre mardi soir, d&rsquo;une vague de manifestations massives durant lesquelles les Marocains ont exprim\u00e9 leur soutien \u00e0 la Palestine et exig\u00e9 la fin de toute forme de normalisation entre le r\u00e9gime du Makhzen et l&rsquo;entit\u00e9 sioniste qui a repris son agression g\u00e9nocidaire contre le peuple palestinien &hellip;<\/p>\n","protected":false},"author":9,"featured_media":48793,"comment_status":"open","ping_status":"open","sticky":false,"template":"","format":"standard","meta":{"footnotes":""},"categories":[44],"tags":[99,3142],"class_list":["post-48791","post","type-post","status-publish","format-standard","has-post-thumbnail","hentry","category-international","tag-maroc","tag-normalisation"],"yoast_head":"<!-- This site is optimized with the Yoast SEO Premium plugin v22.6 (Yoast SEO v22.6) - https:\/\/yoast.com\/wordpress\/plugins\/seo\/ -->\n<title>Maroc: des centaines de personnes manifestent\u00a0contre la normalisation avec l&#039;entit\u00e9 sioniste - El Mawkie<\/title>\n<meta name=\"robots\" content=\"index, follow, max-snippet:-1, max-image-preview:large, max-video-preview:-1\" \/>\n<link rel=\"canonical\" href=\"https:\/\/elmawkie.dz\/fr\/maroc-des-centaines-de-personnes-manifestent-contre-la-normalisation-avec-lentite-sioniste\/\" \/>\n<meta property=\"og:locale\" content=\"fr_FR\" \/>\n<meta property=\"og:type\" content=\"article\" \/>\n<meta property=\"og:title\" content=\"Maroc: des centaines de personnes manifestent\u00a0contre la normalisation avec l&#039;entit\u00e9 sioniste\" \/>\n<meta property=\"og:description\" content=\"Les rues des principales villes marocaines ont \u00e9t\u00e9 le th\u00e9\u00e2tre mardi soir, d&rsquo;une vague de manifestations massives durant lesquelles les Marocains ont exprim\u00e9 leur soutien \u00e0 la Palestine et exig\u00e9 la fin de toute forme de normalisation entre le r\u00e9gime du Makhzen et l&rsquo;entit\u00e9 sioniste qui a repris son agression g\u00e9nocidaire contre le peuple palestinien &hellip;\" \/>\n<meta property=\"og:url\" content=\"https:\/\/elmawkie.dz\/fr\/maroc-des-centaines-de-personnes-manifestent-contre-la-normalisation-avec-lentite-sioniste\/\" \/>\n<meta property=\"og:site_name\" content=\"El Mawkie\" \/>\n<meta property=\"article:publisher\" content=\"https:\/\/www.facebook.com\/profile.php?id=100088407094989&amp;locale=fr_FR\" \/>\n<meta property=\"article:published_time\" content=\"2025-03-19T16:26:22+00:00\" \/>\n<meta property=\"og:image\" content=\"https:\/\/elmawkie.dz\/fr\/wp-content\/uploads\/2025\/03\/IMG_1666.jpeg\" \/>\n\t<meta property=\"og:image:width\" content=\"739\" \/>\n\t<meta property=\"og:image:height\" content=\"415\" \/>\n\t<meta property=\"og:image:type\" content=\"image\/jpeg\" \/>\n<meta name=\"author\" content=\"R\u00e9daction\" \/>\n<meta name=\"twitter:card\" content=\"summary_large_image\" \/>\n<meta name=\"twitter:label1\" content=\"Written by\" \/>\n\t<meta name=\"twitter:data1\" content=\"R\u00e9daction\" \/>\n\t<meta name=\"twitter:label2\" content=\"Est. reading time\" \/>\n\t<meta name=\"twitter:data2\" content=\"3 minutes\" \/>\n<script type=\"application\/ld+json\" class=\"yoast-schema-graph\">{\"@context\":\"https:\/\/schema.org\",\"@graph\":[{\"@type\":\"Article\",\"@id\":\"https:\/\/elmawkie.dz\/fr\/maroc-des-centaines-de-personnes-manifestent-contre-la-normalisation-avec-lentite-sioniste\/#article\",\"isPartOf\":{\"@id\":\"https:\/\/elmawkie.dz\/fr\/maroc-des-centaines-de-personnes-manifestent-contre-la-normalisation-avec-lentite-sioniste\/\"},\"author\":{\"name\":\"R\u00e9daction\",\"@id\":\"https:\/\/elmawkie.dz\/fr\/#\/schema\/person\/e7bd59d6467874ba5c4723d8a9f0a63c\"},\"headline\":\"Maroc: des centaines de personnes manifestent\u00a0contre la normalisation avec l&rsquo;entit\u00e9 sioniste\",\"datePublished\":\"2025-03-19T16:26:22+00:00\",\"dateModified\":\"2025-03-19T16:26:22+00:00\",\"mainEntityOfPage\":{\"@id\":\"https:\/\/elmawkie.dz\/fr\/maroc-des-centaines-de-personnes-manifestent-contre-la-normalisation-avec-lentite-sioniste\/\"},\"wordCount\":596,\"commentCount\":0,\"publisher\":{\"@id\":\"https:\/\/elmawkie.dz\/fr\/#organization\"},\"image\":{\"@id\":\"https:\/\/elmawkie.dz\/fr\/maroc-des-centaines-de-personnes-manifestent-contre-la-normalisation-avec-lentite-sioniste\/#primaryimage\"},\"thumbnailUrl\":\"https:\/\/elmawkie.dz\/fr\/wp-content\/uploads\/2025\/03\/IMG_1666.jpeg\",\"keywords\":[\"Maroc\",\"Normalisation\"],\"articleSection\":[\"International\"],\"inLanguage\":\"fr-FR\",\"potentialAction\":[{\"@type\":\"CommentAction\",\"name\":\"Comment\",\"target\":[\"https:\/\/elmawkie.dz\/fr\/maroc-des-centaines-de-personnes-manifestent-contre-la-normalisation-avec-lentite-sioniste\/#respond\"]}]},{\"@type\":\"WebPage\",\"@id\":\"https:\/\/elmawkie.dz\/fr\/maroc-des-centaines-de-personnes-manifestent-contre-la-normalisation-avec-lentite-sioniste\/\",\"url\":\"https:\/\/elmawkie.dz\/fr\/maroc-des-centaines-de-personnes-manifestent-contre-la-normalisation-avec-lentite-sioniste\/\",\"name\":\"Maroc: des centaines de personnes manifestent\u00a0contre la normalisation avec l'entit\u00e9 sioniste - El Mawkie\",\"isPartOf\":{\"@id\":\"https:\/\/elmawkie.dz\/fr\/#website\"},\"primaryImageOfPage\":{\"@id\":\"https:\/\/elmawkie.dz\/fr\/maroc-des-centaines-de-personnes-manifestent-contre-la-normalisation-avec-lentite-sioniste\/#primaryimage\"},\"image\":{\"@id\":\"https:\/\/elmawkie.dz\/fr\/maroc-des-centaines-de-personnes-manifestent-contre-la-normalisation-avec-lentite-sioniste\/#primaryimage\"},\"thumbnailUrl\":\"https:\/\/elmawkie.dz\/fr\/wp-content\/uploads\/2025\/03\/IMG_1666.jpeg\",\"datePublished\":\"2025-03-19T16:26:22+00:00\",\"dateModified\":\"2025-03-19T16:26:22+00:00\",\"breadcrumb\":{\"@id\":\"https:\/\/elmawkie.dz\/fr\/maroc-des-centaines-de-personnes-manifestent-contre-la-normalisation-avec-lentite-sioniste\/#breadcrumb\"},\"inLanguage\":\"fr-FR\",\"potentialAction\":[{\"@type\":\"ReadAction\",\"target\":[\"https:\/\/elmawkie.dz\/fr\/maroc-des-centaines-de-personnes-manifestent-contre-la-normalisation-avec-lentite-sioniste\/\"]}]},{\"@type\":\"ImageObject\",\"inLanguage\":\"fr-FR\",\"@id\":\"https:\/\/elmawkie.dz\/fr\/maroc-des-centaines-de-personnes-manifestent-contre-la-normalisation-avec-lentite-sioniste\/#primaryimage\",\"url\":\"https:\/\/elmawkie.dz\/fr\/wp-content\/uploads\/2025\/03\/IMG_1666.jpeg\",\"contentUrl\":\"https:\/\/elmawkie.dz\/fr\/wp-content\/uploads\/2025\/03\/IMG_1666.jpeg\",\"width\":739,\"height\":415},{\"@type\":\"BreadcrumbList\",\"@id\":\"https:\/\/elmawkie.dz\/fr\/maroc-des-centaines-de-personnes-manifestent-contre-la-normalisation-avec-lentite-sioniste\/#breadcrumb\",\"itemListElement\":[{\"@type\":\"ListItem\",\"position\":1,\"name\":\"Home\",\"item\":\"https:\/\/elmawkie.dz\/fr\/\"},{\"@type\":\"ListItem\",\"position\":2,\"name\":\"Maroc: des centaines de personnes manifestent\u00a0contre la normalisation avec l&rsquo;entit\u00e9 sioniste\"}]},{\"@type\":\"WebSite\",\"@id\":\"https:\/\/elmawkie.dz\/fr\/#website\",\"url\":\"https:\/\/elmawkie.dz\/fr\/\",\"name\":\"EL MAWKIE\",\"description\":\"Journal \u00c9lectronique Alg\u00e9rien\",\"publisher\":{\"@id\":\"https:\/\/elmawkie.dz\/fr\/#organization\"},\"potentialAction\":[{\"@type\":\"SearchAction\",\"target\":{\"@type\":\"EntryPoint\",\"urlTemplate\":\"https:\/\/elmawkie.dz\/fr\/?s={search_term_string}\"},\"query-input\":\"required name=search_term_string\"}],\"inLanguage\":\"fr-FR\"},{\"@type\":\"Organization\",\"@id\":\"https:\/\/elmawkie.dz\/fr\/#organization\",\"name\":\"EL MAWKIE\",\"url\":\"https:\/\/elmawkie.dz\/fr\/\",\"logo\":{\"@type\":\"ImageObject\",\"inLanguage\":\"fr-FR\",\"@id\":\"https:\/\/elmawkie.dz\/fr\/#\/schema\/logo\/image\/\",\"url\":\"https:\/\/elmawkie.dz\/fr\/wp-content\/uploads\/2024\/05\/logo1.png\",\"contentUrl\":\"https:\/\/elmawkie.dz\/fr\/wp-content\/uploads\/2024\/05\/logo1.png\",\"width\":1648,\"height\":652,\"caption\":\"EL MAWKIE\"},\"image\":{\"@id\":\"https:\/\/elmawkie.dz\/fr\/#\/schema\/logo\/image\/\"},\"sameAs\":[\"https:\/\/www.facebook.com\/profile.php?id=100088407094989&locale=fr_FR\"]},{\"@type\":\"Person\",\"@id\":\"https:\/\/elmawkie.dz\/fr\/#\/schema\/person\/e7bd59d6467874ba5c4723d8a9f0a63c\",\"name\":\"R\u00e9daction\",\"image\":{\"@type\":\"ImageObject\",\"inLanguage\":\"fr-FR\",\"@id\":\"https:\/\/elmawkie.dz\/fr\/#\/schema\/person\/image\/\",\"url\":\"https:\/\/secure.gravatar.com\/avatar\/f0f773456344da4d2788c054a3d30a0c?s=96&d=mm&r=g\",\"contentUrl\":\"https:\/\/secure.gravatar.com\/avatar\/f0f773456344da4d2788c054a3d30a0c?s=96&d=mm&r=g\",\"caption\":\"R\u00e9daction\"},\"url\":\"https:\/\/elmawkie.dz\/fr\/author\/redaction\/\"}]}<\/script>\n<!-- \/ Yoast SEO Premium plugin. -->","yoast_head_json":{"title":"Maroc: des centaines de personnes manifestent\u00a0contre la normalisation avec l'entit\u00e9 sioniste - El Mawkie","robots":{"index":"index","follow":"follow","max-snippet":"max-snippet:-1","max-image-preview":"max-image-preview:large","max-video-preview":"max-video-preview:-1"},"canonical":"https:\/\/elmawkie.dz\/fr\/maroc-des-centaines-de-personnes-manifestent-contre-la-normalisation-avec-lentite-sioniste\/","og_locale":"fr_FR","og_type":"article","og_title":"Maroc: des centaines de personnes manifestent\u00a0contre la normalisation avec l'entit\u00e9 sioniste","og_description":"Les rues des principales villes marocaines ont \u00e9t\u00e9 le th\u00e9\u00e2tre mardi soir, d&rsquo;une vague de manifestations massives durant lesquelles les Marocains ont exprim\u00e9 leur soutien \u00e0 la Palestine et exig\u00e9 la fin de toute forme de normalisation entre le r\u00e9gime du Makhzen et l&rsquo;entit\u00e9 sioniste qui a repris son agression g\u00e9nocidaire contre le peuple palestinien &hellip;","og_url":"https:\/\/elmawkie.dz\/fr\/maroc-des-centaines-de-personnes-manifestent-contre-la-normalisation-avec-lentite-sioniste\/","og_site_name":"El Mawkie","article_publisher":"https:\/\/www.facebook.com\/profile.php?id=100088407094989&locale=fr_FR","article_published_time":"2025-03-19T16:26:22+00:00","og_image":[{"width":739,"height":415,"url":"https:\/\/elmawkie.dz\/fr\/wp-content\/uploads\/2025\/03\/IMG_1666.jpeg","type":"image\/jpeg"}],"author":"R\u00e9daction","twitter_card":"summary_large_image","twitter_misc":{"Written by":"R\u00e9daction","Est. reading time":"3 minutes"},"schema":{"@context":"https:\/\/schema.org","@graph":[{"@type":"Article","@id":"https:\/\/elmawkie.dz\/fr\/maroc-des-centaines-de-personnes-manifestent-contre-la-normalisation-avec-lentite-sioniste\/#article","isPartOf":{"@id":"https:\/\/elmawkie.dz\/fr\/maroc-des-centaines-de-personnes-manifestent-contre-la-normalisation-avec-lentite-sioniste\/"},"author":{"name":"R\u00e9daction","@id":"https:\/\/elmawkie.dz\/fr\/#\/schema\/person\/e7bd59d6467874ba5c4723d8a9f0a63c"},"headline":"Maroc: des centaines de personnes manifestent\u00a0contre la normalisation avec l&rsquo;entit\u00e9 sioniste","datePublished":"2025-03-19T16:26:22+00:00","dateModified":"2025-03-19T16:26:22+00:00","mainEntityOfPage":{"@id":"https:\/\/elmawkie.dz\/fr\/maroc-des-centaines-de-personnes-manifestent-contre-la-normalisation-avec-lentite-sioniste\/"},"wordCount":596,"commentCount":0,"publisher":{"@id":"https:\/\/elmawkie.dz\/fr\/#organization"},"image":{"@id":"https:\/\/elmawkie.dz\/fr\/maroc-des-centaines-de-personnes-manifestent-contre-la-normalisation-avec-lentite-sioniste\/#primaryimage"},"thumbnailUrl":"https:\/\/elmawkie.dz\/fr\/wp-content\/uploads\/2025\/03\/IMG_1666.jpeg","keywords":["Maroc","Normalisation"],"articleSection":["International"],"inLanguage":"fr-FR","potentialAction":[{"@type":"CommentAction","name":"Comment","target":["https:\/\/elmawkie.dz\/fr\/maroc-des-centaines-de-personnes-manifestent-contre-la-normalisation-avec-lentite-sioniste\/#respond"]}]},{"@type":"WebPage","@id":"https:\/\/elmawkie.dz\/fr\/maroc-des-centaines-de-personnes-manifestent-contre-la-normalisation-avec-lentite-sioniste\/","url":"https:\/\/elmawkie.dz\/fr\/maroc-des-centaines-de-personnes-manifestent-contre-la-normalisation-avec-lentite-sioniste\/","name":"Maroc: des centaines de personnes manifestent\u00a0contre la normalisation avec l'entit\u00e9 sioniste - El Mawkie","isPartOf":{"@id":"https:\/\/elmawkie.dz\/fr\/#website"},"primaryImageOfPage":{"@id":"https:\/\/elmawkie.dz\/fr\/maroc-des-centaines-de-personnes-manifestent-contre-la-normalisation-avec-lentite-sioniste\/#primaryimage"},"image":{"@id":"https:\/\/elmawkie.dz\/fr\/maroc-des-centaines-de-personnes-manifestent-contre-la-normalisation-avec-lentite-sioniste\/#primaryimage"},"thumbnailUrl":"https:\/\/elmawkie.dz\/fr\/wp-content\/uploads\/2025\/03\/IMG_1666.jpeg","datePublished":"2025-03-19T16:26:22+00:00","dateModified":"2025-03-19T16:26:22+00:00","breadcrumb":{"@id":"https:\/\/elmawkie.dz\/fr\/maroc-des-centaines-de-personnes-manifestent-contre-la-normalisation-avec-lentite-sioniste\/#breadcrumb"},"inLanguage":"fr-FR","potentialAction":[{"@type":"ReadAction","target":["https:\/\/elmawkie.dz\/fr\/maroc-des-centaines-de-personnes-manifestent-contre-la-normalisation-avec-lentite-sioniste\/"]}]},{"@type":"ImageObject","inLanguage":"fr-FR","@id":"https:\/\/elmawkie.dz\/fr\/maroc-des-centaines-de-personnes-manifestent-contre-la-normalisation-avec-lentite-sioniste\/#primaryimage","url":"https:\/\/elmawkie.dz\/fr\/wp-content\/uploads\/2025\/03\/IMG_1666.jpeg","contentUrl":"https:\/\/elmawkie.dz\/fr\/wp-content\/uploads\/2025\/03\/IMG_1666.jpeg","width":739,"height":415},{"@type":"BreadcrumbList","@id":"https:\/\/elmawkie.dz\/fr\/maroc-des-centaines-de-personnes-manifestent-contre-la-normalisation-avec-lentite-sioniste\/#breadcrumb","itemListElement":[{"@type":"ListItem","position":1,"name":"Home","item":"https:\/\/elmawkie.dz\/fr\/"},{"@type":"ListItem","position":2,"name":"Maroc: des centaines de personnes manifestent\u00a0contre la normalisation avec l&rsquo;entit\u00e9 sioniste"}]},{"@type":"WebSite","@id":"https:\/\/elmawkie.dz\/fr\/#website","url":"https:\/\/elmawkie.dz\/fr\/","name":"EL MAWKIE","description":"Journal \u00c9lectronique Alg\u00e9rien","publisher":{"@id":"https:\/\/elmawkie.dz\/fr\/#organization"},"potentialAction":[{"@type":"SearchAction","target":{"@type":"EntryPoint","urlTemplate":"https:\/\/elmawkie.dz\/fr\/?s={search_term_string}"},"query-input":"required name=search_term_string"}],"inLanguage":"fr-FR"},{"@type":"Organization","@id":"https:\/\/elmawkie.dz\/fr\/#organization","name":"EL MAWKIE","url":"https:\/\/elmawkie.dz\/fr\/","logo":{"@type":"ImageObject","inLanguage":"fr-FR","@id":"https:\/\/elmawkie.dz\/fr\/#\/schema\/logo\/image\/","url":"https:\/\/elmawkie.dz\/fr\/wp-content\/uploads\/2024\/05\/logo1.png","contentUrl":"https:\/\/elmawkie.dz\/fr\/wp-content\/uploads\/2024\/05\/logo1.png","width":1648,"height":652,"caption":"EL MAWKIE"},"image":{"@id":"https:\/\/elmawkie.dz\/fr\/#\/schema\/logo\/image\/"},"sameAs":["https:\/\/www.facebook.com\/profile.php?id=100088407094989&locale=fr_FR"]},{"@type":"Person","@id":"https:\/\/elmawkie.dz\/fr\/#\/schema\/person\/e7bd59d6467874ba5c4723d8a9f0a63c","name":"R\u00e9daction","image":{"@type":"ImageObject","inLanguage":"fr-FR","@id":"https:\/\/elmawkie.dz\/fr\/#\/schema\/person\/image\/","url":"https:\/\/secure.gravatar.com\/avatar\/f0f773456344da4d2788c054a3d30a0c?s=96&d=mm&r=g","contentUrl":"https:\/\/secure.gravatar.com\/avatar\/f0f773456344da4d2788c054a3d30a0c?s=96&d=mm&r=g","caption":"R\u00e9daction"},"url":"https:\/\/elmawkie.dz\/fr\/author\/redaction\/"}]}},"_links":{"self":[{"href":"https:\/\/elmawkie.dz\/fr\/wp-json\/wp\/v2\/posts\/48791","targetHints":{"allow":["GET"]}}],"collection":[{"href":"https:\/\/elmawkie.dz\/fr\/wp-json\/wp\/v2\/posts"}],"about":[{"href":"https:\/\/elmawkie.dz\/fr\/wp-json\/wp\/v2\/types\/post"}],"author":[{"embeddable":true,"href":"https:\/\/elmawkie.dz\/fr\/wp-json\/wp\/v2\/users\/9"}],"replies":[{"embeddable":true,"href":"https:\/\/elmawkie.dz\/fr\/wp-json\/wp\/v2\/comments?post=48791"}],"version-history":[{"count":1,"href":"https:\/\/elmawkie.dz\/fr\/wp-json\/wp\/v2\/posts\/48791\/revisions"}],"predecessor-version":[{"id":48794,"href":"https:\/\/elmawkie.dz\/fr\/wp-json\/wp\/v2\/posts\/48791\/revisions\/48794"}],"wp:featuredmedia":[{"embeddable":true,"href":"https:\/\/elmawkie.dz\/fr\/wp-json\/wp\/v2\/media\/48793"}],"wp:attachment":[{"href":"https:\/\/elmawkie.dz\/fr\/wp-json\/wp\/v2\/media?parent=48791"}],"wp:term":[{"taxonomy":"category","embeddable":true,"href":"https:\/\/elmawkie.dz\/fr\/wp-json\/wp\/v2\/categories?post=48791"},{"taxonomy":"post_tag","embeddable":true,"href":"https:\/\/elmawkie.dz\/fr\/wp-json\/wp\/v2\/tags?post=48791"}],"curies":[{"name":"wp","href":"https:\/\/api.w.org\/{rel}","templated":true}]}}