{"id":48726,"date":"2025-03-18T17:30:04","date_gmt":"2025-03-18T16:30:04","guid":{"rendered":"https:\/\/elmawkie.dz\/fr\/?p=48726"},"modified":"2025-03-18T17:30:05","modified_gmt":"2025-03-18T16:30:05","slug":"fete-de-la-victoire-pose-de-la-premiere-pierre-de-projets-et-lancement-et-inauguration-dautres-a-sidi-bel-abbes","status":"publish","type":"post","link":"https:\/\/elmawkie.dz\/fr\/fete-de-la-victoire-pose-de-la-premiere-pierre-de-projets-et-lancement-et-inauguration-dautres-a-sidi-bel-abbes\/","title":{"rendered":"F\u00eate de la victoire: pose de la premi\u00e8re pierre de projets et lancement et inauguration d&rsquo;autres \u00e0 Sidi Bel-Abb\u00e8s"},"content":{"rendered":"\n<p>Les autorit\u00e9s de la wilaya de Sidi Bel-Abb\u00e8s ont proc\u00e9d\u00e9, mardi, \u00e0 la pose de la premi\u00e8re pierre de projets et au lancement, inauguration et mise en service de plusieurs autres touchant diff\u00e9rents secteurs, dans le cadre de la f\u00eate de la victoire, c\u00e9l\u00e9br\u00e9e le 19 mars de chaque ann\u00e9e, a-t-on constat\u00e9. A cette occasion, la premi\u00e8re pierre a \u00e9t\u00e9 pos\u00e9e pour la r\u00e9alisation de 360 logements publics locatifs dans la commune de Telmouny, ainsi que pour la construction d&rsquo;une polyclinique dans le quartier des 2060 logements de cette m\u00eame localit\u00e9. Dans la commune de Belarbi, la premi\u00e8re pierre d&rsquo;un projet de 40 logements de m\u00eame type a \u00e9t\u00e9 pos\u00e9e et des raccordements aux r\u00e9seaux de gaz naturel et d\u2019\u00e9lectricit\u00e9 ont \u00e9t\u00e9 mis en service au profit de 18 familles \u00e0 la ferme Fr\u00e8res Youb Hafi. A la commune de Zerouala, a \u00e9t\u00e9 pos\u00e9e la premi\u00e8re pierre d&rsquo;un projet de 30 logements publics locatifs, en plus de la mise en service du r\u00e9seau de gaz naturel pour 16 familles \u00e0 la ferme num\u00e9ro 5. Dans la commune de Most\u00e9fa Benbrahim, la premi\u00e8re pierre a \u00e9t\u00e9 pos\u00e9e pour un projet de 60 logements publics locatifs . Au chef-lieu de wilaya, le projet de r\u00e9alisation de 40 logements promotionnels aid\u00e9s LPA sur le chemin de Zerouala a \u00e9t\u00e9 relanc\u00e9, avec la pose de la premi\u00e8re pierre pour la construction d\u2019une polyclinique \u00e0 la cit\u00e9 des 1440 logements au chemin de Zerouala et celle de 260 logements publics locatifs au quartier de Beni Ameur. En outre, la polyclinique de r\u00e9f\u00e9rence, qui offre des services 24 heures sur 24 et situ\u00e9e dans le quartier Mimoune a \u00e9t\u00e9 mise en service. Les autorit\u00e9s locales ont \u00e9galement donn\u00e9 le coup d&rsquo;envoi des travaux de l\u2019am\u00e9nagement ext\u00e9rieur de la sortie-nord de la commune de Sidi Bel-Abb\u00e8s, ainsi que l&rsquo;inauguration d&rsquo;un centre de stockage des c\u00e9r\u00e9ales situ\u00e9 dans le quartier de la Libert\u00e9. Un projet de r\u00e9alisation de 59 logements sociaux participatifs a \u00e9t\u00e9 relanc\u00e9 \u00e0 la place de Mactaa 2 et la premi\u00e8re pierre de projets de construction de logements promotionnels aid\u00e9s LPA y a \u00e9t\u00e9 pos\u00e9e. Les festivit\u00e9s c\u00e9l\u00e9brant la f\u00eate de la victoire se poursuivront, demain mercredi, selon le programme pr\u00e9vu qui comprend des hommages \u00e0 plusieurs moudjahidine et ayants droit, la pose de la premi\u00e8re pierre, le lancement et l\u2019inauguration de 64 projets dans dix secteurs \u00e0 travers 35 communes, ainsi que le lancement d\u2019activit\u00e9s culturelles, sportives et de caravanes de solidarit\u00e9.<\/p>\n","protected":false},"excerpt":{"rendered":"<p>Les autorit\u00e9s de la wilaya de Sidi Bel-Abb\u00e8s ont proc\u00e9d\u00e9, mardi, \u00e0 la pose de la premi\u00e8re pierre de projets et au lancement, inauguration et mise en service de plusieurs autres touchant diff\u00e9rents secteurs, dans le cadre de la f\u00eate de la victoire, c\u00e9l\u00e9br\u00e9e le 19 mars de chaque ann\u00e9e, a-t-on constat\u00e9. A cette occasion, &hellip;<\/p>\n","protected":false},"author":9,"featured_media":48728,"comment_status":"open","ping_status":"open","sticky":false,"template":"","format":"standard","meta":{"footnotes":""},"categories":[50],"tags":[3119,2269],"class_list":["post-48726","post","type-post","status-publish","format-standard","has-post-thumbnail","hentry","category-region","tag-fete-de-la-victoire","tag-sidi-bel-abbes"],"yoast_head":"<!-- This site is optimized with the Yoast SEO Premium plugin v22.6 (Yoast SEO v22.6) - https:\/\/yoast.com\/wordpress\/plugins\/seo\/ -->\n<title>F\u00eate de la victoire: pose de la premi\u00e8re pierre de projets et lancement et inauguration d&#039;autres \u00e0 Sidi Bel-Abb\u00e8s - El Mawkie<\/title>\n<meta name=\"robots\" content=\"index, follow, max-snippet:-1, max-image-preview:large, max-video-preview:-1\" \/>\n<link rel=\"canonical\" href=\"https:\/\/elmawkie.dz\/fr\/fete-de-la-victoire-pose-de-la-premiere-pierre-de-projets-et-lancement-et-inauguration-dautres-a-sidi-bel-abbes\/\" \/>\n<meta property=\"og:locale\" content=\"fr_FR\" \/>\n<meta property=\"og:type\" content=\"article\" \/>\n<meta property=\"og:title\" content=\"F\u00eate de la victoire: pose de la premi\u00e8re pierre de projets et lancement et inauguration d&#039;autres \u00e0 Sidi Bel-Abb\u00e8s\" \/>\n<meta property=\"og:description\" content=\"Les autorit\u00e9s de la wilaya de Sidi Bel-Abb\u00e8s ont proc\u00e9d\u00e9, mardi, \u00e0 la pose de la premi\u00e8re pierre de projets et au lancement, inauguration et mise en service de plusieurs autres touchant diff\u00e9rents secteurs, dans le cadre de la f\u00eate de la victoire, c\u00e9l\u00e9br\u00e9e le 19 mars de chaque ann\u00e9e, a-t-on constat\u00e9. A cette occasion, &hellip;\" \/>\n<meta property=\"og:url\" content=\"https:\/\/elmawkie.dz\/fr\/fete-de-la-victoire-pose-de-la-premiere-pierre-de-projets-et-lancement-et-inauguration-dautres-a-sidi-bel-abbes\/\" \/>\n<meta property=\"og:site_name\" content=\"El Mawkie\" \/>\n<meta property=\"article:publisher\" content=\"https:\/\/www.facebook.com\/profile.php?id=100088407094989&amp;locale=fr_FR\" \/>\n<meta property=\"article:published_time\" content=\"2025-03-18T16:30:04+00:00\" \/>\n<meta property=\"article:modified_time\" content=\"2025-03-18T16:30:05+00:00\" \/>\n<meta property=\"og:image\" content=\"https:\/\/elmawkie.dz\/fr\/wp-content\/uploads\/2025\/03\/IMG_1584.jpeg\" \/>\n\t<meta property=\"og:image:width\" content=\"960\" \/>\n\t<meta property=\"og:image:height\" content=\"640\" \/>\n\t<meta property=\"og:image:type\" content=\"image\/jpeg\" \/>\n<meta name=\"author\" content=\"R\u00e9daction\" \/>\n<meta name=\"twitter:card\" content=\"summary_large_image\" \/>\n<meta name=\"twitter:label1\" content=\"Written by\" \/>\n\t<meta name=\"twitter:data1\" content=\"R\u00e9daction\" \/>\n\t<meta name=\"twitter:label2\" content=\"Est. reading time\" \/>\n\t<meta name=\"twitter:data2\" content=\"3 minutes\" \/>\n<script type=\"application\/ld+json\" class=\"yoast-schema-graph\">{\"@context\":\"https:\/\/schema.org\",\"@graph\":[{\"@type\":\"Article\",\"@id\":\"https:\/\/elmawkie.dz\/fr\/fete-de-la-victoire-pose-de-la-premiere-pierre-de-projets-et-lancement-et-inauguration-dautres-a-sidi-bel-abbes\/#article\",\"isPartOf\":{\"@id\":\"https:\/\/elmawkie.dz\/fr\/fete-de-la-victoire-pose-de-la-premiere-pierre-de-projets-et-lancement-et-inauguration-dautres-a-sidi-bel-abbes\/\"},\"author\":{\"name\":\"R\u00e9daction\",\"@id\":\"https:\/\/elmawkie.dz\/fr\/#\/schema\/person\/e7bd59d6467874ba5c4723d8a9f0a63c\"},\"headline\":\"F\u00eate de la victoire: pose de la premi\u00e8re pierre de projets et lancement et inauguration d&rsquo;autres \u00e0 Sidi Bel-Abb\u00e8s\",\"datePublished\":\"2025-03-18T16:30:04+00:00\",\"dateModified\":\"2025-03-18T16:30:05+00:00\",\"mainEntityOfPage\":{\"@id\":\"https:\/\/elmawkie.dz\/fr\/fete-de-la-victoire-pose-de-la-premiere-pierre-de-projets-et-lancement-et-inauguration-dautres-a-sidi-bel-abbes\/\"},\"wordCount\":464,\"commentCount\":0,\"publisher\":{\"@id\":\"https:\/\/elmawkie.dz\/fr\/#organization\"},\"image\":{\"@id\":\"https:\/\/elmawkie.dz\/fr\/fete-de-la-victoire-pose-de-la-premiere-pierre-de-projets-et-lancement-et-inauguration-dautres-a-sidi-bel-abbes\/#primaryimage\"},\"thumbnailUrl\":\"https:\/\/elmawkie.dz\/fr\/wp-content\/uploads\/2025\/03\/IMG_1584.jpeg\",\"keywords\":[\"F\u00eate de la victoire\",\"Sidi Bel-Abbes\"],\"articleSection\":[\"R\u00e9gion\"],\"inLanguage\":\"fr-FR\",\"potentialAction\":[{\"@type\":\"CommentAction\",\"name\":\"Comment\",\"target\":[\"https:\/\/elmawkie.dz\/fr\/fete-de-la-victoire-pose-de-la-premiere-pierre-de-projets-et-lancement-et-inauguration-dautres-a-sidi-bel-abbes\/#respond\"]}]},{\"@type\":\"WebPage\",\"@id\":\"https:\/\/elmawkie.dz\/fr\/fete-de-la-victoire-pose-de-la-premiere-pierre-de-projets-et-lancement-et-inauguration-dautres-a-sidi-bel-abbes\/\",\"url\":\"https:\/\/elmawkie.dz\/fr\/fete-de-la-victoire-pose-de-la-premiere-pierre-de-projets-et-lancement-et-inauguration-dautres-a-sidi-bel-abbes\/\",\"name\":\"F\u00eate de la victoire: pose de la premi\u00e8re pierre de projets et lancement et inauguration d'autres \u00e0 Sidi Bel-Abb\u00e8s - El Mawkie\",\"isPartOf\":{\"@id\":\"https:\/\/elmawkie.dz\/fr\/#website\"},\"primaryImageOfPage\":{\"@id\":\"https:\/\/elmawkie.dz\/fr\/fete-de-la-victoire-pose-de-la-premiere-pierre-de-projets-et-lancement-et-inauguration-dautres-a-sidi-bel-abbes\/#primaryimage\"},\"image\":{\"@id\":\"https:\/\/elmawkie.dz\/fr\/fete-de-la-victoire-pose-de-la-premiere-pierre-de-projets-et-lancement-et-inauguration-dautres-a-sidi-bel-abbes\/#primaryimage\"},\"thumbnailUrl\":\"https:\/\/elmawkie.dz\/fr\/wp-content\/uploads\/2025\/03\/IMG_1584.jpeg\",\"datePublished\":\"2025-03-18T16:30:04+00:00\",\"dateModified\":\"2025-03-18T16:30:05+00:00\",\"breadcrumb\":{\"@id\":\"https:\/\/elmawkie.dz\/fr\/fete-de-la-victoire-pose-de-la-premiere-pierre-de-projets-et-lancement-et-inauguration-dautres-a-sidi-bel-abbes\/#breadcrumb\"},\"inLanguage\":\"fr-FR\",\"potentialAction\":[{\"@type\":\"ReadAction\",\"target\":[\"https:\/\/elmawkie.dz\/fr\/fete-de-la-victoire-pose-de-la-premiere-pierre-de-projets-et-lancement-et-inauguration-dautres-a-sidi-bel-abbes\/\"]}]},{\"@type\":\"ImageObject\",\"inLanguage\":\"fr-FR\",\"@id\":\"https:\/\/elmawkie.dz\/fr\/fete-de-la-victoire-pose-de-la-premiere-pierre-de-projets-et-lancement-et-inauguration-dautres-a-sidi-bel-abbes\/#primaryimage\",\"url\":\"https:\/\/elmawkie.dz\/fr\/wp-content\/uploads\/2025\/03\/IMG_1584.jpeg\",\"contentUrl\":\"https:\/\/elmawkie.dz\/fr\/wp-content\/uploads\/2025\/03\/IMG_1584.jpeg\",\"width\":960,\"height\":640},{\"@type\":\"BreadcrumbList\",\"@id\":\"https:\/\/elmawkie.dz\/fr\/fete-de-la-victoire-pose-de-la-premiere-pierre-de-projets-et-lancement-et-inauguration-dautres-a-sidi-bel-abbes\/#breadcrumb\",\"itemListElement\":[{\"@type\":\"ListItem\",\"position\":1,\"name\":\"Home\",\"item\":\"https:\/\/elmawkie.dz\/fr\/\"},{\"@type\":\"ListItem\",\"position\":2,\"name\":\"F\u00eate de la victoire: pose de la premi\u00e8re pierre de projets et lancement et inauguration d&rsquo;autres \u00e0 Sidi Bel-Abb\u00e8s\"}]},{\"@type\":\"WebSite\",\"@id\":\"https:\/\/elmawkie.dz\/fr\/#website\",\"url\":\"https:\/\/elmawkie.dz\/fr\/\",\"name\":\"EL MAWKIE\",\"description\":\"Journal \u00c9lectronique Alg\u00e9rien\",\"publisher\":{\"@id\":\"https:\/\/elmawkie.dz\/fr\/#organization\"},\"potentialAction\":[{\"@type\":\"SearchAction\",\"target\":{\"@type\":\"EntryPoint\",\"urlTemplate\":\"https:\/\/elmawkie.dz\/fr\/?s={search_term_string}\"},\"query-input\":\"required name=search_term_string\"}],\"inLanguage\":\"fr-FR\"},{\"@type\":\"Organization\",\"@id\":\"https:\/\/elmawkie.dz\/fr\/#organization\",\"name\":\"EL MAWKIE\",\"url\":\"https:\/\/elmawkie.dz\/fr\/\",\"logo\":{\"@type\":\"ImageObject\",\"inLanguage\":\"fr-FR\",\"@id\":\"https:\/\/elmawkie.dz\/fr\/#\/schema\/logo\/image\/\",\"url\":\"https:\/\/elmawkie.dz\/fr\/wp-content\/uploads\/2024\/05\/logo1.png\",\"contentUrl\":\"https:\/\/elmawkie.dz\/fr\/wp-content\/uploads\/2024\/05\/logo1.png\",\"width\":1648,\"height\":652,\"caption\":\"EL MAWKIE\"},\"image\":{\"@id\":\"https:\/\/elmawkie.dz\/fr\/#\/schema\/logo\/image\/\"},\"sameAs\":[\"https:\/\/www.facebook.com\/profile.php?id=100088407094989&locale=fr_FR\"]},{\"@type\":\"Person\",\"@id\":\"https:\/\/elmawkie.dz\/fr\/#\/schema\/person\/e7bd59d6467874ba5c4723d8a9f0a63c\",\"name\":\"R\u00e9daction\",\"image\":{\"@type\":\"ImageObject\",\"inLanguage\":\"fr-FR\",\"@id\":\"https:\/\/elmawkie.dz\/fr\/#\/schema\/person\/image\/\",\"url\":\"https:\/\/secure.gravatar.com\/avatar\/f0f773456344da4d2788c054a3d30a0c?s=96&d=mm&r=g\",\"contentUrl\":\"https:\/\/secure.gravatar.com\/avatar\/f0f773456344da4d2788c054a3d30a0c?s=96&d=mm&r=g\",\"caption\":\"R\u00e9daction\"},\"url\":\"https:\/\/elmawkie.dz\/fr\/author\/redaction\/\"}]}<\/script>\n<!-- \/ Yoast SEO Premium plugin. -->","yoast_head_json":{"title":"F\u00eate de la victoire: pose de la premi\u00e8re pierre de projets et lancement et inauguration d'autres \u00e0 Sidi Bel-Abb\u00e8s - El Mawkie","robots":{"index":"index","follow":"follow","max-snippet":"max-snippet:-1","max-image-preview":"max-image-preview:large","max-video-preview":"max-video-preview:-1"},"canonical":"https:\/\/elmawkie.dz\/fr\/fete-de-la-victoire-pose-de-la-premiere-pierre-de-projets-et-lancement-et-inauguration-dautres-a-sidi-bel-abbes\/","og_locale":"fr_FR","og_type":"article","og_title":"F\u00eate de la victoire: pose de la premi\u00e8re pierre de projets et lancement et inauguration d'autres \u00e0 Sidi Bel-Abb\u00e8s","og_description":"Les autorit\u00e9s de la wilaya de Sidi Bel-Abb\u00e8s ont proc\u00e9d\u00e9, mardi, \u00e0 la pose de la premi\u00e8re pierre de projets et au lancement, inauguration et mise en service de plusieurs autres touchant diff\u00e9rents secteurs, dans le cadre de la f\u00eate de la victoire, c\u00e9l\u00e9br\u00e9e le 19 mars de chaque ann\u00e9e, a-t-on constat\u00e9. A cette occasion, &hellip;","og_url":"https:\/\/elmawkie.dz\/fr\/fete-de-la-victoire-pose-de-la-premiere-pierre-de-projets-et-lancement-et-inauguration-dautres-a-sidi-bel-abbes\/","og_site_name":"El Mawkie","article_publisher":"https:\/\/www.facebook.com\/profile.php?id=100088407094989&locale=fr_FR","article_published_time":"2025-03-18T16:30:04+00:00","article_modified_time":"2025-03-18T16:30:05+00:00","og_image":[{"width":960,"height":640,"url":"https:\/\/elmawkie.dz\/fr\/wp-content\/uploads\/2025\/03\/IMG_1584.jpeg","type":"image\/jpeg"}],"author":"R\u00e9daction","twitter_card":"summary_large_image","twitter_misc":{"Written by":"R\u00e9daction","Est. reading time":"3 minutes"},"schema":{"@context":"https:\/\/schema.org","@graph":[{"@type":"Article","@id":"https:\/\/elmawkie.dz\/fr\/fete-de-la-victoire-pose-de-la-premiere-pierre-de-projets-et-lancement-et-inauguration-dautres-a-sidi-bel-abbes\/#article","isPartOf":{"@id":"https:\/\/elmawkie.dz\/fr\/fete-de-la-victoire-pose-de-la-premiere-pierre-de-projets-et-lancement-et-inauguration-dautres-a-sidi-bel-abbes\/"},"author":{"name":"R\u00e9daction","@id":"https:\/\/elmawkie.dz\/fr\/#\/schema\/person\/e7bd59d6467874ba5c4723d8a9f0a63c"},"headline":"F\u00eate de la victoire: pose de la premi\u00e8re pierre de projets et lancement et inauguration d&rsquo;autres \u00e0 Sidi Bel-Abb\u00e8s","datePublished":"2025-03-18T16:30:04+00:00","dateModified":"2025-03-18T16:30:05+00:00","mainEntityOfPage":{"@id":"https:\/\/elmawkie.dz\/fr\/fete-de-la-victoire-pose-de-la-premiere-pierre-de-projets-et-lancement-et-inauguration-dautres-a-sidi-bel-abbes\/"},"wordCount":464,"commentCount":0,"publisher":{"@id":"https:\/\/elmawkie.dz\/fr\/#organization"},"image":{"@id":"https:\/\/elmawkie.dz\/fr\/fete-de-la-victoire-pose-de-la-premiere-pierre-de-projets-et-lancement-et-inauguration-dautres-a-sidi-bel-abbes\/#primaryimage"},"thumbnailUrl":"https:\/\/elmawkie.dz\/fr\/wp-content\/uploads\/2025\/03\/IMG_1584.jpeg","keywords":["F\u00eate de la victoire","Sidi Bel-Abbes"],"articleSection":["R\u00e9gion"],"inLanguage":"fr-FR","potentialAction":[{"@type":"CommentAction","name":"Comment","target":["https:\/\/elmawkie.dz\/fr\/fete-de-la-victoire-pose-de-la-premiere-pierre-de-projets-et-lancement-et-inauguration-dautres-a-sidi-bel-abbes\/#respond"]}]},{"@type":"WebPage","@id":"https:\/\/elmawkie.dz\/fr\/fete-de-la-victoire-pose-de-la-premiere-pierre-de-projets-et-lancement-et-inauguration-dautres-a-sidi-bel-abbes\/","url":"https:\/\/elmawkie.dz\/fr\/fete-de-la-victoire-pose-de-la-premiere-pierre-de-projets-et-lancement-et-inauguration-dautres-a-sidi-bel-abbes\/","name":"F\u00eate de la victoire: pose de la premi\u00e8re pierre de projets et lancement et inauguration d'autres \u00e0 Sidi Bel-Abb\u00e8s - El Mawkie","isPartOf":{"@id":"https:\/\/elmawkie.dz\/fr\/#website"},"primaryImageOfPage":{"@id":"https:\/\/elmawkie.dz\/fr\/fete-de-la-victoire-pose-de-la-premiere-pierre-de-projets-et-lancement-et-inauguration-dautres-a-sidi-bel-abbes\/#primaryimage"},"image":{"@id":"https:\/\/elmawkie.dz\/fr\/fete-de-la-victoire-pose-de-la-premiere-pierre-de-projets-et-lancement-et-inauguration-dautres-a-sidi-bel-abbes\/#primaryimage"},"thumbnailUrl":"https:\/\/elmawkie.dz\/fr\/wp-content\/uploads\/2025\/03\/IMG_1584.jpeg","datePublished":"2025-03-18T16:30:04+00:00","dateModified":"2025-03-18T16:30:05+00:00","breadcrumb":{"@id":"https:\/\/elmawkie.dz\/fr\/fete-de-la-victoire-pose-de-la-premiere-pierre-de-projets-et-lancement-et-inauguration-dautres-a-sidi-bel-abbes\/#breadcrumb"},"inLanguage":"fr-FR","potentialAction":[{"@type":"ReadAction","target":["https:\/\/elmawkie.dz\/fr\/fete-de-la-victoire-pose-de-la-premiere-pierre-de-projets-et-lancement-et-inauguration-dautres-a-sidi-bel-abbes\/"]}]},{"@type":"ImageObject","inLanguage":"fr-FR","@id":"https:\/\/elmawkie.dz\/fr\/fete-de-la-victoire-pose-de-la-premiere-pierre-de-projets-et-lancement-et-inauguration-dautres-a-sidi-bel-abbes\/#primaryimage","url":"https:\/\/elmawkie.dz\/fr\/wp-content\/uploads\/2025\/03\/IMG_1584.jpeg","contentUrl":"https:\/\/elmawkie.dz\/fr\/wp-content\/uploads\/2025\/03\/IMG_1584.jpeg","width":960,"height":640},{"@type":"BreadcrumbList","@id":"https:\/\/elmawkie.dz\/fr\/fete-de-la-victoire-pose-de-la-premiere-pierre-de-projets-et-lancement-et-inauguration-dautres-a-sidi-bel-abbes\/#breadcrumb","itemListElement":[{"@type":"ListItem","position":1,"name":"Home","item":"https:\/\/elmawkie.dz\/fr\/"},{"@type":"ListItem","position":2,"name":"F\u00eate de la victoire: pose de la premi\u00e8re pierre de projets et lancement et inauguration d&rsquo;autres \u00e0 Sidi Bel-Abb\u00e8s"}]},{"@type":"WebSite","@id":"https:\/\/elmawkie.dz\/fr\/#website","url":"https:\/\/elmawkie.dz\/fr\/","name":"EL MAWKIE","description":"Journal \u00c9lectronique Alg\u00e9rien","publisher":{"@id":"https:\/\/elmawkie.dz\/fr\/#organization"},"potentialAction":[{"@type":"SearchAction","target":{"@type":"EntryPoint","urlTemplate":"https:\/\/elmawkie.dz\/fr\/?s={search_term_string}"},"query-input":"required name=search_term_string"}],"inLanguage":"fr-FR"},{"@type":"Organization","@id":"https:\/\/elmawkie.dz\/fr\/#organization","name":"EL MAWKIE","url":"https:\/\/elmawkie.dz\/fr\/","logo":{"@type":"ImageObject","inLanguage":"fr-FR","@id":"https:\/\/elmawkie.dz\/fr\/#\/schema\/logo\/image\/","url":"https:\/\/elmawkie.dz\/fr\/wp-content\/uploads\/2024\/05\/logo1.png","contentUrl":"https:\/\/elmawkie.dz\/fr\/wp-content\/uploads\/2024\/05\/logo1.png","width":1648,"height":652,"caption":"EL MAWKIE"},"image":{"@id":"https:\/\/elmawkie.dz\/fr\/#\/schema\/logo\/image\/"},"sameAs":["https:\/\/www.facebook.com\/profile.php?id=100088407094989&locale=fr_FR"]},{"@type":"Person","@id":"https:\/\/elmawkie.dz\/fr\/#\/schema\/person\/e7bd59d6467874ba5c4723d8a9f0a63c","name":"R\u00e9daction","image":{"@type":"ImageObject","inLanguage":"fr-FR","@id":"https:\/\/elmawkie.dz\/fr\/#\/schema\/person\/image\/","url":"https:\/\/secure.gravatar.com\/avatar\/f0f773456344da4d2788c054a3d30a0c?s=96&d=mm&r=g","contentUrl":"https:\/\/secure.gravatar.com\/avatar\/f0f773456344da4d2788c054a3d30a0c?s=96&d=mm&r=g","caption":"R\u00e9daction"},"url":"https:\/\/elmawkie.dz\/fr\/author\/redaction\/"}]}},"_links":{"self":[{"href":"https:\/\/elmawkie.dz\/fr\/wp-json\/wp\/v2\/posts\/48726","targetHints":{"allow":["GET"]}}],"collection":[{"href":"https:\/\/elmawkie.dz\/fr\/wp-json\/wp\/v2\/posts"}],"about":[{"href":"https:\/\/elmawkie.dz\/fr\/wp-json\/wp\/v2\/types\/post"}],"author":[{"embeddable":true,"href":"https:\/\/elmawkie.dz\/fr\/wp-json\/wp\/v2\/users\/9"}],"replies":[{"embeddable":true,"href":"https:\/\/elmawkie.dz\/fr\/wp-json\/wp\/v2\/comments?post=48726"}],"version-history":[{"count":1,"href":"https:\/\/elmawkie.dz\/fr\/wp-json\/wp\/v2\/posts\/48726\/revisions"}],"predecessor-version":[{"id":48729,"href":"https:\/\/elmawkie.dz\/fr\/wp-json\/wp\/v2\/posts\/48726\/revisions\/48729"}],"wp:featuredmedia":[{"embeddable":true,"href":"https:\/\/elmawkie.dz\/fr\/wp-json\/wp\/v2\/media\/48728"}],"wp:attachment":[{"href":"https:\/\/elmawkie.dz\/fr\/wp-json\/wp\/v2\/media?parent=48726"}],"wp:term":[{"taxonomy":"category","embeddable":true,"href":"https:\/\/elmawkie.dz\/fr\/wp-json\/wp\/v2\/categories?post=48726"},{"taxonomy":"post_tag","embeddable":true,"href":"https:\/\/elmawkie.dz\/fr\/wp-json\/wp\/v2\/tags?post=48726"}],"curies":[{"name":"wp","href":"https:\/\/api.w.org\/{rel}","templated":true}]}}