{"id":4854,"date":"2024-09-11T17:21:57","date_gmt":"2024-09-11T16:21:57","guid":{"rendered":"https:\/\/elmawkie.dz\/fr\/?p=4854"},"modified":"2024-09-11T17:21:57","modified_gmt":"2024-09-11T16:21:57","slug":"le-gouvernement-prend-les-mesures-durgence","status":"publish","type":"post","link":"https:\/\/elmawkie.dz\/fr\/le-gouvernement-prend-les-mesures-durgence\/","title":{"rendered":"Le Gouvernement prend les mesures d\u2019urgence"},"content":{"rendered":"<p><em>Aujourd\u2019hui mercredi s\u2019est tenue la r\u00e9union du gouvernement, pr\u00e9sid\u00e9e par le Premier ministre Nadri Larbaoui . \u00a0Cette r\u00e9union a port\u00e9 exclusivement sur les derni\u00e8res inondations qui ont touch\u00e9 plusieurs wilayas du sud-ouest du pays , et plus particuli\u00e8rement la wilaya de B\u00e9char qui a enregistr\u00e9 de gros d\u00e9g\u00e2ts.<br \/>\nIl a \u00e9t\u00e9 \u00e9galement pris des mesures de suivi des mesures d\u2019urgences pour le recensement des citoyens sinistr\u00e9s et des pertes caus\u00e9es et la prise en charge urgente des familles sinistr\u00e9es, l\u2019indemnisation des pertes, la restauration et la r\u00e9habilitation du r\u00e9seau routier et des \u00e9quipements publics endommag\u00e9s en pr\u00e9vision de la rentr\u00e9e scolaire et universitaire, ainsi que la garantie de la disponibilit\u00e9 des mati\u00e8res et produits de base dans les wilayas sinistr\u00e9es. Il a \u00e9t\u00e9 \u00e9galement proc\u00e9d\u00e9 \u00e0 l\u2019\u00e9vacuation et \u00e0 l\u2019h\u00e9bergement temporaire de toutes les familles touch\u00e9es, dans des abris loin des dangers et r\u00e9pondre \u00e0 leurs besoins.<\/em><\/p>\n<p><em>Par ailleurs, lors de cette r\u00e9union, le gouvernement a termin\u00e9 d\u2019\u00e9tudier l\u2019avant-projet de loi concernant r\u00e8glement budg\u00e9taire de l\u2019ann\u00e9e \u00e9coul\u00e9e, qui a \u00e9t\u00e9 d\u00e9j\u00e0 fait l\u2019objet d\u2019une \u00e9tude durant la r\u00e9union du 7 \u00a0ao\u00fbt 2024. Il \u00a0a \u00e9t\u00e9 \u00e9galement pr\u00e9sent\u00e9 au gouvernement un expos\u00e9 portant sur la mise en \u0153uvre de la strat\u00e9gie, dans ses diff\u00e9rentes dimensions, afin d\u2019am\u00e9liorer la gestion des ports pour r\u00e9duire les d\u00e9lais de passage portuaire des marchandises import\u00e9es, apr\u00e8s avoir \u00e9t\u00e9 charg\u00e9 par le pr\u00e9sident de la R\u00e9publique Abdelmadjid Tebboune lors du Conseil des ministres, tenu le 2 juin 2024, pour \u00e9laborer une strat\u00e9gie d\u2019 approche exhaustive de gestion portuaire, pour \u00eatre soumise en Conseil des ministres dans les meilleurs d\u00e9lais.<\/em><\/p>\n<p><em>Enfin, un projet de d\u00e9cret ex\u00e9cutif modifiant et compl\u00e9tant le d\u00e9cret ex\u00e9cutif n\u00b0 04\/381 du 28 novembre 2004 d\u00e9finissant les r\u00e8gles de la circulation routi\u00e8re a \u00e9t\u00e9 \u00e9tudi\u00e9 par le conseil du gouvernement. Ce projet vise \u00e0 introduire plusieurs mesures pour am\u00e9liorer la s\u00e9curit\u00e9 routi\u00e8re, renforcer la s\u00e9curit\u00e9 des personnes et des biens et faciliter les proc\u00e9dures administratives pour les ressortissants alg\u00e9riens r\u00e9sidant \u00e0 l\u2019\u00e9tranger.<\/em><\/p>\n<p>&nbsp;<\/p>\n<p><span data-originalfontsize=\"14pt\" data-originalcomputedfontsize=\"18.666666\">R\u00e9daction<\/span><\/p>\n","protected":false},"excerpt":{"rendered":"<p>Aujourd\u2019hui mercredi s\u2019est tenue la r\u00e9union du gouvernement, pr\u00e9sid\u00e9e par le Premier ministre Nadri Larbaoui . \u00a0Cette r\u00e9union a port\u00e9 exclusivement sur les derni\u00e8res inondations qui ont touch\u00e9 plusieurs wilayas du sud-ouest du pays , et plus particuli\u00e8rement la wilaya de B\u00e9char qui a enregistr\u00e9 de gros d\u00e9g\u00e2ts. Il a \u00e9t\u00e9 \u00e9galement pris des mesures &hellip;<\/p>\n","protected":false},"author":3,"featured_media":4855,"comment_status":"open","ping_status":"open","sticky":false,"template":"","format":"standard","meta":{"footnotes":""},"categories":[47],"tags":[617,359],"class_list":["post-4854","post","type-post","status-publish","format-standard","has-post-thumbnail","hentry","category-national","tag-le-gouvernement","tag-m-nadir-larbaoui"],"yoast_head":"<!-- This site is optimized with the Yoast SEO Premium plugin v22.6 (Yoast SEO v22.6) - https:\/\/yoast.com\/wordpress\/plugins\/seo\/ -->\n<title>Le Gouvernement prend les mesures d\u2019urgence - El Mawkie<\/title>\n<meta name=\"robots\" content=\"index, follow, max-snippet:-1, max-image-preview:large, max-video-preview:-1\" \/>\n<link rel=\"canonical\" href=\"https:\/\/elmawkie.dz\/fr\/le-gouvernement-prend-les-mesures-durgence\/\" \/>\n<meta property=\"og:locale\" content=\"fr_FR\" \/>\n<meta property=\"og:type\" content=\"article\" \/>\n<meta property=\"og:title\" content=\"Le Gouvernement prend les mesures d\u2019urgence\" \/>\n<meta property=\"og:description\" content=\"Aujourd\u2019hui mercredi s\u2019est tenue la r\u00e9union du gouvernement, pr\u00e9sid\u00e9e par le Premier ministre Nadri Larbaoui . \u00a0Cette r\u00e9union a port\u00e9 exclusivement sur les derni\u00e8res inondations qui ont touch\u00e9 plusieurs wilayas du sud-ouest du pays , et plus particuli\u00e8rement la wilaya de B\u00e9char qui a enregistr\u00e9 de gros d\u00e9g\u00e2ts. Il a \u00e9t\u00e9 \u00e9galement pris des mesures &hellip;\" \/>\n<meta property=\"og:url\" content=\"https:\/\/elmawkie.dz\/fr\/le-gouvernement-prend-les-mesures-durgence\/\" \/>\n<meta property=\"og:site_name\" content=\"El Mawkie\" \/>\n<meta property=\"article:publisher\" content=\"https:\/\/www.facebook.com\/profile.php?id=100088407094989&amp;locale=fr_FR\" \/>\n<meta property=\"article:published_time\" content=\"2024-09-11T16:21:57+00:00\" \/>\n<meta property=\"og:image\" content=\"https:\/\/elmawkie.dz\/fr\/wp-content\/uploads\/2024\/09\/IMG_1808.jpeg\" \/>\n\t<meta property=\"og:image:width\" content=\"276\" \/>\n\t<meta property=\"og:image:height\" content=\"183\" \/>\n\t<meta property=\"og:image:type\" content=\"image\/jpeg\" \/>\n<meta name=\"author\" content=\"Hamra Fouzia\" \/>\n<meta name=\"twitter:card\" content=\"summary_large_image\" \/>\n<meta name=\"twitter:label1\" content=\"Written by\" \/>\n\t<meta name=\"twitter:data1\" content=\"Hamra Fouzia\" \/>\n\t<meta name=\"twitter:label2\" content=\"Est. reading time\" \/>\n\t<meta name=\"twitter:data2\" content=\"2 minutes\" \/>\n<script type=\"application\/ld+json\" class=\"yoast-schema-graph\">{\"@context\":\"https:\/\/schema.org\",\"@graph\":[{\"@type\":\"Article\",\"@id\":\"https:\/\/elmawkie.dz\/fr\/le-gouvernement-prend-les-mesures-durgence\/#article\",\"isPartOf\":{\"@id\":\"https:\/\/elmawkie.dz\/fr\/le-gouvernement-prend-les-mesures-durgence\/\"},\"author\":{\"name\":\"Hamra Fouzia\",\"@id\":\"https:\/\/elmawkie.dz\/fr\/#\/schema\/person\/4ed8433201bc23634185d8dd37097c64\"},\"headline\":\"Le Gouvernement prend les mesures d\u2019urgence\",\"datePublished\":\"2024-09-11T16:21:57+00:00\",\"dateModified\":\"2024-09-11T16:21:57+00:00\",\"mainEntityOfPage\":{\"@id\":\"https:\/\/elmawkie.dz\/fr\/le-gouvernement-prend-les-mesures-durgence\/\"},\"wordCount\":395,\"commentCount\":0,\"publisher\":{\"@id\":\"https:\/\/elmawkie.dz\/fr\/#organization\"},\"image\":{\"@id\":\"https:\/\/elmawkie.dz\/fr\/le-gouvernement-prend-les-mesures-durgence\/#primaryimage\"},\"thumbnailUrl\":\"https:\/\/elmawkie.dz\/fr\/wp-content\/uploads\/2024\/09\/IMG_1808.jpeg\",\"keywords\":[\"Le Gouvernement\",\"M. Nadir Larbaoui\"],\"articleSection\":[\"National\"],\"inLanguage\":\"fr-FR\",\"potentialAction\":[{\"@type\":\"CommentAction\",\"name\":\"Comment\",\"target\":[\"https:\/\/elmawkie.dz\/fr\/le-gouvernement-prend-les-mesures-durgence\/#respond\"]}]},{\"@type\":\"WebPage\",\"@id\":\"https:\/\/elmawkie.dz\/fr\/le-gouvernement-prend-les-mesures-durgence\/\",\"url\":\"https:\/\/elmawkie.dz\/fr\/le-gouvernement-prend-les-mesures-durgence\/\",\"name\":\"Le Gouvernement prend les mesures d\u2019urgence - El Mawkie\",\"isPartOf\":{\"@id\":\"https:\/\/elmawkie.dz\/fr\/#website\"},\"primaryImageOfPage\":{\"@id\":\"https:\/\/elmawkie.dz\/fr\/le-gouvernement-prend-les-mesures-durgence\/#primaryimage\"},\"image\":{\"@id\":\"https:\/\/elmawkie.dz\/fr\/le-gouvernement-prend-les-mesures-durgence\/#primaryimage\"},\"thumbnailUrl\":\"https:\/\/elmawkie.dz\/fr\/wp-content\/uploads\/2024\/09\/IMG_1808.jpeg\",\"datePublished\":\"2024-09-11T16:21:57+00:00\",\"dateModified\":\"2024-09-11T16:21:57+00:00\",\"breadcrumb\":{\"@id\":\"https:\/\/elmawkie.dz\/fr\/le-gouvernement-prend-les-mesures-durgence\/#breadcrumb\"},\"inLanguage\":\"fr-FR\",\"potentialAction\":[{\"@type\":\"ReadAction\",\"target\":[\"https:\/\/elmawkie.dz\/fr\/le-gouvernement-prend-les-mesures-durgence\/\"]}]},{\"@type\":\"ImageObject\",\"inLanguage\":\"fr-FR\",\"@id\":\"https:\/\/elmawkie.dz\/fr\/le-gouvernement-prend-les-mesures-durgence\/#primaryimage\",\"url\":\"https:\/\/elmawkie.dz\/fr\/wp-content\/uploads\/2024\/09\/IMG_1808.jpeg\",\"contentUrl\":\"https:\/\/elmawkie.dz\/fr\/wp-content\/uploads\/2024\/09\/IMG_1808.jpeg\",\"width\":276,\"height\":183},{\"@type\":\"BreadcrumbList\",\"@id\":\"https:\/\/elmawkie.dz\/fr\/le-gouvernement-prend-les-mesures-durgence\/#breadcrumb\",\"itemListElement\":[{\"@type\":\"ListItem\",\"position\":1,\"name\":\"Home\",\"item\":\"https:\/\/elmawkie.dz\/fr\/\"},{\"@type\":\"ListItem\",\"position\":2,\"name\":\"Le Gouvernement prend les mesures d\u2019urgence\"}]},{\"@type\":\"WebSite\",\"@id\":\"https:\/\/elmawkie.dz\/fr\/#website\",\"url\":\"https:\/\/elmawkie.dz\/fr\/\",\"name\":\"EL MAWKIE\",\"description\":\"Journal \u00c9lectronique Alg\u00e9rien\",\"publisher\":{\"@id\":\"https:\/\/elmawkie.dz\/fr\/#organization\"},\"potentialAction\":[{\"@type\":\"SearchAction\",\"target\":{\"@type\":\"EntryPoint\",\"urlTemplate\":\"https:\/\/elmawkie.dz\/fr\/?s={search_term_string}\"},\"query-input\":\"required name=search_term_string\"}],\"inLanguage\":\"fr-FR\"},{\"@type\":\"Organization\",\"@id\":\"https:\/\/elmawkie.dz\/fr\/#organization\",\"name\":\"EL MAWKIE\",\"url\":\"https:\/\/elmawkie.dz\/fr\/\",\"logo\":{\"@type\":\"ImageObject\",\"inLanguage\":\"fr-FR\",\"@id\":\"https:\/\/elmawkie.dz\/fr\/#\/schema\/logo\/image\/\",\"url\":\"https:\/\/elmawkie.dz\/fr\/wp-content\/uploads\/2024\/05\/logo1.png\",\"contentUrl\":\"https:\/\/elmawkie.dz\/fr\/wp-content\/uploads\/2024\/05\/logo1.png\",\"width\":1648,\"height\":652,\"caption\":\"EL MAWKIE\"},\"image\":{\"@id\":\"https:\/\/elmawkie.dz\/fr\/#\/schema\/logo\/image\/\"},\"sameAs\":[\"https:\/\/www.facebook.com\/profile.php?id=100088407094989&locale=fr_FR\"]},{\"@type\":\"Person\",\"@id\":\"https:\/\/elmawkie.dz\/fr\/#\/schema\/person\/4ed8433201bc23634185d8dd37097c64\",\"name\":\"Hamra Fouzia\",\"image\":{\"@type\":\"ImageObject\",\"inLanguage\":\"fr-FR\",\"@id\":\"https:\/\/elmawkie.dz\/fr\/#\/schema\/person\/image\/\",\"url\":\"https:\/\/secure.gravatar.com\/avatar\/ea215268aad51f3219f9a59227db6fa1?s=96&d=mm&r=g\",\"contentUrl\":\"https:\/\/secure.gravatar.com\/avatar\/ea215268aad51f3219f9a59227db6fa1?s=96&d=mm&r=g\",\"caption\":\"Hamra Fouzia\"},\"sameAs\":[\"https:\/\/elmawkie.dz\/fr\"],\"url\":\"https:\/\/elmawkie.dz\/fr\/author\/elmawkie\/\"}]}<\/script>\n<!-- \/ Yoast SEO Premium plugin. -->","yoast_head_json":{"title":"Le Gouvernement prend les mesures d\u2019urgence - El Mawkie","robots":{"index":"index","follow":"follow","max-snippet":"max-snippet:-1","max-image-preview":"max-image-preview:large","max-video-preview":"max-video-preview:-1"},"canonical":"https:\/\/elmawkie.dz\/fr\/le-gouvernement-prend-les-mesures-durgence\/","og_locale":"fr_FR","og_type":"article","og_title":"Le Gouvernement prend les mesures d\u2019urgence","og_description":"Aujourd\u2019hui mercredi s\u2019est tenue la r\u00e9union du gouvernement, pr\u00e9sid\u00e9e par le Premier ministre Nadri Larbaoui . \u00a0Cette r\u00e9union a port\u00e9 exclusivement sur les derni\u00e8res inondations qui ont touch\u00e9 plusieurs wilayas du sud-ouest du pays , et plus particuli\u00e8rement la wilaya de B\u00e9char qui a enregistr\u00e9 de gros d\u00e9g\u00e2ts. Il a \u00e9t\u00e9 \u00e9galement pris des mesures &hellip;","og_url":"https:\/\/elmawkie.dz\/fr\/le-gouvernement-prend-les-mesures-durgence\/","og_site_name":"El Mawkie","article_publisher":"https:\/\/www.facebook.com\/profile.php?id=100088407094989&locale=fr_FR","article_published_time":"2024-09-11T16:21:57+00:00","og_image":[{"width":276,"height":183,"url":"https:\/\/elmawkie.dz\/fr\/wp-content\/uploads\/2024\/09\/IMG_1808.jpeg","type":"image\/jpeg"}],"author":"Hamra Fouzia","twitter_card":"summary_large_image","twitter_misc":{"Written by":"Hamra Fouzia","Est. reading time":"2 minutes"},"schema":{"@context":"https:\/\/schema.org","@graph":[{"@type":"Article","@id":"https:\/\/elmawkie.dz\/fr\/le-gouvernement-prend-les-mesures-durgence\/#article","isPartOf":{"@id":"https:\/\/elmawkie.dz\/fr\/le-gouvernement-prend-les-mesures-durgence\/"},"author":{"name":"Hamra Fouzia","@id":"https:\/\/elmawkie.dz\/fr\/#\/schema\/person\/4ed8433201bc23634185d8dd37097c64"},"headline":"Le Gouvernement prend les mesures d\u2019urgence","datePublished":"2024-09-11T16:21:57+00:00","dateModified":"2024-09-11T16:21:57+00:00","mainEntityOfPage":{"@id":"https:\/\/elmawkie.dz\/fr\/le-gouvernement-prend-les-mesures-durgence\/"},"wordCount":395,"commentCount":0,"publisher":{"@id":"https:\/\/elmawkie.dz\/fr\/#organization"},"image":{"@id":"https:\/\/elmawkie.dz\/fr\/le-gouvernement-prend-les-mesures-durgence\/#primaryimage"},"thumbnailUrl":"https:\/\/elmawkie.dz\/fr\/wp-content\/uploads\/2024\/09\/IMG_1808.jpeg","keywords":["Le Gouvernement","M. Nadir Larbaoui"],"articleSection":["National"],"inLanguage":"fr-FR","potentialAction":[{"@type":"CommentAction","name":"Comment","target":["https:\/\/elmawkie.dz\/fr\/le-gouvernement-prend-les-mesures-durgence\/#respond"]}]},{"@type":"WebPage","@id":"https:\/\/elmawkie.dz\/fr\/le-gouvernement-prend-les-mesures-durgence\/","url":"https:\/\/elmawkie.dz\/fr\/le-gouvernement-prend-les-mesures-durgence\/","name":"Le Gouvernement prend les mesures d\u2019urgence - El Mawkie","isPartOf":{"@id":"https:\/\/elmawkie.dz\/fr\/#website"},"primaryImageOfPage":{"@id":"https:\/\/elmawkie.dz\/fr\/le-gouvernement-prend-les-mesures-durgence\/#primaryimage"},"image":{"@id":"https:\/\/elmawkie.dz\/fr\/le-gouvernement-prend-les-mesures-durgence\/#primaryimage"},"thumbnailUrl":"https:\/\/elmawkie.dz\/fr\/wp-content\/uploads\/2024\/09\/IMG_1808.jpeg","datePublished":"2024-09-11T16:21:57+00:00","dateModified":"2024-09-11T16:21:57+00:00","breadcrumb":{"@id":"https:\/\/elmawkie.dz\/fr\/le-gouvernement-prend-les-mesures-durgence\/#breadcrumb"},"inLanguage":"fr-FR","potentialAction":[{"@type":"ReadAction","target":["https:\/\/elmawkie.dz\/fr\/le-gouvernement-prend-les-mesures-durgence\/"]}]},{"@type":"ImageObject","inLanguage":"fr-FR","@id":"https:\/\/elmawkie.dz\/fr\/le-gouvernement-prend-les-mesures-durgence\/#primaryimage","url":"https:\/\/elmawkie.dz\/fr\/wp-content\/uploads\/2024\/09\/IMG_1808.jpeg","contentUrl":"https:\/\/elmawkie.dz\/fr\/wp-content\/uploads\/2024\/09\/IMG_1808.jpeg","width":276,"height":183},{"@type":"BreadcrumbList","@id":"https:\/\/elmawkie.dz\/fr\/le-gouvernement-prend-les-mesures-durgence\/#breadcrumb","itemListElement":[{"@type":"ListItem","position":1,"name":"Home","item":"https:\/\/elmawkie.dz\/fr\/"},{"@type":"ListItem","position":2,"name":"Le Gouvernement prend les mesures d\u2019urgence"}]},{"@type":"WebSite","@id":"https:\/\/elmawkie.dz\/fr\/#website","url":"https:\/\/elmawkie.dz\/fr\/","name":"EL MAWKIE","description":"Journal \u00c9lectronique Alg\u00e9rien","publisher":{"@id":"https:\/\/elmawkie.dz\/fr\/#organization"},"potentialAction":[{"@type":"SearchAction","target":{"@type":"EntryPoint","urlTemplate":"https:\/\/elmawkie.dz\/fr\/?s={search_term_string}"},"query-input":"required name=search_term_string"}],"inLanguage":"fr-FR"},{"@type":"Organization","@id":"https:\/\/elmawkie.dz\/fr\/#organization","name":"EL MAWKIE","url":"https:\/\/elmawkie.dz\/fr\/","logo":{"@type":"ImageObject","inLanguage":"fr-FR","@id":"https:\/\/elmawkie.dz\/fr\/#\/schema\/logo\/image\/","url":"https:\/\/elmawkie.dz\/fr\/wp-content\/uploads\/2024\/05\/logo1.png","contentUrl":"https:\/\/elmawkie.dz\/fr\/wp-content\/uploads\/2024\/05\/logo1.png","width":1648,"height":652,"caption":"EL MAWKIE"},"image":{"@id":"https:\/\/elmawkie.dz\/fr\/#\/schema\/logo\/image\/"},"sameAs":["https:\/\/www.facebook.com\/profile.php?id=100088407094989&locale=fr_FR"]},{"@type":"Person","@id":"https:\/\/elmawkie.dz\/fr\/#\/schema\/person\/4ed8433201bc23634185d8dd37097c64","name":"Hamra Fouzia","image":{"@type":"ImageObject","inLanguage":"fr-FR","@id":"https:\/\/elmawkie.dz\/fr\/#\/schema\/person\/image\/","url":"https:\/\/secure.gravatar.com\/avatar\/ea215268aad51f3219f9a59227db6fa1?s=96&d=mm&r=g","contentUrl":"https:\/\/secure.gravatar.com\/avatar\/ea215268aad51f3219f9a59227db6fa1?s=96&d=mm&r=g","caption":"Hamra Fouzia"},"sameAs":["https:\/\/elmawkie.dz\/fr"],"url":"https:\/\/elmawkie.dz\/fr\/author\/elmawkie\/"}]}},"_links":{"self":[{"href":"https:\/\/elmawkie.dz\/fr\/wp-json\/wp\/v2\/posts\/4854","targetHints":{"allow":["GET"]}}],"collection":[{"href":"https:\/\/elmawkie.dz\/fr\/wp-json\/wp\/v2\/posts"}],"about":[{"href":"https:\/\/elmawkie.dz\/fr\/wp-json\/wp\/v2\/types\/post"}],"author":[{"embeddable":true,"href":"https:\/\/elmawkie.dz\/fr\/wp-json\/wp\/v2\/users\/3"}],"replies":[{"embeddable":true,"href":"https:\/\/elmawkie.dz\/fr\/wp-json\/wp\/v2\/comments?post=4854"}],"version-history":[{"count":0,"href":"https:\/\/elmawkie.dz\/fr\/wp-json\/wp\/v2\/posts\/4854\/revisions"}],"wp:featuredmedia":[{"embeddable":true,"href":"https:\/\/elmawkie.dz\/fr\/wp-json\/wp\/v2\/media\/4855"}],"wp:attachment":[{"href":"https:\/\/elmawkie.dz\/fr\/wp-json\/wp\/v2\/media?parent=4854"}],"wp:term":[{"taxonomy":"category","embeddable":true,"href":"https:\/\/elmawkie.dz\/fr\/wp-json\/wp\/v2\/categories?post=4854"},{"taxonomy":"post_tag","embeddable":true,"href":"https:\/\/elmawkie.dz\/fr\/wp-json\/wp\/v2\/tags?post=4854"}],"curies":[{"name":"wp","href":"https:\/\/api.w.org\/{rel}","templated":true}]}}