{"id":4850,"date":"2024-09-11T17:10:31","date_gmt":"2024-09-11T16:10:31","guid":{"rendered":"https:\/\/elmawkie.dz\/fr\/?p=4850"},"modified":"2024-09-11T17:10:57","modified_gmt":"2024-09-11T16:10:57","slug":"la-palestine-presente-parmi-les-etats-a-la-79e-session-de-lag-de-lonu","status":"publish","type":"post","link":"https:\/\/elmawkie.dz\/fr\/la-palestine-presente-parmi-les-etats-a-la-79e-session-de-lag-de-lonu\/","title":{"rendered":"La Palestine pr\u00e9sente parmi les \u00c9tats \u00e0 la 79e session de l\u2019AG de l\u2019ONU"},"content":{"rendered":"<p><em>La 79e session de l\u2019Assembl\u00e9e g\u00e9n\u00e9rale de l\u2019ONU s\u2019est ouverte ce mardi \u00e0 New York et se terminera une semaine plus tard, soit du 24 au 30 septembre, par une r\u00e9union des dirigeants et des ministres des Affaires \u00e9trang\u00e8res du\u00a0 monde entier, selon l\u2019agence TASS se trouvant sur place. Cette importante r\u00e9union de haut niveau portera sur la situation internationale et la d\u00e9finition des moyens permettant de relever les d\u00e9fis mondiaux.<\/em><\/p>\n<p><em>Et lors de cette rencontre, la Palestine occupera, pour la premi\u00e8re fois de son histoire, un si\u00e8ge dans la salle de l\u2019Assembl\u00e9e g\u00e9n\u00e9rale \u00e0 c\u00f4t\u00e9 des \u00c9tats membres de l\u2019ONU. Cette participation qui peut \u00eatre consid\u00e9r\u00e9e comme un moment historique, a \u00e9t\u00e9 possible gr\u00e2ce \u00e0 une r\u00e9solution de l\u2019Assembl\u00e9e g\u00e9n\u00e9rale adopt\u00e9e le 10 mai 2024. Ainsi, la Palestine pourra \u00ab\u00a0inscrire ses repr\u00e9sentants sur la liste des orateurs lors des r\u00e9unions sur les questions relatives au Moyen-Orient, proposer des amendements et faire des propositions de proc\u00e9dure au nom d\u2019un groupe de pays\u00a0\u00bb Cependant, \u00e9tant un membre fondateur, elle ne pourra pas voter \u00e0 l\u2019Assembl\u00e9e g\u00e9n\u00e9rale, et ses repr\u00e9sentants ne peuvent pas se pr\u00e9senter aux \u00e9lections des organes de l\u2019ONU.<\/em><\/p>\n<p>&nbsp;<\/p>\n<p>&nbsp;<\/p>\n","protected":false},"excerpt":{"rendered":"<p>La 79e session de l\u2019Assembl\u00e9e g\u00e9n\u00e9rale de l\u2019ONU s\u2019est ouverte ce mardi \u00e0 New York et se terminera une semaine plus tard, soit du 24 au 30 septembre, par une r\u00e9union des dirigeants et des ministres des Affaires \u00e9trang\u00e8res du\u00a0 monde entier, selon l\u2019agence TASS se trouvant sur place. Cette importante r\u00e9union de haut niveau &hellip;<\/p>\n","protected":false},"author":3,"featured_media":4851,"comment_status":"open","ping_status":"open","sticky":false,"template":"","format":"standard","meta":{"footnotes":""},"categories":[44],"tags":[616,615,72],"class_list":["post-4850","post","type-post","status-publish","format-standard","has-post-thumbnail","hentry","category-international","tag-lonu","tag-la-79e-session-de-lag","tag-la-palestine"],"yoast_head":"<!-- This site is optimized with the Yoast SEO Premium plugin v22.6 (Yoast SEO v22.6) - https:\/\/yoast.com\/wordpress\/plugins\/seo\/ -->\n<title>La Palestine pr\u00e9sente parmi les \u00c9tats \u00e0 la 79e session de l\u2019AG de l\u2019ONU - El Mawkie<\/title>\n<meta name=\"robots\" content=\"index, follow, max-snippet:-1, max-image-preview:large, max-video-preview:-1\" \/>\n<link rel=\"canonical\" href=\"https:\/\/elmawkie.dz\/fr\/la-palestine-presente-parmi-les-etats-a-la-79e-session-de-lag-de-lonu\/\" \/>\n<meta property=\"og:locale\" content=\"fr_FR\" \/>\n<meta property=\"og:type\" content=\"article\" \/>\n<meta property=\"og:title\" content=\"La Palestine pr\u00e9sente parmi les \u00c9tats \u00e0 la 79e session de l\u2019AG de l\u2019ONU\" \/>\n<meta property=\"og:description\" content=\"La 79e session de l\u2019Assembl\u00e9e g\u00e9n\u00e9rale de l\u2019ONU s\u2019est ouverte ce mardi \u00e0 New York et se terminera une semaine plus tard, soit du 24 au 30 septembre, par une r\u00e9union des dirigeants et des ministres des Affaires \u00e9trang\u00e8res du\u00a0 monde entier, selon l\u2019agence TASS se trouvant sur place. Cette importante r\u00e9union de haut niveau &hellip;\" \/>\n<meta property=\"og:url\" content=\"https:\/\/elmawkie.dz\/fr\/la-palestine-presente-parmi-les-etats-a-la-79e-session-de-lag-de-lonu\/\" \/>\n<meta property=\"og:site_name\" content=\"El Mawkie\" \/>\n<meta property=\"article:publisher\" content=\"https:\/\/www.facebook.com\/profile.php?id=100088407094989&amp;locale=fr_FR\" \/>\n<meta property=\"article:published_time\" content=\"2024-09-11T16:10:31+00:00\" \/>\n<meta property=\"article:modified_time\" content=\"2024-09-11T16:10:57+00:00\" \/>\n<meta property=\"og:image\" content=\"https:\/\/elmawkie.dz\/fr\/wp-content\/uploads\/2024\/09\/IMG_1807.jpeg\" \/>\n\t<meta property=\"og:image:width\" content=\"678\" \/>\n\t<meta property=\"og:image:height\" content=\"452\" \/>\n\t<meta property=\"og:image:type\" content=\"image\/jpeg\" \/>\n<meta name=\"author\" content=\"Hamra Fouzia\" \/>\n<meta name=\"twitter:card\" content=\"summary_large_image\" \/>\n<meta name=\"twitter:label1\" content=\"Written by\" \/>\n\t<meta name=\"twitter:data1\" content=\"Hamra Fouzia\" \/>\n\t<meta name=\"twitter:label2\" content=\"Est. reading time\" \/>\n\t<meta name=\"twitter:data2\" content=\"1 minute\" \/>\n<script type=\"application\/ld+json\" class=\"yoast-schema-graph\">{\"@context\":\"https:\/\/schema.org\",\"@graph\":[{\"@type\":\"Article\",\"@id\":\"https:\/\/elmawkie.dz\/fr\/la-palestine-presente-parmi-les-etats-a-la-79e-session-de-lag-de-lonu\/#article\",\"isPartOf\":{\"@id\":\"https:\/\/elmawkie.dz\/fr\/la-palestine-presente-parmi-les-etats-a-la-79e-session-de-lag-de-lonu\/\"},\"author\":{\"name\":\"Hamra Fouzia\",\"@id\":\"https:\/\/elmawkie.dz\/fr\/#\/schema\/person\/4ed8433201bc23634185d8dd37097c64\"},\"headline\":\"La Palestine pr\u00e9sente parmi les \u00c9tats \u00e0 la 79e session de l\u2019AG de l\u2019ONU\",\"datePublished\":\"2024-09-11T16:10:31+00:00\",\"dateModified\":\"2024-09-11T16:10:57+00:00\",\"mainEntityOfPage\":{\"@id\":\"https:\/\/elmawkie.dz\/fr\/la-palestine-presente-parmi-les-etats-a-la-79e-session-de-lag-de-lonu\/\"},\"wordCount\":239,\"commentCount\":0,\"publisher\":{\"@id\":\"https:\/\/elmawkie.dz\/fr\/#organization\"},\"image\":{\"@id\":\"https:\/\/elmawkie.dz\/fr\/la-palestine-presente-parmi-les-etats-a-la-79e-session-de-lag-de-lonu\/#primaryimage\"},\"thumbnailUrl\":\"https:\/\/elmawkie.dz\/fr\/wp-content\/uploads\/2024\/09\/IMG_1807.jpeg\",\"keywords\":[\"L\u2019ONU\",\"la 79e session de l\u2019AG\",\"la Palestine\"],\"articleSection\":[\"International\"],\"inLanguage\":\"fr-FR\",\"potentialAction\":[{\"@type\":\"CommentAction\",\"name\":\"Comment\",\"target\":[\"https:\/\/elmawkie.dz\/fr\/la-palestine-presente-parmi-les-etats-a-la-79e-session-de-lag-de-lonu\/#respond\"]}]},{\"@type\":\"WebPage\",\"@id\":\"https:\/\/elmawkie.dz\/fr\/la-palestine-presente-parmi-les-etats-a-la-79e-session-de-lag-de-lonu\/\",\"url\":\"https:\/\/elmawkie.dz\/fr\/la-palestine-presente-parmi-les-etats-a-la-79e-session-de-lag-de-lonu\/\",\"name\":\"La Palestine pr\u00e9sente parmi les \u00c9tats \u00e0 la 79e session de l\u2019AG de l\u2019ONU - El Mawkie\",\"isPartOf\":{\"@id\":\"https:\/\/elmawkie.dz\/fr\/#website\"},\"primaryImageOfPage\":{\"@id\":\"https:\/\/elmawkie.dz\/fr\/la-palestine-presente-parmi-les-etats-a-la-79e-session-de-lag-de-lonu\/#primaryimage\"},\"image\":{\"@id\":\"https:\/\/elmawkie.dz\/fr\/la-palestine-presente-parmi-les-etats-a-la-79e-session-de-lag-de-lonu\/#primaryimage\"},\"thumbnailUrl\":\"https:\/\/elmawkie.dz\/fr\/wp-content\/uploads\/2024\/09\/IMG_1807.jpeg\",\"datePublished\":\"2024-09-11T16:10:31+00:00\",\"dateModified\":\"2024-09-11T16:10:57+00:00\",\"breadcrumb\":{\"@id\":\"https:\/\/elmawkie.dz\/fr\/la-palestine-presente-parmi-les-etats-a-la-79e-session-de-lag-de-lonu\/#breadcrumb\"},\"inLanguage\":\"fr-FR\",\"potentialAction\":[{\"@type\":\"ReadAction\",\"target\":[\"https:\/\/elmawkie.dz\/fr\/la-palestine-presente-parmi-les-etats-a-la-79e-session-de-lag-de-lonu\/\"]}]},{\"@type\":\"ImageObject\",\"inLanguage\":\"fr-FR\",\"@id\":\"https:\/\/elmawkie.dz\/fr\/la-palestine-presente-parmi-les-etats-a-la-79e-session-de-lag-de-lonu\/#primaryimage\",\"url\":\"https:\/\/elmawkie.dz\/fr\/wp-content\/uploads\/2024\/09\/IMG_1807.jpeg\",\"contentUrl\":\"https:\/\/elmawkie.dz\/fr\/wp-content\/uploads\/2024\/09\/IMG_1807.jpeg\",\"width\":678,\"height\":452},{\"@type\":\"BreadcrumbList\",\"@id\":\"https:\/\/elmawkie.dz\/fr\/la-palestine-presente-parmi-les-etats-a-la-79e-session-de-lag-de-lonu\/#breadcrumb\",\"itemListElement\":[{\"@type\":\"ListItem\",\"position\":1,\"name\":\"Home\",\"item\":\"https:\/\/elmawkie.dz\/fr\/\"},{\"@type\":\"ListItem\",\"position\":2,\"name\":\"La Palestine pr\u00e9sente parmi les \u00c9tats \u00e0 la 79e session de l\u2019AG de l\u2019ONU\"}]},{\"@type\":\"WebSite\",\"@id\":\"https:\/\/elmawkie.dz\/fr\/#website\",\"url\":\"https:\/\/elmawkie.dz\/fr\/\",\"name\":\"EL MAWKIE\",\"description\":\"Journal \u00c9lectronique Alg\u00e9rien\",\"publisher\":{\"@id\":\"https:\/\/elmawkie.dz\/fr\/#organization\"},\"potentialAction\":[{\"@type\":\"SearchAction\",\"target\":{\"@type\":\"EntryPoint\",\"urlTemplate\":\"https:\/\/elmawkie.dz\/fr\/?s={search_term_string}\"},\"query-input\":\"required name=search_term_string\"}],\"inLanguage\":\"fr-FR\"},{\"@type\":\"Organization\",\"@id\":\"https:\/\/elmawkie.dz\/fr\/#organization\",\"name\":\"EL MAWKIE\",\"url\":\"https:\/\/elmawkie.dz\/fr\/\",\"logo\":{\"@type\":\"ImageObject\",\"inLanguage\":\"fr-FR\",\"@id\":\"https:\/\/elmawkie.dz\/fr\/#\/schema\/logo\/image\/\",\"url\":\"https:\/\/elmawkie.dz\/fr\/wp-content\/uploads\/2024\/05\/logo1.png\",\"contentUrl\":\"https:\/\/elmawkie.dz\/fr\/wp-content\/uploads\/2024\/05\/logo1.png\",\"width\":1648,\"height\":652,\"caption\":\"EL MAWKIE\"},\"image\":{\"@id\":\"https:\/\/elmawkie.dz\/fr\/#\/schema\/logo\/image\/\"},\"sameAs\":[\"https:\/\/www.facebook.com\/profile.php?id=100088407094989&locale=fr_FR\"]},{\"@type\":\"Person\",\"@id\":\"https:\/\/elmawkie.dz\/fr\/#\/schema\/person\/4ed8433201bc23634185d8dd37097c64\",\"name\":\"Hamra Fouzia\",\"image\":{\"@type\":\"ImageObject\",\"inLanguage\":\"fr-FR\",\"@id\":\"https:\/\/elmawkie.dz\/fr\/#\/schema\/person\/image\/\",\"url\":\"https:\/\/secure.gravatar.com\/avatar\/ea215268aad51f3219f9a59227db6fa1?s=96&d=mm&r=g\",\"contentUrl\":\"https:\/\/secure.gravatar.com\/avatar\/ea215268aad51f3219f9a59227db6fa1?s=96&d=mm&r=g\",\"caption\":\"Hamra Fouzia\"},\"sameAs\":[\"https:\/\/elmawkie.dz\/fr\"],\"url\":\"https:\/\/elmawkie.dz\/fr\/author\/elmawkie\/\"}]}<\/script>\n<!-- \/ Yoast SEO Premium plugin. -->","yoast_head_json":{"title":"La Palestine pr\u00e9sente parmi les \u00c9tats \u00e0 la 79e session de l\u2019AG de l\u2019ONU - El Mawkie","robots":{"index":"index","follow":"follow","max-snippet":"max-snippet:-1","max-image-preview":"max-image-preview:large","max-video-preview":"max-video-preview:-1"},"canonical":"https:\/\/elmawkie.dz\/fr\/la-palestine-presente-parmi-les-etats-a-la-79e-session-de-lag-de-lonu\/","og_locale":"fr_FR","og_type":"article","og_title":"La Palestine pr\u00e9sente parmi les \u00c9tats \u00e0 la 79e session de l\u2019AG de l\u2019ONU","og_description":"La 79e session de l\u2019Assembl\u00e9e g\u00e9n\u00e9rale de l\u2019ONU s\u2019est ouverte ce mardi \u00e0 New York et se terminera une semaine plus tard, soit du 24 au 30 septembre, par une r\u00e9union des dirigeants et des ministres des Affaires \u00e9trang\u00e8res du\u00a0 monde entier, selon l\u2019agence TASS se trouvant sur place. Cette importante r\u00e9union de haut niveau &hellip;","og_url":"https:\/\/elmawkie.dz\/fr\/la-palestine-presente-parmi-les-etats-a-la-79e-session-de-lag-de-lonu\/","og_site_name":"El Mawkie","article_publisher":"https:\/\/www.facebook.com\/profile.php?id=100088407094989&locale=fr_FR","article_published_time":"2024-09-11T16:10:31+00:00","article_modified_time":"2024-09-11T16:10:57+00:00","og_image":[{"width":678,"height":452,"url":"https:\/\/elmawkie.dz\/fr\/wp-content\/uploads\/2024\/09\/IMG_1807.jpeg","type":"image\/jpeg"}],"author":"Hamra Fouzia","twitter_card":"summary_large_image","twitter_misc":{"Written by":"Hamra Fouzia","Est. reading time":"1 minute"},"schema":{"@context":"https:\/\/schema.org","@graph":[{"@type":"Article","@id":"https:\/\/elmawkie.dz\/fr\/la-palestine-presente-parmi-les-etats-a-la-79e-session-de-lag-de-lonu\/#article","isPartOf":{"@id":"https:\/\/elmawkie.dz\/fr\/la-palestine-presente-parmi-les-etats-a-la-79e-session-de-lag-de-lonu\/"},"author":{"name":"Hamra Fouzia","@id":"https:\/\/elmawkie.dz\/fr\/#\/schema\/person\/4ed8433201bc23634185d8dd37097c64"},"headline":"La Palestine pr\u00e9sente parmi les \u00c9tats \u00e0 la 79e session de l\u2019AG de l\u2019ONU","datePublished":"2024-09-11T16:10:31+00:00","dateModified":"2024-09-11T16:10:57+00:00","mainEntityOfPage":{"@id":"https:\/\/elmawkie.dz\/fr\/la-palestine-presente-parmi-les-etats-a-la-79e-session-de-lag-de-lonu\/"},"wordCount":239,"commentCount":0,"publisher":{"@id":"https:\/\/elmawkie.dz\/fr\/#organization"},"image":{"@id":"https:\/\/elmawkie.dz\/fr\/la-palestine-presente-parmi-les-etats-a-la-79e-session-de-lag-de-lonu\/#primaryimage"},"thumbnailUrl":"https:\/\/elmawkie.dz\/fr\/wp-content\/uploads\/2024\/09\/IMG_1807.jpeg","keywords":["L\u2019ONU","la 79e session de l\u2019AG","la Palestine"],"articleSection":["International"],"inLanguage":"fr-FR","potentialAction":[{"@type":"CommentAction","name":"Comment","target":["https:\/\/elmawkie.dz\/fr\/la-palestine-presente-parmi-les-etats-a-la-79e-session-de-lag-de-lonu\/#respond"]}]},{"@type":"WebPage","@id":"https:\/\/elmawkie.dz\/fr\/la-palestine-presente-parmi-les-etats-a-la-79e-session-de-lag-de-lonu\/","url":"https:\/\/elmawkie.dz\/fr\/la-palestine-presente-parmi-les-etats-a-la-79e-session-de-lag-de-lonu\/","name":"La Palestine pr\u00e9sente parmi les \u00c9tats \u00e0 la 79e session de l\u2019AG de l\u2019ONU - El Mawkie","isPartOf":{"@id":"https:\/\/elmawkie.dz\/fr\/#website"},"primaryImageOfPage":{"@id":"https:\/\/elmawkie.dz\/fr\/la-palestine-presente-parmi-les-etats-a-la-79e-session-de-lag-de-lonu\/#primaryimage"},"image":{"@id":"https:\/\/elmawkie.dz\/fr\/la-palestine-presente-parmi-les-etats-a-la-79e-session-de-lag-de-lonu\/#primaryimage"},"thumbnailUrl":"https:\/\/elmawkie.dz\/fr\/wp-content\/uploads\/2024\/09\/IMG_1807.jpeg","datePublished":"2024-09-11T16:10:31+00:00","dateModified":"2024-09-11T16:10:57+00:00","breadcrumb":{"@id":"https:\/\/elmawkie.dz\/fr\/la-palestine-presente-parmi-les-etats-a-la-79e-session-de-lag-de-lonu\/#breadcrumb"},"inLanguage":"fr-FR","potentialAction":[{"@type":"ReadAction","target":["https:\/\/elmawkie.dz\/fr\/la-palestine-presente-parmi-les-etats-a-la-79e-session-de-lag-de-lonu\/"]}]},{"@type":"ImageObject","inLanguage":"fr-FR","@id":"https:\/\/elmawkie.dz\/fr\/la-palestine-presente-parmi-les-etats-a-la-79e-session-de-lag-de-lonu\/#primaryimage","url":"https:\/\/elmawkie.dz\/fr\/wp-content\/uploads\/2024\/09\/IMG_1807.jpeg","contentUrl":"https:\/\/elmawkie.dz\/fr\/wp-content\/uploads\/2024\/09\/IMG_1807.jpeg","width":678,"height":452},{"@type":"BreadcrumbList","@id":"https:\/\/elmawkie.dz\/fr\/la-palestine-presente-parmi-les-etats-a-la-79e-session-de-lag-de-lonu\/#breadcrumb","itemListElement":[{"@type":"ListItem","position":1,"name":"Home","item":"https:\/\/elmawkie.dz\/fr\/"},{"@type":"ListItem","position":2,"name":"La Palestine pr\u00e9sente parmi les \u00c9tats \u00e0 la 79e session de l\u2019AG de l\u2019ONU"}]},{"@type":"WebSite","@id":"https:\/\/elmawkie.dz\/fr\/#website","url":"https:\/\/elmawkie.dz\/fr\/","name":"EL MAWKIE","description":"Journal \u00c9lectronique Alg\u00e9rien","publisher":{"@id":"https:\/\/elmawkie.dz\/fr\/#organization"},"potentialAction":[{"@type":"SearchAction","target":{"@type":"EntryPoint","urlTemplate":"https:\/\/elmawkie.dz\/fr\/?s={search_term_string}"},"query-input":"required name=search_term_string"}],"inLanguage":"fr-FR"},{"@type":"Organization","@id":"https:\/\/elmawkie.dz\/fr\/#organization","name":"EL MAWKIE","url":"https:\/\/elmawkie.dz\/fr\/","logo":{"@type":"ImageObject","inLanguage":"fr-FR","@id":"https:\/\/elmawkie.dz\/fr\/#\/schema\/logo\/image\/","url":"https:\/\/elmawkie.dz\/fr\/wp-content\/uploads\/2024\/05\/logo1.png","contentUrl":"https:\/\/elmawkie.dz\/fr\/wp-content\/uploads\/2024\/05\/logo1.png","width":1648,"height":652,"caption":"EL MAWKIE"},"image":{"@id":"https:\/\/elmawkie.dz\/fr\/#\/schema\/logo\/image\/"},"sameAs":["https:\/\/www.facebook.com\/profile.php?id=100088407094989&locale=fr_FR"]},{"@type":"Person","@id":"https:\/\/elmawkie.dz\/fr\/#\/schema\/person\/4ed8433201bc23634185d8dd37097c64","name":"Hamra Fouzia","image":{"@type":"ImageObject","inLanguage":"fr-FR","@id":"https:\/\/elmawkie.dz\/fr\/#\/schema\/person\/image\/","url":"https:\/\/secure.gravatar.com\/avatar\/ea215268aad51f3219f9a59227db6fa1?s=96&d=mm&r=g","contentUrl":"https:\/\/secure.gravatar.com\/avatar\/ea215268aad51f3219f9a59227db6fa1?s=96&d=mm&r=g","caption":"Hamra Fouzia"},"sameAs":["https:\/\/elmawkie.dz\/fr"],"url":"https:\/\/elmawkie.dz\/fr\/author\/elmawkie\/"}]}},"_links":{"self":[{"href":"https:\/\/elmawkie.dz\/fr\/wp-json\/wp\/v2\/posts\/4850","targetHints":{"allow":["GET"]}}],"collection":[{"href":"https:\/\/elmawkie.dz\/fr\/wp-json\/wp\/v2\/posts"}],"about":[{"href":"https:\/\/elmawkie.dz\/fr\/wp-json\/wp\/v2\/types\/post"}],"author":[{"embeddable":true,"href":"https:\/\/elmawkie.dz\/fr\/wp-json\/wp\/v2\/users\/3"}],"replies":[{"embeddable":true,"href":"https:\/\/elmawkie.dz\/fr\/wp-json\/wp\/v2\/comments?post=4850"}],"version-history":[{"count":0,"href":"https:\/\/elmawkie.dz\/fr\/wp-json\/wp\/v2\/posts\/4850\/revisions"}],"wp:featuredmedia":[{"embeddable":true,"href":"https:\/\/elmawkie.dz\/fr\/wp-json\/wp\/v2\/media\/4851"}],"wp:attachment":[{"href":"https:\/\/elmawkie.dz\/fr\/wp-json\/wp\/v2\/media?parent=4850"}],"wp:term":[{"taxonomy":"category","embeddable":true,"href":"https:\/\/elmawkie.dz\/fr\/wp-json\/wp\/v2\/categories?post=4850"},{"taxonomy":"post_tag","embeddable":true,"href":"https:\/\/elmawkie.dz\/fr\/wp-json\/wp\/v2\/tags?post=4850"}],"curies":[{"name":"wp","href":"https:\/\/api.w.org\/{rel}","templated":true}]}}