{"id":48353,"date":"2025-03-10T11:37:27","date_gmt":"2025-03-10T10:37:27","guid":{"rendered":"https:\/\/elmawkie.dz\/fr\/?p=48353"},"modified":"2025-03-10T11:37:28","modified_gmt":"2025-03-10T10:37:28","slug":"le-ministere-du-commerce-lance-une-campagne-contre-le-gaspillage-alimentaire-pendant-le-ramadan","status":"publish","type":"post","link":"https:\/\/elmawkie.dz\/fr\/le-ministere-du-commerce-lance-une-campagne-contre-le-gaspillage-alimentaire-pendant-le-ramadan\/","title":{"rendered":"Le minist\u00e8re du Commerce lance une campagne contre le gaspillage alimentaire pendant le Ramadan"},"content":{"rendered":"\n<p>Le minist\u00e8re du Commerce Int\u00e9rieur et de la R\u00e9gulation des March\u00e9s a lanc\u00e9, en collaboration avec diverses institutions et secteurs concern\u00e9s, une grande campagne nationale pour lutter contre le gaspillage alimentaire durant le mois sacr\u00e9 de Ramadan. Cette initiative se veut un appel \u00e0 la responsabilit\u00e9 et \u00e0 la pr\u00e9servation des ressources alimentaires sous le slogan : \u00ab&nbsp;Ne gaspillez pas&#8230; Faites durer la b\u00e9n\u00e9diction&nbsp;\u00bb.<\/p>\n\n\n\n<p>En effet, selon un communiqu\u00e9 du minist\u00e8re, l\u2019objectif principal de cette campagne est de promouvoir la culture de l&rsquo;\u00e9conomie et de sensibiliser la population \u00e0 l&rsquo;importance d&rsquo;une consommation responsable, en particulier pendant le mois de Ramadan. Ce mois, o\u00f9 la demande alimentaire augmente consid\u00e9rablement, est souvent marqu\u00e9 par un exc\u00e9dent de consommation et des pertes de nourriture, malgr\u00e9 la g\u00e9n\u00e9rosit\u00e9 et la solidarit\u00e9 qui l&rsquo;accompagnent.<\/p>\n\n\n\n<p>La campagne met l&rsquo;accent sur la n\u00e9cessit\u00e9 pour les citoyens de pr\u00e9server les ressources alimentaires. Cela contribue non seulement \u00e0 un meilleur \u00e9quilibre \u00e9conomique, mais aussi \u00e0 la promotion de valeurs sociales telles que la solidarit\u00e9 et la responsabilit\u00e9 collective. En effet, une consommation plus raisonn\u00e9e permet d\u2019all\u00e9ger la pression sur les ressources locales et d&rsquo;encourager un mod\u00e8le de consommation plus durable.<\/p>\n\n\n\n<p>Les activit\u00e9s de cette campagne comprennent une s\u00e9rie d&rsquo;initiatives de sensibilisation, telles que des programmes m\u00e9diatiques, des ateliers \u00e9ducatifs et des activit\u00e9s de terrain en partenariat avec les commer\u00e7ants, producteurs, associations professionnelles et organisations de d\u00e9fense des consommateurs.<\/p>\n\n\n\n<p>Cette initiative se veut un moteur de changement dans les habitudes de consommation, visant \u00e0 r\u00e9duire le gaspillage alimentaire tout en consolidant les principes de partage et de respect des ressources, particuli\u00e8rement durant cette p\u00e9riode spirituellement importante.<\/p>\n","protected":false},"excerpt":{"rendered":"<p>Le minist\u00e8re du Commerce Int\u00e9rieur et de la R\u00e9gulation des March\u00e9s a lanc\u00e9, en collaboration avec diverses institutions et secteurs concern\u00e9s, une grande campagne nationale pour lutter contre le gaspillage alimentaire durant le mois sacr\u00e9 de Ramadan. Cette initiative se veut un appel \u00e0 la responsabilit\u00e9 et \u00e0 la pr\u00e9servation des ressources alimentaires sous le &hellip;<\/p>\n","protected":false},"author":8,"featured_media":48359,"comment_status":"open","ping_status":"open","sticky":false,"template":"","format":"standard","meta":{"footnotes":""},"categories":[47],"tags":[349,2971],"class_list":["post-48353","post","type-post","status-publish","format-standard","has-post-thumbnail","hentry","category-national","tag-commerce","tag-gaspillage"],"yoast_head":"<!-- This site is optimized with the Yoast SEO Premium plugin v22.6 (Yoast SEO v22.6) - https:\/\/yoast.com\/wordpress\/plugins\/seo\/ -->\n<title>Le minist\u00e8re du Commerce lance une campagne contre le gaspillage alimentaire pendant le Ramadan - El Mawkie<\/title>\n<meta name=\"robots\" content=\"index, follow, max-snippet:-1, max-image-preview:large, max-video-preview:-1\" \/>\n<link rel=\"canonical\" href=\"https:\/\/elmawkie.dz\/fr\/le-ministere-du-commerce-lance-une-campagne-contre-le-gaspillage-alimentaire-pendant-le-ramadan\/\" \/>\n<meta property=\"og:locale\" content=\"fr_FR\" \/>\n<meta property=\"og:type\" content=\"article\" \/>\n<meta property=\"og:title\" content=\"Le minist\u00e8re du Commerce lance une campagne contre le gaspillage alimentaire pendant le Ramadan\" \/>\n<meta property=\"og:description\" content=\"Le minist\u00e8re du Commerce Int\u00e9rieur et de la R\u00e9gulation des March\u00e9s a lanc\u00e9, en collaboration avec diverses institutions et secteurs concern\u00e9s, une grande campagne nationale pour lutter contre le gaspillage alimentaire durant le mois sacr\u00e9 de Ramadan. Cette initiative se veut un appel \u00e0 la responsabilit\u00e9 et \u00e0 la pr\u00e9servation des ressources alimentaires sous le &hellip;\" \/>\n<meta property=\"og:url\" content=\"https:\/\/elmawkie.dz\/fr\/le-ministere-du-commerce-lance-une-campagne-contre-le-gaspillage-alimentaire-pendant-le-ramadan\/\" \/>\n<meta property=\"og:site_name\" content=\"El Mawkie\" \/>\n<meta property=\"article:publisher\" content=\"https:\/\/www.facebook.com\/profile.php?id=100088407094989&amp;locale=fr_FR\" \/>\n<meta property=\"article:published_time\" content=\"2025-03-10T10:37:27+00:00\" \/>\n<meta property=\"article:modified_time\" content=\"2025-03-10T10:37:28+00:00\" \/>\n<meta property=\"og:image\" content=\"https:\/\/elmawkie.dz\/fr\/wp-content\/uploads\/2025\/03\/33739995-5e07-4725-9970-47aa87e84d66.jpeg\" \/>\n\t<meta property=\"og:image:width\" content=\"600\" \/>\n\t<meta property=\"og:image:height\" content=\"400\" \/>\n\t<meta property=\"og:image:type\" content=\"image\/jpeg\" \/>\n<meta name=\"author\" content=\"khayro\" \/>\n<meta name=\"twitter:card\" content=\"summary_large_image\" \/>\n<meta name=\"twitter:label1\" content=\"Written by\" \/>\n\t<meta name=\"twitter:data1\" content=\"khayro\" \/>\n\t<meta name=\"twitter:label2\" content=\"Est. reading time\" \/>\n\t<meta name=\"twitter:data2\" content=\"2 minutes\" \/>\n<script type=\"application\/ld+json\" class=\"yoast-schema-graph\">{\"@context\":\"https:\/\/schema.org\",\"@graph\":[{\"@type\":\"Article\",\"@id\":\"https:\/\/elmawkie.dz\/fr\/le-ministere-du-commerce-lance-une-campagne-contre-le-gaspillage-alimentaire-pendant-le-ramadan\/#article\",\"isPartOf\":{\"@id\":\"https:\/\/elmawkie.dz\/fr\/le-ministere-du-commerce-lance-une-campagne-contre-le-gaspillage-alimentaire-pendant-le-ramadan\/\"},\"author\":{\"name\":\"khayro\",\"@id\":\"https:\/\/elmawkie.dz\/fr\/#\/schema\/person\/15cb7eba76e08e2d2d0ad4b4c4fbb6cb\"},\"headline\":\"Le minist\u00e8re du Commerce lance une campagne contre le gaspillage alimentaire pendant le Ramadan\",\"datePublished\":\"2025-03-10T10:37:27+00:00\",\"dateModified\":\"2025-03-10T10:37:28+00:00\",\"mainEntityOfPage\":{\"@id\":\"https:\/\/elmawkie.dz\/fr\/le-ministere-du-commerce-lance-une-campagne-contre-le-gaspillage-alimentaire-pendant-le-ramadan\/\"},\"wordCount\":312,\"commentCount\":0,\"publisher\":{\"@id\":\"https:\/\/elmawkie.dz\/fr\/#organization\"},\"image\":{\"@id\":\"https:\/\/elmawkie.dz\/fr\/le-ministere-du-commerce-lance-une-campagne-contre-le-gaspillage-alimentaire-pendant-le-ramadan\/#primaryimage\"},\"thumbnailUrl\":\"https:\/\/elmawkie.dz\/fr\/wp-content\/uploads\/2025\/03\/33739995-5e07-4725-9970-47aa87e84d66.jpeg\",\"keywords\":[\"commerce\",\"gaspillage\"],\"articleSection\":[\"National\"],\"inLanguage\":\"fr-FR\",\"potentialAction\":[{\"@type\":\"CommentAction\",\"name\":\"Comment\",\"target\":[\"https:\/\/elmawkie.dz\/fr\/le-ministere-du-commerce-lance-une-campagne-contre-le-gaspillage-alimentaire-pendant-le-ramadan\/#respond\"]}]},{\"@type\":\"WebPage\",\"@id\":\"https:\/\/elmawkie.dz\/fr\/le-ministere-du-commerce-lance-une-campagne-contre-le-gaspillage-alimentaire-pendant-le-ramadan\/\",\"url\":\"https:\/\/elmawkie.dz\/fr\/le-ministere-du-commerce-lance-une-campagne-contre-le-gaspillage-alimentaire-pendant-le-ramadan\/\",\"name\":\"Le minist\u00e8re du Commerce lance une campagne contre le gaspillage alimentaire pendant le Ramadan - El Mawkie\",\"isPartOf\":{\"@id\":\"https:\/\/elmawkie.dz\/fr\/#website\"},\"primaryImageOfPage\":{\"@id\":\"https:\/\/elmawkie.dz\/fr\/le-ministere-du-commerce-lance-une-campagne-contre-le-gaspillage-alimentaire-pendant-le-ramadan\/#primaryimage\"},\"image\":{\"@id\":\"https:\/\/elmawkie.dz\/fr\/le-ministere-du-commerce-lance-une-campagne-contre-le-gaspillage-alimentaire-pendant-le-ramadan\/#primaryimage\"},\"thumbnailUrl\":\"https:\/\/elmawkie.dz\/fr\/wp-content\/uploads\/2025\/03\/33739995-5e07-4725-9970-47aa87e84d66.jpeg\",\"datePublished\":\"2025-03-10T10:37:27+00:00\",\"dateModified\":\"2025-03-10T10:37:28+00:00\",\"breadcrumb\":{\"@id\":\"https:\/\/elmawkie.dz\/fr\/le-ministere-du-commerce-lance-une-campagne-contre-le-gaspillage-alimentaire-pendant-le-ramadan\/#breadcrumb\"},\"inLanguage\":\"fr-FR\",\"potentialAction\":[{\"@type\":\"ReadAction\",\"target\":[\"https:\/\/elmawkie.dz\/fr\/le-ministere-du-commerce-lance-une-campagne-contre-le-gaspillage-alimentaire-pendant-le-ramadan\/\"]}]},{\"@type\":\"ImageObject\",\"inLanguage\":\"fr-FR\",\"@id\":\"https:\/\/elmawkie.dz\/fr\/le-ministere-du-commerce-lance-une-campagne-contre-le-gaspillage-alimentaire-pendant-le-ramadan\/#primaryimage\",\"url\":\"https:\/\/elmawkie.dz\/fr\/wp-content\/uploads\/2025\/03\/33739995-5e07-4725-9970-47aa87e84d66.jpeg\",\"contentUrl\":\"https:\/\/elmawkie.dz\/fr\/wp-content\/uploads\/2025\/03\/33739995-5e07-4725-9970-47aa87e84d66.jpeg\",\"width\":600,\"height\":400},{\"@type\":\"BreadcrumbList\",\"@id\":\"https:\/\/elmawkie.dz\/fr\/le-ministere-du-commerce-lance-une-campagne-contre-le-gaspillage-alimentaire-pendant-le-ramadan\/#breadcrumb\",\"itemListElement\":[{\"@type\":\"ListItem\",\"position\":1,\"name\":\"Home\",\"item\":\"https:\/\/elmawkie.dz\/fr\/\"},{\"@type\":\"ListItem\",\"position\":2,\"name\":\"Le minist\u00e8re du Commerce lance une campagne contre le gaspillage alimentaire pendant le Ramadan\"}]},{\"@type\":\"WebSite\",\"@id\":\"https:\/\/elmawkie.dz\/fr\/#website\",\"url\":\"https:\/\/elmawkie.dz\/fr\/\",\"name\":\"EL MAWKIE\",\"description\":\"Journal \u00c9lectronique Alg\u00e9rien\",\"publisher\":{\"@id\":\"https:\/\/elmawkie.dz\/fr\/#organization\"},\"potentialAction\":[{\"@type\":\"SearchAction\",\"target\":{\"@type\":\"EntryPoint\",\"urlTemplate\":\"https:\/\/elmawkie.dz\/fr\/?s={search_term_string}\"},\"query-input\":\"required name=search_term_string\"}],\"inLanguage\":\"fr-FR\"},{\"@type\":\"Organization\",\"@id\":\"https:\/\/elmawkie.dz\/fr\/#organization\",\"name\":\"EL MAWKIE\",\"url\":\"https:\/\/elmawkie.dz\/fr\/\",\"logo\":{\"@type\":\"ImageObject\",\"inLanguage\":\"fr-FR\",\"@id\":\"https:\/\/elmawkie.dz\/fr\/#\/schema\/logo\/image\/\",\"url\":\"https:\/\/elmawkie.dz\/fr\/wp-content\/uploads\/2024\/05\/logo1.png\",\"contentUrl\":\"https:\/\/elmawkie.dz\/fr\/wp-content\/uploads\/2024\/05\/logo1.png\",\"width\":1648,\"height\":652,\"caption\":\"EL MAWKIE\"},\"image\":{\"@id\":\"https:\/\/elmawkie.dz\/fr\/#\/schema\/logo\/image\/\"},\"sameAs\":[\"https:\/\/www.facebook.com\/profile.php?id=100088407094989&locale=fr_FR\"]},{\"@type\":\"Person\",\"@id\":\"https:\/\/elmawkie.dz\/fr\/#\/schema\/person\/15cb7eba76e08e2d2d0ad4b4c4fbb6cb\",\"name\":\"khayro\",\"image\":{\"@type\":\"ImageObject\",\"inLanguage\":\"fr-FR\",\"@id\":\"https:\/\/elmawkie.dz\/fr\/#\/schema\/person\/image\/\",\"url\":\"https:\/\/secure.gravatar.com\/avatar\/5d609f726f02f77f0ff2a1483fc81992?s=96&d=mm&r=g\",\"contentUrl\":\"https:\/\/secure.gravatar.com\/avatar\/5d609f726f02f77f0ff2a1483fc81992?s=96&d=mm&r=g\",\"caption\":\"khayro\"},\"url\":\"https:\/\/elmawkie.dz\/fr\/author\/khayro\/\"}]}<\/script>\n<!-- \/ Yoast SEO Premium plugin. -->","yoast_head_json":{"title":"Le minist\u00e8re du Commerce lance une campagne contre le gaspillage alimentaire pendant le Ramadan - El Mawkie","robots":{"index":"index","follow":"follow","max-snippet":"max-snippet:-1","max-image-preview":"max-image-preview:large","max-video-preview":"max-video-preview:-1"},"canonical":"https:\/\/elmawkie.dz\/fr\/le-ministere-du-commerce-lance-une-campagne-contre-le-gaspillage-alimentaire-pendant-le-ramadan\/","og_locale":"fr_FR","og_type":"article","og_title":"Le minist\u00e8re du Commerce lance une campagne contre le gaspillage alimentaire pendant le Ramadan","og_description":"Le minist\u00e8re du Commerce Int\u00e9rieur et de la R\u00e9gulation des March\u00e9s a lanc\u00e9, en collaboration avec diverses institutions et secteurs concern\u00e9s, une grande campagne nationale pour lutter contre le gaspillage alimentaire durant le mois sacr\u00e9 de Ramadan. Cette initiative se veut un appel \u00e0 la responsabilit\u00e9 et \u00e0 la pr\u00e9servation des ressources alimentaires sous le &hellip;","og_url":"https:\/\/elmawkie.dz\/fr\/le-ministere-du-commerce-lance-une-campagne-contre-le-gaspillage-alimentaire-pendant-le-ramadan\/","og_site_name":"El Mawkie","article_publisher":"https:\/\/www.facebook.com\/profile.php?id=100088407094989&locale=fr_FR","article_published_time":"2025-03-10T10:37:27+00:00","article_modified_time":"2025-03-10T10:37:28+00:00","og_image":[{"width":600,"height":400,"url":"https:\/\/elmawkie.dz\/fr\/wp-content\/uploads\/2025\/03\/33739995-5e07-4725-9970-47aa87e84d66.jpeg","type":"image\/jpeg"}],"author":"khayro","twitter_card":"summary_large_image","twitter_misc":{"Written by":"khayro","Est. reading time":"2 minutes"},"schema":{"@context":"https:\/\/schema.org","@graph":[{"@type":"Article","@id":"https:\/\/elmawkie.dz\/fr\/le-ministere-du-commerce-lance-une-campagne-contre-le-gaspillage-alimentaire-pendant-le-ramadan\/#article","isPartOf":{"@id":"https:\/\/elmawkie.dz\/fr\/le-ministere-du-commerce-lance-une-campagne-contre-le-gaspillage-alimentaire-pendant-le-ramadan\/"},"author":{"name":"khayro","@id":"https:\/\/elmawkie.dz\/fr\/#\/schema\/person\/15cb7eba76e08e2d2d0ad4b4c4fbb6cb"},"headline":"Le minist\u00e8re du Commerce lance une campagne contre le gaspillage alimentaire pendant le Ramadan","datePublished":"2025-03-10T10:37:27+00:00","dateModified":"2025-03-10T10:37:28+00:00","mainEntityOfPage":{"@id":"https:\/\/elmawkie.dz\/fr\/le-ministere-du-commerce-lance-une-campagne-contre-le-gaspillage-alimentaire-pendant-le-ramadan\/"},"wordCount":312,"commentCount":0,"publisher":{"@id":"https:\/\/elmawkie.dz\/fr\/#organization"},"image":{"@id":"https:\/\/elmawkie.dz\/fr\/le-ministere-du-commerce-lance-une-campagne-contre-le-gaspillage-alimentaire-pendant-le-ramadan\/#primaryimage"},"thumbnailUrl":"https:\/\/elmawkie.dz\/fr\/wp-content\/uploads\/2025\/03\/33739995-5e07-4725-9970-47aa87e84d66.jpeg","keywords":["commerce","gaspillage"],"articleSection":["National"],"inLanguage":"fr-FR","potentialAction":[{"@type":"CommentAction","name":"Comment","target":["https:\/\/elmawkie.dz\/fr\/le-ministere-du-commerce-lance-une-campagne-contre-le-gaspillage-alimentaire-pendant-le-ramadan\/#respond"]}]},{"@type":"WebPage","@id":"https:\/\/elmawkie.dz\/fr\/le-ministere-du-commerce-lance-une-campagne-contre-le-gaspillage-alimentaire-pendant-le-ramadan\/","url":"https:\/\/elmawkie.dz\/fr\/le-ministere-du-commerce-lance-une-campagne-contre-le-gaspillage-alimentaire-pendant-le-ramadan\/","name":"Le minist\u00e8re du Commerce lance une campagne contre le gaspillage alimentaire pendant le Ramadan - El Mawkie","isPartOf":{"@id":"https:\/\/elmawkie.dz\/fr\/#website"},"primaryImageOfPage":{"@id":"https:\/\/elmawkie.dz\/fr\/le-ministere-du-commerce-lance-une-campagne-contre-le-gaspillage-alimentaire-pendant-le-ramadan\/#primaryimage"},"image":{"@id":"https:\/\/elmawkie.dz\/fr\/le-ministere-du-commerce-lance-une-campagne-contre-le-gaspillage-alimentaire-pendant-le-ramadan\/#primaryimage"},"thumbnailUrl":"https:\/\/elmawkie.dz\/fr\/wp-content\/uploads\/2025\/03\/33739995-5e07-4725-9970-47aa87e84d66.jpeg","datePublished":"2025-03-10T10:37:27+00:00","dateModified":"2025-03-10T10:37:28+00:00","breadcrumb":{"@id":"https:\/\/elmawkie.dz\/fr\/le-ministere-du-commerce-lance-une-campagne-contre-le-gaspillage-alimentaire-pendant-le-ramadan\/#breadcrumb"},"inLanguage":"fr-FR","potentialAction":[{"@type":"ReadAction","target":["https:\/\/elmawkie.dz\/fr\/le-ministere-du-commerce-lance-une-campagne-contre-le-gaspillage-alimentaire-pendant-le-ramadan\/"]}]},{"@type":"ImageObject","inLanguage":"fr-FR","@id":"https:\/\/elmawkie.dz\/fr\/le-ministere-du-commerce-lance-une-campagne-contre-le-gaspillage-alimentaire-pendant-le-ramadan\/#primaryimage","url":"https:\/\/elmawkie.dz\/fr\/wp-content\/uploads\/2025\/03\/33739995-5e07-4725-9970-47aa87e84d66.jpeg","contentUrl":"https:\/\/elmawkie.dz\/fr\/wp-content\/uploads\/2025\/03\/33739995-5e07-4725-9970-47aa87e84d66.jpeg","width":600,"height":400},{"@type":"BreadcrumbList","@id":"https:\/\/elmawkie.dz\/fr\/le-ministere-du-commerce-lance-une-campagne-contre-le-gaspillage-alimentaire-pendant-le-ramadan\/#breadcrumb","itemListElement":[{"@type":"ListItem","position":1,"name":"Home","item":"https:\/\/elmawkie.dz\/fr\/"},{"@type":"ListItem","position":2,"name":"Le minist\u00e8re du Commerce lance une campagne contre le gaspillage alimentaire pendant le Ramadan"}]},{"@type":"WebSite","@id":"https:\/\/elmawkie.dz\/fr\/#website","url":"https:\/\/elmawkie.dz\/fr\/","name":"EL MAWKIE","description":"Journal \u00c9lectronique Alg\u00e9rien","publisher":{"@id":"https:\/\/elmawkie.dz\/fr\/#organization"},"potentialAction":[{"@type":"SearchAction","target":{"@type":"EntryPoint","urlTemplate":"https:\/\/elmawkie.dz\/fr\/?s={search_term_string}"},"query-input":"required name=search_term_string"}],"inLanguage":"fr-FR"},{"@type":"Organization","@id":"https:\/\/elmawkie.dz\/fr\/#organization","name":"EL MAWKIE","url":"https:\/\/elmawkie.dz\/fr\/","logo":{"@type":"ImageObject","inLanguage":"fr-FR","@id":"https:\/\/elmawkie.dz\/fr\/#\/schema\/logo\/image\/","url":"https:\/\/elmawkie.dz\/fr\/wp-content\/uploads\/2024\/05\/logo1.png","contentUrl":"https:\/\/elmawkie.dz\/fr\/wp-content\/uploads\/2024\/05\/logo1.png","width":1648,"height":652,"caption":"EL MAWKIE"},"image":{"@id":"https:\/\/elmawkie.dz\/fr\/#\/schema\/logo\/image\/"},"sameAs":["https:\/\/www.facebook.com\/profile.php?id=100088407094989&locale=fr_FR"]},{"@type":"Person","@id":"https:\/\/elmawkie.dz\/fr\/#\/schema\/person\/15cb7eba76e08e2d2d0ad4b4c4fbb6cb","name":"khayro","image":{"@type":"ImageObject","inLanguage":"fr-FR","@id":"https:\/\/elmawkie.dz\/fr\/#\/schema\/person\/image\/","url":"https:\/\/secure.gravatar.com\/avatar\/5d609f726f02f77f0ff2a1483fc81992?s=96&d=mm&r=g","contentUrl":"https:\/\/secure.gravatar.com\/avatar\/5d609f726f02f77f0ff2a1483fc81992?s=96&d=mm&r=g","caption":"khayro"},"url":"https:\/\/elmawkie.dz\/fr\/author\/khayro\/"}]}},"_links":{"self":[{"href":"https:\/\/elmawkie.dz\/fr\/wp-json\/wp\/v2\/posts\/48353","targetHints":{"allow":["GET"]}}],"collection":[{"href":"https:\/\/elmawkie.dz\/fr\/wp-json\/wp\/v2\/posts"}],"about":[{"href":"https:\/\/elmawkie.dz\/fr\/wp-json\/wp\/v2\/types\/post"}],"author":[{"embeddable":true,"href":"https:\/\/elmawkie.dz\/fr\/wp-json\/wp\/v2\/users\/8"}],"replies":[{"embeddable":true,"href":"https:\/\/elmawkie.dz\/fr\/wp-json\/wp\/v2\/comments?post=48353"}],"version-history":[{"count":1,"href":"https:\/\/elmawkie.dz\/fr\/wp-json\/wp\/v2\/posts\/48353\/revisions"}],"predecessor-version":[{"id":48355,"href":"https:\/\/elmawkie.dz\/fr\/wp-json\/wp\/v2\/posts\/48353\/revisions\/48355"}],"wp:featuredmedia":[{"embeddable":true,"href":"https:\/\/elmawkie.dz\/fr\/wp-json\/wp\/v2\/media\/48359"}],"wp:attachment":[{"href":"https:\/\/elmawkie.dz\/fr\/wp-json\/wp\/v2\/media?parent=48353"}],"wp:term":[{"taxonomy":"category","embeddable":true,"href":"https:\/\/elmawkie.dz\/fr\/wp-json\/wp\/v2\/categories?post=48353"},{"taxonomy":"post_tag","embeddable":true,"href":"https:\/\/elmawkie.dz\/fr\/wp-json\/wp\/v2\/tags?post=48353"}],"curies":[{"name":"wp","href":"https:\/\/api.w.org\/{rel}","templated":true}]}}