{"id":48339,"date":"2025-03-09T21:46:45","date_gmt":"2025-03-09T20:46:45","guid":{"rendered":"https:\/\/elmawkie.dz\/fr\/?p=48339"},"modified":"2025-03-09T21:46:46","modified_gmt":"2025-03-09T20:46:46","slug":"le-president-de-la-republique-ordonne-de-relever-le-seuil-de-linvestissement-dans-la-filiere-du-marbre","status":"publish","type":"post","link":"https:\/\/elmawkie.dz\/fr\/le-president-de-la-republique-ordonne-de-relever-le-seuil-de-linvestissement-dans-la-filiere-du-marbre\/","title":{"rendered":"le pr\u00e9sident de la R\u00e9publique ordonne de relever le seuil de l&rsquo;investissement dans la fili\u00e8re du marbre"},"content":{"rendered":"\n<p>Le pr\u00e9sident de la R\u00e9publique, M. Abdelmadjid Tebboune, a ordonn\u00e9 dimanche, lors de la r\u00e9union du Conseil des ministres, l&rsquo;organisation de la fili\u00e8re du marbre, tout en encourageant les responsables de ce secteur \u00e0 relever le seuil de l&rsquo;investissement dans cette industrie, indique un communiqu\u00e9 du Conseil des ministres. Concernant un expos\u00e9 sur la fili\u00e8re du marbre, le pr\u00e9sident de la R\u00e9publique a ordonn\u00e9 \u00ab\u00a0l&rsquo;organisation de ce secteur ancien et strat\u00e9gique, ainsi que la collaboration avec des partenaires internationaux professionnels et leaders dans cette industrie\u00a0\u00bb, pr\u00e9cise le communiqu\u00e9. Monsieur le Pr\u00e9sident a ordonn\u00e9 \u00ab\u00a0l&rsquo;interdiction de l&rsquo;importation de dalles de marbre finies, tout en lan\u00e7ant de nouveaux investissements et en introduisant des r\u00e9formes dans cette industrie, et ce, afin de soutenir le produit national\u00a0\u00bb. Le pr\u00e9sident de la R\u00e9publique a encourag\u00e9, en outre, \u00ab\u00a0les responsables de ce secteur \u00e0 relever le seuil de l&rsquo;investissement de fa\u00e7on minutieusement \u00e9tudi\u00e9e, \u00e9tant une source non n\u00e9gligeable de devises, et pourvoyeur d&#8217;emplois pour les jeunes\u00a0\u00bb, ajoute la m\u00eame source.<\/p>\n","protected":false},"excerpt":{"rendered":"<p>Le pr\u00e9sident de la R\u00e9publique, M. Abdelmadjid Tebboune, a ordonn\u00e9 dimanche, lors de la r\u00e9union du Conseil des ministres, l&rsquo;organisation de la fili\u00e8re du marbre, tout en encourageant les responsables de ce secteur \u00e0 relever le seuil de l&rsquo;investissement dans cette industrie, indique un communiqu\u00e9 du Conseil des ministres. Concernant un expos\u00e9 sur la fili\u00e8re &hellip;<\/p>\n","protected":false},"author":9,"featured_media":48341,"comment_status":"open","ping_status":"open","sticky":false,"template":"","format":"standard","meta":{"footnotes":""},"categories":[47],"tags":[2173,2966,596],"class_list":["post-48339","post","type-post","status-publish","format-standard","has-post-thumbnail","hentry","category-national","tag-linvestissement","tag-la-filiere-du-marbre","tag-le-president-de-la-republique"],"yoast_head":"<!-- This site is optimized with the Yoast SEO Premium plugin v22.6 (Yoast SEO v22.6) - https:\/\/yoast.com\/wordpress\/plugins\/seo\/ -->\n<title>le pr\u00e9sident de la R\u00e9publique ordonne de relever le seuil de l&#039;investissement dans la fili\u00e8re du marbre - El Mawkie<\/title>\n<meta name=\"robots\" content=\"index, follow, max-snippet:-1, max-image-preview:large, max-video-preview:-1\" \/>\n<link rel=\"canonical\" href=\"https:\/\/elmawkie.dz\/fr\/le-president-de-la-republique-ordonne-de-relever-le-seuil-de-linvestissement-dans-la-filiere-du-marbre\/\" \/>\n<meta property=\"og:locale\" content=\"fr_FR\" \/>\n<meta property=\"og:type\" content=\"article\" \/>\n<meta property=\"og:title\" content=\"le pr\u00e9sident de la R\u00e9publique ordonne de relever le seuil de l&#039;investissement dans la fili\u00e8re du marbre\" \/>\n<meta property=\"og:description\" content=\"Le pr\u00e9sident de la R\u00e9publique, M. Abdelmadjid Tebboune, a ordonn\u00e9 dimanche, lors de la r\u00e9union du Conseil des ministres, l&rsquo;organisation de la fili\u00e8re du marbre, tout en encourageant les responsables de ce secteur \u00e0 relever le seuil de l&rsquo;investissement dans cette industrie, indique un communiqu\u00e9 du Conseil des ministres. Concernant un expos\u00e9 sur la fili\u00e8re &hellip;\" \/>\n<meta property=\"og:url\" content=\"https:\/\/elmawkie.dz\/fr\/le-president-de-la-republique-ordonne-de-relever-le-seuil-de-linvestissement-dans-la-filiere-du-marbre\/\" \/>\n<meta property=\"og:site_name\" content=\"El Mawkie\" \/>\n<meta property=\"article:publisher\" content=\"https:\/\/www.facebook.com\/profile.php?id=100088407094989&amp;locale=fr_FR\" \/>\n<meta property=\"article:published_time\" content=\"2025-03-09T20:46:45+00:00\" \/>\n<meta property=\"article:modified_time\" content=\"2025-03-09T20:46:46+00:00\" \/>\n<meta property=\"og:image\" content=\"https:\/\/elmawkie.dz\/fr\/wp-content\/uploads\/2025\/03\/IMG_1031.jpeg\" \/>\n\t<meta property=\"og:image:width\" content=\"2048\" \/>\n\t<meta property=\"og:image:height\" content=\"1366\" \/>\n\t<meta property=\"og:image:type\" content=\"image\/jpeg\" \/>\n<meta name=\"author\" content=\"R\u00e9daction\" \/>\n<meta name=\"twitter:card\" content=\"summary_large_image\" \/>\n<meta name=\"twitter:label1\" content=\"Written by\" \/>\n\t<meta name=\"twitter:data1\" content=\"R\u00e9daction\" \/>\n\t<meta name=\"twitter:label2\" content=\"Est. reading time\" \/>\n\t<meta name=\"twitter:data2\" content=\"2 minutes\" \/>\n<script type=\"application\/ld+json\" class=\"yoast-schema-graph\">{\"@context\":\"https:\/\/schema.org\",\"@graph\":[{\"@type\":\"Article\",\"@id\":\"https:\/\/elmawkie.dz\/fr\/le-president-de-la-republique-ordonne-de-relever-le-seuil-de-linvestissement-dans-la-filiere-du-marbre\/#article\",\"isPartOf\":{\"@id\":\"https:\/\/elmawkie.dz\/fr\/le-president-de-la-republique-ordonne-de-relever-le-seuil-de-linvestissement-dans-la-filiere-du-marbre\/\"},\"author\":{\"name\":\"R\u00e9daction\",\"@id\":\"https:\/\/elmawkie.dz\/fr\/#\/schema\/person\/e7bd59d6467874ba5c4723d8a9f0a63c\"},\"headline\":\"le pr\u00e9sident de la R\u00e9publique ordonne de relever le seuil de l&rsquo;investissement dans la fili\u00e8re du marbre\",\"datePublished\":\"2025-03-09T20:46:45+00:00\",\"dateModified\":\"2025-03-09T20:46:46+00:00\",\"mainEntityOfPage\":{\"@id\":\"https:\/\/elmawkie.dz\/fr\/le-president-de-la-republique-ordonne-de-relever-le-seuil-de-linvestissement-dans-la-filiere-du-marbre\/\"},\"wordCount\":208,\"commentCount\":0,\"publisher\":{\"@id\":\"https:\/\/elmawkie.dz\/fr\/#organization\"},\"image\":{\"@id\":\"https:\/\/elmawkie.dz\/fr\/le-president-de-la-republique-ordonne-de-relever-le-seuil-de-linvestissement-dans-la-filiere-du-marbre\/#primaryimage\"},\"thumbnailUrl\":\"https:\/\/elmawkie.dz\/fr\/wp-content\/uploads\/2025\/03\/IMG_1031.jpeg\",\"keywords\":[\"l\u2019investissement\",\"la fili\u00e8re du marbre\",\"le pr\u00e9sident de la R\u00e9publique\"],\"articleSection\":[\"National\"],\"inLanguage\":\"fr-FR\",\"potentialAction\":[{\"@type\":\"CommentAction\",\"name\":\"Comment\",\"target\":[\"https:\/\/elmawkie.dz\/fr\/le-president-de-la-republique-ordonne-de-relever-le-seuil-de-linvestissement-dans-la-filiere-du-marbre\/#respond\"]}]},{\"@type\":\"WebPage\",\"@id\":\"https:\/\/elmawkie.dz\/fr\/le-president-de-la-republique-ordonne-de-relever-le-seuil-de-linvestissement-dans-la-filiere-du-marbre\/\",\"url\":\"https:\/\/elmawkie.dz\/fr\/le-president-de-la-republique-ordonne-de-relever-le-seuil-de-linvestissement-dans-la-filiere-du-marbre\/\",\"name\":\"le pr\u00e9sident de la R\u00e9publique ordonne de relever le seuil de l'investissement dans la fili\u00e8re du marbre - El Mawkie\",\"isPartOf\":{\"@id\":\"https:\/\/elmawkie.dz\/fr\/#website\"},\"primaryImageOfPage\":{\"@id\":\"https:\/\/elmawkie.dz\/fr\/le-president-de-la-republique-ordonne-de-relever-le-seuil-de-linvestissement-dans-la-filiere-du-marbre\/#primaryimage\"},\"image\":{\"@id\":\"https:\/\/elmawkie.dz\/fr\/le-president-de-la-republique-ordonne-de-relever-le-seuil-de-linvestissement-dans-la-filiere-du-marbre\/#primaryimage\"},\"thumbnailUrl\":\"https:\/\/elmawkie.dz\/fr\/wp-content\/uploads\/2025\/03\/IMG_1031.jpeg\",\"datePublished\":\"2025-03-09T20:46:45+00:00\",\"dateModified\":\"2025-03-09T20:46:46+00:00\",\"breadcrumb\":{\"@id\":\"https:\/\/elmawkie.dz\/fr\/le-president-de-la-republique-ordonne-de-relever-le-seuil-de-linvestissement-dans-la-filiere-du-marbre\/#breadcrumb\"},\"inLanguage\":\"fr-FR\",\"potentialAction\":[{\"@type\":\"ReadAction\",\"target\":[\"https:\/\/elmawkie.dz\/fr\/le-president-de-la-republique-ordonne-de-relever-le-seuil-de-linvestissement-dans-la-filiere-du-marbre\/\"]}]},{\"@type\":\"ImageObject\",\"inLanguage\":\"fr-FR\",\"@id\":\"https:\/\/elmawkie.dz\/fr\/le-president-de-la-republique-ordonne-de-relever-le-seuil-de-linvestissement-dans-la-filiere-du-marbre\/#primaryimage\",\"url\":\"https:\/\/elmawkie.dz\/fr\/wp-content\/uploads\/2025\/03\/IMG_1031.jpeg\",\"contentUrl\":\"https:\/\/elmawkie.dz\/fr\/wp-content\/uploads\/2025\/03\/IMG_1031.jpeg\",\"width\":2048,\"height\":1366},{\"@type\":\"BreadcrumbList\",\"@id\":\"https:\/\/elmawkie.dz\/fr\/le-president-de-la-republique-ordonne-de-relever-le-seuil-de-linvestissement-dans-la-filiere-du-marbre\/#breadcrumb\",\"itemListElement\":[{\"@type\":\"ListItem\",\"position\":1,\"name\":\"Home\",\"item\":\"https:\/\/elmawkie.dz\/fr\/\"},{\"@type\":\"ListItem\",\"position\":2,\"name\":\"le pr\u00e9sident de la R\u00e9publique ordonne de relever le seuil de l&rsquo;investissement dans la fili\u00e8re du marbre\"}]},{\"@type\":\"WebSite\",\"@id\":\"https:\/\/elmawkie.dz\/fr\/#website\",\"url\":\"https:\/\/elmawkie.dz\/fr\/\",\"name\":\"EL MAWKIE\",\"description\":\"Journal \u00c9lectronique Alg\u00e9rien\",\"publisher\":{\"@id\":\"https:\/\/elmawkie.dz\/fr\/#organization\"},\"potentialAction\":[{\"@type\":\"SearchAction\",\"target\":{\"@type\":\"EntryPoint\",\"urlTemplate\":\"https:\/\/elmawkie.dz\/fr\/?s={search_term_string}\"},\"query-input\":\"required name=search_term_string\"}],\"inLanguage\":\"fr-FR\"},{\"@type\":\"Organization\",\"@id\":\"https:\/\/elmawkie.dz\/fr\/#organization\",\"name\":\"EL MAWKIE\",\"url\":\"https:\/\/elmawkie.dz\/fr\/\",\"logo\":{\"@type\":\"ImageObject\",\"inLanguage\":\"fr-FR\",\"@id\":\"https:\/\/elmawkie.dz\/fr\/#\/schema\/logo\/image\/\",\"url\":\"https:\/\/elmawkie.dz\/fr\/wp-content\/uploads\/2024\/05\/logo1.png\",\"contentUrl\":\"https:\/\/elmawkie.dz\/fr\/wp-content\/uploads\/2024\/05\/logo1.png\",\"width\":1648,\"height\":652,\"caption\":\"EL MAWKIE\"},\"image\":{\"@id\":\"https:\/\/elmawkie.dz\/fr\/#\/schema\/logo\/image\/\"},\"sameAs\":[\"https:\/\/www.facebook.com\/profile.php?id=100088407094989&locale=fr_FR\"]},{\"@type\":\"Person\",\"@id\":\"https:\/\/elmawkie.dz\/fr\/#\/schema\/person\/e7bd59d6467874ba5c4723d8a9f0a63c\",\"name\":\"R\u00e9daction\",\"image\":{\"@type\":\"ImageObject\",\"inLanguage\":\"fr-FR\",\"@id\":\"https:\/\/elmawkie.dz\/fr\/#\/schema\/person\/image\/\",\"url\":\"https:\/\/secure.gravatar.com\/avatar\/f0f773456344da4d2788c054a3d30a0c?s=96&d=mm&r=g\",\"contentUrl\":\"https:\/\/secure.gravatar.com\/avatar\/f0f773456344da4d2788c054a3d30a0c?s=96&d=mm&r=g\",\"caption\":\"R\u00e9daction\"},\"url\":\"https:\/\/elmawkie.dz\/fr\/author\/redaction\/\"}]}<\/script>\n<!-- \/ Yoast SEO Premium plugin. -->","yoast_head_json":{"title":"le pr\u00e9sident de la R\u00e9publique ordonne de relever le seuil de l'investissement dans la fili\u00e8re du marbre - El Mawkie","robots":{"index":"index","follow":"follow","max-snippet":"max-snippet:-1","max-image-preview":"max-image-preview:large","max-video-preview":"max-video-preview:-1"},"canonical":"https:\/\/elmawkie.dz\/fr\/le-president-de-la-republique-ordonne-de-relever-le-seuil-de-linvestissement-dans-la-filiere-du-marbre\/","og_locale":"fr_FR","og_type":"article","og_title":"le pr\u00e9sident de la R\u00e9publique ordonne de relever le seuil de l'investissement dans la fili\u00e8re du marbre","og_description":"Le pr\u00e9sident de la R\u00e9publique, M. Abdelmadjid Tebboune, a ordonn\u00e9 dimanche, lors de la r\u00e9union du Conseil des ministres, l&rsquo;organisation de la fili\u00e8re du marbre, tout en encourageant les responsables de ce secteur \u00e0 relever le seuil de l&rsquo;investissement dans cette industrie, indique un communiqu\u00e9 du Conseil des ministres. Concernant un expos\u00e9 sur la fili\u00e8re &hellip;","og_url":"https:\/\/elmawkie.dz\/fr\/le-president-de-la-republique-ordonne-de-relever-le-seuil-de-linvestissement-dans-la-filiere-du-marbre\/","og_site_name":"El Mawkie","article_publisher":"https:\/\/www.facebook.com\/profile.php?id=100088407094989&locale=fr_FR","article_published_time":"2025-03-09T20:46:45+00:00","article_modified_time":"2025-03-09T20:46:46+00:00","og_image":[{"width":2048,"height":1366,"url":"https:\/\/elmawkie.dz\/fr\/wp-content\/uploads\/2025\/03\/IMG_1031.jpeg","type":"image\/jpeg"}],"author":"R\u00e9daction","twitter_card":"summary_large_image","twitter_misc":{"Written by":"R\u00e9daction","Est. reading time":"2 minutes"},"schema":{"@context":"https:\/\/schema.org","@graph":[{"@type":"Article","@id":"https:\/\/elmawkie.dz\/fr\/le-president-de-la-republique-ordonne-de-relever-le-seuil-de-linvestissement-dans-la-filiere-du-marbre\/#article","isPartOf":{"@id":"https:\/\/elmawkie.dz\/fr\/le-president-de-la-republique-ordonne-de-relever-le-seuil-de-linvestissement-dans-la-filiere-du-marbre\/"},"author":{"name":"R\u00e9daction","@id":"https:\/\/elmawkie.dz\/fr\/#\/schema\/person\/e7bd59d6467874ba5c4723d8a9f0a63c"},"headline":"le pr\u00e9sident de la R\u00e9publique ordonne de relever le seuil de l&rsquo;investissement dans la fili\u00e8re du marbre","datePublished":"2025-03-09T20:46:45+00:00","dateModified":"2025-03-09T20:46:46+00:00","mainEntityOfPage":{"@id":"https:\/\/elmawkie.dz\/fr\/le-president-de-la-republique-ordonne-de-relever-le-seuil-de-linvestissement-dans-la-filiere-du-marbre\/"},"wordCount":208,"commentCount":0,"publisher":{"@id":"https:\/\/elmawkie.dz\/fr\/#organization"},"image":{"@id":"https:\/\/elmawkie.dz\/fr\/le-president-de-la-republique-ordonne-de-relever-le-seuil-de-linvestissement-dans-la-filiere-du-marbre\/#primaryimage"},"thumbnailUrl":"https:\/\/elmawkie.dz\/fr\/wp-content\/uploads\/2025\/03\/IMG_1031.jpeg","keywords":["l\u2019investissement","la fili\u00e8re du marbre","le pr\u00e9sident de la R\u00e9publique"],"articleSection":["National"],"inLanguage":"fr-FR","potentialAction":[{"@type":"CommentAction","name":"Comment","target":["https:\/\/elmawkie.dz\/fr\/le-president-de-la-republique-ordonne-de-relever-le-seuil-de-linvestissement-dans-la-filiere-du-marbre\/#respond"]}]},{"@type":"WebPage","@id":"https:\/\/elmawkie.dz\/fr\/le-president-de-la-republique-ordonne-de-relever-le-seuil-de-linvestissement-dans-la-filiere-du-marbre\/","url":"https:\/\/elmawkie.dz\/fr\/le-president-de-la-republique-ordonne-de-relever-le-seuil-de-linvestissement-dans-la-filiere-du-marbre\/","name":"le pr\u00e9sident de la R\u00e9publique ordonne de relever le seuil de l'investissement dans la fili\u00e8re du marbre - El Mawkie","isPartOf":{"@id":"https:\/\/elmawkie.dz\/fr\/#website"},"primaryImageOfPage":{"@id":"https:\/\/elmawkie.dz\/fr\/le-president-de-la-republique-ordonne-de-relever-le-seuil-de-linvestissement-dans-la-filiere-du-marbre\/#primaryimage"},"image":{"@id":"https:\/\/elmawkie.dz\/fr\/le-president-de-la-republique-ordonne-de-relever-le-seuil-de-linvestissement-dans-la-filiere-du-marbre\/#primaryimage"},"thumbnailUrl":"https:\/\/elmawkie.dz\/fr\/wp-content\/uploads\/2025\/03\/IMG_1031.jpeg","datePublished":"2025-03-09T20:46:45+00:00","dateModified":"2025-03-09T20:46:46+00:00","breadcrumb":{"@id":"https:\/\/elmawkie.dz\/fr\/le-president-de-la-republique-ordonne-de-relever-le-seuil-de-linvestissement-dans-la-filiere-du-marbre\/#breadcrumb"},"inLanguage":"fr-FR","potentialAction":[{"@type":"ReadAction","target":["https:\/\/elmawkie.dz\/fr\/le-president-de-la-republique-ordonne-de-relever-le-seuil-de-linvestissement-dans-la-filiere-du-marbre\/"]}]},{"@type":"ImageObject","inLanguage":"fr-FR","@id":"https:\/\/elmawkie.dz\/fr\/le-president-de-la-republique-ordonne-de-relever-le-seuil-de-linvestissement-dans-la-filiere-du-marbre\/#primaryimage","url":"https:\/\/elmawkie.dz\/fr\/wp-content\/uploads\/2025\/03\/IMG_1031.jpeg","contentUrl":"https:\/\/elmawkie.dz\/fr\/wp-content\/uploads\/2025\/03\/IMG_1031.jpeg","width":2048,"height":1366},{"@type":"BreadcrumbList","@id":"https:\/\/elmawkie.dz\/fr\/le-president-de-la-republique-ordonne-de-relever-le-seuil-de-linvestissement-dans-la-filiere-du-marbre\/#breadcrumb","itemListElement":[{"@type":"ListItem","position":1,"name":"Home","item":"https:\/\/elmawkie.dz\/fr\/"},{"@type":"ListItem","position":2,"name":"le pr\u00e9sident de la R\u00e9publique ordonne de relever le seuil de l&rsquo;investissement dans la fili\u00e8re du marbre"}]},{"@type":"WebSite","@id":"https:\/\/elmawkie.dz\/fr\/#website","url":"https:\/\/elmawkie.dz\/fr\/","name":"EL MAWKIE","description":"Journal \u00c9lectronique Alg\u00e9rien","publisher":{"@id":"https:\/\/elmawkie.dz\/fr\/#organization"},"potentialAction":[{"@type":"SearchAction","target":{"@type":"EntryPoint","urlTemplate":"https:\/\/elmawkie.dz\/fr\/?s={search_term_string}"},"query-input":"required name=search_term_string"}],"inLanguage":"fr-FR"},{"@type":"Organization","@id":"https:\/\/elmawkie.dz\/fr\/#organization","name":"EL MAWKIE","url":"https:\/\/elmawkie.dz\/fr\/","logo":{"@type":"ImageObject","inLanguage":"fr-FR","@id":"https:\/\/elmawkie.dz\/fr\/#\/schema\/logo\/image\/","url":"https:\/\/elmawkie.dz\/fr\/wp-content\/uploads\/2024\/05\/logo1.png","contentUrl":"https:\/\/elmawkie.dz\/fr\/wp-content\/uploads\/2024\/05\/logo1.png","width":1648,"height":652,"caption":"EL MAWKIE"},"image":{"@id":"https:\/\/elmawkie.dz\/fr\/#\/schema\/logo\/image\/"},"sameAs":["https:\/\/www.facebook.com\/profile.php?id=100088407094989&locale=fr_FR"]},{"@type":"Person","@id":"https:\/\/elmawkie.dz\/fr\/#\/schema\/person\/e7bd59d6467874ba5c4723d8a9f0a63c","name":"R\u00e9daction","image":{"@type":"ImageObject","inLanguage":"fr-FR","@id":"https:\/\/elmawkie.dz\/fr\/#\/schema\/person\/image\/","url":"https:\/\/secure.gravatar.com\/avatar\/f0f773456344da4d2788c054a3d30a0c?s=96&d=mm&r=g","contentUrl":"https:\/\/secure.gravatar.com\/avatar\/f0f773456344da4d2788c054a3d30a0c?s=96&d=mm&r=g","caption":"R\u00e9daction"},"url":"https:\/\/elmawkie.dz\/fr\/author\/redaction\/"}]}},"_links":{"self":[{"href":"https:\/\/elmawkie.dz\/fr\/wp-json\/wp\/v2\/posts\/48339","targetHints":{"allow":["GET"]}}],"collection":[{"href":"https:\/\/elmawkie.dz\/fr\/wp-json\/wp\/v2\/posts"}],"about":[{"href":"https:\/\/elmawkie.dz\/fr\/wp-json\/wp\/v2\/types\/post"}],"author":[{"embeddable":true,"href":"https:\/\/elmawkie.dz\/fr\/wp-json\/wp\/v2\/users\/9"}],"replies":[{"embeddable":true,"href":"https:\/\/elmawkie.dz\/fr\/wp-json\/wp\/v2\/comments?post=48339"}],"version-history":[{"count":1,"href":"https:\/\/elmawkie.dz\/fr\/wp-json\/wp\/v2\/posts\/48339\/revisions"}],"predecessor-version":[{"id":48342,"href":"https:\/\/elmawkie.dz\/fr\/wp-json\/wp\/v2\/posts\/48339\/revisions\/48342"}],"wp:featuredmedia":[{"embeddable":true,"href":"https:\/\/elmawkie.dz\/fr\/wp-json\/wp\/v2\/media\/48341"}],"wp:attachment":[{"href":"https:\/\/elmawkie.dz\/fr\/wp-json\/wp\/v2\/media?parent=48339"}],"wp:term":[{"taxonomy":"category","embeddable":true,"href":"https:\/\/elmawkie.dz\/fr\/wp-json\/wp\/v2\/categories?post=48339"},{"taxonomy":"post_tag","embeddable":true,"href":"https:\/\/elmawkie.dz\/fr\/wp-json\/wp\/v2\/tags?post=48339"}],"curies":[{"name":"wp","href":"https:\/\/api.w.org\/{rel}","templated":true}]}}