{"id":4828,"date":"2024-09-11T15:09:35","date_gmt":"2024-09-11T14:09:35","guid":{"rendered":"https:\/\/elmawkie.dz\/fr\/?p=4828"},"modified":"2024-09-11T15:09:35","modified_gmt":"2024-09-11T14:09:35","slug":"une-delegation-de-lonm-chez-le-ministre-des-moudjahidine","status":"publish","type":"post","link":"https:\/\/elmawkie.dz\/fr\/une-delegation-de-lonm-chez-le-ministre-des-moudjahidine\/","title":{"rendered":"Une d\u00e9l\u00e9gation de l\u2019ONM chez le ministre des Moudjahidine"},"content":{"rendered":"<p><strong><em>Une d\u00e9l\u00e9gation compos\u00e9e du secr\u00e9taire g\u00e9n\u00e9ral de l&rsquo;Organisation nationale des moudjahidine (ONM), Hamza Laoufi, et deux membres du secr\u00e9tariat g\u00e9n\u00e9ral, Abdelouahed Boudjebar et Abdedaim Abdedaim, a \u00e9t\u00e9 re\u00e7ue, hier mardi \u00e0 Alger, \u00a0par le ministre des Moudjahidine et des Ayant droits, Laid Rebiga.<\/em><\/strong><\/p>\n<p><em>Cette rencontre entre dans le cadre \u00a0des rencontres p\u00e9riodiques de \u00ab\u00a0compl\u00e9mentarit\u00e9 et de coordination avec les repr\u00e9sentants des organisations de la famille r\u00e9volutionnaire en t\u00eate desquelles l&rsquo;ONM \u00e9tant un rempart du r\u00e9f\u00e9rent du 1er Novembre 1954\u00a0\u00bb, a indiqu\u00e9 un communiqu\u00e9 du minist\u00e8re.<\/em><\/p>\n<p><em>Lors de cette occasion, cette d\u00e9l\u00e9gation a pr\u00e9sent\u00e9 \u00ab\u00a0leurs f\u00e9licitations au pr\u00e9sident de la R\u00e9publique, M. Abdelmadjid Tebboune, apr\u00e8s avoir obtenu la confiance du peuple alg\u00e9rien pour poursuivre l&rsquo;\u00e9dification d&rsquo;une Alg\u00e9rie triomphante, tout en restant fid\u00e8le aux valeurs et au serment de nos vaillants Chouhada\u00a0\u00bb. Il a \u00e9t\u00e9 tenu \u00e0 souligner que \u00ab\u00a0le succ\u00e8s de cette \u00e9ch\u00e9ance nationale a immunis\u00e9 les institutions de la R\u00e9publique, ce qui lui permettra de r\u00e9aliser d&rsquo;importants \u00e9lans en mati\u00e8re de d\u00e9veloppement et de relever les d\u00e9fis\u00a0\u00bb. Les pr\u00e9paratifs de la c\u00e9l\u00e9bration du 70\u00e8 anniversaire de l\u2019Ind\u00e9pendance qui sont en cours, ont \u00e9t\u00e9 \u00e9galement soulev\u00e9 par les deux parties, notamment \u00a0les programmes pr\u00e9vus\u00a0\u00bb, conclut la m\u00eame source.<\/em><\/p>\n<p><em>R\u00e9daction<\/em><\/p>\n<p>&nbsp;<\/p>\n","protected":false},"excerpt":{"rendered":"<p>Une d\u00e9l\u00e9gation compos\u00e9e du secr\u00e9taire g\u00e9n\u00e9ral de l&rsquo;Organisation nationale des moudjahidine (ONM), Hamza Laoufi, et deux membres du secr\u00e9tariat g\u00e9n\u00e9ral, Abdelouahed Boudjebar et Abdedaim Abdedaim, a \u00e9t\u00e9 re\u00e7ue, hier mardi \u00e0 Alger, \u00a0par le ministre des Moudjahidine et des Ayant droits, Laid Rebiga. Cette rencontre entre dans le cadre \u00a0des rencontres p\u00e9riodiques de \u00ab\u00a0compl\u00e9mentarit\u00e9 et &hellip;<\/p>\n","protected":false},"author":3,"featured_media":4829,"comment_status":"open","ping_status":"open","sticky":false,"template":"","format":"standard","meta":{"footnotes":""},"categories":[47],"tags":[],"class_list":["post-4828","post","type-post","status-publish","format-standard","has-post-thumbnail","hentry","category-national"],"yoast_head":"<!-- This site is optimized with the Yoast SEO Premium plugin v22.6 (Yoast SEO v22.6) - https:\/\/yoast.com\/wordpress\/plugins\/seo\/ -->\n<title>Une d\u00e9l\u00e9gation de l\u2019ONM chez le ministre des Moudjahidine - El Mawkie<\/title>\n<meta name=\"robots\" content=\"index, follow, max-snippet:-1, max-image-preview:large, max-video-preview:-1\" \/>\n<link rel=\"canonical\" href=\"https:\/\/elmawkie.dz\/fr\/une-delegation-de-lonm-chez-le-ministre-des-moudjahidine\/\" \/>\n<meta property=\"og:locale\" content=\"fr_FR\" \/>\n<meta property=\"og:type\" content=\"article\" \/>\n<meta property=\"og:title\" content=\"Une d\u00e9l\u00e9gation de l\u2019ONM chez le ministre des Moudjahidine\" \/>\n<meta property=\"og:description\" content=\"Une d\u00e9l\u00e9gation compos\u00e9e du secr\u00e9taire g\u00e9n\u00e9ral de l&rsquo;Organisation nationale des moudjahidine (ONM), Hamza Laoufi, et deux membres du secr\u00e9tariat g\u00e9n\u00e9ral, Abdelouahed Boudjebar et Abdedaim Abdedaim, a \u00e9t\u00e9 re\u00e7ue, hier mardi \u00e0 Alger, \u00a0par le ministre des Moudjahidine et des Ayant droits, Laid Rebiga. Cette rencontre entre dans le cadre \u00a0des rencontres p\u00e9riodiques de \u00ab\u00a0compl\u00e9mentarit\u00e9 et &hellip;\" \/>\n<meta property=\"og:url\" content=\"https:\/\/elmawkie.dz\/fr\/une-delegation-de-lonm-chez-le-ministre-des-moudjahidine\/\" \/>\n<meta property=\"og:site_name\" content=\"El Mawkie\" \/>\n<meta property=\"article:publisher\" content=\"https:\/\/www.facebook.com\/profile.php?id=100088407094989&amp;locale=fr_FR\" \/>\n<meta property=\"article:published_time\" content=\"2024-09-11T14:09:35+00:00\" \/>\n<meta property=\"og:image\" content=\"https:\/\/elmawkie.dz\/fr\/wp-content\/uploads\/2024\/09\/IMG_1799.jpeg\" \/>\n\t<meta property=\"og:image:width\" content=\"1600\" \/>\n\t<meta property=\"og:image:height\" content=\"900\" \/>\n\t<meta property=\"og:image:type\" content=\"image\/jpeg\" \/>\n<meta name=\"author\" content=\"Hamra Fouzia\" \/>\n<meta name=\"twitter:card\" content=\"summary_large_image\" \/>\n<meta name=\"twitter:label1\" content=\"Written by\" \/>\n\t<meta name=\"twitter:data1\" content=\"Hamra Fouzia\" \/>\n\t<meta name=\"twitter:label2\" content=\"Est. reading time\" \/>\n\t<meta name=\"twitter:data2\" content=\"1 minute\" \/>\n<script type=\"application\/ld+json\" class=\"yoast-schema-graph\">{\"@context\":\"https:\/\/schema.org\",\"@graph\":[{\"@type\":\"Article\",\"@id\":\"https:\/\/elmawkie.dz\/fr\/une-delegation-de-lonm-chez-le-ministre-des-moudjahidine\/#article\",\"isPartOf\":{\"@id\":\"https:\/\/elmawkie.dz\/fr\/une-delegation-de-lonm-chez-le-ministre-des-moudjahidine\/\"},\"author\":{\"name\":\"Hamra Fouzia\",\"@id\":\"https:\/\/elmawkie.dz\/fr\/#\/schema\/person\/4ed8433201bc23634185d8dd37097c64\"},\"headline\":\"Une d\u00e9l\u00e9gation de l\u2019ONM chez le ministre des Moudjahidine\",\"datePublished\":\"2024-09-11T14:09:35+00:00\",\"dateModified\":\"2024-09-11T14:09:35+00:00\",\"mainEntityOfPage\":{\"@id\":\"https:\/\/elmawkie.dz\/fr\/une-delegation-de-lonm-chez-le-ministre-des-moudjahidine\/\"},\"wordCount\":255,\"commentCount\":0,\"publisher\":{\"@id\":\"https:\/\/elmawkie.dz\/fr\/#organization\"},\"image\":{\"@id\":\"https:\/\/elmawkie.dz\/fr\/une-delegation-de-lonm-chez-le-ministre-des-moudjahidine\/#primaryimage\"},\"thumbnailUrl\":\"https:\/\/elmawkie.dz\/fr\/wp-content\/uploads\/2024\/09\/IMG_1799.jpeg\",\"articleSection\":[\"National\"],\"inLanguage\":\"fr-FR\",\"potentialAction\":[{\"@type\":\"CommentAction\",\"name\":\"Comment\",\"target\":[\"https:\/\/elmawkie.dz\/fr\/une-delegation-de-lonm-chez-le-ministre-des-moudjahidine\/#respond\"]}]},{\"@type\":\"WebPage\",\"@id\":\"https:\/\/elmawkie.dz\/fr\/une-delegation-de-lonm-chez-le-ministre-des-moudjahidine\/\",\"url\":\"https:\/\/elmawkie.dz\/fr\/une-delegation-de-lonm-chez-le-ministre-des-moudjahidine\/\",\"name\":\"Une d\u00e9l\u00e9gation de l\u2019ONM chez le ministre des Moudjahidine - El Mawkie\",\"isPartOf\":{\"@id\":\"https:\/\/elmawkie.dz\/fr\/#website\"},\"primaryImageOfPage\":{\"@id\":\"https:\/\/elmawkie.dz\/fr\/une-delegation-de-lonm-chez-le-ministre-des-moudjahidine\/#primaryimage\"},\"image\":{\"@id\":\"https:\/\/elmawkie.dz\/fr\/une-delegation-de-lonm-chez-le-ministre-des-moudjahidine\/#primaryimage\"},\"thumbnailUrl\":\"https:\/\/elmawkie.dz\/fr\/wp-content\/uploads\/2024\/09\/IMG_1799.jpeg\",\"datePublished\":\"2024-09-11T14:09:35+00:00\",\"dateModified\":\"2024-09-11T14:09:35+00:00\",\"breadcrumb\":{\"@id\":\"https:\/\/elmawkie.dz\/fr\/une-delegation-de-lonm-chez-le-ministre-des-moudjahidine\/#breadcrumb\"},\"inLanguage\":\"fr-FR\",\"potentialAction\":[{\"@type\":\"ReadAction\",\"target\":[\"https:\/\/elmawkie.dz\/fr\/une-delegation-de-lonm-chez-le-ministre-des-moudjahidine\/\"]}]},{\"@type\":\"ImageObject\",\"inLanguage\":\"fr-FR\",\"@id\":\"https:\/\/elmawkie.dz\/fr\/une-delegation-de-lonm-chez-le-ministre-des-moudjahidine\/#primaryimage\",\"url\":\"https:\/\/elmawkie.dz\/fr\/wp-content\/uploads\/2024\/09\/IMG_1799.jpeg\",\"contentUrl\":\"https:\/\/elmawkie.dz\/fr\/wp-content\/uploads\/2024\/09\/IMG_1799.jpeg\",\"width\":1600,\"height\":900},{\"@type\":\"BreadcrumbList\",\"@id\":\"https:\/\/elmawkie.dz\/fr\/une-delegation-de-lonm-chez-le-ministre-des-moudjahidine\/#breadcrumb\",\"itemListElement\":[{\"@type\":\"ListItem\",\"position\":1,\"name\":\"Home\",\"item\":\"https:\/\/elmawkie.dz\/fr\/\"},{\"@type\":\"ListItem\",\"position\":2,\"name\":\"Une d\u00e9l\u00e9gation de l\u2019ONM chez le ministre des Moudjahidine\"}]},{\"@type\":\"WebSite\",\"@id\":\"https:\/\/elmawkie.dz\/fr\/#website\",\"url\":\"https:\/\/elmawkie.dz\/fr\/\",\"name\":\"EL MAWKIE\",\"description\":\"Journal \u00c9lectronique Alg\u00e9rien\",\"publisher\":{\"@id\":\"https:\/\/elmawkie.dz\/fr\/#organization\"},\"potentialAction\":[{\"@type\":\"SearchAction\",\"target\":{\"@type\":\"EntryPoint\",\"urlTemplate\":\"https:\/\/elmawkie.dz\/fr\/?s={search_term_string}\"},\"query-input\":\"required name=search_term_string\"}],\"inLanguage\":\"fr-FR\"},{\"@type\":\"Organization\",\"@id\":\"https:\/\/elmawkie.dz\/fr\/#organization\",\"name\":\"EL MAWKIE\",\"url\":\"https:\/\/elmawkie.dz\/fr\/\",\"logo\":{\"@type\":\"ImageObject\",\"inLanguage\":\"fr-FR\",\"@id\":\"https:\/\/elmawkie.dz\/fr\/#\/schema\/logo\/image\/\",\"url\":\"https:\/\/elmawkie.dz\/fr\/wp-content\/uploads\/2024\/05\/logo1.png\",\"contentUrl\":\"https:\/\/elmawkie.dz\/fr\/wp-content\/uploads\/2024\/05\/logo1.png\",\"width\":1648,\"height\":652,\"caption\":\"EL MAWKIE\"},\"image\":{\"@id\":\"https:\/\/elmawkie.dz\/fr\/#\/schema\/logo\/image\/\"},\"sameAs\":[\"https:\/\/www.facebook.com\/profile.php?id=100088407094989&locale=fr_FR\"]},{\"@type\":\"Person\",\"@id\":\"https:\/\/elmawkie.dz\/fr\/#\/schema\/person\/4ed8433201bc23634185d8dd37097c64\",\"name\":\"Hamra Fouzia\",\"image\":{\"@type\":\"ImageObject\",\"inLanguage\":\"fr-FR\",\"@id\":\"https:\/\/elmawkie.dz\/fr\/#\/schema\/person\/image\/\",\"url\":\"https:\/\/secure.gravatar.com\/avatar\/ea215268aad51f3219f9a59227db6fa1?s=96&d=mm&r=g\",\"contentUrl\":\"https:\/\/secure.gravatar.com\/avatar\/ea215268aad51f3219f9a59227db6fa1?s=96&d=mm&r=g\",\"caption\":\"Hamra Fouzia\"},\"sameAs\":[\"https:\/\/elmawkie.dz\/fr\"],\"url\":\"https:\/\/elmawkie.dz\/fr\/author\/elmawkie\/\"}]}<\/script>\n<!-- \/ Yoast SEO Premium plugin. -->","yoast_head_json":{"title":"Une d\u00e9l\u00e9gation de l\u2019ONM chez le ministre des Moudjahidine - El Mawkie","robots":{"index":"index","follow":"follow","max-snippet":"max-snippet:-1","max-image-preview":"max-image-preview:large","max-video-preview":"max-video-preview:-1"},"canonical":"https:\/\/elmawkie.dz\/fr\/une-delegation-de-lonm-chez-le-ministre-des-moudjahidine\/","og_locale":"fr_FR","og_type":"article","og_title":"Une d\u00e9l\u00e9gation de l\u2019ONM chez le ministre des Moudjahidine","og_description":"Une d\u00e9l\u00e9gation compos\u00e9e du secr\u00e9taire g\u00e9n\u00e9ral de l&rsquo;Organisation nationale des moudjahidine (ONM), Hamza Laoufi, et deux membres du secr\u00e9tariat g\u00e9n\u00e9ral, Abdelouahed Boudjebar et Abdedaim Abdedaim, a \u00e9t\u00e9 re\u00e7ue, hier mardi \u00e0 Alger, \u00a0par le ministre des Moudjahidine et des Ayant droits, Laid Rebiga. Cette rencontre entre dans le cadre \u00a0des rencontres p\u00e9riodiques de \u00ab\u00a0compl\u00e9mentarit\u00e9 et &hellip;","og_url":"https:\/\/elmawkie.dz\/fr\/une-delegation-de-lonm-chez-le-ministre-des-moudjahidine\/","og_site_name":"El Mawkie","article_publisher":"https:\/\/www.facebook.com\/profile.php?id=100088407094989&locale=fr_FR","article_published_time":"2024-09-11T14:09:35+00:00","og_image":[{"width":1600,"height":900,"url":"https:\/\/elmawkie.dz\/fr\/wp-content\/uploads\/2024\/09\/IMG_1799.jpeg","type":"image\/jpeg"}],"author":"Hamra Fouzia","twitter_card":"summary_large_image","twitter_misc":{"Written by":"Hamra Fouzia","Est. reading time":"1 minute"},"schema":{"@context":"https:\/\/schema.org","@graph":[{"@type":"Article","@id":"https:\/\/elmawkie.dz\/fr\/une-delegation-de-lonm-chez-le-ministre-des-moudjahidine\/#article","isPartOf":{"@id":"https:\/\/elmawkie.dz\/fr\/une-delegation-de-lonm-chez-le-ministre-des-moudjahidine\/"},"author":{"name":"Hamra Fouzia","@id":"https:\/\/elmawkie.dz\/fr\/#\/schema\/person\/4ed8433201bc23634185d8dd37097c64"},"headline":"Une d\u00e9l\u00e9gation de l\u2019ONM chez le ministre des Moudjahidine","datePublished":"2024-09-11T14:09:35+00:00","dateModified":"2024-09-11T14:09:35+00:00","mainEntityOfPage":{"@id":"https:\/\/elmawkie.dz\/fr\/une-delegation-de-lonm-chez-le-ministre-des-moudjahidine\/"},"wordCount":255,"commentCount":0,"publisher":{"@id":"https:\/\/elmawkie.dz\/fr\/#organization"},"image":{"@id":"https:\/\/elmawkie.dz\/fr\/une-delegation-de-lonm-chez-le-ministre-des-moudjahidine\/#primaryimage"},"thumbnailUrl":"https:\/\/elmawkie.dz\/fr\/wp-content\/uploads\/2024\/09\/IMG_1799.jpeg","articleSection":["National"],"inLanguage":"fr-FR","potentialAction":[{"@type":"CommentAction","name":"Comment","target":["https:\/\/elmawkie.dz\/fr\/une-delegation-de-lonm-chez-le-ministre-des-moudjahidine\/#respond"]}]},{"@type":"WebPage","@id":"https:\/\/elmawkie.dz\/fr\/une-delegation-de-lonm-chez-le-ministre-des-moudjahidine\/","url":"https:\/\/elmawkie.dz\/fr\/une-delegation-de-lonm-chez-le-ministre-des-moudjahidine\/","name":"Une d\u00e9l\u00e9gation de l\u2019ONM chez le ministre des Moudjahidine - El Mawkie","isPartOf":{"@id":"https:\/\/elmawkie.dz\/fr\/#website"},"primaryImageOfPage":{"@id":"https:\/\/elmawkie.dz\/fr\/une-delegation-de-lonm-chez-le-ministre-des-moudjahidine\/#primaryimage"},"image":{"@id":"https:\/\/elmawkie.dz\/fr\/une-delegation-de-lonm-chez-le-ministre-des-moudjahidine\/#primaryimage"},"thumbnailUrl":"https:\/\/elmawkie.dz\/fr\/wp-content\/uploads\/2024\/09\/IMG_1799.jpeg","datePublished":"2024-09-11T14:09:35+00:00","dateModified":"2024-09-11T14:09:35+00:00","breadcrumb":{"@id":"https:\/\/elmawkie.dz\/fr\/une-delegation-de-lonm-chez-le-ministre-des-moudjahidine\/#breadcrumb"},"inLanguage":"fr-FR","potentialAction":[{"@type":"ReadAction","target":["https:\/\/elmawkie.dz\/fr\/une-delegation-de-lonm-chez-le-ministre-des-moudjahidine\/"]}]},{"@type":"ImageObject","inLanguage":"fr-FR","@id":"https:\/\/elmawkie.dz\/fr\/une-delegation-de-lonm-chez-le-ministre-des-moudjahidine\/#primaryimage","url":"https:\/\/elmawkie.dz\/fr\/wp-content\/uploads\/2024\/09\/IMG_1799.jpeg","contentUrl":"https:\/\/elmawkie.dz\/fr\/wp-content\/uploads\/2024\/09\/IMG_1799.jpeg","width":1600,"height":900},{"@type":"BreadcrumbList","@id":"https:\/\/elmawkie.dz\/fr\/une-delegation-de-lonm-chez-le-ministre-des-moudjahidine\/#breadcrumb","itemListElement":[{"@type":"ListItem","position":1,"name":"Home","item":"https:\/\/elmawkie.dz\/fr\/"},{"@type":"ListItem","position":2,"name":"Une d\u00e9l\u00e9gation de l\u2019ONM chez le ministre des Moudjahidine"}]},{"@type":"WebSite","@id":"https:\/\/elmawkie.dz\/fr\/#website","url":"https:\/\/elmawkie.dz\/fr\/","name":"EL MAWKIE","description":"Journal \u00c9lectronique Alg\u00e9rien","publisher":{"@id":"https:\/\/elmawkie.dz\/fr\/#organization"},"potentialAction":[{"@type":"SearchAction","target":{"@type":"EntryPoint","urlTemplate":"https:\/\/elmawkie.dz\/fr\/?s={search_term_string}"},"query-input":"required name=search_term_string"}],"inLanguage":"fr-FR"},{"@type":"Organization","@id":"https:\/\/elmawkie.dz\/fr\/#organization","name":"EL MAWKIE","url":"https:\/\/elmawkie.dz\/fr\/","logo":{"@type":"ImageObject","inLanguage":"fr-FR","@id":"https:\/\/elmawkie.dz\/fr\/#\/schema\/logo\/image\/","url":"https:\/\/elmawkie.dz\/fr\/wp-content\/uploads\/2024\/05\/logo1.png","contentUrl":"https:\/\/elmawkie.dz\/fr\/wp-content\/uploads\/2024\/05\/logo1.png","width":1648,"height":652,"caption":"EL MAWKIE"},"image":{"@id":"https:\/\/elmawkie.dz\/fr\/#\/schema\/logo\/image\/"},"sameAs":["https:\/\/www.facebook.com\/profile.php?id=100088407094989&locale=fr_FR"]},{"@type":"Person","@id":"https:\/\/elmawkie.dz\/fr\/#\/schema\/person\/4ed8433201bc23634185d8dd37097c64","name":"Hamra Fouzia","image":{"@type":"ImageObject","inLanguage":"fr-FR","@id":"https:\/\/elmawkie.dz\/fr\/#\/schema\/person\/image\/","url":"https:\/\/secure.gravatar.com\/avatar\/ea215268aad51f3219f9a59227db6fa1?s=96&d=mm&r=g","contentUrl":"https:\/\/secure.gravatar.com\/avatar\/ea215268aad51f3219f9a59227db6fa1?s=96&d=mm&r=g","caption":"Hamra Fouzia"},"sameAs":["https:\/\/elmawkie.dz\/fr"],"url":"https:\/\/elmawkie.dz\/fr\/author\/elmawkie\/"}]}},"_links":{"self":[{"href":"https:\/\/elmawkie.dz\/fr\/wp-json\/wp\/v2\/posts\/4828","targetHints":{"allow":["GET"]}}],"collection":[{"href":"https:\/\/elmawkie.dz\/fr\/wp-json\/wp\/v2\/posts"}],"about":[{"href":"https:\/\/elmawkie.dz\/fr\/wp-json\/wp\/v2\/types\/post"}],"author":[{"embeddable":true,"href":"https:\/\/elmawkie.dz\/fr\/wp-json\/wp\/v2\/users\/3"}],"replies":[{"embeddable":true,"href":"https:\/\/elmawkie.dz\/fr\/wp-json\/wp\/v2\/comments?post=4828"}],"version-history":[{"count":0,"href":"https:\/\/elmawkie.dz\/fr\/wp-json\/wp\/v2\/posts\/4828\/revisions"}],"wp:featuredmedia":[{"embeddable":true,"href":"https:\/\/elmawkie.dz\/fr\/wp-json\/wp\/v2\/media\/4829"}],"wp:attachment":[{"href":"https:\/\/elmawkie.dz\/fr\/wp-json\/wp\/v2\/media?parent=4828"}],"wp:term":[{"taxonomy":"category","embeddable":true,"href":"https:\/\/elmawkie.dz\/fr\/wp-json\/wp\/v2\/categories?post=4828"},{"taxonomy":"post_tag","embeddable":true,"href":"https:\/\/elmawkie.dz\/fr\/wp-json\/wp\/v2\/tags?post=4828"}],"curies":[{"name":"wp","href":"https:\/\/api.w.org\/{rel}","templated":true}]}}