{"id":4816,"date":"2024-09-11T08:30:39","date_gmt":"2024-09-11T07:30:39","guid":{"rendered":"https:\/\/elmawkie.dz\/fr\/?p=4816"},"modified":"2024-09-11T08:30:39","modified_gmt":"2024-09-11T07:30:39","slug":"le-gouvernement-fixe-les-taux-de-contribution-des-wilayas-et-communes","status":"publish","type":"post","link":"https:\/\/elmawkie.dz\/fr\/le-gouvernement-fixe-les-taux-de-contribution-des-wilayas-et-communes\/","title":{"rendered":"Le gouvernement fixe les taux de contribution des wilayas et communes"},"content":{"rendered":"<p><strong><em>Le gouvernement alg\u00e9rien vient de fixer les taux de contribution des wilayas et des communes au Fonds de solidarit\u00e9 et de garantie des collectivit\u00e9s locales pour l&rsquo;ann\u00e9e 2024. Ces d\u00e9cisions ont \u00e9t\u00e9 publi\u00e9es dans le num\u00e9ro 61 du Journal Officiel \u00e0 travers plusieurs arr\u00eat\u00e9s minist\u00e9riels conjoints.<\/em><\/strong><\/p>\n<p><em>En effet, selon le premier arr\u00eat\u00e9, les wilayas devront contribuer au Fonds de solidarit\u00e9 et de garantie des collectivit\u00e9s locales \u00e0 hauteur de 5% pour l&rsquo;ann\u00e9e 2024. Ce taux sera appliqu\u00e9 aux estimations des recettes fiscales indiqu\u00e9es dans la fiche comptable transmise par les services fiscaux de la wilaya.<\/em><\/p>\n<p><em>Un deuxi\u00e8me arr\u00eat\u00e9 minist\u00e9riel conjoint a fix\u00e9 la contribution des communes au m\u00eame Fonds pour l&rsquo;ann\u00e9e 2024. Le taux \u00e9tabli est de 2%, qui s&rsquo;appliquera aux estimations des recettes fiscales directes et indirectes mentionn\u00e9es dans la fiche comptable fournie par les services fiscaux de la wilaya.<\/em><\/p>\n<p><em>Par ailleurs, un troisi\u00e8me arr\u00eat\u00e9 minist\u00e9riel conjoint, \u00e9galement publi\u00e9 dans ce num\u00e9ro du Journal Officiel, a d\u00e9termin\u00e9 le taux de pr\u00e9l\u00e8vement sur les recettes de fonctionnement des budgets communaux. Il stipule que le taux minimum l\u00e9gal que les communes doivent pr\u00e9lever sur leurs recettes de fonctionnement pour couvrir les d\u00e9penses d&rsquo;\u00e9quipement et d&rsquo;investissement en 2024 est fix\u00e9 \u00e0 10%.<\/em><\/p>\n<p><em>Le calcul de ce pr\u00e9l\u00e8vement prend en compte les recettes du compte 74, qui comprend les dotations du Fonds, en d\u00e9duisant l&rsquo;aide aux personnes \u00e2g\u00e9es (sous-rubrique 7413 ou article 666 pour les communes qui abritent le si\u00e8ge des wilayas et des da\u00efras). Il inclut \u00e9galement le compte 75 relatif aux imp\u00f4ts indirects, en d\u00e9duisant les droits des festivit\u00e9s (article 755 pour les communes qui abritent le si\u00e8ge des wilayas et des da\u00efras).<\/em><\/p>\n<p><em>De plus, le compte 75, concernant les imp\u00f4ts directs, comprend une d\u00e9duction pour la contribution au Fonds de solidarit\u00e9 et de garantie des collectivit\u00e9s locales (article 670). Il inclut aussi la contribution des communes \u00e0 la promotion des initiatives des jeunes et au d\u00e9veloppement des pratiques sportives, sp\u00e9cifiquement pour les communes o\u00f9 se trouvent les si\u00e8ges des wilayas et des da\u00efras.<\/em><\/p>\n<p><em>Ces mesures visent \u00e0 assurer une gestion financi\u00e8re \u00e9quilibr\u00e9e des collectivit\u00e9s locales tout en garantissant les ressources n\u00e9cessaires pour le d\u00e9veloppement local et la solidarit\u00e9 entre les diff\u00e9rentes r\u00e9gions du pays.<\/em><\/p>\n","protected":false},"excerpt":{"rendered":"<p>Le gouvernement alg\u00e9rien vient de fixer les taux de contribution des wilayas et des communes au Fonds de solidarit\u00e9 et de garantie des collectivit\u00e9s locales pour l&rsquo;ann\u00e9e 2024. Ces d\u00e9cisions ont \u00e9t\u00e9 publi\u00e9es dans le num\u00e9ro 61 du Journal Officiel \u00e0 travers plusieurs arr\u00eat\u00e9s minist\u00e9riels conjoints. En effet, selon le premier arr\u00eat\u00e9, les wilayas devront &hellip;<\/p>\n","protected":false},"author":8,"featured_media":4823,"comment_status":"open","ping_status":"open","sticky":false,"template":"","format":"standard","meta":{"footnotes":""},"categories":[47],"tags":[609,610,611,138],"class_list":["post-4816","post","type-post","status-publish","format-standard","has-post-thumbnail","hentry","category-national","tag-communes","tag-contributions","tag-journal-officiel","tag-wilayas"],"yoast_head":"<!-- This site is optimized with the Yoast SEO Premium plugin v22.6 (Yoast SEO v22.6) - https:\/\/yoast.com\/wordpress\/plugins\/seo\/ -->\n<title>Le gouvernement fixe les taux de contribution des wilayas et communes - El Mawkie<\/title>\n<meta name=\"robots\" content=\"index, follow, max-snippet:-1, max-image-preview:large, max-video-preview:-1\" \/>\n<link rel=\"canonical\" href=\"https:\/\/elmawkie.dz\/fr\/le-gouvernement-fixe-les-taux-de-contribution-des-wilayas-et-communes\/\" \/>\n<meta property=\"og:locale\" content=\"fr_FR\" \/>\n<meta property=\"og:type\" content=\"article\" \/>\n<meta property=\"og:title\" content=\"Le gouvernement fixe les taux de contribution des wilayas et communes\" \/>\n<meta property=\"og:description\" content=\"Le gouvernement alg\u00e9rien vient de fixer les taux de contribution des wilayas et des communes au Fonds de solidarit\u00e9 et de garantie des collectivit\u00e9s locales pour l&rsquo;ann\u00e9e 2024. Ces d\u00e9cisions ont \u00e9t\u00e9 publi\u00e9es dans le num\u00e9ro 61 du Journal Officiel \u00e0 travers plusieurs arr\u00eat\u00e9s minist\u00e9riels conjoints. En effet, selon le premier arr\u00eat\u00e9, les wilayas devront &hellip;\" \/>\n<meta property=\"og:url\" content=\"https:\/\/elmawkie.dz\/fr\/le-gouvernement-fixe-les-taux-de-contribution-des-wilayas-et-communes\/\" \/>\n<meta property=\"og:site_name\" content=\"El Mawkie\" \/>\n<meta property=\"article:publisher\" content=\"https:\/\/www.facebook.com\/profile.php?id=100088407094989&amp;locale=fr_FR\" \/>\n<meta property=\"article:published_time\" content=\"2024-09-11T07:30:39+00:00\" \/>\n<meta property=\"og:image\" content=\"https:\/\/elmawkie.dz\/fr\/wp-content\/uploads\/2024\/09\/5a0c9290-43c8-4a29-8381-7c041796925a.jpeg\" \/>\n\t<meta property=\"og:image:width\" content=\"580\" \/>\n\t<meta property=\"og:image:height\" content=\"350\" \/>\n\t<meta property=\"og:image:type\" content=\"image\/jpeg\" \/>\n<meta name=\"author\" content=\"khayro\" \/>\n<meta name=\"twitter:card\" content=\"summary_large_image\" \/>\n<meta name=\"twitter:label1\" content=\"Written by\" \/>\n\t<meta name=\"twitter:data1\" content=\"khayro\" \/>\n\t<meta name=\"twitter:label2\" content=\"Est. reading time\" \/>\n\t<meta name=\"twitter:data2\" content=\"2 minutes\" \/>\n<script type=\"application\/ld+json\" class=\"yoast-schema-graph\">{\"@context\":\"https:\/\/schema.org\",\"@graph\":[{\"@type\":\"Article\",\"@id\":\"https:\/\/elmawkie.dz\/fr\/le-gouvernement-fixe-les-taux-de-contribution-des-wilayas-et-communes\/#article\",\"isPartOf\":{\"@id\":\"https:\/\/elmawkie.dz\/fr\/le-gouvernement-fixe-les-taux-de-contribution-des-wilayas-et-communes\/\"},\"author\":{\"name\":\"khayro\",\"@id\":\"https:\/\/elmawkie.dz\/fr\/#\/schema\/person\/15cb7eba76e08e2d2d0ad4b4c4fbb6cb\"},\"headline\":\"Le gouvernement fixe les taux de contribution des wilayas et communes\",\"datePublished\":\"2024-09-11T07:30:39+00:00\",\"dateModified\":\"2024-09-11T07:30:39+00:00\",\"mainEntityOfPage\":{\"@id\":\"https:\/\/elmawkie.dz\/fr\/le-gouvernement-fixe-les-taux-de-contribution-des-wilayas-et-communes\/\"},\"wordCount\":416,\"commentCount\":0,\"publisher\":{\"@id\":\"https:\/\/elmawkie.dz\/fr\/#organization\"},\"image\":{\"@id\":\"https:\/\/elmawkie.dz\/fr\/le-gouvernement-fixe-les-taux-de-contribution-des-wilayas-et-communes\/#primaryimage\"},\"thumbnailUrl\":\"https:\/\/elmawkie.dz\/fr\/wp-content\/uploads\/2024\/09\/5a0c9290-43c8-4a29-8381-7c041796925a.jpeg\",\"keywords\":[\"COMMUNES\",\"contributions\",\"journal officiel\",\"wilayas\"],\"articleSection\":[\"National\"],\"inLanguage\":\"fr-FR\",\"potentialAction\":[{\"@type\":\"CommentAction\",\"name\":\"Comment\",\"target\":[\"https:\/\/elmawkie.dz\/fr\/le-gouvernement-fixe-les-taux-de-contribution-des-wilayas-et-communes\/#respond\"]}]},{\"@type\":\"WebPage\",\"@id\":\"https:\/\/elmawkie.dz\/fr\/le-gouvernement-fixe-les-taux-de-contribution-des-wilayas-et-communes\/\",\"url\":\"https:\/\/elmawkie.dz\/fr\/le-gouvernement-fixe-les-taux-de-contribution-des-wilayas-et-communes\/\",\"name\":\"Le gouvernement fixe les taux de contribution des wilayas et communes - El Mawkie\",\"isPartOf\":{\"@id\":\"https:\/\/elmawkie.dz\/fr\/#website\"},\"primaryImageOfPage\":{\"@id\":\"https:\/\/elmawkie.dz\/fr\/le-gouvernement-fixe-les-taux-de-contribution-des-wilayas-et-communes\/#primaryimage\"},\"image\":{\"@id\":\"https:\/\/elmawkie.dz\/fr\/le-gouvernement-fixe-les-taux-de-contribution-des-wilayas-et-communes\/#primaryimage\"},\"thumbnailUrl\":\"https:\/\/elmawkie.dz\/fr\/wp-content\/uploads\/2024\/09\/5a0c9290-43c8-4a29-8381-7c041796925a.jpeg\",\"datePublished\":\"2024-09-11T07:30:39+00:00\",\"dateModified\":\"2024-09-11T07:30:39+00:00\",\"breadcrumb\":{\"@id\":\"https:\/\/elmawkie.dz\/fr\/le-gouvernement-fixe-les-taux-de-contribution-des-wilayas-et-communes\/#breadcrumb\"},\"inLanguage\":\"fr-FR\",\"potentialAction\":[{\"@type\":\"ReadAction\",\"target\":[\"https:\/\/elmawkie.dz\/fr\/le-gouvernement-fixe-les-taux-de-contribution-des-wilayas-et-communes\/\"]}]},{\"@type\":\"ImageObject\",\"inLanguage\":\"fr-FR\",\"@id\":\"https:\/\/elmawkie.dz\/fr\/le-gouvernement-fixe-les-taux-de-contribution-des-wilayas-et-communes\/#primaryimage\",\"url\":\"https:\/\/elmawkie.dz\/fr\/wp-content\/uploads\/2024\/09\/5a0c9290-43c8-4a29-8381-7c041796925a.jpeg\",\"contentUrl\":\"https:\/\/elmawkie.dz\/fr\/wp-content\/uploads\/2024\/09\/5a0c9290-43c8-4a29-8381-7c041796925a.jpeg\",\"width\":580,\"height\":350},{\"@type\":\"BreadcrumbList\",\"@id\":\"https:\/\/elmawkie.dz\/fr\/le-gouvernement-fixe-les-taux-de-contribution-des-wilayas-et-communes\/#breadcrumb\",\"itemListElement\":[{\"@type\":\"ListItem\",\"position\":1,\"name\":\"Home\",\"item\":\"https:\/\/elmawkie.dz\/fr\/\"},{\"@type\":\"ListItem\",\"position\":2,\"name\":\"Le gouvernement fixe les taux de contribution des wilayas et communes\"}]},{\"@type\":\"WebSite\",\"@id\":\"https:\/\/elmawkie.dz\/fr\/#website\",\"url\":\"https:\/\/elmawkie.dz\/fr\/\",\"name\":\"EL MAWKIE\",\"description\":\"Journal \u00c9lectronique Alg\u00e9rien\",\"publisher\":{\"@id\":\"https:\/\/elmawkie.dz\/fr\/#organization\"},\"potentialAction\":[{\"@type\":\"SearchAction\",\"target\":{\"@type\":\"EntryPoint\",\"urlTemplate\":\"https:\/\/elmawkie.dz\/fr\/?s={search_term_string}\"},\"query-input\":\"required name=search_term_string\"}],\"inLanguage\":\"fr-FR\"},{\"@type\":\"Organization\",\"@id\":\"https:\/\/elmawkie.dz\/fr\/#organization\",\"name\":\"EL MAWKIE\",\"url\":\"https:\/\/elmawkie.dz\/fr\/\",\"logo\":{\"@type\":\"ImageObject\",\"inLanguage\":\"fr-FR\",\"@id\":\"https:\/\/elmawkie.dz\/fr\/#\/schema\/logo\/image\/\",\"url\":\"https:\/\/elmawkie.dz\/fr\/wp-content\/uploads\/2024\/05\/logo1.png\",\"contentUrl\":\"https:\/\/elmawkie.dz\/fr\/wp-content\/uploads\/2024\/05\/logo1.png\",\"width\":1648,\"height\":652,\"caption\":\"EL MAWKIE\"},\"image\":{\"@id\":\"https:\/\/elmawkie.dz\/fr\/#\/schema\/logo\/image\/\"},\"sameAs\":[\"https:\/\/www.facebook.com\/profile.php?id=100088407094989&locale=fr_FR\"]},{\"@type\":\"Person\",\"@id\":\"https:\/\/elmawkie.dz\/fr\/#\/schema\/person\/15cb7eba76e08e2d2d0ad4b4c4fbb6cb\",\"name\":\"khayro\",\"image\":{\"@type\":\"ImageObject\",\"inLanguage\":\"fr-FR\",\"@id\":\"https:\/\/elmawkie.dz\/fr\/#\/schema\/person\/image\/\",\"url\":\"https:\/\/secure.gravatar.com\/avatar\/5d609f726f02f77f0ff2a1483fc81992?s=96&d=mm&r=g\",\"contentUrl\":\"https:\/\/secure.gravatar.com\/avatar\/5d609f726f02f77f0ff2a1483fc81992?s=96&d=mm&r=g\",\"caption\":\"khayro\"},\"url\":\"https:\/\/elmawkie.dz\/fr\/author\/khayro\/\"}]}<\/script>\n<!-- \/ Yoast SEO Premium plugin. -->","yoast_head_json":{"title":"Le gouvernement fixe les taux de contribution des wilayas et communes - El Mawkie","robots":{"index":"index","follow":"follow","max-snippet":"max-snippet:-1","max-image-preview":"max-image-preview:large","max-video-preview":"max-video-preview:-1"},"canonical":"https:\/\/elmawkie.dz\/fr\/le-gouvernement-fixe-les-taux-de-contribution-des-wilayas-et-communes\/","og_locale":"fr_FR","og_type":"article","og_title":"Le gouvernement fixe les taux de contribution des wilayas et communes","og_description":"Le gouvernement alg\u00e9rien vient de fixer les taux de contribution des wilayas et des communes au Fonds de solidarit\u00e9 et de garantie des collectivit\u00e9s locales pour l&rsquo;ann\u00e9e 2024. Ces d\u00e9cisions ont \u00e9t\u00e9 publi\u00e9es dans le num\u00e9ro 61 du Journal Officiel \u00e0 travers plusieurs arr\u00eat\u00e9s minist\u00e9riels conjoints. En effet, selon le premier arr\u00eat\u00e9, les wilayas devront &hellip;","og_url":"https:\/\/elmawkie.dz\/fr\/le-gouvernement-fixe-les-taux-de-contribution-des-wilayas-et-communes\/","og_site_name":"El Mawkie","article_publisher":"https:\/\/www.facebook.com\/profile.php?id=100088407094989&locale=fr_FR","article_published_time":"2024-09-11T07:30:39+00:00","og_image":[{"width":580,"height":350,"url":"https:\/\/elmawkie.dz\/fr\/wp-content\/uploads\/2024\/09\/5a0c9290-43c8-4a29-8381-7c041796925a.jpeg","type":"image\/jpeg"}],"author":"khayro","twitter_card":"summary_large_image","twitter_misc":{"Written by":"khayro","Est. reading time":"2 minutes"},"schema":{"@context":"https:\/\/schema.org","@graph":[{"@type":"Article","@id":"https:\/\/elmawkie.dz\/fr\/le-gouvernement-fixe-les-taux-de-contribution-des-wilayas-et-communes\/#article","isPartOf":{"@id":"https:\/\/elmawkie.dz\/fr\/le-gouvernement-fixe-les-taux-de-contribution-des-wilayas-et-communes\/"},"author":{"name":"khayro","@id":"https:\/\/elmawkie.dz\/fr\/#\/schema\/person\/15cb7eba76e08e2d2d0ad4b4c4fbb6cb"},"headline":"Le gouvernement fixe les taux de contribution des wilayas et communes","datePublished":"2024-09-11T07:30:39+00:00","dateModified":"2024-09-11T07:30:39+00:00","mainEntityOfPage":{"@id":"https:\/\/elmawkie.dz\/fr\/le-gouvernement-fixe-les-taux-de-contribution-des-wilayas-et-communes\/"},"wordCount":416,"commentCount":0,"publisher":{"@id":"https:\/\/elmawkie.dz\/fr\/#organization"},"image":{"@id":"https:\/\/elmawkie.dz\/fr\/le-gouvernement-fixe-les-taux-de-contribution-des-wilayas-et-communes\/#primaryimage"},"thumbnailUrl":"https:\/\/elmawkie.dz\/fr\/wp-content\/uploads\/2024\/09\/5a0c9290-43c8-4a29-8381-7c041796925a.jpeg","keywords":["COMMUNES","contributions","journal officiel","wilayas"],"articleSection":["National"],"inLanguage":"fr-FR","potentialAction":[{"@type":"CommentAction","name":"Comment","target":["https:\/\/elmawkie.dz\/fr\/le-gouvernement-fixe-les-taux-de-contribution-des-wilayas-et-communes\/#respond"]}]},{"@type":"WebPage","@id":"https:\/\/elmawkie.dz\/fr\/le-gouvernement-fixe-les-taux-de-contribution-des-wilayas-et-communes\/","url":"https:\/\/elmawkie.dz\/fr\/le-gouvernement-fixe-les-taux-de-contribution-des-wilayas-et-communes\/","name":"Le gouvernement fixe les taux de contribution des wilayas et communes - El Mawkie","isPartOf":{"@id":"https:\/\/elmawkie.dz\/fr\/#website"},"primaryImageOfPage":{"@id":"https:\/\/elmawkie.dz\/fr\/le-gouvernement-fixe-les-taux-de-contribution-des-wilayas-et-communes\/#primaryimage"},"image":{"@id":"https:\/\/elmawkie.dz\/fr\/le-gouvernement-fixe-les-taux-de-contribution-des-wilayas-et-communes\/#primaryimage"},"thumbnailUrl":"https:\/\/elmawkie.dz\/fr\/wp-content\/uploads\/2024\/09\/5a0c9290-43c8-4a29-8381-7c041796925a.jpeg","datePublished":"2024-09-11T07:30:39+00:00","dateModified":"2024-09-11T07:30:39+00:00","breadcrumb":{"@id":"https:\/\/elmawkie.dz\/fr\/le-gouvernement-fixe-les-taux-de-contribution-des-wilayas-et-communes\/#breadcrumb"},"inLanguage":"fr-FR","potentialAction":[{"@type":"ReadAction","target":["https:\/\/elmawkie.dz\/fr\/le-gouvernement-fixe-les-taux-de-contribution-des-wilayas-et-communes\/"]}]},{"@type":"ImageObject","inLanguage":"fr-FR","@id":"https:\/\/elmawkie.dz\/fr\/le-gouvernement-fixe-les-taux-de-contribution-des-wilayas-et-communes\/#primaryimage","url":"https:\/\/elmawkie.dz\/fr\/wp-content\/uploads\/2024\/09\/5a0c9290-43c8-4a29-8381-7c041796925a.jpeg","contentUrl":"https:\/\/elmawkie.dz\/fr\/wp-content\/uploads\/2024\/09\/5a0c9290-43c8-4a29-8381-7c041796925a.jpeg","width":580,"height":350},{"@type":"BreadcrumbList","@id":"https:\/\/elmawkie.dz\/fr\/le-gouvernement-fixe-les-taux-de-contribution-des-wilayas-et-communes\/#breadcrumb","itemListElement":[{"@type":"ListItem","position":1,"name":"Home","item":"https:\/\/elmawkie.dz\/fr\/"},{"@type":"ListItem","position":2,"name":"Le gouvernement fixe les taux de contribution des wilayas et communes"}]},{"@type":"WebSite","@id":"https:\/\/elmawkie.dz\/fr\/#website","url":"https:\/\/elmawkie.dz\/fr\/","name":"EL MAWKIE","description":"Journal \u00c9lectronique Alg\u00e9rien","publisher":{"@id":"https:\/\/elmawkie.dz\/fr\/#organization"},"potentialAction":[{"@type":"SearchAction","target":{"@type":"EntryPoint","urlTemplate":"https:\/\/elmawkie.dz\/fr\/?s={search_term_string}"},"query-input":"required name=search_term_string"}],"inLanguage":"fr-FR"},{"@type":"Organization","@id":"https:\/\/elmawkie.dz\/fr\/#organization","name":"EL MAWKIE","url":"https:\/\/elmawkie.dz\/fr\/","logo":{"@type":"ImageObject","inLanguage":"fr-FR","@id":"https:\/\/elmawkie.dz\/fr\/#\/schema\/logo\/image\/","url":"https:\/\/elmawkie.dz\/fr\/wp-content\/uploads\/2024\/05\/logo1.png","contentUrl":"https:\/\/elmawkie.dz\/fr\/wp-content\/uploads\/2024\/05\/logo1.png","width":1648,"height":652,"caption":"EL MAWKIE"},"image":{"@id":"https:\/\/elmawkie.dz\/fr\/#\/schema\/logo\/image\/"},"sameAs":["https:\/\/www.facebook.com\/profile.php?id=100088407094989&locale=fr_FR"]},{"@type":"Person","@id":"https:\/\/elmawkie.dz\/fr\/#\/schema\/person\/15cb7eba76e08e2d2d0ad4b4c4fbb6cb","name":"khayro","image":{"@type":"ImageObject","inLanguage":"fr-FR","@id":"https:\/\/elmawkie.dz\/fr\/#\/schema\/person\/image\/","url":"https:\/\/secure.gravatar.com\/avatar\/5d609f726f02f77f0ff2a1483fc81992?s=96&d=mm&r=g","contentUrl":"https:\/\/secure.gravatar.com\/avatar\/5d609f726f02f77f0ff2a1483fc81992?s=96&d=mm&r=g","caption":"khayro"},"url":"https:\/\/elmawkie.dz\/fr\/author\/khayro\/"}]}},"_links":{"self":[{"href":"https:\/\/elmawkie.dz\/fr\/wp-json\/wp\/v2\/posts\/4816","targetHints":{"allow":["GET"]}}],"collection":[{"href":"https:\/\/elmawkie.dz\/fr\/wp-json\/wp\/v2\/posts"}],"about":[{"href":"https:\/\/elmawkie.dz\/fr\/wp-json\/wp\/v2\/types\/post"}],"author":[{"embeddable":true,"href":"https:\/\/elmawkie.dz\/fr\/wp-json\/wp\/v2\/users\/8"}],"replies":[{"embeddable":true,"href":"https:\/\/elmawkie.dz\/fr\/wp-json\/wp\/v2\/comments?post=4816"}],"version-history":[{"count":0,"href":"https:\/\/elmawkie.dz\/fr\/wp-json\/wp\/v2\/posts\/4816\/revisions"}],"wp:featuredmedia":[{"embeddable":true,"href":"https:\/\/elmawkie.dz\/fr\/wp-json\/wp\/v2\/media\/4823"}],"wp:attachment":[{"href":"https:\/\/elmawkie.dz\/fr\/wp-json\/wp\/v2\/media?parent=4816"}],"wp:term":[{"taxonomy":"category","embeddable":true,"href":"https:\/\/elmawkie.dz\/fr\/wp-json\/wp\/v2\/categories?post=4816"},{"taxonomy":"post_tag","embeddable":true,"href":"https:\/\/elmawkie.dz\/fr\/wp-json\/wp\/v2\/tags?post=4816"}],"curies":[{"name":"wp","href":"https:\/\/api.w.org\/{rel}","templated":true}]}}